{"id":1128,"date":"2012-08-12T19:10:39","date_gmt":"2012-08-12T18:10:39","guid":{"rendered":"http:\/\/blogs.hoy.es\/loch-lomond\/?p=1128"},"modified":"2012-08-12T19:10:39","modified_gmt":"2012-08-12T18:10:39","slug":"la-cancion-del-pollino","status":"publish","type":"post","link":"https:\/\/blogs.hoy.es\/loch-lomond\/2012\/08\/12\/la-cancion-del-pollino\/","title":{"rendered":"La canci\u00f3n del pollino"},"content":{"rendered":"<p>&nbsp;<\/p>\n<p>Enrique Falc\u00f3. Honrado indignado<\/p>\n<p><a href=\"\/loch-lomond\/wp-content\/uploads\/sites\/10\/2012\/08\/sanchez-gordillo.png\"><img loading=\"lazy\" class=\"alignnone size-full wp-image-1129\" title=\"sanchez gordillo\" src=\"\/loch-lomond\/wp-content\/uploads\/sites\/10\/2012\/08\/sanchez-gordillo.png\" alt=\"\" width=\"456\" height=\"620\" srcset=\"https:\/\/static-blogs.hoy.es\/wp-content\/uploads\/sites\/10\/2012\/08\/sanchez-gordillo.png 456w, https:\/\/static-blogs.hoy.es\/wp-content\/uploads\/sites\/10\/2012\/08\/sanchez-gordillo-221x300.png 221w\" sizes=\"(max-width: 456px) 100vw, 456px\" \/><\/a><\/p>\n<p><span style=\"color: #000080; font-size: medium;\">Ustedes ya me conocen mis queridos y desocupados lectores de HOY. No soy amigo de la demagogia, ni del reprobable ejercicio de menospreciar al pr\u00f3jimo, y m\u00e1s en el siempre engorroso y complejo mundo de la pol\u00edtica, tan cruel, implacable y desagradecido como el sabor \u00e1spero y cruel del cemento de un viejo anden, tras una aparatosa ca\u00edda en pos de subir a un tren en marcha que se escapa ante tus ojos en el \u00faltimo instante. Habitualmente prefiero regalarles los sentidos por el camino m\u00e1s humor\u00edstico, agradable, cotidiano o cercano, ver\u00eddico o aventurero, en ocasiones quiz\u00e1s reivindicativo y casi siempre con un sano tono amable rebosante de buenas intenciones y algo de originalidad. Lamentablemente esta semana me resulta imposible, y se encontrar\u00e1n en este Tribuna de opini\u00f3n ante las reflexiones cargadas de impotencia de un ciudadano que ejerce el por otra parte siempre recomendable ejercicio del pataleo, cual tertuliano de pacotilla de cualquier canal de Intereconom\u00eda, La Sexta o m\u00e1s concretamente el desprop\u00f3sito Gran Debate con el que Jordi Gonz\u00e1lez nos tortura cada noche de s\u00e1bado cuando no tenemos planes o peculio para evadirnos en los locales de ocio de la jungla de asfalto. Siempre he manifestado cierta simpat\u00eda por la ignorancia, ya que todos somos ignorantes, el problema es que no todos ignoramos las mismas cosas, por lo que debemos de luchar contra ella para no rebajarnos ante la vulgaridad, el atrevimiento y el peligro que implica su proximidad a la estupidez, para la que no existe en la realidad p\u00f3cima o cura alguna conocida. Mi menda intenta ser lo m\u00e1s tolerante que puede, y en especial paciente con aquellos que llevados por la ignorancia promulgan aberraci\u00f3n tras aberraci\u00f3n por tragaderas que deber\u00edan ser selladas a perpetuidad. No obstante, y ya lo he reflejado p\u00fablicamente, no soporto las &#8220;jodiuras&#8221;, y ni mucho menos las que llevan expl\u00edcitas grandes dosis de mala leche y violencia gratuita. Tratar seg\u00fan que temas sin recurrir a la demagogia o al populismo m\u00e1s bochornoso es harto complicado, y m\u00e1s si se trata de justificar lo que verdaderamente es injustificable. Hace unos d\u00edas, con los Medios Informativos previamente avisados, el diputado por IU S\u00e1nchez Gordillo junto a miembros del Sindicato Andaluz de Trabajadores asaltaron un supermercado y robaron varios carros cargados de alimentos b\u00e1sicos. Para ello no renunciaron a intimidar, insultar y golpear a alg\u00fan que otro empleado de la gran superficie. Su objetivo, aparentemente, obtener comida para entregar a bancos de alimentos, aunque m\u00e1s tarde desenmascararon su intenci\u00f3n de hacer ruido medi\u00e1ticamente en pos de concienciar al personal y generar un debate sobre el problema de no poder garantizar los alimentos a toda la poblaci\u00f3n en una \u00e9poca de crisis. Conste en acta que no estoy criticando la idea, la de concienciar, que no me parece mala, sino excelente, mas inaceptable en su forma. Hasta mi querido Tint\u00edn, s\u00edmbolo de la lucha contra el mal (Coraz\u00f3n Puro lo denominaban los Lamas del Tibet) justifica en una de sus aventuras el robo, con aquella vieja m\u00e1xima que asegura que quien roba a un ladr\u00f3n tiene 100 a\u00f1os de perd\u00f3n, pero nunca se le ocurri\u00f3 hacer da\u00f1o a personas inocentes. Nunca se me ocurrir\u00e1 jam\u00e1s en la vida reprobar a quien roba para poder comer, o dar de comer a sus hijos, pues aunque la muerte es horrible en todas sus formas, la causada por el hambre ha de ser sin duda la peor. Adem\u00e1s el hambre convierte en ladr\u00f3n a cualquier hombre, pero no puede un pol\u00edtico cualquiera, un representante de los ciudadanos, y ni tan siquiera miembros de un sindicato que luchan por los derechos de los trabajadores, mancharse las manos con un robo en pos de hacer ruido o generar un debate. <\/span><\/p>\n<div id=\"attachment_1131\" style=\"width: 310px\" class=\"wp-caption alignnone\"><span style=\"font-size: medium;\"><a href=\"\/loch-lomond\/wp-content\/uploads\/sites\/10\/2012\/08\/Empleada-Mercadona-agredida-por-el-SAT.jpg\"><img aria-describedby=\"caption-attachment-1131\" loading=\"lazy\" class=\"size-medium wp-image-1131\" title=\"Empleada Mercadona agredida por el SAT\" src=\"\/loch-lomond\/wp-content\/uploads\/sites\/10\/2012\/08\/Empleada-Mercadona-agredida-por-el-SAT.jpg\" alt=\"\u00bfC\u00f3mo el SAT puede presumir de defender los derechos de los trabajadores cuando atentan contra la integridad f\u00edsica de sus personas?\" width=\"300\" height=\"200\" srcset=\"https:\/\/static-blogs.hoy.es\/wp-content\/uploads\/sites\/10\/2012\/08\/Empleada-Mercadona-agredida-por-el-SAT.jpg 600w, https:\/\/static-blogs.hoy.es\/wp-content\/uploads\/sites\/10\/2012\/08\/Empleada-Mercadona-agredida-por-el-SAT-300x200.jpg 300w\" sizes=\"(max-width: 300px) 100vw, 300px\" \/><\/a><\/span><p id=\"caption-attachment-1131\" class=\"wp-caption-text\">\u00bfC\u00f3mo el SAT puede presumir de defender los derechos de los trabajadores cuando atentan contra la integridad f\u00edsica de sus personas?<\/p><\/div>\n<p><span style=\"color: #000080; font-size: medium;\">Se me ocurre preguntarles a los miembros del sindicato que c\u00f3mo no se les cae la cara de verg\u00fcenza cuando atentan contra la integridad de los trabajadores a quienes dicen defender, y para colmo con esa asquerosa prepotencia y actitud chulesca que ofrece la masa de la muchedumbre encolerizada. Es por ello que nunca he visto con buenos ojos los piquetes informativos, que de informativos tienen lo que mi cuerpo serrano de fibroso. Para colmo, al Coordinador General de IU en Extremadura, el se\u00f1or Pedro Escobar, en un gesto de incuestionable estupidez, no se le ha ocurrido otra cosa que aplaudir la salvajada de S\u00e1nchez Gordillo p\u00fablicamente, y catalogar como de &#8220;\u00e9xito&#8221; una acci\u00f3n que cualquier ciudadano honrado y con sus facultades ps\u00edquicas en condiciones ha de repudiar categ\u00f3ricamente. Insisto. La idea de transmitir un problema tan grave es buena. Y es \u00f3ptimo tener buenas ideas, que inevitablemente han de conducirnos hacia las buenas acciones. Pero se hubiera podido conseguir el mismo ruido o la misma atenci\u00f3n sin mostrar p\u00fablicamente el peligro que supone que cada uno nos tomemos las justicia por nuestra mano. Pedro Escobar incluso se inmola en su humildad al lamentar no haber sido \u00e9l mismo el impulsor de un gesto cargado de &#8220;simbolismo&#8221; y que ha resultado ser un &#8220;\u00e9xito&#8221;. <\/span><\/p>\n<div id=\"attachment_1130\" style=\"width: 310px\" class=\"wp-caption alignnone\"><span style=\"font-size: medium;\"><a href=\"\/loch-lomond\/wp-content\/uploads\/sites\/10\/2012\/08\/Escobar-y-s\u00e1nchez-Gordillo.jpg\"><img aria-describedby=\"caption-attachment-1130\" loading=\"lazy\" class=\"size-medium wp-image-1130\" title=\"Escobar y s\u00e1nchez Gordillo\" src=\"\/loch-lomond\/wp-content\/uploads\/sites\/10\/2012\/08\/Escobar-y-s\u00e1nchez-Gordillo.jpg\" alt=\"Escobar y S\u00e1nchez Gordillo siguen con la misma canci\u00f3n. La canci\u00f3n del pollino.\" width=\"300\" height=\"264\" srcset=\"https:\/\/static-blogs.hoy.es\/wp-content\/uploads\/sites\/10\/2012\/08\/Escobar-y-s\u00e1nchez-Gordillo.jpg 680w, https:\/\/static-blogs.hoy.es\/wp-content\/uploads\/sites\/10\/2012\/08\/Escobar-y-s\u00e1nchez-Gordillo-300x265.jpg 300w\" sizes=\"(max-width: 300px) 100vw, 300px\" \/><\/a><\/span><p id=\"caption-attachment-1130\" class=\"wp-caption-text\">Escobar y S\u00e1nchez Gordillo siguen con la misma canci\u00f3n. La canci\u00f3n del pollino.<\/p><\/div>\n<p><span style=\"color: #000080; font-size: medium;\">Quien suscribe dista mucho de coincidir con Escobar en el significado de la palabra \u00e9xito, cuanto menos en los denominados gestos cargados de &#8220;simbolismo&#8221;. Aprovecho p\u00fablicamente para echarles a ambos en cara la frase con la que un gran amigo m\u00edo se despachaba en Twitter, horrorizado y a la vez avergonzado por tan deleznable acto: &#8220;Con el hambre de los dem\u00e1s no se juega a hacer pol\u00edtica. Asaltar supermercados, agredir a cajeras, regodearse de la haza\u00f1a y esconderse en el cargo no es propio de la izquierda, es de ser cobarde&#8221;. Desde el lamentable hecho han trascendido voces a favor y en contra de los chorizos del supermercado (no confundir con los deliciosos embutidos) y no faltan los que aseguran que quienes condenan a Gordillo y a los suyos pasan por alto delitos m\u00e1s susceptibles de ser penados, como los cometidos presuntamente por Urdangar\u00edn o Rato entre otros. Pero seamos realistas. La mayor\u00eda de bien nacidos en un pa\u00eds democr\u00e1tico condena una acci\u00f3n que constituye un delito seg\u00fan nuestro c\u00f3digo penal, y a diferencia de los m\u00e1s demagogos todav\u00eda no se han escuchado voces aplaudiendo a aquellos otros presuntos ladrones p\u00fablicamente, al contrario que Pedro Escobar, quien como S\u00e1nchez Gordillo sigue con la misma canci\u00f3n. La canci\u00f3n de ambos, que nunca podr\u00e1 ser comparada con otras ilustres como la Canci\u00f3n del Pirata del extreme\u00f1o Espronceda, aquel canto inmortal a la libertad, una libertad de las que otros hacen un uso indebido o mal entendido. La canci\u00f3n de quienes se creen por encima de la Ley. La canci\u00f3n del pollino.<\/span><\/p>\n<p>&nbsp;<\/p>\n<p>&nbsp;<\/p>\n<p>&nbsp;<\/p>\n<p><em>Publicado en Diario HOY el 12\/08\/2012<\/em><\/p>\n<p>&nbsp;<\/p>\n<p><a href=\"http:\/\/hoy.kioskoymas.com\/epaper\/showlink.aspx?bookmarkid=0ZR85YSUM7L8&#038;preview=magnifier&#038;linkid=ef653f56-11c2-4648-891f-00228a5b37a0&#038;pdaffid=1NEHCXDv4QZRFanP7KJR9A%3d%3d\"><img src=\"\/\/cache2-thumb1.pressdisplay.com\/pressdisplay\/docserver\/getimage.aspx?file=22012012081200000000001001&#038;page=26&#038;scale=23\" alt=\"\" \/><\/a><\/p>\n<!-- AddThis Advanced Settings generic via filter on the_content --><!-- AddThis Share Buttons generic via filter on the_content -->","protected":false},"excerpt":{"rendered":"<p>&nbsp; Enrique Falc\u00f3. Honrado indignado Ustedes ya me conocen mis queridos y desocupados lectores de HOY. No soy amigo de la demagogia, ni del reprobable ejercicio de menospreciar al pr\u00f3jimo, y m\u00e1s en el siempre engorroso y complejo mundo de la pol\u00edtica, tan cruel, implacable y desagradecido como el sabor \u00e1spero y cruel del cemento [&hellip;]<!-- AddThis Advanced Settings generic via filter on get_the_excerpt --><!-- AddThis Share Buttons generic via filter on get_the_excerpt --><\/p>\n","protected":false},"author":14,"featured_media":0,"comment_status":"open","ping_status":"closed","sticky":false,"template":"","format":"standard","meta":[],"categories":[8],"tags":[964,1010,1031,1047,1082,1190,1412,1515,1770,1806,1900,1936,1973,2322,2382,2476,2620,2650,2656,2725,2735,2856,2857,2920,2941,3042,3043,3103,3253,3369,3439,3573,3960,4062,4124,4354,4405,4575,4596,4701,4710,4716,4936,4986,5086,5148,5271],"_links":{"self":[{"href":"https:\/\/blogs.hoy.es\/loch-lomond\/wp-json\/wp\/v2\/posts\/1128"}],"collection":[{"href":"https:\/\/blogs.hoy.es\/loch-lomond\/wp-json\/wp\/v2\/posts"}],"about":[{"href":"https:\/\/blogs.hoy.es\/loch-lomond\/wp-json\/wp\/v2\/types\/post"}],"author":[{"embeddable":true,"href":"https:\/\/blogs.hoy.es\/loch-lomond\/wp-json\/wp\/v2\/users\/14"}],"replies":[{"embeddable":true,"href":"https:\/\/blogs.hoy.es\/loch-lomond\/wp-json\/wp\/v2\/comments?post=1128"}],"version-history":[{"count":0,"href":"https:\/\/blogs.hoy.es\/loch-lomond\/wp-json\/wp\/v2\/posts\/1128\/revisions"}],"wp:attachment":[{"href":"https:\/\/blogs.hoy.es\/loch-lomond\/wp-json\/wp\/v2\/media?parent=1128"}],"wp:term":[{"taxonomy":"category","embeddable":true,"href":"https:\/\/blogs.hoy.es\/loch-lomond\/wp-json\/wp\/v2\/categories?post=1128"},{"taxonomy":"post_tag","embeddable":true,"href":"https:\/\/blogs.hoy.es\/loch-lomond\/wp-json\/wp\/v2\/tags?post=1128"}],"curies":[{"name":"wp","href":"https:\/\/api.w.org\/{rel}","templated":true}]}}