{"id":113,"date":"2010-09-19T00:39:00","date_gmt":"2010-09-19T00:39:00","guid":{"rendered":"http:\/\/blogs.hoy.es\/loch-lomond\/?p=112"},"modified":"2010-09-19T00:39:00","modified_gmt":"2010-09-19T00:39:00","slug":"vamos-rafa","status":"publish","type":"post","link":"https:\/\/blogs.hoy.es\/loch-lomond\/2010\/09\/19\/vamos-rafa\/","title":{"rendered":"\u00a1Vamos Rafa!"},"content":{"rendered":"<p><img id=\"img_0\" src=\"\/\/www.hoy.es\/prensa\/noticias\/201009\/19\/fotos\/2438986.jpg\" alt=\"\" \/><\/p>\n<p class=\"MsoNormal\" style=\"margin: 0cm 0cm 0pt; text-align: justify;\"><span style=\"font-size: 10pt; color: #003366; font-family: Verdana;\">\u00a1Vaya semanita! Vuelta al cole, diluvio, tormentas. Atracos, tiroteos\u2026Menos mal que uno prefiere quedarse con las cosas buenas y m\u00e1s agradables y ha elegido a Rafa Nadal como tema central de <a title=\"\u00a1Vamos Rafa!\" href=\"http:\/\/www.hoy.es\/v\/20100919\/opinion\/vamos-rafa-20100919.html\" target=\"_blank\">la tribuna de Opini\u00f3n de Hoy<\/a> domingo 19 de Septiembre en la edici\u00f3n impresa de Diario HOY.<\/span><\/p>\n<p><span style=\"font-size: 10pt; color: #003366; font-family: Verdana;\">Ya estaba tardando en dedicar a este gran campe\u00f3n uno de mis art\u00edculos dominicales, y es que a este muchacho le ocurre lo mismo que a otros grandes deportistas que tanto me agradan, como Calder\u00f3n, Pau Gasol o Casillas, que resultan que son a\u00fan mejores personas que deportistas, y un gran ejemplo y modelo positivo para seguir, sobre todo de los m\u00e1s peque\u00f1os.<\/span><br \/>\n<span style=\"font-size: 10pt; color: #003366; font-family: Verdana;\">Espero que les guste mi sincero homenaje a este gran deportista, de incuestionable talento y de una riqueza personal sin l\u00edmites. A\u00fan le quedan innumerables alegr\u00edas que darnos a los aficionados al buen deporte y a los mejores valores humanos. Hoy domingo es un gran d\u00eda para descansar, y brindar con un copazo de LOCH LOMOND por Rafa Nadal y todos aquellos que aspiren a representar lo mejor de los valores humanos dentro y fuera de las canchas de juego. Por Rafa Nadal, por un ser humano formidable, y por un gran espejo donde se miran millones de ni\u00f1os cada d\u00eda. A lo mejor, si consigui\u00e9ramos que hubiera 6 \u00f3 7 m\u00e1s como \u00e9l, incluso podr\u00edamos so\u00f1ar con que el futuro se encuentra en buenas manos.<\/span><\/p>\n<p class=\"MsoNormal\" style=\"margin: 0cm 0cm 0pt; text-align: justify;\"><span style=\"font-size: 10pt; color: #003366; font-family: Verdana;\"><a href=\"http:\/\/www.hoy.es\/v\/20100919\/opinion\/vamos-rafa-20100919.html\" rel=\"nofollow\">http:\/\/www.hoy.es\/v\/20100919\/opinion\/vamos-rafa-20100919.html<\/a><\/span><\/p>\n<!-- AddThis Advanced Settings generic via filter on the_content --><!-- AddThis Share Buttons generic via filter on the_content -->","protected":false},"excerpt":{"rendered":"<p>\u00a1Vaya semanita! Vuelta al cole, diluvio, tormentas. Atracos, tiroteos\u2026Menos mal que uno prefiere quedarse con las cosas buenas y m\u00e1s agradables y ha elegido a Rafa Nadal como tema central de la tribuna de Opini\u00f3n de Hoy domingo 19 de Septiembre en la edici\u00f3n impresa de Diario HOY. Ya estaba tardando en dedicar a este [&hellip;]<!-- AddThis Advanced Settings generic via filter on get_the_excerpt --><!-- AddThis Share Buttons generic via filter on get_the_excerpt --><\/p>\n","protected":false},"author":14,"featured_media":0,"comment_status":"open","ping_status":"closed","sticky":false,"template":"","format":"standard","meta":[],"categories":[8],"tags":[707,745,856,1362,1515,1806,3103,3742,3797,3936,4334,4510,5084,5168],"_links":{"self":[{"href":"https:\/\/blogs.hoy.es\/loch-lomond\/wp-json\/wp\/v2\/posts\/113"}],"collection":[{"href":"https:\/\/blogs.hoy.es\/loch-lomond\/wp-json\/wp\/v2\/posts"}],"about":[{"href":"https:\/\/blogs.hoy.es\/loch-lomond\/wp-json\/wp\/v2\/types\/post"}],"author":[{"embeddable":true,"href":"https:\/\/blogs.hoy.es\/loch-lomond\/wp-json\/wp\/v2\/users\/14"}],"replies":[{"embeddable":true,"href":"https:\/\/blogs.hoy.es\/loch-lomond\/wp-json\/wp\/v2\/comments?post=113"}],"version-history":[{"count":0,"href":"https:\/\/blogs.hoy.es\/loch-lomond\/wp-json\/wp\/v2\/posts\/113\/revisions"}],"wp:attachment":[{"href":"https:\/\/blogs.hoy.es\/loch-lomond\/wp-json\/wp\/v2\/media?parent=113"}],"wp:term":[{"taxonomy":"category","embeddable":true,"href":"https:\/\/blogs.hoy.es\/loch-lomond\/wp-json\/wp\/v2\/categories?post=113"},{"taxonomy":"post_tag","embeddable":true,"href":"https:\/\/blogs.hoy.es\/loch-lomond\/wp-json\/wp\/v2\/tags?post=113"}],"curies":[{"name":"wp","href":"https:\/\/api.w.org\/{rel}","templated":true}]}}