{"id":1134,"date":"2012-08-19T19:44:07","date_gmt":"2012-08-19T18:44:07","guid":{"rendered":"http:\/\/blogs.hoy.es\/loch-lomond\/?p=1134"},"modified":"2012-08-19T19:44:07","modified_gmt":"2012-08-19T18:44:07","slug":"no-me-pises-que-llevo-chanclas","status":"publish","type":"post","link":"https:\/\/blogs.hoy.es\/loch-lomond\/2012\/08\/19\/no-me-pises-que-llevo-chanclas\/","title":{"rendered":"No me pises que llevo chanclas"},"content":{"rendered":"<p>Enrique Falc\u00f3. L\u00e1tigo de los horteras veraniegos<\/p>\n<div id=\"attachment_1136\" style=\"width: 460px\" class=\"wp-caption alignnone\"><a href=\"\/loch-lomond\/wp-content\/uploads\/sites\/10\/2012\/08\/Bart-y-Milhouse.png\"><img aria-describedby=\"caption-attachment-1136\" loading=\"lazy\" class=\"size-full wp-image-1136\" title=\"Bart y Milhouse\" src=\"\/loch-lomond\/wp-content\/uploads\/sites\/10\/2012\/08\/Bart-y-Milhouse.png\" alt=\"Como ni\u00f1os que son Bart y Milhouse calzan pantal\u00f3n corto. \u00a1No creo que los lleven a los 30!\" width=\"450\" height=\"450\" srcset=\"https:\/\/static-blogs.hoy.es\/wp-content\/uploads\/sites\/10\/2012\/08\/Bart-y-Milhouse.png 450w, https:\/\/static-blogs.hoy.es\/wp-content\/uploads\/sites\/10\/2012\/08\/Bart-y-Milhouse-150x150.png 150w, https:\/\/static-blogs.hoy.es\/wp-content\/uploads\/sites\/10\/2012\/08\/Bart-y-Milhouse-300x300.png 300w\" sizes=\"(max-width: 450px) 100vw, 450px\" \/><\/a><p id=\"caption-attachment-1136\" class=\"wp-caption-text\">Como ni\u00f1os que son Bart y Milhouse calzan pantal\u00f3n corto. \u00a1No creo que los lleven a los 30!<\/p><\/div>\n<p>&nbsp;<\/p>\n<p align=\"JUSTIFY\"><span style=\"color: #000080; font-size: medium;\">Ante todo y para ir dejando las cosas bien claritas he de confesar ante ustedes que nunca hizo mella en m\u00ed el mundo de la moda, y que jam\u00e1s he sentido emoci\u00f3n alguna al presenciar trapitos y prendas varias de vestir. Cuanto menos ante anuncios de vaqueros, camisas o trajes, y ni por asomo ante acontecimientos de pasarela. Porque yo, mis queridos y desocupados lectores, no me visto, no me gusta, m\u00e1s bien me tapo. Quiz\u00e1s en mi \u00e9poca de adolescente s\u00ed que pude tener esa especie de tontuna por calzarme como mi admirado <a title=\"Esta luz nunca se apagar\u00e1\" href=\"https:\/\/blogs.hoy.es\/loch-lomond\/2010\/10\/22\/esta-luz-nunca-se-apagara\/\" target=\"_blank\">Mikel Erentxun<\/a>, ostentando fijaci\u00f3n por la melena (que como bien imaginar\u00e1n me quedaba fatal, pues el pelo se me ondula cuando crece unos cuantos cent\u00edmetros) y aquellas camisas de enormes cuadros escoceses, sin olvidar complementos absurdos como las horrorosas cruces de metal que al donostiarra tanto le prodigaban. Gracias a Dios aunque estaba en la edad del pavo jam\u00e1s se me pas\u00f3 por la cabeza mellarme el diente o tatuarme una rosa en el hombro para parecerme aun m\u00e1s al famoso cantante. Pero vamos, que la tonter\u00eda me dur\u00f3 solo algunos meses, hasta que el ex vocalista de Duncan Dhu acab\u00f3 la gira <a title=\"Naufragios\" href=\"https:\/\/blogs.hoy.es\/loch-lomond\/2012\/01\/22\/naufragios\/\" target=\"_blank\">Naufragios<\/a> 93, se cort\u00f3 el pelo al uno y volvi\u00f3 a vestir como toda la vida. Ni siquiera dio tiempo a que me concedieran la tarjeta VIP de la tienda pacense &#8220;El Tri\u00e1ngulo&#8221; por las numerosas cruces y camisetas del cantante adquiridas en pocos meses. Por lo general llevo toda la vida disfrazando mi <a title=\"Una protesta de pelotas\" href=\"https:\/\/blogs.hoy.es\/loch-lomond\/2012\/07\/19\/una-protesta-de-pelotas\/\" target=\"_blank\">desnudez<\/a> con la ropa que me regalaban mi madre, mis hermanas y mi novia, y actualmente, desde mi desgraciada extensi\u00f3n voluminosa a oriente y occidente, adquirir ropa se me antoja un suplicio, ya que en este pa\u00eds parece que solo pueden vestirse correctamente los anor\u00e9xicos y aquellos que miden menos de 160 cent\u00edmetros. Mi aversi\u00f3n a la moda no implica que no guarde con decoro una pulcritud inescrutable a la hora de presentarme uniformado en las distintas ocasiones que socialmente y como a todos se nos presentan. <\/span><\/p>\n<div id=\"attachment_1137\" style=\"width: 309px\" class=\"wp-caption alignnone\"><a href=\"\/loch-lomond\/wp-content\/uploads\/sites\/10\/2012\/08\/Armani-pantal\u00f3n-corto.jpg\"><img aria-describedby=\"caption-attachment-1137\" loading=\"lazy\" class=\"size-full wp-image-1137\" title=\"Armani pantal\u00f3n corto\" src=\"\/loch-lomond\/wp-content\/uploads\/sites\/10\/2012\/08\/Armani-pantal\u00f3n-corto.jpg\" alt=\"Armani viste a los hombres en pantal\u00f3n corto... \u00a1Que no cuente conmigo!\" width=\"299\" height=\"426\" srcset=\"https:\/\/static-blogs.hoy.es\/wp-content\/uploads\/sites\/10\/2012\/08\/Armani-pantal\u00f3n-corto.jpg 299w, https:\/\/static-blogs.hoy.es\/wp-content\/uploads\/sites\/10\/2012\/08\/Armani-pantal\u00f3n-corto-211x300.jpg 211w\" sizes=\"(max-width: 299px) 100vw, 299px\" \/><\/a><p id=\"caption-attachment-1137\" class=\"wp-caption-text\">Armani viste a los hombres en pantal\u00f3n corto... \u00a1Que no cuente conmigo!<\/p><\/div>\n<p align=\"JUSTIFY\"><span style=\"color: #000080; font-size: medium;\">Jam\u00e1s, a nos ser que me encuentre en las inmediaciones de la playa (o sea, en el chiringuito de turno) se me ocurrir\u00eda lucir pantalones cortos. Una horripilante moda entre j\u00f3venes y no tan j\u00f3venes que el menda achaca a una ordinariez en grado sumo. Ser\u00e1 por aquello que quien suscribe recuerda los pantalones cortos como una \u00e9poca lejana, la ni\u00f1ez, tan feliz como la de cualquiera pero a la que le da una pereza insufrible volver. No es de recibo, ni siquiera para pasear en la calle, el uso de tan infantil, vulgar y poco apropiada prenda. M\u00e1xime si \u00e9sta es rebajada hasta la altura (o m\u00e1s abajo) de la rabadilla, mostrando hortera calzoncillo o &#8220;hucha&#8221; lechosa y peluda de muy complicada amnist\u00eda. El ch\u00e1ndal y en general, las prendas deportivas, son otras vestimentas que me desconciertan profundamente cuando no son empleadas para el fin con el que fueron creadas en su d\u00eda. La de la pr\u00e1ctica del noble (y peligroso seg\u00fan a qu\u00e9 edades) deporte. Que jam\u00e1s espere quien utiliza tan ordinaria vestimenta ascenso alguno en su trabajo, o en su estatus social, todo lo m\u00e1ximo ser el jefe de escalera o presidente de la comunidad de vecinos, y cuando el sorteo o turno rotatorio as\u00ed lo estipule. Quien acude a trabajar en ch\u00e1ndal (eximiendo claro est\u00e1 a los profesores de Educaci\u00f3n F\u00edsica), o a cenar a un restaurante, o a jugar a la ruleta o al p\u00f3quer en un casino, no pueden recibir otra definici\u00f3n que la de horteras, si bien esta descripci\u00f3n m\u00e1s que un insulto parece un piropo en los tiempos que corren, y lo digo por experiencia, al comprobar escandalizado como amigos, compa\u00f1eros y familiares lucen orgullosos sus flamantes y car\u00edsimos ch\u00e1ndales a la primera ocasi\u00f3n que les brinda la providencia. Quienes portan pantalones cortos o ropa deportiva, inevitablemente son lo primeros que se despojan de la chaqueta en una boda, alguna reuni\u00f3n importante de trabajo o un acto de trascendental importancia. \u00a1A ver si nos vamos enterando! El sofocante y sopor\u00edfero calor jam\u00e1s ha de servir como excusa para desprenderse de una prenda que consigue otorgar al m\u00e1s zafio animal racional una dignidad y condici\u00f3n humana que seguramente no posee el interfecto, pero bien no ha de susceptible de extenderlo gratuitamente y a viva voz al resto del mundo. <\/span><\/p>\n<a href=\"\/loch-lomond\/wp-content\/uploads\/sites\/10\/2012\/08\/Bender-y-Fry.jpg\"><img loading=\"lazy\" class=\"size-full wp-image-1138\" title=\"Bender y Fry\" src=\"\/loch-lomond\/wp-content\/uploads\/sites\/10\/2012\/08\/Bender-y-Fry.jpg\" alt=\"El capit\u00e1n Bender no se quita la chaqueta para comer, al igual que su querido \"Meneillos\".\" width=\"468\" height=\"382\" srcset=\"https:\/\/static-blogs.hoy.es\/wp-content\/uploads\/sites\/10\/2012\/08\/Bender-y-Fry.jpg 468w, https:\/\/static-blogs.hoy.es\/wp-content\/uploads\/sites\/10\/2012\/08\/Bender-y-Fry-300x245.jpg 300w\" sizes=\"(max-width: 468px) 100vw, 468px\" \/><\/a>\n<p align=\"JUSTIFY\"><span style=\"color: #000080; font-size: medium;\">Gracias al cielo ya casi no se ven zapatos de rejilla, una prenda que, estar\u00e1n de acuerdo conmigo, habr\u00eda cuanto menos que prohibir bajo pena de arresto domiciliario. El problema son las chanclas, o las sandalias, que una vez m\u00e1s y fuera de los alrededores de la playa o de la piscina, no deber\u00edan de ocupar tan generoso lugar en nuestros armarios. Algunos inconscientes hasta las usan para conducir, deleznable hecho que deber\u00eda estar perseguido y multado por el peligro que supone manejar los pedales del autom\u00f3vil con una prenda que puede desprenderse f\u00e1cilmente del pie y provocar entre otros el bloqueo del freno, ocasionando graves accidentes. Tampoco es aceptable portar y pasear el uniforme de la empresa donde te ganas la vida fuera de las dependencias de \u00e9sta. \u00a1Qu\u00e9 vulgaridad! Sencillamente horrible, en especial si el h\u00e1bito es expresamente pintoresco. Ya les he expuesto alguna vez el tema de la normalidad. De lo dif\u00edcil que es practicar el siempre aconsejable ejercicio de la discreci\u00f3n, tambi\u00e9n por supuesto en el vestir. S\u00e9 que no siempre es f\u00e1cil, y m\u00e1s con los rigores del verano, pero a pesar de las ense\u00f1anzas del venerable maestra Yoda (hazlo o no lo hagas pero no lo intentes) nosotros debemos demostrar gran entereza e intentarlo las veces que haga falta. Como muestra de leal solidaridad les confesar\u00e9 que quien suscribe, el menda, yo mismo, me he paseado en chanclas y en ba\u00f1ador en el hotel de mis recientes vacaciones, y que incluso he desayunado y comido ataviado con tan singular vestimenta. Cuando trabajaba en la rotativa del HOY encartando publicidad utilizaba pantalones cortos y camisetas de manga corta, casi siempre ro\u00eddas y desgastadas, ya que se nos agujereaban debido al material de la mesa donde desempe\u00f1\u00e1bamos nuestra funci\u00f3n. Cuando trabajaba temporalmente el centros como CARREFOUR o la f\u00e1brica tomatera de CONESA me paseaba por toda la ciudad con el uniforme. Hasta bien entrado los 18 o m\u00e1s no calzaba otra cosa en mis pezu\u00f1as que zapatillas deportivas, e incluso he de reconocer que el ch\u00e1ndal era mi inseparable amigo en el colegio casi a diario, y no siempre por la pr\u00e1ctica del noble deporte del baloncesto. Conste en acta esta muestra de valent\u00eda y sinceridad del autor en pos de concienciar al personal de tan dif\u00edcil y ardua tarea. \u00bfQu\u00e9 esperaban? Todos tenemos derecho a equivocarnos. <a title=\"Ser normal no es f\u00e1cil\" href=\"http:\/\/www.hoy.es\/v\/20110220\/opinion\/normal-facil-20110220.html\" target=\"_blank\">Ser normal exige mucho<\/a>.<\/span><\/p>\n<p align=\"JUSTIFY\"><span style=\"color: #000000; font-size: medium;\"><em>Publicado en Diario HOY el 19\/08\/2012<\/em><\/span><\/p>\n<p align=\"JUSTIFY\"><span style=\"color: #000080; font-size: medium;\"><a href=\"http:\/\/hoy.kioskoymas.com\/epaper\/showlink.aspx?bookmarkid=2TB1Y5JR3ML7&#038;preview=magnifier&#038;linkid=4e51622c-1384-4f95-91e8-0977165a3f96&#038;pdaffid=1NEHCXDv4QZRFanP7KJR9A%3d%3d\"><span style=\"color: #000080;\"><img src=\"\/\/cache2-thumb1.pressdisplay.com\/pressdisplay\/docserver\/getimage.aspx?file=22012012081900000000001001&#038;page=26&#038;scale=23\" alt=\"\" \/><\/span><\/a><\/span><\/p>\n<!-- AddThis Advanced Settings generic via filter on the_content --><!-- AddThis Share Buttons generic via filter on the_content -->","protected":false},"excerpt":{"rendered":"<p>Enrique Falc\u00f3. L\u00e1tigo de los horteras veraniegos &nbsp; Ante todo y para ir dejando las cosas bien claritas he de confesar ante ustedes que nunca hizo mella en m\u00ed el mundo de la moda, y que jam\u00e1s he sentido emoci\u00f3n alguna al presenciar trapitos y prendas varias de vestir. Cuanto menos ante anuncios de vaqueros, [&hellip;]<!-- AddThis Advanced Settings generic via filter on get_the_excerpt --><!-- AddThis Share Buttons generic via filter on get_the_excerpt --><\/p>\n","protected":false},"author":14,"featured_media":0,"comment_status":"open","ping_status":"closed","sticky":false,"template":"","format":"standard","meta":[],"categories":[8],"tags":[282,740,835,869,921,922,925,957,1141,1412,1439,1515,1553,1724,1806,2287,2485,2496,2501,3103,3229,3513,3519,3636,3688,3884,4099,4192,4193,4323,4324,4577,4658,4860,5764,5139,5172,5302,5364,5365],"_links":{"self":[{"href":"https:\/\/blogs.hoy.es\/loch-lomond\/wp-json\/wp\/v2\/posts\/1134"}],"collection":[{"href":"https:\/\/blogs.hoy.es\/loch-lomond\/wp-json\/wp\/v2\/posts"}],"about":[{"href":"https:\/\/blogs.hoy.es\/loch-lomond\/wp-json\/wp\/v2\/types\/post"}],"author":[{"embeddable":true,"href":"https:\/\/blogs.hoy.es\/loch-lomond\/wp-json\/wp\/v2\/users\/14"}],"replies":[{"embeddable":true,"href":"https:\/\/blogs.hoy.es\/loch-lomond\/wp-json\/wp\/v2\/comments?post=1134"}],"version-history":[{"count":0,"href":"https:\/\/blogs.hoy.es\/loch-lomond\/wp-json\/wp\/v2\/posts\/1134\/revisions"}],"wp:attachment":[{"href":"https:\/\/blogs.hoy.es\/loch-lomond\/wp-json\/wp\/v2\/media?parent=1134"}],"wp:term":[{"taxonomy":"category","embeddable":true,"href":"https:\/\/blogs.hoy.es\/loch-lomond\/wp-json\/wp\/v2\/categories?post=1134"},{"taxonomy":"post_tag","embeddable":true,"href":"https:\/\/blogs.hoy.es\/loch-lomond\/wp-json\/wp\/v2\/tags?post=1134"}],"curies":[{"name":"wp","href":"https:\/\/api.w.org\/{rel}","templated":true}]}}