{"id":1140,"date":"2012-08-22T14:33:57","date_gmt":"2012-08-22T13:33:57","guid":{"rendered":"http:\/\/blogs.hoy.es\/loch-lomond\/?p=1140"},"modified":"2012-08-22T14:33:57","modified_gmt":"2012-08-22T13:33:57","slug":"segunda-promocion-cuarton-cortijo-badajoz","status":"publish","type":"post","link":"https:\/\/blogs.hoy.es\/loch-lomond\/2012\/08\/22\/segunda-promocion-cuarton-cortijo-badajoz\/","title":{"rendered":"Segunda promoci\u00f3n Cuart\u00f3n Cortijo Badajoz"},"content":{"rendered":"<p>&nbsp;<\/p>\n<p align=\"JUSTIFY\"><span style=\"color: #000000; font-size: medium;\"><strong>Mi amigo <a title=\"FCO. Javier Reyes\" href=\"https:\/\/blogs.hoy.es\/loch-lomond\/2011\/11\/16\/fco-javier-reyes\/\" target=\"_blank\"><span style=\"color: #000000;\">Javi Reyes<\/span><\/a> est\u00e1 muy disgustado<\/strong>. Y <strong>como \u00e9l<\/strong>, supongo, <strong>tant\u00edsimos ciudadanos pacenses<\/strong> quienes, <a title=\"Decepci\u00f3n\" href=\"https:\/\/blogs.hoy.es\/loch-lomond\/2010\/07\/22\/decepcion\/\" target=\"_blank\"><span style=\"color: #000000;\">decepci\u00f3n<\/span><\/a> tras decepci\u00f3n, observan c\u00f3mo <strong>la cruda realidad les ha abofeteado en plena cara, rob\u00e1ndoles sue\u00f1os y bonanzas otrora esperanzadoras y que han tornado a un desprop\u00f3sito tras otro<\/strong>.<\/span><\/p>\n<div id=\"attachment_1141\" style=\"width: 310px\" class=\"wp-caption alignleft\"><a href=\"\/loch-lomond\/wp-content\/uploads\/sites\/10\/2012\/08\/Llaves-Cuart\u00f3n-Cortijo.jpg\"><img aria-describedby=\"caption-attachment-1141\" loading=\"lazy\" class=\"size-full wp-image-1141\" title=\"Llaves Cuart\u00f3n Cortijo\" src=\"\/loch-lomond\/wp-content\/uploads\/sites\/10\/2012\/08\/Llaves-Cuart\u00f3n-Cortijo.jpg\" alt=\"De momento, desgraciadamente, los futuros compradores de la Segunda Fase de Cuart\u00f3n Cortijo no recibir\u00e1n sus llaves.\" width=\"300\" height=\"200\" \/><\/a><p id=\"caption-attachment-1141\" class=\"wp-caption-text\">De momento, desgraciadamente, los futuros compradores de la Segunda Fase de Cuart\u00f3n Cortijo no recibir\u00e1n sus llaves.<\/p><\/div>\n<p class=\"wp-caption-dd\"><span style=\"color: #000000; font-size: medium;\">Mi amigo Javi Reyes se sinti\u00f3 muy afortunado hace alrededor de 4 a\u00f1os, cuando <strong>fue agraciado en un sorteo que le dio la posibilidad de comprar una casa de protecci\u00f3n oficial en la segunda promoci\u00f3n de Cuart\u00f3n del Cortijo de Badajoz<\/strong>.<\/span><\/p>\n<p class=\"wp-caption-dd\">\n<p class=\"wp-caption-dd\">\n<p class=\"wp-caption-dd\"><span style=\"color: #000000; font-size: medium;\"><strong>\u00a0Retraso continuo, falta de informaci\u00f3n y falsas esperanzas fue la \u00fanica contestaci\u00f3n de una Promotora, Protech Extremadura\u00a0SL, que se ha declarado en concurso de acreedores<\/strong>. <\/span><\/p>\n<p class=\"wp-caption-dd\">\n<p class=\"wp-caption-dd\">\n<p class=\"wp-caption-dd\">\n<p class=\"wp-caption-dd\"><span style=\"color: #000000; font-size: medium;\"><strong>Los futuros compradores<\/strong>, disgustados y decepcionados, <strong>se preocupan ahora de intentar recuperar al menos el dinero entregado hasta la fecha<\/strong>.<\/span><\/p>\n<div id=\"attachment_1143\" style=\"width: 310px\" class=\"wp-caption alignright\"><a href=\"\/loch-lomond\/wp-content\/uploads\/sites\/10\/2012\/08\/Badajoz-20120809-00125.jpg\"><img aria-describedby=\"caption-attachment-1143\" loading=\"lazy\" class=\"size-medium wp-image-1143\" title=\"Cuart\u00f3n Cortijo Badajoz Segunda Fase FOTO: Enrique Falc\u00f3\" src=\"\/loch-lomond\/wp-content\/uploads\/sites\/10\/2012\/08\/Badajoz-20120809-00125.jpg\" alt=\"Apenas un contenedor de basura y una fr\u00e1gil valla separan la Primera Fase del terreno destinado al resto de promociones. FOTO: Enrique Falc\u00f3\" width=\"300\" height=\"224\" srcset=\"https:\/\/static-blogs.hoy.es\/wp-content\/uploads\/sites\/10\/2012\/08\/Badajoz-20120809-00125.jpg 1072w, https:\/\/static-blogs.hoy.es\/wp-content\/uploads\/sites\/10\/2012\/08\/Badajoz-20120809-00125-300x225.jpg 300w, https:\/\/static-blogs.hoy.es\/wp-content\/uploads\/sites\/10\/2012\/08\/Badajoz-20120809-00125-768x576.jpg 768w, https:\/\/static-blogs.hoy.es\/wp-content\/uploads\/sites\/10\/2012\/08\/Badajoz-20120809-00125-1024x768.jpg 1024w\" sizes=\"(max-width: 300px) 100vw, 300px\" \/><\/a><p id=\"caption-attachment-1143\" class=\"wp-caption-text\">Apenas un contenedor de basura y una fr\u00e1gil valla separan la Primera Fase del terreno destinado al resto de promociones. FOTO: Enrique Falc\u00f3<\/p><\/div>\n<p class=\"wp-caption-dd\">\n<p class=\"wp-caption-dd\"><span style=\"color: #000000; font-size: medium;\">Y yo me pregunto \u00bf<strong>Qui\u00e9n responde por <a title=\"La habitaci\u00f3n de los sue\u00f1os perdidos\" href=\"https:\/\/blogs.hoy.es\/loch-lomond\/2011\/01\/21\/la-habitacion-los-suenos-perdidos\/\" target=\"_blank\"><span style=\"color: #000000;\">los sue\u00f1os perdidos<\/span><\/a> de estas personas y a quien hay que pedir responsabilidades<\/strong>? Mi amigo Reyes me cuenta que <strong>nadie de la Junta de Extremadura, o del Gobierno de Extremadura o como quiera llamarse ahora,\u00a0se ha puesto en contacto con \u00e9l<\/strong>. <\/span><\/p>\n<p class=\"wp-caption-dd\">\n<p class=\"wp-caption-dd\"><span style=\"color: #000000; font-size: medium;\"><strong>S\u00f3lo ha recibido una notificaci\u00f3n del Bufete de abogados de la promotora explicando los pasos a seguir para intentar recuperar el dinero<\/strong>.\u00a0<\/span><\/p>\n<p class=\"wp-caption-dd\">\n<p class=\"wp-caption-dd\"><span style=\"color: #000000; font-size: medium;\">Tampoco se ha desmarcado nadie ofreciendo explicaciones. Se supone que en <strong>Cuart\u00f3n del Cortijo<\/strong> faltan por construir <strong>dos promociones de viviendas<\/strong> junto a <a title=\"Siempre al oeste\" href=\"https:\/\/blogs.hoy.es\/loch-lomond\/2010\/12\/07\/siempre-al-oeste\/\" target=\"_blank\"><span style=\"color: #000000;\">la primera fase<\/span><\/a>, que fue entregada en septiembre de 2010 (las de Plan especial 60.000) y en Enero de 2011 (las de vivienda media). <\/span><\/p>\n<p>&nbsp;<\/p>\n<div id=\"attachment_1144\" style=\"width: 310px\" class=\"wp-caption alignleft\"><a href=\"\/loch-lomond\/wp-content\/uploads\/sites\/10\/2012\/08\/Badajoz-20120809-00131.jpg\"><img aria-describedby=\"caption-attachment-1144\" loading=\"lazy\" class=\"size-medium wp-image-1144\" title=\"Cuart\u00f3n Cortijo Badajoz Primera Fase FOTO Enrique Falc\u00f3)\" src=\"\/loch-lomond\/wp-content\/uploads\/sites\/10\/2012\/08\/Badajoz-20120809-00131.jpg\" alt=\"Instant\u00e1nea del barrio Cuart\u00f3n Cortijo de Badajoz en Agosto de 2012 FOTO: Enrique Falc\u00f3\" width=\"300\" height=\"225\" srcset=\"https:\/\/static-blogs.hoy.es\/wp-content\/uploads\/sites\/10\/2012\/08\/Badajoz-20120809-00131.jpg 1600w, https:\/\/static-blogs.hoy.es\/wp-content\/uploads\/sites\/10\/2012\/08\/Badajoz-20120809-00131-300x225.jpg 300w, https:\/\/static-blogs.hoy.es\/wp-content\/uploads\/sites\/10\/2012\/08\/Badajoz-20120809-00131-768x576.jpg 768w, https:\/\/static-blogs.hoy.es\/wp-content\/uploads\/sites\/10\/2012\/08\/Badajoz-20120809-00131-1024x768.jpg 1024w\" sizes=\"(max-width: 300px) 100vw, 300px\" \/><\/a><p id=\"caption-attachment-1144\" class=\"wp-caption-text\">Instant\u00e1nea del barrio Cuart\u00f3n Cortijo de Badajoz en Agosto de 2012 FOTO: Enrique Falc\u00f3<\/p><\/div>\n<p class=\"wp-caption-dd\">\n<p><span style=\"color: #000000; font-size: medium;\">Por lo visto <strong>existen un mont\u00f3n de viviendas vac\u00edas en Cerro Gordo que no acaban de venderse y como es de esperar, nada se sabe de las viviendas que iban a construirse en La Granadilla<\/strong>. <\/span><\/p>\n<p>&nbsp;<\/p>\n<p><span style=\"color: #000000; font-size: medium;\"><strong>No se puede jugar con la ilusi\u00f3n de los ciudadanos sin que la Instituci\u00f3n que ha de velar por\u00a0sus derechos\u00a0act\u00fae en consecuencia en lugar\u00a0de lavarse las manos como un Pilatos de pacotilla<\/strong>. <\/span><\/p>\n<p>&nbsp;<\/p>\n<p><span style=\"color: #000000; font-size: medium;\">Una de\u00a0vez m\u00e1s a los pol\u00edticos se les han llenado las tragaderas de mentiras demostrando que, como cantaban los <a title=\"Gabinete Caligari Amor de madre\" href=\"https:\/\/blogs.hoy.es\/loch-lomond\/2010\/10\/16\/amor-madre\/\" target=\"_blank\"><span style=\"color: #000000;\">Gabinete Caligari<\/span><\/a>, <strong>es muy duro mantener la palabra de honor<\/strong>, m\u00e1xime si sus lenguas no pueden m\u00e1s que pronunciar promesas\u00a0traicioneras que han de quebrarse con el tiempo,\u00a0<strong>promesas rotas<\/strong>, <strong>promesas falsas<\/strong>, <strong>promesas al fin y a cabo,\u00a0que no valen nada<\/strong>.<\/span><\/p>\n<!-- AddThis Advanced Settings generic via filter on the_content --><!-- AddThis Share Buttons generic via filter on the_content -->","protected":false},"excerpt":{"rendered":"<p>&nbsp; Mi amigo Javi Reyes est\u00e1 muy disgustado. Y como \u00e9l, supongo, tant\u00edsimos ciudadanos pacenses quienes, decepci\u00f3n tras decepci\u00f3n, observan c\u00f3mo la cruda realidad les ha abofeteado en plena cara, rob\u00e1ndoles sue\u00f1os y bonanzas otrora esperanzadoras y que han tornado a un desprop\u00f3sito tras otro. Mi amigo Javi Reyes se sinti\u00f3 muy afortunado hace alrededor [&hellip;]<!-- AddThis Advanced Settings generic via filter on get_the_excerpt --><!-- AddThis Share Buttons generic via filter on get_the_excerpt --><\/p>\n","protected":false},"author":14,"featured_media":0,"comment_status":"open","ping_status":"closed","sticky":false,"template":"","format":"standard","meta":[],"categories":[7],"tags":[903,1011,1133,1260,1261,1262,1263,1336,1368,2010,2014,2216,2294,2682,2813,2880,3015,3865,4090,4216,4248,4249,4250,4251,4262,4263,4452,4616,4617,4618,4761,4804,5286,5287,5288],"_links":{"self":[{"href":"https:\/\/blogs.hoy.es\/loch-lomond\/wp-json\/wp\/v2\/posts\/1140"}],"collection":[{"href":"https:\/\/blogs.hoy.es\/loch-lomond\/wp-json\/wp\/v2\/posts"}],"about":[{"href":"https:\/\/blogs.hoy.es\/loch-lomond\/wp-json\/wp\/v2\/types\/post"}],"author":[{"embeddable":true,"href":"https:\/\/blogs.hoy.es\/loch-lomond\/wp-json\/wp\/v2\/users\/14"}],"replies":[{"embeddable":true,"href":"https:\/\/blogs.hoy.es\/loch-lomond\/wp-json\/wp\/v2\/comments?post=1140"}],"version-history":[{"count":0,"href":"https:\/\/blogs.hoy.es\/loch-lomond\/wp-json\/wp\/v2\/posts\/1140\/revisions"}],"wp:attachment":[{"href":"https:\/\/blogs.hoy.es\/loch-lomond\/wp-json\/wp\/v2\/media?parent=1140"}],"wp:term":[{"taxonomy":"category","embeddable":true,"href":"https:\/\/blogs.hoy.es\/loch-lomond\/wp-json\/wp\/v2\/categories?post=1140"},{"taxonomy":"post_tag","embeddable":true,"href":"https:\/\/blogs.hoy.es\/loch-lomond\/wp-json\/wp\/v2\/tags?post=1140"}],"curies":[{"name":"wp","href":"https:\/\/api.w.org\/{rel}","templated":true}]}}