{"id":1145,"date":"2012-08-26T17:50:10","date_gmt":"2012-08-26T16:50:10","guid":{"rendered":"http:\/\/blogs.hoy.es\/loch-lomond\/?p=1145"},"modified":"2012-08-26T17:50:10","modified_gmt":"2012-08-26T16:50:10","slug":"los-juegos-del-hambre","status":"publish","type":"post","link":"https:\/\/blogs.hoy.es\/loch-lomond\/2012\/08\/26\/los-juegos-del-hambre\/","title":{"rendered":"Los juegos del hambre"},"content":{"rendered":"<p>&nbsp;<\/p>\n<p>Enrique Falc\u00f3. Interna\u00fafrago<\/p>\n<p><a href=\"\/loch-lomond\/wp-content\/uploads\/sites\/10\/2012\/08\/los_juegos_del_hambre_.jpg\"><img loading=\"lazy\" class=\"alignnone size-medium wp-image-1146\" title=\"los_juegos_del_hambre_\" src=\"\/loch-lomond\/wp-content\/uploads\/sites\/10\/2012\/08\/los_juegos_del_hambre_.jpg\" alt=\"\" width=\"300\" height=\"199\" srcset=\"https:\/\/static-blogs.hoy.es\/wp-content\/uploads\/sites\/10\/2012\/08\/los_juegos_del_hambre_.jpg 625w, https:\/\/static-blogs.hoy.es\/wp-content\/uploads\/sites\/10\/2012\/08\/los_juegos_del_hambre_-300x200.jpg 300w\" sizes=\"(max-width: 300px) 100vw, 300px\" \/><\/a><\/p>\n<p align=\"JUSTIFY\"><span style=\"color: #000080; font-size: medium;\">Mi viejo profesor, gran amigo y Medalla de Extremadura, don <a title=\"Pecell\u00edn y la escuela de los sue\u00f1os\" href=\"https:\/\/blogs.hoy.es\/loch-lomond\/2011\/08\/28\/pecellin-y-la-escuela-de-los-suenos\/\" target=\"_blank\">Manuel Pecell\u00edn Lancharro<\/a>, me envi\u00f3 hace pocas semanas un email desde la lejan\u00eda de sus merecidas vacaciones en pos de animarme. Quien suscribe acababa de sufrir una desagradable experiencia, narrada en mi blog Don de Loch Lomond, con un afable aparcacoches o &#8220;gorrilla&#8221; en las proximidades de mi trabajo. Este hombre, normalmente amable, que hasta saluda a los empleados y que jam\u00e1s ha ocasionado molestia alguna, nunca me hab\u00eda pedido dinero, y tampoco lo hizo en esa ocasi\u00f3n: &#8220;Por favor, c\u00f3mprame un bocadillo&#8221; &#8211; Me implor\u00f3 una tarde antes de acceder a las dependencias de mi trabajo \u2013 &#8220;\u00a1Te juro que no voy a volver a ped\u00edrtelo en la vida! \u00a1Tengo 43 a\u00f1os y esto es muy duro para m\u00ed&#8221; \u00a1<a title=\"Por favor tengo hambre\" href=\"https:\/\/blogs.hoy.es\/loch-lomond\/2012\/07\/31\/por-favor-tengo-hambre\/\" target=\"_blank\">Por favor&#8230; tengo hambre<\/a>!&#8221;. Aun no he olvidado aquella triste mirada y creo que ya no lo har\u00e9 mientras viva, guardando aquellos ojos te\u00f1idos de desesperaci\u00f3n para mis peores pesadillas. Don Manuel me contaba en su email que &#8220;Hambre&#8221; es la palabra que m\u00e1s se repite en las obras de los escritores extreme\u00f1os desde el siglo XV. Se\u00f1al inequ\u00edvoca de que siempre fue una tremenda realidad entre nosotros. Y que sin duda, vuelve a estar presente, y no s\u00f3lo en nuestras tierras.\u00a0 Aprovechaba tambi\u00e9n don Manuel para narrarme desagradables episodios vividos recientemente que les trasladaban, cual desagradable regresi\u00f3n, a los dif\u00edciles tiempos de su infancia en Monesterio, donde vio pasar tanta hambre y necesidad. No es justo que existan tantos que ni siquiera puedan pagarse el sustento m\u00e1s b\u00e1sico, mas deplorable es quien juega con el hambre del trabajador ampar\u00e1ndose en la demagogia m\u00e1s chapucera en pos de un pu\u00f1ado de votos y unos pocos minutos de chupar c\u00e1mara y tinta en los medios. <a title=\"Muertos de hambre\" href=\"https:\/\/blogs.hoy.es\/loch-lomond\/2012\/02\/12\/muertos-de-hambre\/\" target=\"_blank\">El hambre<\/a> reduce la condici\u00f3n del ser humano a algo m\u00e1s que a miserable, pues de entre todas las muertes posibles, la causada por el hambre ha de ser sin duda la m\u00e1s cruel. No hemos de olvidar que el hambre convierte al m\u00e1s respetable de los hombres en el peor de los ladrones, y que un hombre hambriento se transforma el alguien enojado, desesperado y peligroso. Por eso, el est\u00f3mago se me revuelve, quit\u00e1ndome ir\u00f3nicamente el hambre y despert\u00e1ndome las del v\u00f3mito, cuando observo indignado c\u00f3mo \u00faltimamente se utiliza el hambre como arma pol\u00edtica para distintas finalidades. <\/span><\/p>\n<p align=\"JUSTIFY\"><span style=\"color: #000080; font-size: medium;\"><a href=\"\/loch-lomond\/wp-content\/uploads\/sites\/10\/2012\/08\/thehungrygames22403l.jpg\"><img loading=\"lazy\" class=\"alignnone size-medium wp-image-1147\" title=\"thehungrygames22403l\" src=\"\/loch-lomond\/wp-content\/uploads\/sites\/10\/2012\/08\/thehungrygames22403l.jpg\" alt=\"\" width=\"300\" height=\"200\" srcset=\"https:\/\/static-blogs.hoy.es\/wp-content\/uploads\/sites\/10\/2012\/08\/thehungrygames22403l.jpg 600w, https:\/\/static-blogs.hoy.es\/wp-content\/uploads\/sites\/10\/2012\/08\/thehungrygames22403l-300x200.jpg 300w\" sizes=\"(max-width: 300px) 100vw, 300px\" \/><\/a><\/span><\/p>\n<p align=\"JUSTIFY\"><span style=\"color: #000080; font-size: medium;\">En un alarde de cinismo y desverg\u00fcenza, los presos etarras se declaran en huelga de hambre con una facilidad y una gracia que resultan realmente ofensivas, especialmente para las v\u00edctimas del terrorismo a quien se les llevan los demonios ante tanta caradura. Bien he de reconocer que cuanto menos, al menda se la trae bien floja las consecuencias que pueda tener esta negativa a ingerir alimentos para semejantes asesinos confesos, e incluso reconozco que un poco de sufrimiento no les viene mal para purgar condenas impagables. Adem\u00e1s algunos lucen mofletes considerables, por lo que no hay mal que por bien no venga, pero una huelga de hambre es algo muy serio para acometerla y poner punto y final continuamente con la misma facilidad con que otros se dedican a asaltar supermercados para realizar actos &#8220;simb\u00f3licos&#8221;. Recon\u00f3zcanme, mis queridos y desocupados lectores, que ya est\u00e1n un poco hartos de la gracia del <a title=\"La canci\u00f3n del pollino\" href=\"https:\/\/blogs.hoy.es\/loch-lomond\/2012\/08\/12\/la-cancion-del-pollino\/\" target=\"_blank\">pollino Gordillo y los chorizos bravucones del SAT<\/a>, imitada con chabacaner\u00eda d\u00edas despu\u00e9s por una panda de ni\u00f1atos en Sevilla, que se dedicaron a robar bebidas de licor para el botell\u00f3n de turno, y una paletilla de Jam\u00f3n en pos de salvaguardar el est\u00f3mago con sustancia contundente que realizara un poquito de coj\u00edn, por aquello ya se sabe, de lo mal que sienta beber con el est\u00f3mago vac\u00edo. La reciente expropiaci\u00f3n de opereta que han protagonizado el viernes pasado el ex coordinador (no me extra\u00f1a) de IU Manuel Ca\u00f1ada y el diputado de IU V\u00edctor Casco en el CARREFOUR de M\u00e9rida roza el apelativo de cutre, y nos ha procurado de nuevo a los extreme\u00f1os algo m\u00e1s que verg\u00fcenza ajena al revisar las im\u00e1genes en los telediarios nacionales. Con todos mis respetos, los a\u00f1orados &#8220;Martes y 13&#8221;, &#8220;El Gordo y el Flaco&#8221; o los propios &#8220;Hermanos Marx&#8221; habr\u00edan sacado mucho m\u00e1s partido y gracia al asunto que la c\u00f3mica pareja Ca\u00f1ada- Casco, que ni siquiera se han tenido que calzar el traje de payaso o la careta del desprop\u00f3sito para hacernos sonre\u00edr, especialmente de tristeza. <\/span><\/p>\n<p align=\"JUSTIFY\"><span style=\"color: #000080; font-size: medium;\"><a href=\"\/loch-lomond\/wp-content\/uploads\/sites\/10\/2012\/08\/carrito.jpg\"><img loading=\"lazy\" class=\"alignnone size-medium wp-image-1148\" title=\"carrito\" src=\"\/loch-lomond\/wp-content\/uploads\/sites\/10\/2012\/08\/carrito.jpg\" alt=\"\" width=\"284\" height=\"300\" srcset=\"https:\/\/static-blogs.hoy.es\/wp-content\/uploads\/sites\/10\/2012\/08\/carrito.jpg 426w, https:\/\/static-blogs.hoy.es\/wp-content\/uploads\/sites\/10\/2012\/08\/carrito-284x300.jpg 284w\" sizes=\"(max-width: 284px) 100vw, 284px\" \/><\/a><\/span><\/p>\n<p align=\"JUSTIFY\"><span style=\"color: #000080; font-size: medium;\">El que ya no hace gracia y despierta algo m\u00e1s que l\u00e1stima no es otro que Ruiz Mateos, quien tambi\u00e9n recurre al juego de la huelga de hambre para seguir carcaje\u00e1ndose de la justicia, pero no con la agilidad y fuerza de anta\u00f1o, sino con signos avanzados de extrema edad y duras secuelas f\u00edsicas, consecuencias de diversas enfermedades que padece. Insisto. Una huelga de hambre es un acontecimiento muy serio para tom\u00e1rselo a cachondeo. Realizar actos &#8220;Simb\u00f3licos&#8221; expropiando alimentos tambi\u00e9n. Con el hambre no se juega, y mucho menos a hacer pol\u00edtica. Qu\u00e9 quieren que les diga. Me repugna. \u00bfY saben por qu\u00e9? Porque tengo amigos, familiares y compa\u00f1eros que empiezan a pasar necesidad, y se han desentendido primero de caprichos y las cosas menos necesarias, y aunque a\u00fan no pasen verdadera hambre su alimentaci\u00f3n no es la misma que la de hace alg\u00fan tiempo, y no es lo mismo comer carne y pescado que lechuga y sopas de sobre. Y no quiero ni imaginarme lo que tiene que ser tragarse el orgullo y la verg\u00fcenza como la situaci\u00f3n vaya a peor y estas personas tengan que recurrir a la caridad. Desde peque\u00f1itos nos lo afean en la mesa: &#8220;Con la comida no se juega&#8221;, y sin embargo algunos siguen jugando. \u00a1Por el Cetro de Otokkar! Estos juegos del hambre terminar\u00e1n necesariamente pas\u00e1ndonos factura. \u00a1Que el diablo me haga tragar la barba si miento! Y para aquellos, que decepcionados esperaban encontrarse con un art\u00edculo sobre la maravillosa trilog\u00eda de Suzanne Collins, aqu\u00ed mi epitafio: \u00a1Que comiencen los juegos del hambre! Y que la suerte est\u00e9 siempre de vuestra parte. El mundo estar\u00e1 observando.<\/span><\/p>\n<p align=\"JUSTIFY\"><em>Publicado en Diario HOY el 26\/08\/2012<\/em><\/p>\n<p align=\"JUSTIFY\"><a href=\"http:\/\/hoy.kioskoymas.com\/epaper\/showlink.aspx?bookmarkid=SI4BWE61J3R5&#038;preview=magnifier&#038;linkid=983cf3e3-47da-447c-9b27-d113c278a66c&#038;pdaffid=1NEHCXDv4QZRFanP7KJR9A%3d%3d\"><img src=\"\/\/cache2-thumb1.pressdisplay.com\/pressdisplay\/docserver\/getimage.aspx?file=22012012082600000000001001&#038;page=26&#038;scale=23\" alt=\"\" \/><\/a><\/p>\n<!-- AddThis Advanced Settings generic via filter on the_content --><!-- AddThis Share Buttons generic via filter on the_content -->","protected":false},"excerpt":{"rendered":"<p>&nbsp; Enrique Falc\u00f3. Interna\u00fafrago Mi viejo profesor, gran amigo y Medalla de Extremadura, don Manuel Pecell\u00edn Lancharro, me envi\u00f3 hace pocas semanas un email desde la lejan\u00eda de sus merecidas vacaciones en pos de animarme. Quien suscribe acababa de sufrir una desagradable experiencia, narrada en mi blog Don de Loch Lomond, con un afable aparcacoches [&hellip;]<!-- AddThis Advanced Settings generic via filter on get_the_excerpt --><!-- AddThis Share Buttons generic via filter on get_the_excerpt --><\/p>\n","protected":false},"author":14,"featured_media":0,"comment_status":"open","ping_status":"closed","sticky":false,"template":"","format":"standard","meta":[],"categories":[8],"tags":[204,361,803,832,913,1092,1125,1350,1515,1647,1681,1806,1921,1940,1980,2377,2382,2504,2626,2656,2993,3103,3154,3155,3298,3307,3359,3403,3916,4031,4128,4204,4299,4302,4535,4575,4596,4754,4845,5068,5228],"_links":{"self":[{"href":"https:\/\/blogs.hoy.es\/loch-lomond\/wp-json\/wp\/v2\/posts\/1145"}],"collection":[{"href":"https:\/\/blogs.hoy.es\/loch-lomond\/wp-json\/wp\/v2\/posts"}],"about":[{"href":"https:\/\/blogs.hoy.es\/loch-lomond\/wp-json\/wp\/v2\/types\/post"}],"author":[{"embeddable":true,"href":"https:\/\/blogs.hoy.es\/loch-lomond\/wp-json\/wp\/v2\/users\/14"}],"replies":[{"embeddable":true,"href":"https:\/\/blogs.hoy.es\/loch-lomond\/wp-json\/wp\/v2\/comments?post=1145"}],"version-history":[{"count":0,"href":"https:\/\/blogs.hoy.es\/loch-lomond\/wp-json\/wp\/v2\/posts\/1145\/revisions"}],"wp:attachment":[{"href":"https:\/\/blogs.hoy.es\/loch-lomond\/wp-json\/wp\/v2\/media?parent=1145"}],"wp:term":[{"taxonomy":"category","embeddable":true,"href":"https:\/\/blogs.hoy.es\/loch-lomond\/wp-json\/wp\/v2\/categories?post=1145"},{"taxonomy":"post_tag","embeddable":true,"href":"https:\/\/blogs.hoy.es\/loch-lomond\/wp-json\/wp\/v2\/tags?post=1145"}],"curies":[{"name":"wp","href":"https:\/\/api.w.org\/{rel}","templated":true}]}}