{"id":1151,"date":"2012-08-29T15:44:06","date_gmt":"2012-08-29T14:44:06","guid":{"rendered":"http:\/\/blogs.hoy.es\/loch-lomond\/?p=1151"},"modified":"2012-08-29T15:44:06","modified_gmt":"2012-08-29T14:44:06","slug":"felix-barroso-y-la-desverguenza-ajena","status":"publish","type":"post","link":"https:\/\/blogs.hoy.es\/loch-lomond\/2012\/08\/29\/felix-barroso-y-la-desverguenza-ajena\/","title":{"rendered":"F\u00e9lix Barroso y la desverg\u00fcenza ajena"},"content":{"rendered":"<p>&nbsp;<\/p>\n<div id=\"attachment_1152\" style=\"width: 430px\" class=\"wp-caption aligncenter\"><img aria-describedby=\"caption-attachment-1152\" loading=\"lazy\" class=\"size-full wp-image-1152\" title=\"Michelin\" src=\"\/loch-lomond\/wp-content\/uploads\/sites\/10\/2012\/08\/Michelin.jpg\" alt=\"\"Gordo y orondo como el mu\u00f1eco de Michel\u00edn\"\" width=\"420\" height=\"309\" srcset=\"https:\/\/static-blogs.hoy.es\/wp-content\/uploads\/sites\/10\/2012\/08\/Michelin.jpg 420w, https:\/\/static-blogs.hoy.es\/wp-content\/uploads\/sites\/10\/2012\/08\/Michelin-300x221.jpg 300w\" sizes=\"(max-width: 420px) 100vw, 420px\" \/><p id=\"caption-attachment-1152\" class=\"wp-caption-text\"><\/span><\/a><\/span><\/p><\/div>\n<p>&nbsp;<\/p>\n<p align=\"JUSTIFY\"><span style=\"color: #000000; font-size: medium;\">En un alarde de <strong>originalidad descriptiva<\/strong>, don <strong>F\u00e9lix Barroso Guti\u00e9rrez<\/strong>, en su art\u00edculo publicado en <strong>Diario HOY<\/strong> el 29\/08\/2012, <strong>se refiere a mi persona como &#8220;Columnista de oronda fisonom\u00eda&#8221;<\/strong>, para sellar por escrito que <strong>al contrario que el menda \u00e9l no siente verg\u00fcenza ajena<\/strong> por la <a title=\"Los juegos del hambre\" href=\"https:\/\/blogs.hoy.es\/loch-lomond\/2012\/08\/26\/los-juegos-del-hambre\/\" target=\"_blank\"><span style=\"color: #000000;\">expropiaci\u00f3n de opereta<\/span><\/a> que protagonizaron <strong>Manuel Ca\u00f1ada y V\u00edctor Casco<\/strong> hace unos d\u00edas en el <strong>CARREFOUR de M\u00e9rida<\/strong>. <\/span><\/p>\n<p align=\"JUSTIFY\">\n<p align=\"JUSTIFY\"><span style=\"color: #000000; font-size: medium;\">\u00a1Hombre! Habr\u00eda que ense\u00f1arle a don F\u00e9lix que <strong>eso de se\u00f1alar a las personas por sus defectos f\u00edsicos es algo muy feo<\/strong>, si bien <strong>no es ning\u00fan secreto que quien suscribe afirma categ\u00f3ricamente que <a title=\"Gordos\" href=\"http:\/\/www.hoy.es\/20091213\/opinion\/gordos-20091213.html\" target=\"_blank\"><span style=\"color: #000000;\">est\u00e1 gordo y orondo <\/span><\/a>como el mu\u00f1eco de Michel\u00edn<\/strong>, <strong>am\u00e9n de que comparte la m\u00e1xima que certifica que hay que<\/strong> <a title=\"llamar a las cosas por su nombre\" href=\"https:\/\/blogs.hoy.es\/loch-lomond\/2012\/02\/26\/llamar-a-las-cosas-por-su-nombre\/\" target=\"_blank\"><span style=\"color: #000000;\">llamar a las cosas por su nombre<\/span><\/a>. <\/span><\/p>\n<p align=\"JUSTIFY\">\n<p align=\"JUSTIFY\"><span style=\"color: #000000; font-size: medium;\"><strong>Quiz\u00e1s lo que m\u00e1s me moleste es el celo a nombrarme<\/strong> (como hago yo) <strong>con mi nombre y apellido<\/strong>, m\u00e1xime si es tan <strong>sonoro y bonito<\/strong> como el que ostento, aunque <strong>con un salpicado rancio abolengo<\/strong> que supongo no ser\u00e1 del gusto del se\u00f1or Barroso.<\/span><\/p>\n<p align=\"JUSTIFY\"><span style=\"color: #000000; font-size: medium;\"><a href=\"http:\/\/hoy.kioskoymas.com\/epaper\/showlink.aspx?bookmarkid=7NJKZAPZLF35&#038;preview=magnifier&#038;linkid=a67df106-ec8a-44d9-a9f2-2bccb8f64a38&#038;pdaffid=1NEHCXDv4QZRFanP7KJR9A%3d%3d\"><span style=\"color: #000000;\"><img class=\"aligncenter\" src=\"\/\/cache2-thumb1.pressdisplay.com\/pressdisplay\/docserver\/getimage.aspx?file=22012012082900000000001001&#038;page=16&#038;scale=23\" alt=\"\" \/><\/span><\/a><\/span><\/p>\n<p align=\"JUSTIFY\">\n<p align=\"JUSTIFY\"><span style=\"color: #000000; font-size: medium;\">Me pregunto <strong>como sabr\u00e1 don F\u00e9lix<\/strong>, al que no tengo el gusto de conocer, <strong>mi situaci\u00f3n actual<\/strong>, ya que sostiene en su art\u00edculo que <strong>quien no pasa aut\u00e9nticas necesidades no puede entender que se produzcan acontecimientos de esta guisa<\/strong>. Sin duda <strong>F\u00e9lix Barroso, encaramado a su pingolla, divisar\u00e1 desde tales alturas que quien suscribe debe su oronda condici\u00f3n a el gran pu\u00f1ado de d\u00f3lares que gano con mis art\u00edculos en HOY y colaboraciones en radio<\/strong>, as\u00ed <strong>como a mi abultada n\u00f3mina ganada dando vueltas con el sudor de mi frente al cilindro de las ruletas del Gran Casino de Extremadura<\/strong>. Sin olvidar claro est\u00e1, <strong>las astron\u00f3micas cifras de las ventas de mi primer ejemplar impreso, &#8220;<a title=\"Alimento espiritual\" href=\"https:\/\/blogs.hoy.es\/loch-lomond\/2012\/04\/19\/alimento-espiritual\/\" target=\"_blank\"><span style=\"color: #000000;\">Don de Loch Lomond<\/span><\/a>&#8220;, sin duda el libro del a\u00f1o<\/strong> (a su disposici\u00f3n en <strong>El Corte Ingl\u00e9s y Librer\u00eda Universitas<\/strong>).<\/span><\/p>\n<p class=\"wp-caption-dt\">\n<a href=\"\/loch-lomond\/wp-content\/uploads\/sites\/10\/2012\/08\/Don-de-Loch-Lomond-de-Enrique-Falc\u00f31.jpg\"><img loading=\"lazy\" class=\"size-full wp-image-1156\" title=\"Don de Loch Lomond de Enrique Falc\u00f3\" src=\"\/loch-lomond\/wp-content\/uploads\/sites\/10\/2012\/08\/Don-de-Loch-Lomond-de-Enrique-Falc\u00f31.jpg\" alt=\"\"Don de Loch Lomond\" El libro del a\u00f1o sin ninguna duda, con m\u00e1s de 300 ejemplares vendidos nada menos. Ya casi he dado la entrada del palacete que me voy a comprar... que no se entere S\u00e1nchez Gordillo!\" width=\"288\" height=\"432\" srcset=\"https:\/\/static-blogs.hoy.es\/wp-content\/uploads\/sites\/10\/2012\/08\/Don-de-Loch-Lomond-de-Enrique-Falc\u00f31.jpg 288w, https:\/\/static-blogs.hoy.es\/wp-content\/uploads\/sites\/10\/2012\/08\/Don-de-Loch-Lomond-de-Enrique-Falc\u00f31-200x300.jpg 200w\" sizes=\"(max-width: 288px) 100vw, 288px\" \/><\/a>\n<p class=\"wp-caption-dt\">\n<p class=\"wp-caption-dd\"><span style=\"color: #000000; font-size: medium;\"><strong>A F\u00e9lix Barroso no le dar\u00e1 verg\u00fcenza ajena<\/strong> (de ah\u00ed su <strong>desverg\u00fcenza ajena<\/strong>), pues muy bien don F\u00e9lix, pero a m\u00ed y a tantos otros s\u00ed. Y <strong>por ello no hemos de sentirnos ni insensibles, ni mentirosos, ni insolidarios y ni por asomo menos de izquierda que cualquiera<\/strong> <\/span><\/p>\n<p class=\"wp-caption-dd\">\n<p class=\"wp-caption-dd\"><span style=\"color: #000000; font-size: medium;\">\u00a1Que vale! \u00a1De acuerdo! \u00a1<strong>Qu\u00e9 es una verg\u00fcenza el saqueo p\u00fablico que estamos sufriendo a manos de pol\u00edticos corruptos y chorizos, lo del rescate a los bancos y por supuesto la amnist\u00eda fiscal!<\/strong> <\/span><\/p>\n<p class=\"wp-caption-dd\">\n<p class=\"wp-caption-dd\"><span style=\"color: #000000; font-size: medium;\">\u00bfQu\u00e9 hay que concienciar al personal de muchas cosas? Por supuesto que s\u00ed. Pero no de cualquier manera ni a cualquier precio. Se mire por donde se mire <strong>este tipo de &#8220;<a title=\"La canci\u00f3n del pollino\" href=\"https:\/\/blogs.hoy.es\/loch-lomond\/2012\/08\/12\/la-cancion-del-pollino\/\" target=\"_blank\"><span style=\"color: #000000;\">actos simb\u00f3licos<\/span><\/a>&#8220;<\/strong>, <strong>adem\u00e1s de ilegales, no conducen a ning\u00fan sitio, y lamentablemente no tienen m\u00e1s objetivo que ara\u00f1ar tiempo en los medios informativos en pos de salvaguardar una imagen m\u00e1s que deteriorada<\/strong>. <\/span><\/p>\n<p class=\"wp-caption-dd\">\n<p class=\"wp-caption-dd\"><span style=\"color: #000000; font-size: medium;\">Usted sabe tan bien como yo que <strong>Izquierda Unida nos tiene muy mareados y despistados \u00faltimamente en nuestra regi\u00f3n<\/strong>. Nadie, (ni siquiera sus compa\u00f1eros de Partido a nivel nacional, cuanto menos sus votantes y militantes) se explica como <strong>con su abstenci\u00f3n propiciaron que el Partido Popular haya llegado al poder en Extremadura por primera vez en su historia<\/strong>. Por lo tanto sus miembros har\u00edan bien en ahorrar fuerzas provocando bochorno y centrarse en ser coherentes dentro del marco de la pol\u00edtica regional. <\/span><\/p>\n<p class=\"wp-caption-dd\">\n<p class=\"wp-caption-dd\"><span style=\"color: #000000; font-size: medium;\">El problema puede radicar en que <strong>personas de Izquierda como usted se crean con derecho a representar la \u00fanica Izquierda real o posible<\/strong>, de la que hacen gala los propios <strong>V\u00edctor Casco<\/strong>, <strong>Ca\u00f1adas<\/strong>, <strong>Escobar<\/strong> y compa\u00f1\u00eda, que <strong>se creen tan de izquierdas y en posesi\u00f3n de la verdad m\u00e1s absoluta, que hacen que a su lado Marcelino Camacho, Carrillo y La Pasionaria parezcan unos malditos fachas<\/strong>. <\/span><\/p>\n<p class=\"wp-caption-dd\">\n<p class=\"wp-caption-dd\"><span style=\"color: #000000; font-size: medium;\"><strong>No se puede ser m\u00e1s papista que el propio\u00a0Papa y erigirle un monumento a la demagogia cada vez que abrimos las tragaderas<\/strong>. <strong>El fin no siempre justifica los medios.<\/strong> Ese es el problema de mirar desde tan alto, desde tan arriba en <strong>la pingolla<\/strong>, que <strong>corremos el riesgo de perder la perspectiva de la realidad<\/strong>.<\/span><\/p>\n<p class=\"wp-caption-dt\">\n<div id=\"attachment_1157\" style=\"width: 310px\" class=\"wp-caption alignright\"><a href=\"\/loch-lomond\/wp-content\/uploads\/sites\/10\/2012\/08\/Enrique-Falc\u00f3.-Foto.jpg\"><img aria-describedby=\"caption-attachment-1157\" loading=\"lazy\" class=\"size-full wp-image-1157\" title=\"Enrique Falc\u00f3. Foto\" src=\"\/loch-lomond\/wp-content\/uploads\/sites\/10\/2012\/08\/Enrique-Falc\u00f3.-Foto.jpg\" alt=\"No estoy gordo... es que me ca\u00ed en la marmita del druida cuando era chiquinino\" width=\"300\" height=\"200\" \/><\/a><p id=\"caption-attachment-1157\" class=\"wp-caption-text\">No estoy gordo... es que me ca\u00ed en la marmita del druida cuando era chiquinino<\/p><\/div>\n<p class=\"wp-caption-dt\">\n<p class=\"wp-caption-dd\"><span style=\"color: #000000; font-size: medium;\">Por otra parte, <strong>en lo que se refiere de nuevo a mi orondez<\/strong>, le aseguro que <a title=\"A dieta\" href=\"http:\/\/www.hoy.es\/20100124\/opinion\/dieta-20100124.html\" target=\"_blank\"><span style=\"color: #000000;\">trato de adelgazar<\/span><\/a>. <strong>Camino m\u00e1s que conduzco para ahorrar en gasolina<\/strong> aunque le confieso que <strong>tengo aversi\u00f3n a los gimnasios y sudar me da much\u00edsimo asquete<\/strong>. Y comer&#8230; pues <strong>como lo que puedo<\/strong>, pero <strong>la verdura y la fruta est\u00e1n por las nubes tanto en Mercadona como en CARREFOUR, y no tengo tanta cara para llev\u00e1rmelas por la \u00eddem<\/strong>. <\/span><\/p>\n<p class=\"wp-caption-dd\">\n<p class=\"wp-caption-dd\"><span style=\"color: #000000; font-size: medium;\">Al final <strong>la culpa la tendr\u00e1 mi amigo &#8220;El poeta&#8221;<\/strong> <a title=\"\u00c1ngel Manuel G\u00f3mez Espada\" href=\"https:\/\/blogs.hoy.es\/loch-lomond\/2011\/11\/02\/angel-manuel-gomez-espada\/\" target=\"_blank\"><span style=\"color: #000000;\">\u00c1ngel Manuel G\u00f3mez Espada<\/span><\/a> que <strong>siempre me saca gordo en las fotos<\/strong>. <\/span><\/p>\n<p class=\"wp-caption-dd\">\n<p class=\"wp-caption-dd\"><span style=\"color: #000000; font-size: medium;\"><strong>Le pedir\u00e9 que se lo curre en la siguiente, as\u00ed como a los editores de HOY que pongan mi nombre y apellido con letras m\u00e1s grandes para que los recuerde si pretende nombrarme o ponerme como ejemplo<\/strong>. <\/span><\/p>\n<p class=\"wp-caption-dd\">\n<p class=\"wp-caption-dd\"><span style=\"color: #000000; font-size: medium;\">Aunque <strong>puestos a ser justos<\/strong> y si nos ponemos as\u00ed, <strong>usted quiz\u00e1s deber\u00eda salir en la foto sin el sombrero y ese chal<\/strong>, ya que <strong>le sientan mucho mejor a mi amigo<\/strong> <a title=\"Pecell\u00edn y la escuela de los sue\u00f1os\" href=\"https:\/\/blogs.hoy.es\/loch-lomond\/2011\/08\/28\/pecellin-y-la-escuela-de-los-suenos\/\" target=\"_blank\"><span style=\"color: #000000;\">Manuel Pecell\u00edn<\/span><\/a>. <\/span><\/p>\n<p class=\"wp-caption-dd\">\n<p class=\"wp-caption-dd\"><span style=\"color: #000000; font-size: medium;\"><strong>\u00a1Tenga cuidado al bajarse de la pingolla no se vaya usted a esco\u00f1ar!<\/strong> \u00a1Salud y Rep\u00fablica don F\u00e9lix!<\/span><\/p>\n<p align=\"JUSTIFY\"><span style=\"color: #000000;\"><em><span style=\"font-size: medium;\">Carta al director\u00a0de Pilar Garc\u00eda de Pruneda Trevijano en Diario HOY el 30\/08\/2012<\/span><\/em><\/span><\/p>\n<p align=\"JUSTIFY\"><span style=\"color: #000080; font-size: medium;\"><a href=\"http:\/\/hoy.kioskoymas.com\/epaper\/showlink.aspx?bookmarkid=RUDMXOIUHPD1&#038;preview=magnifier&#038;linkid=df79ed5f-4f13-49cc-9e8c-4403052da8be&#038;pdaffid=1NEHCXDv4QZRFanP7KJR9A%3d%3d\"><img src=\"\/\/cache2-thumb1.pressdisplay.com\/pressdisplay\/docserver\/getimage.aspx?file=22012012083000000000001001&#038;page=17&#038;scale=23\" alt=\"\" \/><\/a><\/span><\/p>\n<!-- AddThis Advanced Settings generic via filter on the_content --><!-- AddThis Share Buttons generic via filter on the_content -->","protected":false},"excerpt":{"rendered":"<p>&nbsp; &nbsp; En un alarde de originalidad descriptiva, don F\u00e9lix Barroso Guti\u00e9rrez, en su art\u00edculo publicado en Diario HOY el 29\/08\/2012, se refiere a mi persona como &#8220;Columnista de oronda fisonom\u00eda&#8221;, para sellar por escrito que al contrario que el menda \u00e9l no siente verg\u00fcenza ajena por la expropiaci\u00f3n de opereta que protagonizaron Manuel Ca\u00f1ada [&hellip;]<!-- AddThis Advanced Settings generic via filter on get_the_excerpt --><!-- AddThis Share Buttons generic via filter on get_the_excerpt --><\/p>\n","protected":false},"author":14,"featured_media":0,"comment_status":"open","ping_status":"closed","sticky":false,"template":"","format":"standard","meta":[],"categories":[7],"tags":[264,355,592,791,835,838,842,954,964,1073,1350,1421,1422,1439,1505,1515,1551,1621,1698,1806,1981,1982,1985,1998,2040,2041,2191,2304,2321,2650,2656,2902,2905,3054,3103,3298,3307,3323,3439,3465,3818,3819,3913,3960,4046,4127,4327,4348,4564,5064,5204,5207,5209,5210,5228],"_links":{"self":[{"href":"https:\/\/blogs.hoy.es\/loch-lomond\/wp-json\/wp\/v2\/posts\/1151"}],"collection":[{"href":"https:\/\/blogs.hoy.es\/loch-lomond\/wp-json\/wp\/v2\/posts"}],"about":[{"href":"https:\/\/blogs.hoy.es\/loch-lomond\/wp-json\/wp\/v2\/types\/post"}],"author":[{"embeddable":true,"href":"https:\/\/blogs.hoy.es\/loch-lomond\/wp-json\/wp\/v2\/users\/14"}],"replies":[{"embeddable":true,"href":"https:\/\/blogs.hoy.es\/loch-lomond\/wp-json\/wp\/v2\/comments?post=1151"}],"version-history":[{"count":0,"href":"https:\/\/blogs.hoy.es\/loch-lomond\/wp-json\/wp\/v2\/posts\/1151\/revisions"}],"wp:attachment":[{"href":"https:\/\/blogs.hoy.es\/loch-lomond\/wp-json\/wp\/v2\/media?parent=1151"}],"wp:term":[{"taxonomy":"category","embeddable":true,"href":"https:\/\/blogs.hoy.es\/loch-lomond\/wp-json\/wp\/v2\/categories?post=1151"},{"taxonomy":"post_tag","embeddable":true,"href":"https:\/\/blogs.hoy.es\/loch-lomond\/wp-json\/wp\/v2\/tags?post=1151"}],"curies":[{"name":"wp","href":"https:\/\/api.w.org\/{rel}","templated":true}]}}