{"id":1159,"date":"2012-09-02T19:38:05","date_gmt":"2012-09-02T18:38:05","guid":{"rendered":"http:\/\/blogs.hoy.es\/loch-lomond\/?p=1159"},"modified":"2012-09-02T19:38:05","modified_gmt":"2012-09-02T18:38:05","slug":"el-pais-de-las-ultimas-cosas","status":"publish","type":"post","link":"https:\/\/blogs.hoy.es\/loch-lomond\/2012\/09\/02\/el-pais-de-las-ultimas-cosas\/","title":{"rendered":"El pa\u00eds de las ultimas cosas"},"content":{"rendered":"<p>&nbsp;<\/p>\n<a href=\"\/loch-lomond\/wp-content\/uploads\/sites\/10\/2012\/09\/El-pa\u00eds-de-las-\u00faltimas-cosas.jpg\"><img loading=\"lazy\" class=\"size-full wp-image-1161\" title=\"El pa\u00eds de las \u00faltimas cosas\" src=\"\/loch-lomond\/wp-content\/uploads\/sites\/10\/2012\/09\/El-pa\u00eds-de-las-\u00faltimas-cosas.jpg\" alt=\"La imprescindible novela de Paul Auster \"El pa\u00eds de las \u00faltimas cosas\"\" width=\"295\" height=\"455\" srcset=\"https:\/\/static-blogs.hoy.es\/wp-content\/uploads\/sites\/10\/2012\/09\/El-pa\u00eds-de-las-\u00faltimas-cosas.jpg 295w, https:\/\/static-blogs.hoy.es\/wp-content\/uploads\/sites\/10\/2012\/09\/El-pa\u00eds-de-las-\u00faltimas-cosas-195x300.jpg 195w\" sizes=\"(max-width: 295px) 100vw, 295px\" \/><\/a>\n<p><span style=\"color: #000000; font-size: medium;\">Enrique Falc\u00f3. Taca\u00f1o a la fuerza<\/span><\/p>\n<p><span style=\"color: #000080; font-size: medium;\">No s\u00e9 si a ustedes les ocurrir\u00e1 lo mismo, pero desde luego quien suscribe ya no disfruta haciendo <a title=\"la lista de la compra\" href=\"https:\/\/blogs.hoy.es\/loch-lomond\/2011\/06\/17\/la-lista-la-compra\/\" target=\"_blank\">la compra<\/a> como anta\u00f1o, cuando se dejaba arrastrar por los pasillos del s\u00faper de turno, embaucado y seducido por sue\u00f1os comestibles que ya pertenecen a tiempos mejores, llenando el carro hasta las trancas siguiendo la m\u00e1xima que reza que \u201cm\u00e1s vale que sobre que no que falte\u201d. Se presentan peores tiempos. Ahora toca hacer la cuenta de cabeza, como cantaba Santiago Auser\u00f3n en la canci\u00f3n de Radio Futura \u201cVeneno en la piel\u201d, y seguir la lista de la compra o la compra de la lista, o de los listos amigos de lo ajeno, que ya no sabe uno qu\u00e9 inventar para estirar el menguante estipendio. Les aseguro que as\u00ed pierde la mayor parte de su encanto. Poco a poco vamos sacrificando m\u00e1s, y pasamos primero por aquello de salir menos a a tapear, a cenar y a comer fuera de casa, despu\u00e9s por comprar m\u00e1s <a title=\"Del Loch Lomond al Loch Castle\" href=\"https:\/\/blogs.hoy.es\/loch-lomond\/2012\/05\/06\/del-loch-lomond-al-loch-castle\/\" target=\"_blank\">Loch Castle en vez de Loch Lomond<\/a>, hasta que llega el momento en que ves que la realidad te muestra lo duro que resulta obtener lo m\u00e1s necesario. Yo, les aseguro, antes no era as\u00ed, pero de unos meses hasta ahora me estoy volviendo un taca\u00f1o insoportable y gru\u00f1\u00f3n, y me parezco cada vez m\u00e1s a esos entra\u00f1ables vejetes de las pel\u00edculas que cargan continuamente contra la juventud que pisa el c\u00e9sped a\u00f1orando tiempos pasados, tiempos mejores. Fui consciente de este hecho hace algunas semanas, cuando me indign\u00e9 m\u00e1s que alarm\u00e9 al comprobar que los garbanzos que vengo comprando desde hace a\u00f1os casi llegan a los 4 euros. \u201c\u00a1Qu\u00e9 me lleven los demonios!\u201d Me sorprend\u00ed a m\u00ed mismo maldiciendo a voces. El problema es que el menda sigue siendo joven, y tanto si mira hacia arriba como m\u00e1s abajo el panorama no es menos desolador. Como no hay mal que por bien no venga algunos estamos perdiendo algo de peso, (de fisonom\u00eda oronda que dir\u00eda alg\u00fan <a title=\"F\u00e9lix Barroso\" href=\"https:\/\/blogs.hoy.es\/loch-lomond\/2012\/08\/29\/felix-barroso-y-la-desverguenza-ajena\/\" target=\"_blank\">desvergonzado ajeno en una ida de olla, o de pingolla<\/a>) caminando sin ning\u00fan tipo de esp\u00edritu deportivo en pos de la medalla de oro al ahorro en combustible. Porque esa es otra, echar gasolina decididamente se ha convertido en un lujo del que no todos vamos a poder disponer como hasta ahora. Me vienen a la cabeza aquellas divertidas historietas de Zipi y Zape del maestro Escobar, siempre tan exagerado como tronchante con el precio de la merluza fresca y la gasolina s\u00faper. Parece que estoy viendo ahora mismo a don Pantuflo Zapatilla, digno catedr\u00e1tico de Filatelia y Colombofilia, pagar unos litros de gasolina llorando, mientras se despide de los zapatos que pensaba comprarle a sus \u201cnenes\u201d (apelativo con el que el gran padrazo y do\u00f1a Jaimita se refieren a sus v\u00e1stagos) y del quilo de patatas al que le hab\u00eda echado al ojo. Mientras, el gasolinero de turno, tambi\u00e9n con l\u00e1grimas en las pupilas, lo anima cariacontecido como buenamente puede para fundirse en un abrazo de melanc\u00f3lica camarader\u00eda.<\/span><\/p>\n<p>&nbsp;<\/p>\n<div id=\"attachment_1162\" style=\"width: 235px\" class=\"wp-caption alignnone\"><a href=\"\/loch-lomond\/wp-content\/uploads\/sites\/10\/2012\/09\/Los-pollos-de-Portugal.jpg\"><img aria-describedby=\"caption-attachment-1162\" loading=\"lazy\" class=\"size-medium wp-image-1162\" title=\"Los pollos de Portugal\" src=\"\/loch-lomond\/wp-content\/uploads\/sites\/10\/2012\/09\/Los-pollos-de-Portugal.jpg\" alt=\"\u00a1Qu\u00e9 ricos los pollos de Portugal con su salsita picantona!\" width=\"225\" height=\"300\" srcset=\"https:\/\/static-blogs.hoy.es\/wp-content\/uploads\/sites\/10\/2012\/09\/Los-pollos-de-Portugal.jpg 1200w, https:\/\/static-blogs.hoy.es\/wp-content\/uploads\/sites\/10\/2012\/09\/Los-pollos-de-Portugal-225x300.jpg 225w, https:\/\/static-blogs.hoy.es\/wp-content\/uploads\/sites\/10\/2012\/09\/Los-pollos-de-Portugal-768x1024.jpg 768w\" sizes=\"(max-width: 225px) 100vw, 225px\" \/><\/a><p id=\"caption-attachment-1162\" class=\"wp-caption-text\">\u00a1Qu\u00e9 ricos los pollos de Portugal con su salsita picantona!<\/p><\/div>\n<p>&nbsp;<\/p>\n<p><span style=\"color: #000080; font-size: medium;\">En unos meses recordaremos con nostalgia (el menda ya lo hace, como el bueno de don Pantuflo, pero con l\u00e1grimas en el est\u00f3mago) lo que nos gustaba (especialmente a los pacenses) acudir los fines de semana a comer o cenar al pa\u00eds vecino, amparados en sus riqu\u00edsimas especialidades (marisco, <a title=\"Los Pollos de Portugal\" href=\"https:\/\/blogs.hoy.es\/loch-lomond\/2011\/10\/27\/los-pollos-de-portugal\/\" target=\"_blank\">pollos con salsa picantona<\/a>, bacalao dorado, lulas con bacon, frescos y deliciosos vinos verdes) y sus econ\u00f3micos precios, que a pesar de la subida del IVA en su pa\u00eds han mantenido los hosteleros con esfuerzo bald\u00edo, ya que\u00a0 el\u00a0 ascenso imparable de la gasolina le resta el escaso atractivo econ\u00f3mico que suger\u00eda. Los establecimientos destinados a los m\u00e1s j\u00f3venes, siempre con menos recursos, como hamburgueser\u00edas o pizzer\u00edas se convierten ya en establecimientos para adultos con precios desorbitados. El cine, el teatro, o los acontecimientos deportivos son cada vez m\u00e1s inaccesibles, y en breve asistiremos seguramente a una importante ca\u00edda en l\u00edneas de fibras \u00f3pticas, adsls, y lineas de m\u00f3viles y tel\u00e9fonos fijos. Todo sube con el IVA mientras baja nuestra calidad de vida. Duchas m\u00e1s cortas, menos aire y calefacci\u00f3n, nada de renovar el vestuario, y a pens\u00e1rselo dos veces antes de poner la lavadora o el lavavajillas si no est\u00e1n lo suficientemente llenos. Por lo tanto esto es lo que se avecina. J\u00f3venes, y no tan j\u00f3venes, explotados en el trabajo, ya que hacemos cada vez m\u00e1s horas cobrando menos, sin oferta de ocio, sufriendo calamidades y sin poder cultivar nuestro esp\u00edritu. \u201cPanem et circenses\u201d o lo que es lo mismo: Pan y circo, que dec\u00eda D\u00e9cimo Junio Juvenal en su s\u00e1tira. El problema es que a nosotros el Gobierno no nos regala el trigo, y ni mucho menos entradas para el circo. Se nos est\u00e1 acabando la paciencia, y si no el pan, al menos s\u00ed la mantequilla con lo que lo untamos. De circo vamos bien sobrados, con el que montan casi a diario pol\u00edticos, banqueros y chorizos en plan circo del sol, y otros m\u00e1s modestos, en plan payaso alegre y payaso triste (m\u00e1s triste que alegre) como los S\u00e1nchez Gordillo, Manuel Ca\u00f1ada, V\u00edctor Casco, Pedro Escobar y los simpatizantes de\u00a0 estos amigos de lo ajeno. En cualquier caso todos con su ri\u00f1\u00f3n bien calentito y sobrados de pan y vino. Nuestro pa\u00eds se parecer\u00e1 cada vez m\u00e1s a \u201cEl pa\u00eds de las \u00faltimas cosas\u201d de Paul Auster, un libro que trata sobre la miseria humana, y de lo lamentable que puede convertirse la vida de un hombre cuando su \u00fanica meta es la de sobrevivir a cualquier precio. H\u00e1ganse un favor y reg\u00e1lense su recomendable lectura. Les vendr\u00e1 muy bien para\u00a0 encajar mejor estos dif\u00edciles tiempos. Les ense\u00f1ar\u00e1, como a Anna Blume, a mirar con un\u00a0 renovado respeto las cosas realmente importantes de la vida.<\/span><\/p>\n<p><span style=\"color: #000000;\"><em><span style=\"font-size: medium;\">Publicado en Diario HOY el 02\/09\/2012<\/span><\/em><\/span><\/p>\n<p><span style=\"color: #000000;\"><em><span style=\"font-size: medium;\"><a href=\"http:\/\/hoy.kioskoymas.com\/epaper\/showlink.aspx?bookmarkid=CKHRWPOMGSE6&#038;preview=magnifier&#038;linkid=86a15832-f838-423a-adda-c012d62240a7&#038;pdaffid=1NEHCXDv4QZRFanP7KJR9A%3d%3d\"><img src=\"\/\/cache2-thumb1.pressdisplay.com\/pressdisplay\/docserver\/getimage.aspx?file=22012012090200000000001001&#038;page=26&#038;scale=23\" alt=\"\" \/><\/a><\/span><\/em><\/span><\/p>\n<!-- AddThis Advanced Settings generic via filter on the_content --><!-- AddThis Share Buttons generic via filter on the_content -->","protected":false},"excerpt":{"rendered":"<p>&nbsp; Enrique Falc\u00f3. Taca\u00f1o a la fuerza No s\u00e9 si a ustedes les ocurrir\u00e1 lo mismo, pero desde luego quien suscribe ya no disfruta haciendo la compra como anta\u00f1o, cuando se dejaba arrastrar por los pasillos del s\u00faper de turno, embaucado y seducido por sue\u00f1os comestibles que ya pertenecen a tiempos mejores, llenando el carro [&hellip;]<!-- AddThis Advanced Settings generic via filter on get_the_excerpt --><!-- AddThis Share Buttons generic via filter on get_the_excerpt --><\/p>\n","protected":false},"author":14,"featured_media":0,"comment_status":"open","ping_status":"closed","sticky":false,"template":"","format":"standard","meta":[],"categories":[8],"tags":[277,432,867,889,964,1083,1337,1515,1525,1689,1806,1858,1920,2246,2384,2524,2525,2651,3077,3102,3103,3167,3209,3298,3347,3504,3675,3874,3879,3938,3960,4081,4329,4381,4440,4575,4583,4729,4849,5089,5194,5228,5269,5368],"_links":{"self":[{"href":"https:\/\/blogs.hoy.es\/loch-lomond\/wp-json\/wp\/v2\/posts\/1159"}],"collection":[{"href":"https:\/\/blogs.hoy.es\/loch-lomond\/wp-json\/wp\/v2\/posts"}],"about":[{"href":"https:\/\/blogs.hoy.es\/loch-lomond\/wp-json\/wp\/v2\/types\/post"}],"author":[{"embeddable":true,"href":"https:\/\/blogs.hoy.es\/loch-lomond\/wp-json\/wp\/v2\/users\/14"}],"replies":[{"embeddable":true,"href":"https:\/\/blogs.hoy.es\/loch-lomond\/wp-json\/wp\/v2\/comments?post=1159"}],"version-history":[{"count":0,"href":"https:\/\/blogs.hoy.es\/loch-lomond\/wp-json\/wp\/v2\/posts\/1159\/revisions"}],"wp:attachment":[{"href":"https:\/\/blogs.hoy.es\/loch-lomond\/wp-json\/wp\/v2\/media?parent=1159"}],"wp:term":[{"taxonomy":"category","embeddable":true,"href":"https:\/\/blogs.hoy.es\/loch-lomond\/wp-json\/wp\/v2\/categories?post=1159"},{"taxonomy":"post_tag","embeddable":true,"href":"https:\/\/blogs.hoy.es\/loch-lomond\/wp-json\/wp\/v2\/tags?post=1159"}],"curies":[{"name":"wp","href":"https:\/\/api.w.org\/{rel}","templated":true}]}}