{"id":116,"date":"2010-09-24T03:07:00","date_gmt":"2010-09-24T02:07:00","guid":{"rendered":"http:\/\/blogs.hoy.es\/loch-lomond\/?p=115"},"modified":"2010-09-24T03:07:00","modified_gmt":"2010-09-24T02:07:00","slug":"8","status":"publish","type":"post","link":"https:\/\/blogs.hoy.es\/loch-lomond\/2010\/09\/24\/8\/","title":{"rendered":"8"},"content":{"rendered":"<p class=MsoNormal style=\"MARGIN: 0cm 0cm 0pt; TEXT-ALIGN: justify\"><span style=\"FONT-SIZE: 10pt; COLOR: #003366; FONT-FAMILY: Verdana\"><\/span><\/p>\n<p class=MsoNormal style=\"MARGIN: 0cm 0cm 0pt; TEXT-ALIGN: justify\"><span style=\"FONT-SIZE: 10pt; COLOR: #003366; FONT-FAMILY: Verdana\"><img id=img_0 src=\"\/\/4.bp.blogspot.com\/_5Tg-KQ3aWV0\/SjV8SgJ68YI\/AAAAAAAAA64\/38wN7NZCVuY\/s400\/Los%2Bplanetas-pop.jpg\"\/><\/span><\/p>\n<p class=MsoNormal style=\"MARGIN: 0cm 0cm 0pt; TEXT-ALIGN: justify\"><span style=\"FONT-SIZE: 10pt; COLOR: #003366; FONT-FAMILY: Verdana\"><\/span><\/p>\n<p class=MsoNormal style=\"MARGIN: 0cm 0cm 0pt; TEXT-ALIGN: justify\"><span style=\"FONT-SIZE: 10pt; COLOR: #003366; FONT-FAMILY: Verdana\"><\/span><\/p>\n<p class=MsoNormal style=\"MARGIN: 0cm 0cm 0pt; TEXT-ALIGN: justify\"><span style=\"FONT-SIZE: 10pt; COLOR: #003366; FONT-FAMILY: Verdana\"><\/span><\/p>\n<p><span style=\"FONT-SIZE: 10pt; COLOR: #003366; FONT-FAMILY: Verdana\"><\/span> <\/p>\n<p class=MsoNormal style=\"MARGIN: 0cm 0cm 0pt; TEXT-ALIGN: justify\">\n<p class=MsoNormal style=\"MARGIN: 0cm 0cm 0pt; TEXT-ALIGN: justify\">\n<p class=MsoNormal style=\"MARGIN: 0cm 0cm 0pt; TEXT-ALIGN: justify\">\n<p class=MsoNormal style=\"MARGIN: 0cm 0cm 0pt; TEXT-ALIGN: justify\">\n<p class=MsoNormal style=\"MARGIN: 0cm 0cm 0pt; TEXT-ALIGN: justify\">\n<p class=MsoNormal style=\"MARGIN: 0cm 0cm 0pt; TEXT-ALIGN: justify\">\n<p class=MsoNormal style=\"MARGIN: 0cm 0cm 0pt; TEXT-ALIGN: justify\">\n<p class=MsoNormal style=\"MARGIN: 0cm 0cm 0pt; TEXT-ALIGN: justify\">\n<p class=MsoNormal style=\"MARGIN: 0cm 0cm 0pt; TEXT-ALIGN: justify\">\n<p class=MsoNormal style=\"MARGIN: 0cm 0cm 0pt; TEXT-ALIGN: justify\"><span style=\"FONT-SIZE: 10pt; COLOR: #003366; FONT-FAMILY: Verdana\">Nunca olvidar\u00e9 la primera vez que escuch\u00e9 a <font color=#ff0000>Los Planetas<\/font>. Los descubr\u00ed bastante tarde, es posible que fuera en el a\u00f1o 96 \u00f3 97, cuando los granadinos llevaban al menos tres o cuatro discos a las espaldas. Mi amigo Adolfo Campini no dejaba de hablarme de ellos, y siempre me pon\u00eda alg\u00fan tema suyo en el equipo de m\u00fasica de su cuarto en cuando ten\u00eda una oportunidad. Yo escuchaba como si realmente estuviera interesado en aquel extra\u00f1o sonido de guitarras alt\u00edsimas y una voz casi inapreciable y quiz\u00e1s algo molesta. Absorbido por aquel entonces por las melod\u00edas del pop espa\u00f1ol en su l\u00ednea m\u00e1s cl\u00e1sica (Duncan Dhu, presuntos implicados, Gabinete Caligari, Tam Tam Go!) no pod\u00eda explicarme que ve\u00edan u o\u00edan tant\u00edsimas personas para contar y cantar mil y una maravillas sobre aquella formaci\u00f3n que a pesar de llevar la etiqueta de \u201cgrupo independiente\u201d alcazaba cifras de ventas m\u00e1s que discretas por aquellos a\u00f1os.<\/span><\/p>\n<p><span style=\"FONT-SIZE: 10pt; COLOR: #003366; FONT-FAMILY: Verdana\"><\/span><\/p>\n<p><span style=\"FONT-SIZE: 10pt; COLOR: #003366; FONT-FAMILY: Verdana\"><\/span><\/p>\n<p><span style=\"FONT-SIZE: 10pt; COLOR: #003366; FONT-FAMILY: Verdana\"><\/span><\/p>\n<p><span style=\"FONT-SIZE: 10pt; COLOR: #003366; FONT-FAMILY: Verdana\"><\/span><\/p>\n<p><span style=\"FONT-SIZE: 10pt; COLOR: #003366; FONT-FAMILY: Verdana\"><\/span><\/p>\n<p><span style=\"FONT-SIZE: 10pt; COLOR: #003366; FONT-FAMILY: Verdana\"><\/span><\/p>\n<p><span style=\"FONT-SIZE: 10pt; COLOR: #003366; FONT-FAMILY: Verdana\"><\/span><\/p>\n<p><span style=\"FONT-SIZE: 10pt; COLOR: #003366; FONT-FAMILY: Verdana\"><\/span><\/p>\n<p><span style=\"FONT-SIZE: 10pt; COLOR: #003366; FONT-FAMILY: Verdana\"><\/span><\/p>\n<p><span style=\"FONT-SIZE: 10pt; COLOR: #003366; FONT-FAMILY: Verdana\">< ?xml:namespace prefix = o ns = \"urn:schemas-microsoft-com:office:office\" \/><o:p><\/o:p><\/span><\/p>\n<p class=MsoNormal style=\"MARGIN: 0cm 0cm 0pt; TEXT-ALIGN: justify\">\n<p class=MsoNormal style=\"MARGIN: 0cm 0cm 0pt; TEXT-ALIGN: justify\"><span style=\"FONT-SIZE: 10pt; COLOR: #003366; FONT-FAMILY: Verdana\"><o:p><\/o:p><\/span><\/p>\n<p class=MsoNormal style=\"MARGIN: 0cm 0cm 0pt; TEXT-ALIGN: justify\"><span style=\"FONT-SIZE: 10pt; COLOR: #003366; FONT-FAMILY: Verdana\">Un d\u00eda me arme de valor y me llev\u00e9 prestado de su colecci\u00f3n de Cds el \u00c1lbum <font color=#ff0000>\u201cPOP\u201d<\/font> de<font color=#ff0000> los Planetas<\/font>. Nunca llegu\u00e9 a devolv\u00e9rselo. \u00c9l mismo me pidi\u00f3 que me lo quedara si tanto me gustaba, y yo a cambio le regal\u00e9 el de la banda sonora de \u201cEsta noche cruzamos el Missisipi\u201d.<\/span><\/p>\n<p><span style=\"FONT-SIZE: 10pt; COLOR: #003366; FONT-FAMILY: Verdana\"><\/span><\/p>\n<p><span style=\"FONT-SIZE: 10pt; COLOR: #003366; FONT-FAMILY: Verdana\"><\/span><\/p>\n<p><span style=\"FONT-SIZE: 10pt; COLOR: #003366; FONT-FAMILY: Verdana\"><\/span><\/p>\n<p><span style=\"FONT-SIZE: 10pt; COLOR: #003366; FONT-FAMILY: Verdana\"><\/span><\/p>\n<p><span style=\"FONT-SIZE: 10pt; COLOR: #003366; FONT-FAMILY: Verdana\"><\/span><\/p>\n<p><span style=\"FONT-SIZE: 10pt; COLOR: #003366; FONT-FAMILY: Verdana\"><\/span><\/p>\n<p><span style=\"FONT-SIZE: 10pt; COLOR: #003366; FONT-FAMILY: Verdana\"><\/span><\/p>\n<p><span style=\"FONT-SIZE: 10pt; COLOR: #003366; FONT-FAMILY: Verdana\"><\/span><\/p>\n<p><span style=\"FONT-SIZE: 10pt; COLOR: #003366; FONT-FAMILY: Verdana\"><\/span><\/p>\n<p><span style=\"FONT-SIZE: 10pt; COLOR: #003366; FONT-FAMILY: Verdana\"><o:p><img id=img_1 src=\"\/\/img.youtube.com\/vi\/s_AG1tT3yVE\/0.jpg\"\/><\/o:p><\/span><\/p>\n<p class=MsoNormal style=\"MARGIN: 0cm 0cm 0pt; TEXT-ALIGN: justify\">\n<p><span style=\"FONT-SIZE: 10pt; COLOR: #003366; FONT-FAMILY: Verdana\"><o:p><\/o:p><\/span> <\/p>\n<p class=MsoNormal style=\"MARGIN: 0cm 0cm 0pt; TEXT-ALIGN: justify\">\n<p class=MsoNormal style=\"MARGIN: 0cm 0cm 0pt; TEXT-ALIGN: justify\">\n<p class=MsoNormal style=\"MARGIN: 0cm 0cm 0pt; TEXT-ALIGN: justify\">\n<p class=MsoNormal style=\"MARGIN: 0cm 0cm 0pt; TEXT-ALIGN: justify\">\n<p class=MsoNormal style=\"MARGIN: 0cm 0cm 0pt; TEXT-ALIGN: justify\"><span style=\"FONT-SIZE: 10pt; COLOR: #003366; FONT-FAMILY: Verdana\"><span style=\"mso-spacerun: yes\"><\/span>No puedo explicar qu\u00e9 cosas pudieron pasar por mi cabeza para que de repente empezara a encontrar hasta bonitas aquellas melod\u00edas casi ininteligibles que <font color=#ff0000>J<\/font>, cantante y estandarte de <font color=#ff0000>Los Planetas<\/font> junto al guitarrista <font color=#ff0000>Floren<\/font>, se empe\u00f1aba en introducir en mi cerebro. Poco despu\u00e9s algunos ritmos de bater\u00eda comenzaron a volverme loco, y desde entonces pinch\u00e9 una y otra vez aquel cd en mi viejo radio cd Sony hasta que acab\u00e9 enamorado de este importante grupo <span style=\"mso-spacerun: yes\"><\/span>espa\u00f1ol que ha sido sin lugar a dudas el \u00fanico junto con quiz\u00e1s Australian Blonde y Deluxe, que sobrevivi\u00f3 al movimiento independiente que brot\u00f3 en nuestro pa\u00eds a principio de los 90. Luego fueron llegando los dem\u00e1s discos y mi devoci\u00f3n por <font color=#ff0000>los Planetas<\/font> fue tanta que sent\u00ed un aprofunda emoci\u00f3n la primera vez que tuve ocasi\u00f3n de compartir escenario con ellos, en el Festival Zorrock 98, en Puebla de la Reina.<\/span><\/p>\n<p><span style=\"FONT-SIZE: 10pt; COLOR: #003366; FONT-FAMILY: Verdana\"><\/span><\/p>\n<p><span style=\"FONT-SIZE: 10pt; COLOR: #003366; FONT-FAMILY: Verdana\"><\/span><\/p>\n<p><span style=\"FONT-SIZE: 10pt; COLOR: #003366; FONT-FAMILY: Verdana\"><\/span><\/p>\n<p><span style=\"FONT-SIZE: 10pt; COLOR: #003366; FONT-FAMILY: Verdana\"><\/span><\/p>\n<p><span style=\"FONT-SIZE: 10pt; COLOR: #003366; FONT-FAMILY: Verdana\"><\/span><\/p>\n<p><span style=\"FONT-SIZE: 10pt; COLOR: #003366; FONT-FAMILY: Verdana\"><\/span><\/p>\n<p><span style=\"FONT-SIZE: 10pt; COLOR: #003366; FONT-FAMILY: Verdana\"><img id=img_2 src=\"\/\/www.supercable.es\/~vacante\/graficos\/zorrock\/zorro%2098.gif\"\/><\/span><\/p>\n<p class=MsoNormal style=\"MARGIN: 0cm 0cm 0pt; TEXT-ALIGN: justify\">\n<p class=MsoNormal style=\"MARGIN: 0cm 0cm 0pt; TEXT-ALIGN: justify\"><span style=\"FONT-SIZE: 10pt; COLOR: #003366; FONT-FAMILY: Verdana\"><o:p><\/o:p><\/span><\/p>\n<p class=MsoNormal style=\"MARGIN: 0cm 0cm 0pt; TEXT-ALIGN: justify\"><span style=\"FONT-SIZE: 10pt; COLOR: #003366; FONT-FAMILY: Verdana\">El tema elegido hoy, en este viernes de canciones en Don de LOCH LOMOND es <span style=\"mso-spacerun: yes\"><\/span>muy significativo. No aprend\u00ed a entender la letra en las canciones de <font color=#ff0000>Los Planetas<\/font> hasta que no conseguir sacar palabra por palabra de la canci\u00f3n. Espero que ustedes sepan tambi\u00e9n obrar con maestr\u00eda a la hora de entenderse con J. Merece la pena.<\/span><\/p>\n<p> <span style=\"FONT-SIZE: 10pt; COLOR: #003366; FONT-FAMILY: Verdana\"><\/span> <\/p>\n<p> <span style=\"FONT-SIZE: 10pt; COLOR: #003366; FONT-FAMILY: Verdana\"><\/span> <\/p>\n<p> <span style=\"FONT-SIZE: 10pt; COLOR: #003366; FONT-FAMILY: Verdana\"><\/span> <\/p>\n<p> <span style=\"FONT-SIZE: 10pt; COLOR: #003366; FONT-FAMILY: Verdana\"><\/span> <\/p>\n<p> <span style=\"FONT-SIZE: 10pt; COLOR: #003366; FONT-FAMILY: Verdana\"><\/span> <\/p>\n<p> <span style=\"FONT-SIZE: 10pt; COLOR: #003366; FONT-FAMILY: Verdana\"><\/span> <\/p>\n<p> <span style=\"FONT-SIZE: 10pt; COLOR: #003366; FONT-FAMILY: Verdana\"><\/span> <\/p>\n<p> <span style=\"FONT-SIZE: 10pt; COLOR: #003366; FONT-FAMILY: Verdana\"><o:p><\/o:p><\/span> <\/p>\n<p class=MsoNormal style=\"MARGIN: 0cm 0cm 0pt; TEXT-ALIGN: justify\">\n<p class=MsoNormal style=\"MARGIN: 0cm 0cm 0pt; TEXT-ALIGN: justify\"><span style=\"FONT-SIZE: 10pt; COLOR: #003366; FONT-FAMILY: Verdana\"><o:p><\/o:p><\/span><\/p>\n<p class=MsoNormal style=\"MARGIN: 0cm 0cm 0pt; TEXT-ALIGN: justify\"><span style=\"FONT-SIZE: 10pt; COLOR: #003366; FONT-FAMILY: Verdana\"><o:p><\/o:p><\/span><\/p>\n<p class=MsoNormal style=\"MARGIN: 0cm 0cm 0pt; TEXT-ALIGN: justify\"><span style=\"FONT-SIZE: 10pt; COLOR: #003366; FONT-FAMILY: Verdana\">Una letra hermosa, una bonita melod\u00eda, guitarras envolventes y una bater\u00eda de aut\u00e9ntico lujo que me transportan a aquellos a\u00f1os del final de mi adolescencia donde cada nuevo descubrimiento era como abrazar el c\u00e1lido sol de un nuevo d\u00eda. Con ustedes < ?xml:namespace prefix = st1 ns = \"urn:schemas-microsoft-com:office:smarttags\" \/><st1:metricconverter w:st=\"on\" ProductID=\"8, mi\"><font color=#000099><\/font><font color=#ff0000>8<\/font>, mi<\/st1:metricconverter> canci\u00f3n favorita de <font color=#ff0000>Los Planetas<\/font>, y por qu\u00e9 no decirlo, un pedazo de mi juventud:<o:p><\/o:p><\/span><\/p>\n<p class=MsoNormal style=\"MARGIN: 0cm 0cm 0pt; TEXT-ALIGN: justify\"><span style=\"FONT-SIZE: 10pt; COLOR: #003366; FONT-FAMILY: Verdana\"><o:p><\/o:p><\/span><\/p>\n<p><span style=\"FONT-SIZE: 10pt; COLOR: #003366; FONT-FAMILY: Verdana\"><o:p><\/o:p><\/span> <\/p>\n<p class=MsoNormal style=\"MARGIN: 0cm 0cm 0pt; TEXT-ALIGN: justify\">\n<p><a href=\"http:\/\/www.youtube.com\/watch?v=KWKREA4fPQc\">http:\/\/www.youtube.com\/watch?v=KWKREA4fPQc<\/a><\/p>\n<p class=MsoNormal style=\"MARGIN: 0cm 0cm 0pt; TEXT-ALIGN: justify\">\n<!-- AddThis Advanced Settings generic via filter on the_content --><!-- AddThis Share Buttons generic via filter on the_content -->","protected":false},"excerpt":{"rendered":"<p>Nunca olvidar\u00e9 la primera vez que escuch\u00e9 a Los Planetas. Los descubr\u00ed bastante tarde, es posible que fuera en el a\u00f1o 96 \u00f3 97, cuando los granadinos llevaban al menos tres o cuatro discos a las espaldas. Mi amigo Adolfo Campini no dejaba de hablarme de ellos, y siempre me pon\u00eda alg\u00fan tema suyo en [&hellip;]<!-- AddThis Advanced Settings generic via filter on get_the_excerpt --><!-- AddThis Share Buttons generic via filter on get_the_excerpt --><\/p>\n","protected":false},"author":14,"featured_media":0,"comment_status":"open","ping_status":"closed","sticky":false,"template":"","format":"standard","meta":[],"categories":[6],"tags":[57,1349,1515,1806,2134,2657,2968,3103,3166,3428,4142,5250],"_links":{"self":[{"href":"https:\/\/blogs.hoy.es\/loch-lomond\/wp-json\/wp\/v2\/posts\/116"}],"collection":[{"href":"https:\/\/blogs.hoy.es\/loch-lomond\/wp-json\/wp\/v2\/posts"}],"about":[{"href":"https:\/\/blogs.hoy.es\/loch-lomond\/wp-json\/wp\/v2\/types\/post"}],"author":[{"embeddable":true,"href":"https:\/\/blogs.hoy.es\/loch-lomond\/wp-json\/wp\/v2\/users\/14"}],"replies":[{"embeddable":true,"href":"https:\/\/blogs.hoy.es\/loch-lomond\/wp-json\/wp\/v2\/comments?post=116"}],"version-history":[{"count":0,"href":"https:\/\/blogs.hoy.es\/loch-lomond\/wp-json\/wp\/v2\/posts\/116\/revisions"}],"wp:attachment":[{"href":"https:\/\/blogs.hoy.es\/loch-lomond\/wp-json\/wp\/v2\/media?parent=116"}],"wp:term":[{"taxonomy":"category","embeddable":true,"href":"https:\/\/blogs.hoy.es\/loch-lomond\/wp-json\/wp\/v2\/categories?post=116"},{"taxonomy":"post_tag","embeddable":true,"href":"https:\/\/blogs.hoy.es\/loch-lomond\/wp-json\/wp\/v2\/tags?post=116"}],"curies":[{"name":"wp","href":"https:\/\/api.w.org\/{rel}","templated":true}]}}