{"id":1171,"date":"2012-09-13T13:28:23","date_gmt":"2012-09-13T12:28:23","guid":{"rendered":"http:\/\/blogs.hoy.es\/loch-lomond\/?p=1171"},"modified":"2012-09-13T13:28:23","modified_gmt":"2012-09-13T12:28:23","slug":"perdon-un-poco-mas-hacia-el-oeste","status":"publish","type":"post","link":"https:\/\/blogs.hoy.es\/loch-lomond\/2012\/09\/13\/perdon-un-poco-mas-hacia-el-oeste\/","title":{"rendered":"Perd\u00f3n&#8230; Un poco m\u00e1s hacia el oeste"},"content":{"rendered":"<p>&nbsp;<\/p>\n<p><a href=\"\/loch-lomond\/wp-content\/uploads\/sites\/10\/2012\/09\/Tornasol.jpg\"><img loading=\"lazy\" class=\"alignnone size-full wp-image-1172\" title=\"Tornasol\" src=\"\/loch-lomond\/wp-content\/uploads\/sites\/10\/2012\/09\/Tornasol.jpg\" alt=\"\" width=\"363\" height=\"349\" srcset=\"https:\/\/static-blogs.hoy.es\/wp-content\/uploads\/sites\/10\/2012\/09\/Tornasol.jpg 363w, https:\/\/static-blogs.hoy.es\/wp-content\/uploads\/sites\/10\/2012\/09\/Tornasol-300x288.jpg 300w\" sizes=\"(max-width: 363px) 100vw, 363px\" \/><\/a><\/p>\n<p align=\"JUSTIFY\"><span style=\"color: #000080; font-size: medium;\">Siempre me gust\u00f3 la radio. Desde muy ni\u00f1o ya me tranquilizaba escuchar su sonido acompa\u00f1ando la cena de <a title=\"Enrique Garc\u00eda Calder\u00f3n\" href=\"https:\/\/blogs.hoy.es\/loch-lomond\/2012\/04\/25\/enrique-garcia-calderon\/\" target=\"_blank\">mi padre<\/a> cuando llegaba tarde de trabajar del Diario HOY. Desde los diez a\u00f1os era una cita obligada y no me separaba de ella cada domingo desde las cuatro de la tarde, para escuchar c\u00f3mo trascend\u00eda la jornada futbol\u00edstica. Hasta hace bien poco, debido a mi horario, era un h\u00e1bito dormir y despertar escuchando los programas deportivos y de noticias respectivamente. <\/span><\/p>\n<p align=\"JUSTIFY\"><span style=\"color: #000080; font-size: medium;\">\u00a1Qu\u00e9 gustazo, a\u00f1os despu\u00e9s,\u00a0cada vez que me requer\u00edan para cualquier entrevista en radios locales o regionales con motivo de los conciertos, festivales, maquetas o discos que ten\u00edan que ver los grupos musicales\u00a0de los que formaba parte!<\/span><\/p>\n<p align=\"JUSTIFY\"><a href=\"\/loch-lomond\/wp-content\/uploads\/sites\/10\/2012\/09\/El-sol-sale-por-el-oeste1.jpg\"><img loading=\"lazy\" class=\"alignnone size-medium wp-image-1175\" title=\"El sol sale por el oeste\" src=\"\/loch-lomond\/wp-content\/uploads\/sites\/10\/2012\/09\/El-sol-sale-por-el-oeste1.jpg\" alt=\"\" width=\"300\" height=\"162\" srcset=\"https:\/\/static-blogs.hoy.es\/wp-content\/uploads\/sites\/10\/2012\/09\/El-sol-sale-por-el-oeste1.jpg 535w, https:\/\/static-blogs.hoy.es\/wp-content\/uploads\/sites\/10\/2012\/09\/El-sol-sale-por-el-oeste1-300x163.jpg 300w\" sizes=\"(max-width: 300px) 100vw, 300px\" \/><\/a><\/p>\n<p align=\"JUSTIFY\"><span style=\"color: #000080; font-size: medium;\">Indudablemente, desde que sin comerlo ni beberlo, me convirtieron en articulista y luego en bloguero, el mundo de la radio y el menda nos hemos llamado a la puerta alguna que otra vez. Unas veces por problemas de horarios, otras por falta de remuneraci\u00f3n, y algunas por desavenencias o incompatibilidades no se pudieron materializar. Pero despu\u00e9s de todo el verano probando, parece que los amigos de <a title=\"El sol sale por el oeste\" href=\"http:\/\/www.canalextremadura.es\/radio\/programas\/el-sol-sale-por-el-oeste\" target=\"_blank\">El sol sale por el oeste<\/a> de Canal Extremadura Radio y quien suscribe nos hemos puesto de acuerdo. Ellos quieren que contin\u00fae, y yo tambi\u00e9n quiero seguir aprendiendo y divirti\u00e9ndome en la radio. As\u00ed que de momento, si nadie lo remedia, a la faceta de <a title=\"Tribuna LOCH LOMOND\" href=\"https:\/\/blogs.hoy.es\/loch-lomond\/category\/tribuna-loch-lomond\/\" target=\"_blank\">articulista dominical en HOY<\/a>, y de bloguero en hoy.es, se suma la de &#8220;agradador de oyentes&#8221; en <a title=\"Tertulia del 13\/09\/2012\" href=\"http:\/\/www.canalextremadura.es\/alacarta\/radio\/audios\/el-sol-sale-por-el-oeste-1h-130912\" target=\"_blank\">la tertulia semanal de los jueves en El sol sale por el oeste<\/a>. Por lo tanto ya saben donde encontrarme, mis queridos y desocupados lectores, que espero, desde hoy, tambi\u00e9n sean oyentes. Como siempre, y como dir\u00eda mi querido <a title=\"Siempre al oeste\" href=\"https:\/\/blogs.hoy.es\/loch-lomond\/2010\/12\/07\/siempre-al-oeste\/\" target=\"_blank\">profesor Tornasol<\/a>: &#8220;Perd\u00f3n&#8230; un poco m\u00e1s hacia el oeste&#8221;.<\/span><\/p>\n<!-- AddThis Advanced Settings generic via filter on the_content --><!-- AddThis Share Buttons generic via filter on the_content -->","protected":false},"excerpt":{"rendered":"<p>&nbsp; Siempre me gust\u00f3 la radio. Desde muy ni\u00f1o ya me tranquilizaba escuchar su sonido acompa\u00f1ando la cena de mi padre cuando llegaba tarde de trabajar del Diario HOY. Desde los diez a\u00f1os era una cita obligada y no me separaba de ella cada domingo desde las cuatro de la tarde, para escuchar c\u00f3mo trascend\u00eda [&hellip;]<!-- AddThis Advanced Settings generic via filter on get_the_excerpt --><!-- AddThis Share Buttons generic via filter on get_the_excerpt --><\/p>\n","protected":false},"author":14,"featured_media":0,"comment_status":"open","ping_status":"closed","sticky":false,"template":"","format":"standard","meta":[],"categories":[2],"tags":[150,346,582,758,1411,1439,1515,1714,1806,2911,2997,3103,3836,3999,4690,4938,5086],"_links":{"self":[{"href":"https:\/\/blogs.hoy.es\/loch-lomond\/wp-json\/wp\/v2\/posts\/1171"}],"collection":[{"href":"https:\/\/blogs.hoy.es\/loch-lomond\/wp-json\/wp\/v2\/posts"}],"about":[{"href":"https:\/\/blogs.hoy.es\/loch-lomond\/wp-json\/wp\/v2\/types\/post"}],"author":[{"embeddable":true,"href":"https:\/\/blogs.hoy.es\/loch-lomond\/wp-json\/wp\/v2\/users\/14"}],"replies":[{"embeddable":true,"href":"https:\/\/blogs.hoy.es\/loch-lomond\/wp-json\/wp\/v2\/comments?post=1171"}],"version-history":[{"count":0,"href":"https:\/\/blogs.hoy.es\/loch-lomond\/wp-json\/wp\/v2\/posts\/1171\/revisions"}],"wp:attachment":[{"href":"https:\/\/blogs.hoy.es\/loch-lomond\/wp-json\/wp\/v2\/media?parent=1171"}],"wp:term":[{"taxonomy":"category","embeddable":true,"href":"https:\/\/blogs.hoy.es\/loch-lomond\/wp-json\/wp\/v2\/categories?post=1171"},{"taxonomy":"post_tag","embeddable":true,"href":"https:\/\/blogs.hoy.es\/loch-lomond\/wp-json\/wp\/v2\/tags?post=1171"}],"curies":[{"name":"wp","href":"https:\/\/api.w.org\/{rel}","templated":true}]}}