{"id":1184,"date":"2012-09-20T23:37:30","date_gmt":"2012-09-20T22:37:30","guid":{"rendered":"http:\/\/blogs.hoy.es\/loch-lomond\/?p=1184"},"modified":"2012-09-20T23:37:30","modified_gmt":"2012-09-20T22:37:30","slug":"agoreros-de-el-faro","status":"publish","type":"post","link":"https:\/\/blogs.hoy.es\/loch-lomond\/2012\/09\/20\/agoreros-de-el-faro\/","title":{"rendered":"Agoreros de &#8220;El Faro&#8221;"},"content":{"rendered":"<div id=\"attachment_1185\" style=\"width: 562px\" class=\"wp-caption aligncenter\"><a href=\"\/loch-lomond\/wp-content\/uploads\/sites\/10\/2012\/09\/Homer-agorero.jpg\"><img aria-describedby=\"caption-attachment-1185\" loading=\"lazy\" class=\"size-full wp-image-1185\" title=\"Homer agorero\" src=\"\/loch-lomond\/wp-content\/uploads\/sites\/10\/2012\/09\/Homer-agorero.jpg\" alt=\"\u00a1No se puede ser tan agorero por Dios!\" width=\"552\" height=\"485\" srcset=\"https:\/\/static-blogs.hoy.es\/wp-content\/uploads\/sites\/10\/2012\/09\/Homer-agorero.jpg 552w, https:\/\/static-blogs.hoy.es\/wp-content\/uploads\/sites\/10\/2012\/09\/Homer-agorero-300x264.jpg 300w\" sizes=\"(max-width: 552px) 100vw, 552px\" \/><\/a><p id=\"caption-attachment-1185\" class=\"wp-caption-text\">\u00a1No se puede ser tan agorero por Dios!<\/p><\/div>\n<p>&nbsp;<\/p>\n<p class=\"wp-caption-dd\"><span style=\"color: #000000; font-size: medium;\">Debo de ser de los pocos pacenses que aun no ha acudido maravillado al nuevo <strong><a title=\"Reinventarse y subsistir\" href=\"https:\/\/blogs.hoy.es\/loch-lomond\/2012\/06\/17\/reinventarse-y-subsistir\/\" target=\"_blank\"><span style=\"color: #000000;\">Centro Comercial &#8220;El Faro&#8221;<\/span><\/a>. <\/strong>La verdad es que no es por falta de ganas, ni de distancia, ya que vivo muy cerca, ya saben, <a title=\"Siempre al oeste\" href=\"https:\/\/blogs.hoy.es\/loch-lomond\/2010\/12\/07\/siempre-al-oeste\/\" target=\"_blank\"><span style=\"color: #000000;\">siempre al oeste<\/span><\/a>. Pero es que el mundo del juego me tiene absorbido, al igual que <strong>las ondas<\/strong> y <strong>la literatura<\/strong>. Y no nos enga\u00f1emos, no he ido sobre todo por lo mismo que el extreme\u00f1o <strong>Nacho Campillo<\/strong> cantaba junto a su hermano <strong>Javier\u00a0y Rafa Callejo<\/strong> en los 80. Ya saben &#8220;&#8230; <strong>No hay mucho dinero<\/strong>&#8230;&#8221;.<\/span><\/p>\n<p align=\"JUSTIFY\"><span style=\"color: #000000; font-size: medium;\">Aun as\u00ed, <strong>aunque solo sea para mirar<\/strong>, no tardar\u00e9 en dejarme caer por all\u00ed. Hay mucho agogero \u00faltimamente dispuesto a tirar por tierra la ilusi\u00f3n de los ciudadanos, y la verdad es que bueno, tampoco nos \u00edbamos a morir los <strong>pacenses<\/strong> si no dispusi\u00e9ramos de este gran <strong>Centro Comercial<\/strong>. Pero creo que iba siendo hora que <strong>Badajoz<\/strong>, una ciudad con una poblaci\u00f3n de unos <strong>150.000 habitantes<\/strong>, disfrutara de un espacio\u00a0de ocio y consumo\u00a0as\u00ed. Pr\u00e1cticamente todo con el que hablo est\u00e1 encantado y es muy seguro que tambi\u00e9n agrade los ojos a mi menda lerenda cuando pasee el palmito por all\u00ed. <strong>Lo que es bueno para mi ciudad es bueno para m\u00ed<\/strong>.<\/span><\/p>\n<p class=\"wp-caption-dt\">\n<a href=\"\/loch-lomond\/wp-content\/uploads\/sites\/10\/2012\/09\/El-Faro.jpg\"><img loading=\"lazy\" class=\"size-medium wp-image-1186\" title=\"El Faro\" src=\"\/loch-lomond\/wp-content\/uploads\/sites\/10\/2012\/09\/El-Faro.jpg\" alt=\"Badajoz iba necesitando al fin un espacio como \"El Faro\"\" width=\"300\" height=\"162\" srcset=\"https:\/\/static-blogs.hoy.es\/wp-content\/uploads\/sites\/10\/2012\/09\/El-Faro.jpg 647w, https:\/\/static-blogs.hoy.es\/wp-content\/uploads\/sites\/10\/2012\/09\/El-Faro-300x162.jpg 300w\" sizes=\"(max-width: 300px) 100vw, 300px\" \/><\/a>\n<p class=\"wp-caption-dt\">\n<p><span style=\"color: #000000; font-size: medium;\">Algo est\u00e1 cambiando en esta capital, en este barrio de <strong>al otro lado del r\u00edo Guadiana<\/strong>, e incluso en el coraz\u00f3n de sus gentes, y francamente opino que para bien. Que <strong>el diablo<\/strong> les haga tragar la barba a los <strong>agoreros<\/strong> que reniegan del <strong>progreso<\/strong> de esta ciudad, all\u00e1 ellos con sus reservas y <strong>catetas penalidades<\/strong>. Quien no es capaz de <strong>mirar hacia adelante<\/strong> corre el riesgo de quedar aislado en su propia miseria. &#8220;Yo aun dir\u00eda m\u00e1s mi querido Hern\u00e1ndez: Quien aislado corre en su miseria no es capaz de volver a mirar&#8221;. <a title=\"perd\u00f3n... un poco m\u00e1s hacia el oeste\" href=\"https:\/\/blogs.hoy.es\/loch-lomond\/2012\/09\/13\/perdon-un-poco-mas-hacia-el-oeste\/\" target=\"_blank\"><span style=\"color: #000000;\">Perd\u00f3n&#8230; Un poco m\u00e1s hacia el oeste<\/span><\/a>. <strong>Esta es mi opini\u00f3n y yo la comparto<\/strong>.<\/span><\/p>\n<!-- AddThis Advanced Settings generic via filter on the_content --><!-- AddThis Share Buttons generic via filter on the_content -->","protected":false},"excerpt":{"rendered":"<p>&nbsp; Debo de ser de los pocos pacenses que aun no ha acudido maravillado al nuevo Centro Comercial &#8220;El Faro&#8221;. La verdad es que no es por falta de ganas, ni de distancia, ya que vivo muy cerca, ya saben, siempre al oeste. Pero es que el mundo del juego me tiene absorbido, al igual [&hellip;]<!-- AddThis Advanced Settings generic via filter on get_the_excerpt --><!-- AddThis Share Buttons generic via filter on get_the_excerpt --><\/p>\n","protected":false},"author":14,"featured_media":0,"comment_status":"open","ping_status":"closed","sticky":false,"template":"","format":"standard","meta":[],"categories":[5],"tags":[148,168,398,437,869,891,895,1515,1637,1806,1875,1902,2214,2220,2537,2685,3083,3103,3503,3594,3619,3683,3771,3793,3846,3979,4245,4333,4436,4690,4865,5344],"_links":{"self":[{"href":"https:\/\/blogs.hoy.es\/loch-lomond\/wp-json\/wp\/v2\/posts\/1184"}],"collection":[{"href":"https:\/\/blogs.hoy.es\/loch-lomond\/wp-json\/wp\/v2\/posts"}],"about":[{"href":"https:\/\/blogs.hoy.es\/loch-lomond\/wp-json\/wp\/v2\/types\/post"}],"author":[{"embeddable":true,"href":"https:\/\/blogs.hoy.es\/loch-lomond\/wp-json\/wp\/v2\/users\/14"}],"replies":[{"embeddable":true,"href":"https:\/\/blogs.hoy.es\/loch-lomond\/wp-json\/wp\/v2\/comments?post=1184"}],"version-history":[{"count":0,"href":"https:\/\/blogs.hoy.es\/loch-lomond\/wp-json\/wp\/v2\/posts\/1184\/revisions"}],"wp:attachment":[{"href":"https:\/\/blogs.hoy.es\/loch-lomond\/wp-json\/wp\/v2\/media?parent=1184"}],"wp:term":[{"taxonomy":"category","embeddable":true,"href":"https:\/\/blogs.hoy.es\/loch-lomond\/wp-json\/wp\/v2\/categories?post=1184"},{"taxonomy":"post_tag","embeddable":true,"href":"https:\/\/blogs.hoy.es\/loch-lomond\/wp-json\/wp\/v2\/tags?post=1184"}],"curies":[{"name":"wp","href":"https:\/\/api.w.org\/{rel}","templated":true}]}}