{"id":1189,"date":"2012-09-23T21:49:05","date_gmt":"2012-09-23T20:49:05","guid":{"rendered":"http:\/\/blogs.hoy.es\/loch-lomond\/?p=1189"},"modified":"2012-09-23T21:49:05","modified_gmt":"2012-09-23T20:49:05","slug":"la-voz","status":"publish","type":"post","link":"https:\/\/blogs.hoy.es\/loch-lomond\/2012\/09\/23\/la-voz\/","title":{"rendered":"La voz"},"content":{"rendered":"<p>&nbsp;<\/p>\n<p>Enrique Falc\u00f3. M\u00fasico con buen o\u00eddo.<\/p>\n<div id=\"attachment_1190\" style=\"width: 310px\" class=\"wp-caption alignnone\"><a href=\"\/loch-lomond\/wp-content\/uploads\/sites\/10\/2012\/09\/La-Voz-Bisbal-Vazquez-Malu-Melendi-y-Rosario-600.jpg\"><img aria-describedby=\"caption-attachment-1190\" loading=\"lazy\" class=\"size-medium wp-image-1190\" title=\"La-Voz-Bisbal-Vazquez-Malu-Melendi-y-Rosario-600\" src=\"\/loch-lomond\/wp-content\/uploads\/sites\/10\/2012\/09\/La-Voz-Bisbal-Vazquez-Malu-Melendi-y-Rosario-600.jpg\" alt=\"Dudo que alguno de estos artistas ostente la capacidad de decidir quien puede llegar a los sentimientos de los dem\u00e1s a trav\u00e9s de la m\u00fasica.\" width=\"300\" height=\"255\" srcset=\"https:\/\/static-blogs.hoy.es\/wp-content\/uploads\/sites\/10\/2012\/09\/La-Voz-Bisbal-Vazquez-Malu-Melendi-y-Rosario-600.jpg 600w, https:\/\/static-blogs.hoy.es\/wp-content\/uploads\/sites\/10\/2012\/09\/La-Voz-Bisbal-Vazquez-Malu-Melendi-y-Rosario-600-300x255.jpg 300w\" sizes=\"(max-width: 300px) 100vw, 300px\" \/><\/a><p id=\"caption-attachment-1190\" class=\"wp-caption-text\">Dudo que alguno de estos artistas ostente la capacidad de decidir quien puede llegar a los sentimientos de los dem\u00e1s a trav\u00e9s de la m\u00fasica.<\/p><\/div>\n<p align=\"JUSTIFY\"><span style=\"color: #000080; font-size: medium;\">Si la cara es el espejo del alma, la voz sin duda es el reflejo que muestra fielmente el car\u00e1cter de una persona. La voz de un ser humano es algo m\u00e1s que esencial, y pocas veces nos paramos a pensar en su trascendencia a la hora de hacernos una idea de las personas que tenemos cerca. No s\u00e9 ustedes pero a mi hay voces que me ponen en alerta, muy nervioso o incluso de mal humor. Bien por ser tremendamente graves, agudas o incluso por exceso o ausencia de inflexiones. Por el contrario existen voces que me transmiten una serenidad y paz realmente reconfortantes, o incluso despiertan dulces sentimientos.<\/span><\/p>\n<p align=\"JUSTIFY\"><span style=\"color: #000080; font-size: medium;\">Al menda su voz no le agrada en absoluto, y seguro que muchos de ustedes tambi\u00e9n tuercen la nariz al escucharse en la <a title=\"Perd\u00f3n... un poco m\u00e1s hacia el oeste\" href=\"https:\/\/blogs.hoy.es\/loch-lomond\/2012\/09\/13\/perdon-un-poco-mas-hacia-el-oeste\/\" target=\"_blank\">radio<\/a> o en alguna grabaci\u00f3n sonora. Nos cuesta reconocer nuestra propia voz. Por lo visto, las grabadoras y nuestros oyentes solo reciben las frecuencias de la voz que se transmite por el aire, mientras que nosotros la escuchamos por dos caminos, por dentro de nuestro cuerpo y por el aire tambi\u00e9n. A mi me hubiera encantado ser due\u00f1o de una gran voz, si no bonita al menos realmente \u00fanica y original. Como la del gran Carlos Revilla (Voz original de Homer Simpson en la versi\u00f3n espa\u00f1ola) o la de Iv\u00e1n Muelas (Philip J. Fry) o Abraham Aguilar (Bender). Si yo tuviera la afectada, profunda y sonora voz del actor Juan Fern\u00e1ndez, tambi\u00e9n encandilar\u00eda a las mujeres con aquella famosa canci\u00f3n que el &#8220;Chef&#8221; de South Park siempre se arranca a cantar en pleno ritual de apareamiento: &#8220;Voy a hacerte el amor mamita&#8230;&#8221;.<\/span><\/p>\n<a href=\"\/loch-lomond\/wp-content\/uploads\/sites\/10\/2012\/09\/El-Chef.gif\"><img loading=\"lazy\" class=\"size-medium wp-image-1191\" title=\"El Chef\" src=\"\/loch-lomond\/wp-content\/uploads\/sites\/10\/2012\/09\/El-Chef.gif\" alt=\"\"Voy a hacerte el amor mamita... al ladito de una fogata\" \u00a1Qu\u00e9 grande el Chef... y que voz!\" width=\"300\" height=\"225\" \/><\/a>\n<p align=\"JUSTIFY\"><span style=\"color: #000080; font-size: medium;\">\u00a1Qu\u00e9 importante es la voz en la literatura! \u00a1Y qu\u00e9 curioso! S\u00f3lo nosotros sabemos como suenan en nuestra cabeza las voces de Don Quijote, de <a title=\"El Perfume\" href=\"http:\/\/www.hoy.es\/v\/20110501\/opinion\/\/perfume-20110501.html\" target=\"_blank\">Grenouille<\/a>, de <a title=\"\u00bfTigue\u00f1a nenito ti?\" href=\"https:\/\/blogs.hoy.es\/loch-lomond\/2011\/07\/26\/tiguena-nenito-ti\/\" target=\"_blank\">Mafalda<\/a>, de <a title=\"Tint\u00edn es inocente\" href=\"https:\/\/blogs.hoy.es\/loch-lomond\/2011\/10\/02\/tintin-es-inocente\/\" target=\"_blank\">Tint\u00edn<\/a>, de <a title=\"Turur\u00fa\" href=\"https:\/\/blogs.hoy.es\/loch-lomond\/2011\/10\/09\/tururu\/\" target=\"_blank\">Ast\u00e9rix<\/a> o de <a title=\"Delinquentes\" href=\"https:\/\/blogs.hoy.es\/loch-lomond\/2012\/09\/17\/delincuentes\/\" target=\"_blank\">Manolito Gafotas<\/a>. Por eso siempre se me resisten de una u otra manera las adaptaciones cinematogr\u00e1ficas o televisivas de mis personajes de ficci\u00f3n favoritos.<\/span><\/p>\n<p align=\"JUSTIFY\"><span style=\"color: #000080; font-size: medium;\">La voz, adem\u00e1s de decir mucho de nosotros, nos hace poseedores de un don especial que lamentablemente no todos podemos desarrollar de igual manera ni id\u00e9ntica fortuna. Y es que la voz es el instrumento m\u00e1s antiguo, innato en nuestro organismo, con el que podemos crear e interpretar las m\u00e1s bellas y hermosas melod\u00edas.<\/span><\/p>\n<p align=\"JUSTIFY\"><span style=\"color: #000080; font-size: medium;\">Est\u00e1 claro que la voz es primordial, yo aun dir\u00eda m\u00e1s mi querido Hern\u00e1ndez, casi trascendental en el mundo de la m\u00fasica, si bien no todos nos ponemos de acuerdo al se\u00f1alarlo como si fuera el \u00fanico instrumento que realmente importa. La mayor\u00eda de las personas, si bien no est\u00e1n en la obligaci\u00f3n, no suelen entender de m\u00fasica, ni de instrumentos musicales, ellos se lo pierden, pero no se puede reducir la m\u00fasica a una voz bonita o al loable ejercicio de cantar (aunque sea divinamente).<\/span><\/p>\n<div id=\"attachment_1192\" style=\"width: 310px\" class=\"wp-caption alignnone\"><a href=\"\/loch-lomond\/wp-content\/uploads\/sites\/10\/2012\/09\/Lennon-McCartney.jpg\"><img aria-describedby=\"caption-attachment-1192\" loading=\"lazy\" class=\"size-full wp-image-1192\" title=\"Lennon McCartney\" src=\"\/loch-lomond\/wp-content\/uploads\/sites\/10\/2012\/09\/Lennon-McCartney.jpg\" alt=\"A ver si la gente se entera que la m\u00fasica es m\u00e1s parecida a lo que hac\u00edan estos dos que a todos los peleles que puedan salir de los Realitys que se empe\u00f1an en vendernos.\" width=\"300\" height=\"350\" srcset=\"https:\/\/static-blogs.hoy.es\/wp-content\/uploads\/sites\/10\/2012\/09\/Lennon-McCartney.jpg 300w, https:\/\/static-blogs.hoy.es\/wp-content\/uploads\/sites\/10\/2012\/09\/Lennon-McCartney-257x300.jpg 257w\" sizes=\"(max-width: 300px) 100vw, 300px\" \/><\/a><p id=\"caption-attachment-1192\" class=\"wp-caption-text\">A ver si la gente se entera que la m\u00fasica es m\u00e1s parecida a lo que hac\u00edan estos dos que a todos los peleles que puedan salir de los Realitys que se empe\u00f1an en vendernos.<\/p><\/div>\n<p align=\"JUSTIFY\"><span style=\"color: #000080; font-size: medium;\">Demostrando una vez m\u00e1s la peor de las torpezas en momentos dif\u00edciles, Tele5, que prefiere seguir apostando sobre seguro, nos ofrece &#8220;La voz&#8221;, un nuevo reality que pretende precisamente eso, reducir el mundo de la m\u00fasica a tan preciado instrumento. Esta especie de plagio de OT u otros formatos televisivos obedece no solo a falta de ideas y ganas de arriesgar, sino a ofrecerle a la ignorante audiencia nuevos peleles de karaoke, que dudo siquiera lleguen a convertirse en los futuros juguetes rotos de la anterior <a title=\"La f\u00e1brica de juguetes rotos\" href=\"http:\/\/www.hoy.es\/v\/20110227\/opinion\/fabrica-juguetes-rotos-20110227.html\" target=\"_blank\">f\u00e1brica de &#8220;talentos&#8221;<\/a>. Mi idolatrado John Lennon ni siquiera habr\u00eda pasado un castin de &#8220;La voz&#8221;, dudo que hubiera aguantado uno solo de los consejos de Bisbal (quien por cierto si el otro d\u00eda no iba colocado o con un Loch Lomond de m\u00e1s que me corten la cabeza). A Bob Dylan o a Joaqu\u00edn Sabina seguro que les hubieran echado en cara que su voz no era buena.<\/span><\/p>\n<p align=\"JUSTIFY\"><span style=\"color: #000080; font-size: medium;\">La m\u00fasica es algo m\u00e1s que una bonita voz. Existen muchas maneras de sentir y vivir la m\u00fasica y no siempre los int\u00e9rpretes han de ostentar una preciada voz o dominar completamente un instrumento. Ni el mejor de los cantantes que pudieran salir de estas bazofias de concursos podr\u00eda jam\u00e1s emular ni la mitad de sensaciones que me ofrece el <a title=\"Strawberry fields forever\" href=\"https:\/\/blogs.hoy.es\/loch-lomond\/2011\/12\/26\/strawberry-fields-forever\/\" target=\"_blank\">&#8220;Strawberry Fields Forever&#8221;<\/a> de los Beatles interpretado por la sencilla voz de un John Lennon al que no llegan ni a los talones todos los miembros del jurado del programa. Lo siento mucho, pero si al nuevo formato le a\u00f1adimos el parip\u00e9 que realizan en cada selecci\u00f3n estos miembros del &#8220;prestigioso&#8221; jurado, en plan ahora le doy al bot\u00f3n, ahora no le doy, ahora suelto una estupidez por la bocaza, ahora al ver lo buena que est\u00e1s me arrepiento de no haberte escogido, el resultado es una vez m\u00e1s denigrante para los aficionados a la m\u00fasica. Bisbal puede ser un muchacho simp\u00e1tico y humilde, y muy buena gente, con el que seguro que ir\u00eda gustoso a tomar unas ca\u00f1as, pero no lo veo decidiendo sobre quien posee esa magia especial para poder llegar a la gente a trav\u00e9s de la m\u00fasica. Sin comentarios los casos de Melendi con el que no ir\u00eda ni a coger billetes, o de Mal\u00fa. A esta \u00faltima la conoc\u00ed personalmente en Junio del 98 en los estudios de La Ser en Badajoz. La gran periodista Mar\u00eda Jes\u00fas de las Heras nos contrat\u00f3 a quien suscribe y a algunos amigos para ejercer de m\u00fasicos figurantes en una gala aniversario de Cadena Dial. Ella era una ni\u00f1ata de 15 a\u00f1os, cuyo \u00fanico m\u00e9rito consist\u00eda en ser sobrina de Paco de Luc\u00eda, que se las daba de simp\u00e1tica, e incluso le regalamos una maqueta de los <a title=\"Left Brothers\" href=\"http:\/\/cantarranacorps.blogspot.com.es\/2010\/09\/left-brothers.html\" target=\"_blank\">Left Brothers<\/a>, hasta que en los servicios la sorprendimos\u00a0 despreciando y ri\u00e9ndose de nuestra ciudad junto a la p\u00e9rfida de su m\u00e1nager. Rosario Flores me cae bien, y ha interpretado grandes canciones (compuestas por su hermano Antonio Flores, que s\u00ed que era un gran artista) pero aun me acuerdo de aquella vez que sali\u00f3 en un programa de televisi\u00f3n narrando como &#8220;compon\u00eda&#8221; sus canciones. &#8220;A m\u00ed se me ocurre una historia y la plasmo en un papel\u2026 y luego se la doy a mis m\u00fasicos y ellos ya\u2026&#8221; Nos ha jod\u00edo, as\u00ed compongo yo la Novena de Beethoven.<\/span><\/p>\n<a href=\"\/loch-lomond\/wp-content\/uploads\/sites\/10\/2012\/09\/caratulas_ENRIQUE_ANAUT-MARIA_JOSE_.jpg\"><img loading=\"lazy\" class=\"size-medium wp-image-1193\" title=\"caratulas_ENRIQUE_ANAUT-MARIA_JOSE_\" src=\"\/loch-lomond\/wp-content\/uploads\/sites\/10\/2012\/09\/caratulas_ENRIQUE_ANAUT-MARIA_JOSE_.jpg\" alt=\"\u00bfQui\u00e9n se acuerda de Enrique Anaut y su \u00e9xito \"Mar\u00eda Jos\u00e9\"?\" width=\"300\" height=\"225\" srcset=\"https:\/\/static-blogs.hoy.es\/wp-content\/uploads\/sites\/10\/2012\/09\/caratulas_ENRIQUE_ANAUT-MARIA_JOSE_.jpg 500w, https:\/\/static-blogs.hoy.es\/wp-content\/uploads\/sites\/10\/2012\/09\/caratulas_ENRIQUE_ANAUT-MARIA_JOSE_-300x226.jpg 300w\" sizes=\"(max-width: 300px) 100vw, 300px\" \/><\/a>\n<p><span style=\"color: #000080; font-size: medium;\">En definitiva: La voz es importante, tambi\u00e9n en la m\u00fasica, pero no es lo \u00fanico. Entret\u00e9nganse con &#8220;La voz&#8221; si eso les divierte, pero a los nuevos &#8220;triunfitos&#8221; les auguro el mismo \u00e9xito musical que a Mar\u00eda Lapiedra con su &#8220;No me subas el IVA b\u00e1jame las bragas&#8221;. Y todo esto lo digo muy tranquilo, sin mentar al diablo ni rayos ni centellas, ni cuanto menos jurar por el Cetro de Ottokar. Quien de verdad entiende de lo que habla, jam\u00e1s tiene motivos para levantar la voz.<\/span><\/p>\n<p><em>Publicado en Diario HOY el 23\/09\/2012<\/em><\/p>\n<p><a href=\"http:\/\/hoy.kioskoymas.com\/epaper\/showlink.aspx?bookmarkid=EDUMALC9Y66&#038;preview=magnifier&#038;linkid=5fbbf098-628d-44bf-9745-6e18566bf0f6&#038;pdaffid=1NEHCXDv4QZRFanP7KJR9A%3d%3d\"><img src=\"\/\/cache2-thumb1.pressdisplay.com\/pressdisplay\/docserver\/getimage.aspx?file=22012012092300000000001001&#038;page=30&#038;scale=23\" alt=\"\" \/><\/a><\/p>\n<!-- AddThis Advanced Settings generic via filter on the_content --><!-- AddThis Share Buttons generic via filter on the_content -->","protected":false},"excerpt":{"rendered":"<p>&nbsp; Enrique Falc\u00f3. M\u00fasico con buen o\u00eddo. Si la cara es el espejo del alma, la voz sin duda es el reflejo que muestra fielmente el car\u00e1cter de una persona. La voz de un ser humano es algo m\u00e1s que esencial, y pocas veces nos paramos a pensar en su trascendencia a la hora de [&hellip;]<!-- AddThis Advanced Settings generic via filter on get_the_excerpt --><!-- AddThis Share Buttons generic via filter on get_the_excerpt --><\/p>\n","protected":false},"author":14,"featured_media":0,"comment_status":"open","ping_status":"closed","sticky":false,"template":"","format":"standard","meta":[],"categories":[8],"tags":[81,295,535,586,686,815,1317,1515,1526,1609,1611,1805,1806,2147,2192,2333,2464,2613,2653,2723,2730,2784,2804,2817,2825,2897,2919,2934,3005,3103,3231,3274,3286,3331,3333,3334,3426,3428,3606,3614,3689,3833,3848,4087,4368,4523,4765,4780,4857,4897,4986,5098,5296],"_links":{"self":[{"href":"https:\/\/blogs.hoy.es\/loch-lomond\/wp-json\/wp\/v2\/posts\/1189"}],"collection":[{"href":"https:\/\/blogs.hoy.es\/loch-lomond\/wp-json\/wp\/v2\/posts"}],"about":[{"href":"https:\/\/blogs.hoy.es\/loch-lomond\/wp-json\/wp\/v2\/types\/post"}],"author":[{"embeddable":true,"href":"https:\/\/blogs.hoy.es\/loch-lomond\/wp-json\/wp\/v2\/users\/14"}],"replies":[{"embeddable":true,"href":"https:\/\/blogs.hoy.es\/loch-lomond\/wp-json\/wp\/v2\/comments?post=1189"}],"version-history":[{"count":0,"href":"https:\/\/blogs.hoy.es\/loch-lomond\/wp-json\/wp\/v2\/posts\/1189\/revisions"}],"wp:attachment":[{"href":"https:\/\/blogs.hoy.es\/loch-lomond\/wp-json\/wp\/v2\/media?parent=1189"}],"wp:term":[{"taxonomy":"category","embeddable":true,"href":"https:\/\/blogs.hoy.es\/loch-lomond\/wp-json\/wp\/v2\/categories?post=1189"},{"taxonomy":"post_tag","embeddable":true,"href":"https:\/\/blogs.hoy.es\/loch-lomond\/wp-json\/wp\/v2\/tags?post=1189"}],"curies":[{"name":"wp","href":"https:\/\/api.w.org\/{rel}","templated":true}]}}