{"id":1203,"date":"2012-09-30T16:31:09","date_gmt":"2012-09-30T15:31:09","guid":{"rendered":"http:\/\/blogs.hoy.es\/loch-lomond\/?p=1203"},"modified":"2012-09-30T16:31:09","modified_gmt":"2012-09-30T15:31:09","slug":"spain-is-different","status":"publish","type":"post","link":"https:\/\/blogs.hoy.es\/loch-lomond\/2012\/09\/30\/spain-is-different\/","title":{"rendered":"Spain is different"},"content":{"rendered":"<p>&nbsp;<\/p>\n<p>Enrique Falc\u00f3. Defensor del deporte<\/p>\n<p>&nbsp;<\/p>\n<div id=\"attachment_1205\" style=\"width: 310px\" class=\"wp-caption alignnone\"><a href=\"\/loch-lomond\/wp-content\/uploads\/sites\/10\/2012\/09\/Anna-Tarr\u00e9s.jpg\"><img aria-describedby=\"caption-attachment-1205\" loading=\"lazy\" class=\"size-medium wp-image-1205\" title=\"Anna Tarr\u00e9s rodeada de algunas de sus laureadas chicas de nataci\u00f3n.\" src=\"\/loch-lomond\/wp-content\/uploads\/sites\/10\/2012\/09\/Anna-Tarr\u00e9s.jpg\" alt=\"Anna Tarr\u00e9s rodeada de algunas de sus laureadas chicas de nataci\u00f3n.\" width=\"300\" height=\"225\" srcset=\"https:\/\/static-blogs.hoy.es\/wp-content\/uploads\/sites\/10\/2012\/09\/Anna-Tarr\u00e9s.jpg 450w, https:\/\/static-blogs.hoy.es\/wp-content\/uploads\/sites\/10\/2012\/09\/Anna-Tarr\u00e9s-300x225.jpg 300w\" sizes=\"(max-width: 300px) 100vw, 300px\" \/><\/a><p id=\"caption-attachment-1205\" class=\"wp-caption-text\">Anna Tarr\u00e9s rodeada de algunas de sus laureadas chicas de nataci\u00f3n.<\/p><\/div>\n<p align=\"JUSTIFY\"><span style=\"color: #000080; font-size: medium;\">A finales del a\u00f1o 1989, con once a\u00f1os y preso de la emoci\u00f3n del inminente Mundial de Italia 90, me sum\u00e9 a un equipo de f\u00fatbol de nueva creaci\u00f3n en mi ciudad. Todos quer\u00edamos convertirnos en grandes futbolistas, imitar la haza\u00f1a del gran <a title=\"Negando el mito\" href=\"https:\/\/blogs.hoy.es\/loch-lomond\/2010\/06\/12\/negando-mito\/\" target=\"_blank\">Maradona<\/a> del 86, o incluso parecernos a aquel extraordinario joven lateral del Mil\u00e1n, el gran Paolo Maldini. Como dir\u00eda mi amigo <a title=\"Pecell\u00edn y la escuela de los sue\u00f1os\" href=\"https:\/\/blogs.hoy.es\/loch-lomond\/2011\/08\/28\/pecellin-y-la-escuela-de-los-suenos\/\" target=\"_blank\">Manuel Pecell\u00edn<\/a>: Era un equipo &#8220;mu salao&#8221;. Se llamaba el &#8220;H\u00e9roes de Cascorro&#8221;, vest\u00edamos como el Betis y la sede central se encontraba en la calle pacense del mismo nombre, ya que nuestro presidente era Don Germ\u00e1n Meleno, que regentaba la farmacia que hoy en d\u00eda dirige su hija Milagros. Aquello dej\u00f3 de ser un equipo de f\u00fatbol a los pocos d\u00edas para convertirse en un grupo de amigos. Ten\u00edamos un entrenador, Gabriel (que regentaba si no me falla mi prodigiosa memoria el Bar Arcoiris) y que a pesar de trabajar a destajo sacaba tiempo de donde no pod\u00eda para entrenarnos y llevarnos a los partidos en su enorme furgoneta. Gabriel era un gran hombre, con una paciencia sin l\u00edmite, que a pesar de ser entrenador y echarte alguna merecida bronca nos transmit\u00eda protecci\u00f3n y tranquilidad. Encima en muchas ocasiones nos invitaba a celebrar\u00a0 por el morro en su bar algunas de nuestras m\u00e1s \u00e9picas victorias. Tengo grandes recuerdos de aquel equipo, y un cari\u00f1o especial por los amigos que hice all\u00ed en un momento tan importante de mi pre adolescencia. Recuerdo al gran portero Agujetas, a Antonio Gil, a Espinosa, Torres (su padre me llamaba Andrinua, yo era de los del patap\u00fam parriba que tanto le gustan a Javier Clemente) Luisma Urteaga, Dur\u00e1n, Carmelo, V\u00e9lez y sobre todo mi querido Alex Cabrera, que era el que met\u00eda todos los goles.<\/span><\/p>\n<div id=\"attachment_1206\" style=\"width: 310px\" class=\"wp-caption alignnone\"><span style=\"font-size: medium;\"><a href=\"\/loch-lomond\/wp-content\/uploads\/sites\/10\/2012\/09\/Oliver-Atton.jpg\"><img aria-describedby=\"caption-attachment-1206\" loading=\"lazy\" class=\"size-medium wp-image-1206\" title=\"Oliver Atton\" src=\"\/loch-lomond\/wp-content\/uploads\/sites\/10\/2012\/09\/Oliver-Atton.jpg\" alt=\"El deporte es fundamental para la educaci\u00f3n de los m\u00e1s peque\u00f1os\" width=\"300\" height=\"225\" srcset=\"https:\/\/static-blogs.hoy.es\/wp-content\/uploads\/sites\/10\/2012\/09\/Oliver-Atton.jpg 320w, https:\/\/static-blogs.hoy.es\/wp-content\/uploads\/sites\/10\/2012\/09\/Oliver-Atton-300x225.jpg 300w\" sizes=\"(max-width: 300px) 100vw, 300px\" \/><\/a><\/span><p id=\"caption-attachment-1206\" class=\"wp-caption-text\">El deporte es fundamental para la educaci\u00f3n de los m\u00e1s peque\u00f1os<\/p><\/div>\n<p align=\"JUSTIFY\"><span style=\"color: #000080; font-size: medium;\">Al a\u00f1o siguiente, lamentablemente el equipo dej\u00f3 de funcionar y me apunt\u00e9 al Flecha Negra de la mano del inolvidable Manolo &#8220;el Gordo&#8221;. Aun no me lo explico pero me seleccionaron nada menos que en el &#8220;A&#8221;. Aquello, sin embargo, no se parec\u00eda en nada a lo que yo conoc\u00eda como un equipo. No ten\u00edamos aun trece a\u00f1os y el entrenador (cuyo nombre recuerdo y no ostentar\u00e1 el dudoso honor de salir mencionado en esta Tribuna) nos gritaba unas cosas que cualquiera que lo hiciera ahora se las ver\u00eda conmigo. Una vez, presenci\u00e9 una reprimenda a un compa\u00f1ero, y fue tal la vejaci\u00f3n, unida a las barbaridades que sal\u00edan por la bocaza de aquel hortera de hombre, que en ese momento decid\u00ed no volver m\u00e1s, ya que sin ser profesional no me merec\u00eda la pena aguantar aquello, por lo que me largu\u00e9 a jugar al baloncesto al equipo de mi colegio.<\/span><\/p>\n<p align=\"JUSTIFY\"><span style=\"color: #000080; font-size: medium;\">Cuando un ni\u00f1o o adolescente se decide a practicar un deporte, hay que motivarlo, animarlo, y por supuesto inculcarle algo de disciplina deportiva, \u00bfpor qu\u00e9 no? El deporte es fundamental para el desarrollo de los j\u00f3venes, pero no podemos permitir que un desafortunado entrenador o educador torne lo que ha de ser una gran y valiosa experiencia a doloroso trauma. Ahora bien, cuando uno es profesional, y sabe donde se ha metido, lo m\u00ednimo que puede esperar es que le exijan dar lo mejor de s\u00ed mismo, profesionalidad a toda prueba, como cualquier trabajador en una empresa. Tiene que ser dif\u00edcil ser entrenador, y m\u00e1s cuando te ves obligado a trabajar con deportistas j\u00f3venes que aun dotados del arte del deporte que practican no muestran semejante dotes mentales ni de educaci\u00f3n.<\/span><\/p>\n<div id=\"attachment_1207\" style=\"width: 310px\" class=\"wp-caption alignnone\"><a href=\"\/loch-lomond\/wp-content\/uploads\/sites\/10\/2012\/09\/Stoichkov-Ur\u00edzar.jpg\"><img aria-describedby=\"caption-attachment-1207\" loading=\"lazy\" class=\"size-medium wp-image-1207\" title=\"Stoichkov Ur\u00edzar\" src=\"\/loch-lomond\/wp-content\/uploads\/sites\/10\/2012\/09\/Stoichkov-Ur\u00edzar.jpg\" alt=\"Desde el pisot\u00f3n del animal de Stoichkov, Ur\u00edzar Azpitarte no puede escuchar el gran \u00e9xito de Alejandro Sanz \"Pisando fuerte\"\" width=\"300\" height=\"225\" srcset=\"https:\/\/static-blogs.hoy.es\/wp-content\/uploads\/sites\/10\/2012\/09\/Stoichkov-Ur\u00edzar.jpg 700w, https:\/\/static-blogs.hoy.es\/wp-content\/uploads\/sites\/10\/2012\/09\/Stoichkov-Ur\u00edzar-300x225.jpg 300w\" sizes=\"(max-width: 300px) 100vw, 300px\" \/><\/a><p id=\"caption-attachment-1207\" class=\"wp-caption-text\"><\/span><\/p><\/div>\n<p align=\"JUSTIFY\"><span style=\"color: #000080; font-size: medium;\">Todo este asunto de Anna Tarr\u00e9s y las chicas de nataci\u00f3n sincronizada huele raro desde el principio. Como sabr\u00e1n, 15 nadadoras denunciaron en una dura carta las supuestas malas artes y especiales abusos que la ex seleccionadora emple\u00f3 durante sus a\u00f1os al frente del equipo nacional. Todo esto se produce cuando el presidente Fernando Carpena decide no renovar a la catalana, por lo que la ex seleccionadora cree que el presidente est\u00e1 detr\u00e1s de todo este asunto y va a presentar una querella, e igualmente estudia demandar a las nadadoras que tan graves acusaciones han presentado contra ella. No creo, entre nosotros, que Anna Tarr\u00e9s sea una santa, para qu\u00e9 nos vamos a enga\u00f1ar, pero desde luego su \u00e9xito como entrenadora est\u00e1 por encima de debate alguno, sus logros deportivos as\u00ed lo avalan. Supongo, que como cualquiera, alg\u00fan d\u00eda habr\u00e1 perdido los papeles, y habr\u00e1 escupido por la bocaza alguna barbaridad, como me pasar\u00eda a m\u00ed si fuera el entrenador de un equipo y mis jugadores no dieran todo lo que espero de ellos.<\/span><\/p>\n<p align=\"JUSTIFY\"><span style=\"color: #000080; font-size: medium;\">Aun recuerdo aquella vez que Luis Aragon\u00e9s casi se come vivo a Eto\u00b4o, otro excepcional deportista cortito de mollera y entendederas, cuando tir\u00f3 al suelo la camiseta del equipo que le pagaba su ficha (por aquel entonces el Mallorca). \u00a1Lo que tuvo que aguantar en su d\u00eda el bueno de Johan Cruyff con el inaguantable Stoichkov. Aun recuerdo el pisot\u00f3n a Urizar Azpitarte en aquella Supercopa de Espa\u00f1a que le vali\u00f3 una larga temporada de suspensi\u00f3n. Si yo hubiera sido el entrenador, les aseguro que esa noche me tienen que encerrar porque literalmente me hubiera puesto a repartirle hostias como panes.<\/span><\/p>\n<div id=\"attachment_1208\" style=\"width: 310px\" class=\"wp-caption alignnone\"><a href=\"\/loch-lomond\/wp-content\/uploads\/sites\/10\/2012\/09\/homer-Simpson-culpable.jpg\"><img aria-describedby=\"caption-attachment-1208\" loading=\"lazy\" class=\"size-medium wp-image-1208\" title=\"homer Simpson culpable\" src=\"\/loch-lomond\/wp-content\/uploads\/sites\/10\/2012\/09\/homer-Simpson-culpable.jpg\" alt=\"En este pa\u00eds todo el mundo es culpable hasta que se demuetre lo contrario. Spain is different\" width=\"300\" height=\"209\" srcset=\"https:\/\/static-blogs.hoy.es\/wp-content\/uploads\/sites\/10\/2012\/09\/homer-Simpson-culpable.jpg 320w, https:\/\/static-blogs.hoy.es\/wp-content\/uploads\/sites\/10\/2012\/09\/homer-Simpson-culpable-300x209.jpg 300w\" sizes=\"(max-width: 300px) 100vw, 300px\" \/><\/a><p id=\"caption-attachment-1208\" class=\"wp-caption-text\">En este pa\u00eds todo el mundo es culpable hasta que se demuetre lo contrario. Spain is different<\/p><\/div>\n<p><span style=\"color: #000080; font-size: medium;\">Ser profesional del deporte es algo muy duro, y no todo el mundo est\u00e1 preparado para ello. En todos los trabajos se producen tensiones debidos a momentos de mucha presi\u00f3n, pero no se puede poner uno a llorar porque te den tres voces m\u00e1s altas que otras. Ante la carta de denuncia de las quince nadadoras perm\u00edtanme que el menda ofrezca sus reservas. Nunca me f\u00edo cuando ese tipo de cosas se producen al despedir al sujeto en cuesti\u00f3n y no en el momento de los hechos que se denuncian. Esperemos ver pronto claridad en este asunto, y que se exijan responsabilidades a quien corresponda. Aunque pase lo que pase el da\u00f1o ya est\u00e1 hecho. Anna Tarr\u00e9s puede alegar que no hay pruebas, que las acusaciones son infundadas, que todo es un complot&#8230; Pero ser\u00e1 en vano. En este pa\u00eds todo el mundo es culpable hasta que se demuestre lo contrario&#8230; y ni aun as\u00ed. &#8220;Spain is different&#8221;.<\/span><\/p>\n<p><span style=\"color: #000000;\"><em>Publicado en Diario HOY el 30\/09\/2012<\/em><\/span><\/p>\n<p><span style=\"color: #000000;\"><a href=\"http:\/\/hoy.kioskoymas.com\/epaper\/showlink.aspx?bookmarkid=UM9Q7CKFP0C7&#038;preview=magnifier&#038;linkid=a4540fe2-1837-4f9c-8877-0c6e8930757b&#038;pdaffid=1NEHCXDv4QZRFanP7KJR9A%3d%3d\"><img src=\"\/\/cache2-thumb1.pressdisplay.com\/pressdisplay\/docserver\/getimage.aspx?file=22012012093000000000001001&#038;page=32&#038;scale=23\" alt=\"\" \/><\/a><\/span><\/p>\n<!-- AddThis Advanced Settings generic via filter on the_content --><!-- AddThis Share Buttons generic via filter on the_content -->","protected":false},"excerpt":{"rendered":"<p>&nbsp; Enrique Falc\u00f3. Defensor del deporte &nbsp; A finales del a\u00f1o 1989, con once a\u00f1os y preso de la emoci\u00f3n del inminente Mundial de Italia 90, me sum\u00e9 a un equipo de f\u00fatbol de nueva creaci\u00f3n en mi ciudad. Todos quer\u00edamos convertirnos en grandes futbolistas, imitar la haza\u00f1a del gran Maradona del 86, o incluso [&hellip;]<!-- AddThis Advanced Settings generic via filter on get_the_excerpt --><!-- AddThis Share Buttons generic via filter on get_the_excerpt --><\/p>\n","protected":false},"author":14,"featured_media":0,"comment_status":"open","ping_status":"closed","sticky":false,"template":"","format":"standard","meta":[],"categories":[8],"tags":[121,133,154,193,262,437,474,818,1279,1515,1556,1578,1606,1806,1826,1894,1944,2068,2131,2217,2279,2414,2491,2649,2687,2728,3103,3196,3205,3269,3287,3307,3317,3454,3498,3632,3674,3888,4768,4779,5074,5150,5187],"_links":{"self":[{"href":"https:\/\/blogs.hoy.es\/loch-lomond\/wp-json\/wp\/v2\/posts\/1203"}],"collection":[{"href":"https:\/\/blogs.hoy.es\/loch-lomond\/wp-json\/wp\/v2\/posts"}],"about":[{"href":"https:\/\/blogs.hoy.es\/loch-lomond\/wp-json\/wp\/v2\/types\/post"}],"author":[{"embeddable":true,"href":"https:\/\/blogs.hoy.es\/loch-lomond\/wp-json\/wp\/v2\/users\/14"}],"replies":[{"embeddable":true,"href":"https:\/\/blogs.hoy.es\/loch-lomond\/wp-json\/wp\/v2\/comments?post=1203"}],"version-history":[{"count":0,"href":"https:\/\/blogs.hoy.es\/loch-lomond\/wp-json\/wp\/v2\/posts\/1203\/revisions"}],"wp:attachment":[{"href":"https:\/\/blogs.hoy.es\/loch-lomond\/wp-json\/wp\/v2\/media?parent=1203"}],"wp:term":[{"taxonomy":"category","embeddable":true,"href":"https:\/\/blogs.hoy.es\/loch-lomond\/wp-json\/wp\/v2\/categories?post=1203"},{"taxonomy":"post_tag","embeddable":true,"href":"https:\/\/blogs.hoy.es\/loch-lomond\/wp-json\/wp\/v2\/tags?post=1203"}],"curies":[{"name":"wp","href":"https:\/\/api.w.org\/{rel}","templated":true}]}}