{"id":1217,"date":"2012-10-07T16:32:36","date_gmt":"2012-10-07T15:32:36","guid":{"rendered":"http:\/\/blogs.hoy.es\/loch-lomond\/?p=1217"},"modified":"2012-10-07T16:32:36","modified_gmt":"2012-10-07T15:32:36","slug":"millan-salcedo-en-sus-13","status":"publish","type":"post","link":"https:\/\/blogs.hoy.es\/loch-lomond\/2012\/10\/07\/millan-salcedo-en-sus-13\/","title":{"rendered":"Mill\u00e1n Salcedo; en sus 13"},"content":{"rendered":"<p>&nbsp;<\/p>\n<p style=\"text-align: center;\" align=\"JUSTIFY\"><span style=\"color: #000000; font-size: medium;\"><strong>Enrique Falc\u00f3<\/strong>. Un t\u00edo con sentido del humor<\/span><\/p>\n<div id=\"attachment_1218\" style=\"width: 330px\" class=\"wp-caption aligncenter\"><a href=\"\/loch-lomond\/wp-content\/uploads\/sites\/10\/2012\/10\/digamelon.jpg\"><img aria-describedby=\"caption-attachment-1218\" loading=\"lazy\" class=\"size-full wp-image-1218\" title=\"digamelon\" src=\"\/loch-lomond\/wp-content\/uploads\/sites\/10\/2012\/10\/digamelon.jpg\" alt=\"Por m\u00e1s veces que he visto esta imagen no hay manera... sigo parti\u00e9ndome! DIGAMEL\u00d3N!\" width=\"320\" height=\"259\" srcset=\"https:\/\/static-blogs.hoy.es\/wp-content\/uploads\/sites\/10\/2012\/10\/digamelon.jpg 320w, https:\/\/static-blogs.hoy.es\/wp-content\/uploads\/sites\/10\/2012\/10\/digamelon-300x243.jpg 300w\" sizes=\"(max-width: 320px) 100vw, 320px\" \/><\/a><p id=\"caption-attachment-1218\" class=\"wp-caption-text\">Por m\u00e1s veces que he visto esta imagen no hay manera... sigo parti\u00e9ndome! DIGAMEL\u00d3N!<\/p><\/div>\n<p align=\"JUSTIFY\"><span style=\"color: #000000; font-size: medium;\">Ya me conocen. Cuando algo me apasiona, como por ejemplo <strong><a title=\"Tint\u00edn es inocente\" href=\"https:\/\/blogs.hoy.es\/loch-lomond\/2011\/10\/02\/tintin-es-inocente\/\" target=\"_blank\"><span style=\"color: #000000;\">Tint\u00edn<\/span><\/a> o <a title=\"Strawberry Fields Forever\" href=\"https:\/\/blogs.hoy.es\/loch-lomond\/2011\/12\/26\/strawberry-fields-forever\/\" target=\"_blank\"><span style=\"color: #000000;\">Los Beatles<\/span><\/a>, <\/strong>no soy de los que se conforman con el envoltorio. Ustedes ya me entienden. Siempre busco algo m\u00e1s, y me preocupo por saber de los <strong>artistas<\/strong>, de sus gustos, sus <strong>influencias<\/strong>, y de conocer los aspectos importantes de su vida que han podido influir en su <strong>obra<\/strong>. <strong>El saber no solo no ocupa lugar<\/strong>, sino que <strong>enriquece<\/strong> aun m\u00e1s esas peque\u00f1as cosas que te vuelven loco. <\/span><\/p>\n<p align=\"JUSTIFY\">\n<p align=\"JUSTIFY\"><span style=\"color: #000000; font-size: medium;\"><strong>La m\u00fasica, la literatura, el cine, Internet o la propia televisi\u00f3n<\/strong> han transformado mi manera de entender y enfrentarme a la vida. Pero existe una de ellas, de las que ya les habl\u00e9 hace a\u00f1os, que se me antoja insustituible en esa imposible utop\u00eda que supone la <strong>consecuci\u00f3n de la felicidad<\/strong>. Me refiero naturalmente al <strong>sentido del<\/strong> <strong><a title=\"Humor\" href=\"http:\/\/www.hoy.es\/v\/20100307\/opinion\/humor-20100307.html\" target=\"_blank\"><span style=\"color: #000000;\">humor<\/span><\/a>. <\/strong><\/span><\/p>\n<p align=\"JUSTIFY\">\n<p align=\"JUSTIFY\"><span style=\"color: #000000; font-size: medium;\">Desde que fui consciente de pertenecer a este mundo (<strong>el mundo mundial<\/strong> que dir\u00eda mi querido <a title=\"delinuentes\" href=\"https:\/\/blogs.hoy.es\/loch-lomond\/2012\/09\/17\/delincuentes\/\" target=\"_blank\"><span style=\"color: #000000;\">Manolito Gafotas<\/span><\/a>) mantengo la m\u00e1xima innegable de que <strong>el buen humor<\/strong>, adem\u00e1s de poseer <strong>propiedades curativas<\/strong>, siempre denota aspectos positivos en las grandes personas. <\/span><\/p>\n<p align=\"JUSTIFY\">\n<p align=\"JUSTIFY\"><span style=\"color: #000000; font-size: medium;\">Aquellos afortunados <strong>ostentosos de sentido del humor<\/strong> son infinitamente mejores personas que aquellos siesos que se mantienen sin arrugas en la cara a base de no retorcerla nunca de risa. Adem\u00e1s, quienes mantienen especial disposici\u00f3n a la risa muestran una <strong>inteligencia muy superior<\/strong> a la media de mortales, y no me extra\u00f1a.<\/span><\/p>\n<a href=\"\/loch-lomond\/wp-content\/uploads\/sites\/10\/2012\/10\/Martesy13-locomia.jpg\"><img loading=\"lazy\" class=\"size-full wp-image-1220\" title=\"Martesy13 locomia\" src=\"\/loch-lomond\/wp-content\/uploads\/sites\/10\/2012\/10\/Martesy13-locomia.jpg\" alt=\"Uno de los n\u00famero que recuerdo con m\u00e1s cari\u00f1o \"Arriba mariquita para arriba moviendo el pubis... y cajabox... y cajabox\"\" width=\"480\" height=\"360\" srcset=\"https:\/\/static-blogs.hoy.es\/wp-content\/uploads\/sites\/10\/2012\/10\/Martesy13-locomia.jpg 480w, https:\/\/static-blogs.hoy.es\/wp-content\/uploads\/sites\/10\/2012\/10\/Martesy13-locomia-300x225.jpg 300w\" sizes=\"(max-width: 480px) 100vw, 480px\" \/><\/a>\n<p class=\"wp-caption-dd\"><span style=\"color: #000000; font-size: medium;\">No puedo evitar referirme brevemente en estas l\u00edneas a grandes genios del humor. Por ejemplo al gran <strong>Gila<\/strong>: &#8220;Hab\u00eda un t\u00edo en la calle tumbado, como dormido, pero como hac\u00eda tres d\u00edas que no se levantaba llamamos al forense, que no era m\u00e9dico ni nada, ten\u00eda un Ford, y le llam\u00e1bamos el forense&#8221;. <\/span><\/p>\n<p class=\"wp-caption-dd\">\n<p class=\"wp-caption-dd\"><span style=\"color: #000000; font-size: medium;\">Inolvidables tambi\u00e9n los &#8220;<a title=\"El b\u00e1lsamo es un bicho\" href=\"https:\/\/blogs.hoy.es\/loch-lomond\/2012\/07\/29\/el-balsamo-es-un-bicho\/\" target=\"_blank\"><span style=\"color: #000000;\">Monty Phython<\/span><\/a>&#8221; (considero &#8220;<strong>La Vida de Brian<\/strong>&#8221; la mejor pel\u00edcula de la historia). El genial humorista <strong>Quino<\/strong> ha conseguido que nombres como <strong>Libertad, Susanita, Felipe, Manolito o<\/strong> <a title=\"Tigue\u00f1a nenito ti?\" href=\"https:\/\/blogs.hoy.es\/loch-lomond\/2011\/07\/26\/tiguena-nenito-ti\/\" target=\"_blank\"><span style=\"color: #000000;\">Guille<\/span><\/a> se pronuncien tal cual sin apellidos y que todos sepan que nos referimos al Universo Mafalda. Otros grandes genios que me han hecho llorar de la risa son &#8220;<strong>Faemino y Cansado<\/strong>&#8220;. Aun me parto recordando la primera vez que hicieron lo de: &#8220;Pareces un \u00e1guila. -\u00bfPor la pose? \u2013 No\u2026 por las u\u00f1as de los pies que parecen mejillones&#8221;. \u00a1<strong>Chiquito de la Calzada<\/strong>! \u00a1Qu\u00e9 grande! Tantos a\u00f1os despu\u00e9s seguimos recurriendo al nuevo lenguaje que cre\u00f3 para nosotros este <strong>pedaso de fistro sexuarl<\/strong> (l\u00e9ase con voz de <strong>Chiquito<\/strong>). No me olvido de otros cl\u00e1sico como <strong>Benny Hill<\/strong> que tanto me hizo re\u00edr de peque\u00f1o con su reconocible m\u00fasica y las im\u00e1genes que avanzaban a toda casta\u00f1a, o de <strong>Maricarmen y sus mu\u00f1ecos<\/strong>, y en menor medida, aunque tambi\u00e9n me han ofrecido grandes momentos, a c\u00f3micos como <strong>&#8220;Cruz y Raya&#8221;, &#8220;Los Morancos&#8221;, El Se\u00f1or Barrag\u00e1n, Pepe Viyuela o Pedro Reyes<\/strong>. Sin olvidar a los &#8220;<strong>chanantes<\/strong>&#8220;.<\/span><\/p>\n<div id=\"attachment_1221\" style=\"width: 410px\" class=\"wp-caption alignright\"><a href=\"\/loch-lomond\/wp-content\/uploads\/sites\/10\/2012\/10\/Encanna.jpg\"><img aria-describedby=\"caption-attachment-1221\" loading=\"lazy\" class=\"size-full wp-image-1221\" title=\"Encanna\" src=\"\/loch-lomond\/wp-content\/uploads\/sites\/10\/2012\/10\/Encanna.jpg\" alt=\"Encanna??? A mi padre casi le da un ataque de la risa aquella nochevieja viendo viva 86\" width=\"400\" height=\"300\" srcset=\"https:\/\/static-blogs.hoy.es\/wp-content\/uploads\/sites\/10\/2012\/10\/Encanna.jpg 400w, https:\/\/static-blogs.hoy.es\/wp-content\/uploads\/sites\/10\/2012\/10\/Encanna-300x225.jpg 300w\" sizes=\"(max-width: 400px) 100vw, 400px\" \/><\/a><p id=\"caption-attachment-1221\" class=\"wp-caption-text\">Encanna??? A mi padre casi le da un ataque de la risa aquella nochevieja viendo viva 86<\/p><\/div>\n<p class=\"wp-caption-dd\"><span style=\"color: #000000; font-size: medium;\">Pero sin duda, los (aunque imitados) inimitables &#8220;Martes y 13&#8221; figuran en lo m\u00e1s alto de mi particular p\u00f3dium de honor. Yo ya los conoc\u00ed como d\u00fao, y al igual que pr\u00e1cticamente toda la sociedad espa\u00f1ola, desde aquel inolvidable &#8220;Viva el 86&#8221;. Aquella noche, que cambiar\u00eda sus vidas (y la de todos) para siempre, les catapult\u00f3 al estrellato la parodia de la periodista <strong>Encarna S\u00e1nchez<\/strong> (lamentablemente siempre en el candelabro que dir\u00eda la <strong>Mazagatos<\/strong> por los morbosos programas rosa) y las famosas <strong>empanadillas de M\u00f3stoles<\/strong>. <\/span><\/p>\n<p class=\"wp-caption-dd\">\n<p class=\"wp-caption-dd\"><span style=\"color: #000000; font-size: medium;\">Con los a\u00f1os creo que han tenido actuaciones muy superiores, esa misma noche por ejemplo comenzaron con una divertid\u00edsima entrevista de <strong>Hermida (Josema)<\/strong> a <strong>Gloria Fuertes (Mill\u00e1n)<\/strong>, que presentaba su libro &#8220;<strong>En Usa no se usa la ensaladilla rusa<\/strong>&#8221; con tronchantes poemas como &#8220;<strong>El p\u00e1jaro pica, el gato ma\u00falla, la ara\u00f1a se escurre por ser tan capulla<\/strong>&#8221; (leer con voz de <strong>Gloria Fuertes<\/strong>). <\/span><\/p>\n<p class=\"wp-caption-dd\">\n<p class=\"wp-caption-dd\"><span style=\"color: #000000; font-size: medium;\">Los espasmos de <strong>Hermida-Josema<\/strong> eran desternillantes, y <strong>Gloria-Mill\u00e1n<\/strong> le increpaba cosas como &#8220;<strong>Este t\u00edo es m\u00e1s raro que un puesto de trabajo<\/strong>&#8221; (A d\u00eda de hoy no ha perdido nada de frescura lamentablemente). Pero lo de las empanadillas fue incre\u00edble en su momento. Todos tenemos un padre, una abuela o una t\u00eda que casi se mueren de risa aquella noche. Desde entonces &#8220;<strong>Martes y 13<\/strong>&#8221; se convirtieron durante muchos a\u00f1os en los n\u00fameros uno del humor y todos cont\u00e1bamos los d\u00edas que faltaban para no perdernos su <strong>especial de nochevieja<\/strong> que nos peg\u00e1bamos viendo el resto del a\u00f1o. <\/span><\/p>\n<p>&nbsp;<\/p>\n<div id=\"attachment_1222\" style=\"width: 310px\" class=\"wp-caption alignleft\"><a href=\"\/loch-lomond\/wp-content\/uploads\/sites\/10\/2012\/10\/Paca-Carmona.jpg\"><img aria-describedby=\"caption-attachment-1222\" loading=\"lazy\" class=\"size-medium wp-image-1222\" title=\"Paca Carmona\" src=\"\/loch-lomond\/wp-content\/uploads\/sites\/10\/2012\/10\/Paca-Carmona.jpg\" alt=\"Tu haces una gira por Soria y te forras hija la gran puta! Ole Paca Ole! Yo tengo una vaca blanca con manchas...\" width=\"300\" height=\"225\" srcset=\"https:\/\/static-blogs.hoy.es\/wp-content\/uploads\/sites\/10\/2012\/10\/Paca-Carmona.jpg 640w, https:\/\/static-blogs.hoy.es\/wp-content\/uploads\/sites\/10\/2012\/10\/Paca-Carmona-300x225.jpg 300w\" sizes=\"(max-width: 300px) 100vw, 300px\" \/><\/a><p id=\"caption-attachment-1222\" class=\"wp-caption-text\">Tu haces una gira por Soria y te forras hija la gran puta! Ole Paca Ole! Yo tengo una vaca blanca con manchas...<\/p><\/div>\n<p class=\"wp-caption-dd\">\n<p><span style=\"color: #000000; font-size: medium;\">De los dos grand\u00edsimos humoristas, el menda siempre sinti\u00f3 debilidad por <strong>Mill\u00e1n Salcedo<\/strong>, a quien constantemente he tratado de seguir los pasos tras la disoluci\u00f3n del d\u00fao. Su primer trabajo, la serie &#8220;<strong>Ketty no para<\/strong>&#8221; fue de lo m\u00e1s interesante, creativo y subrealista que se hab\u00eda emitido hasta entonces. Con &#8220;<strong>Un Mill\u00e1n de cosas<\/strong>&#8221; en <strong>Tele 5<\/strong> nos demostr\u00f3 que hab\u00eda sido algo m\u00e1s que el <strong>50 por ciento de Martes y 13<\/strong>, y dej\u00f3 para los fans y la historia un fabuloso <strong>gag<\/strong>, &#8220;<strong>La viuda de 13<\/strong>&#8221; donde relataba genialmente el porqu\u00e9 de la disoluci\u00f3n del famoso d\u00fao. Mill\u00e1n estuvo un tiempo trabajando en el <strong>Teatro<\/strong> (<strong>Los sobrinos del Capit\u00e1n Grant<\/strong>), e incluso tuvo tiempo de escribir <strong>tres libros<\/strong>, dos de los cuales, &#8220;<strong>Sufro bucho<\/strong>&#8221; y &#8220;<strong>En mis 13<\/strong>&#8221; recomiendo profundamente. <\/span><\/p>\n<p>&nbsp;<\/p>\n<p><span style=\"color: #000000; font-size: medium;\">M\u00e1s que nada porque en el primero hay mucho de m\u00ed, y fue uno de los libros que me anim\u00f3 a dar el salto y atreverme a escribir para los dem\u00e1s. Tras conseguir un m\u00e1s que discreto \u00e9xito con su espect\u00e1culo teatral &#8220;<strong>Yo me sub\u00ed a un piano verde<\/strong>&#8221; ahora se atreve con &#8220;<strong>De verden cuando<\/strong>&#8221; con el que quien suscribe le desea el mayor de los \u00e9xitos. <\/span><\/p>\n<p>&nbsp;<\/p>\n<p><span style=\"color: #000000; font-size: medium;\">Su pr\u00f3ximo estreno teatral fue la excusa que utiliz\u00f3 el programa de la ya caduca <strong>Mar\u00eda Teresa Campos<\/strong> &#8220;<strong>Qu\u00e9 tiempo tan feliz<\/strong>&#8221; para contar con la presencia de este <strong>genio del humor<\/strong>. Pero no nos enga\u00f1emos, bajo una falsa adulaci\u00f3n, la vieja Teresa, a trav\u00e9s de <strong>momias del mundo del coraz\u00f3n<\/strong> como el desfasado <strong>Carlos Ferrando<\/strong> y la impresentable <strong>Cristina Fern\u00e1ndez<\/strong>, o incluso de <strong>ex jovencitas de anta\u00f1o buen ver<\/strong> y dudosa reputaci\u00f3n como <strong>Makoke<\/strong>, trataban de tirar de la lengua al bueno de Mill\u00e1n sobre escabrosos asuntos relacionados con <strong>Encarna S\u00e1nchez y Anita Obreg\u00f3n.<\/strong> <\/span><\/p>\n<p>&nbsp;<\/p>\n<p><span style=\"color: #000000; font-size: medium;\">Salcedo, un t\u00edo con m\u00e1s tablas que <strong>el fuerte de los Cliks de Playm\u00f3bil<\/strong> y con una inteligencia muy superior al tipo de invitados con el que suele contar el programa, se los merend\u00f3 con la maestr\u00eda que otorga llevar m\u00e1s de <strong>40 a\u00f1os en el mundo del espect\u00e1culo<\/strong>. El gran Mill\u00e1n Salcedo lo dej\u00f3 claro. Se mantuvo <strong>en sus 13<\/strong>. <strong>Abst\u00e9nganse buscadores de morbo<\/strong>. A \u00e9l solo le interesa agradar al p\u00fablico y <strong>hacer &#8220;de&#8221; re\u00edr<\/strong>. &#8220;\u00a1<strong>Ole Paca ole<\/strong>!&#8221;.<\/span><\/p>\n<p>&nbsp;<\/p>\n<a href=\"\/loch-lomond\/wp-content\/uploads\/sites\/10\/2012\/10\/millan_salcedo_verden_cuando.jpg\"><img loading=\"lazy\" class=\"size-medium wp-image-1223\" title=\"funcion A4 zaragoza cultural\" src=\"\/loch-lomond\/wp-content\/uploads\/sites\/10\/2012\/10\/millan_salcedo_verden_cuando.jpg\" alt=\"Mill\u00e1n Salcedo se mantiene en sus 13 \"Abt\u00e9nganse buscadores de morbo\" \u00c9l solo pretende hacer \"de\" reir. \u00a1Qu\u00e9 t\u00edo m\u00e1s grande!\" width=\"209\" height=\"300\" srcset=\"https:\/\/static-blogs.hoy.es\/wp-content\/uploads\/sites\/10\/2012\/10\/millan_salcedo_verden_cuando.jpg 487w, https:\/\/static-blogs.hoy.es\/wp-content\/uploads\/sites\/10\/2012\/10\/millan_salcedo_verden_cuando-210x300.jpg 210w\" sizes=\"(max-width: 209px) 100vw, 209px\" \/><\/a>\n<p class=\"wp-caption-dd\">\n<p><span style=\"color: #000000; font-size: medium;\">\u00a0Reconozco que <strong>no puedo ser imparcial con Mill\u00e1n Salcedo<\/strong>, y que es a m\u00ed me tiene ganado de por vida. Un &#8220;<strong>f\u00edjate<\/strong>&#8221; suyo o un &#8220;<strong>digamel\u00f3n<\/strong>&#8221; ya consiguen que me <strong>despiporre de la risa<\/strong> y me ponga de <strong>buen humor para todo el mes<\/strong>. <\/span><\/p>\n<p><span style=\"color: #000000; font-size: medium;\"><strong>Me gusta la gente como Salcedo<\/strong>, t\u00edos, como \u00e9l mismo dice, que <strong>se r\u00eden de s\u00ed &#8220;bisbo&#8221;<\/strong>, pues <strong>el sentido del humor es el \u00fanico ox\u00edgeno respirable<\/strong>. <\/span><\/p>\n<p><span style=\"color: #000000; font-size: medium;\">Existen quienes parecen desconocer que <strong>la boca, adem\u00e1s de para soltar sandeces, sirve para sonre\u00edr\u2026 y para regalar sonrisas<\/strong>. Como dir\u00eda <strong>el genio de Brazatortas<\/strong>: &#8220;<strong>lo tengo\u2026 lo tengo en la punta de la lengua<\/strong>&#8220;.<\/span><\/p>\n<p>&nbsp;<\/p>\n<p style=\"text-align: center;\"><span style=\"color: #000000;\"><em><span style=\"font-size: medium;\">Publicado en <strong>Diario HOY<\/strong> el 07\/10\/2012<\/span><\/em><\/span><\/p>\n<p><span style=\"color: #000000;\"><em><span style=\"font-size: medium;\"><a href=\"http:\/\/hoy.kioskoymas.com\/epaper\/showlink.aspx?bookmarkid=1PCOQKSGB8E2&#038;preview=magnifier&#038;linkid=1b474865-bace-4607-8578-7fb71928a8dd&#038;pdaffid=1NEHCXDv4QZRFanP7KJR9A%3d%3d\"><span style=\"color: #000000;\"><img class=\"aligncenter\" src=\"\/\/cache2-thumb1.pressdisplay.com\/pressdisplay\/docserver\/getimage.aspx?file=22012012100700000000001001&#038;page=32&#038;scale=23\" alt=\"\" \/><\/span><\/a><\/span><\/em><\/span><\/p>\n<!-- AddThis Advanced Settings generic via filter on the_content --><!-- AddThis Share Buttons generic via filter on the_content -->","protected":false},"excerpt":{"rendered":"<p>&nbsp; Enrique Falc\u00f3. Un t\u00edo con sentido del humor Ya me conocen. Cuando algo me apasiona, como por ejemplo Tint\u00edn o Los Beatles, no soy de los que se conforman con el envoltorio. Ustedes ya me entienden. Siempre busco algo m\u00e1s, y me preocupo por saber de los artistas, de sus gustos, sus influencias, y [&hellip;]<!-- AddThis Advanced Settings generic via filter on get_the_excerpt --><!-- AddThis Share Buttons generic via filter on get_the_excerpt --><\/p>\n","protected":false},"author":14,"featured_media":0,"comment_status":"open","ping_status":"closed","sticky":false,"template":"","format":"standard","meta":[],"categories":[8],"tags":[276,356,537,598,626,811,920,955,1025,1234,1250,1327,1439,1454,1515,1682,1709,1712,1766,1780,1785,1789,1790,1806,1886,1888,2001,2021,2036,2069,2100,2268,2282,2292,2353,2378,2396,2406,2516,2517,2590,2761,2831,2929,2933,3042,3095,3103,3129,3159,3177,3231,3244,3285,3286,3336,3339,3359,3390,3494,3495,3530,3541,3544,3777,3843,3963,3989,4277,4306,4318,4483,4556,4647,4750,4808,4837,4986,5105,5130,5281,5346,5350],"_links":{"self":[{"href":"https:\/\/blogs.hoy.es\/loch-lomond\/wp-json\/wp\/v2\/posts\/1217"}],"collection":[{"href":"https:\/\/blogs.hoy.es\/loch-lomond\/wp-json\/wp\/v2\/posts"}],"about":[{"href":"https:\/\/blogs.hoy.es\/loch-lomond\/wp-json\/wp\/v2\/types\/post"}],"author":[{"embeddable":true,"href":"https:\/\/blogs.hoy.es\/loch-lomond\/wp-json\/wp\/v2\/users\/14"}],"replies":[{"embeddable":true,"href":"https:\/\/blogs.hoy.es\/loch-lomond\/wp-json\/wp\/v2\/comments?post=1217"}],"version-history":[{"count":0,"href":"https:\/\/blogs.hoy.es\/loch-lomond\/wp-json\/wp\/v2\/posts\/1217\/revisions"}],"wp:attachment":[{"href":"https:\/\/blogs.hoy.es\/loch-lomond\/wp-json\/wp\/v2\/media?parent=1217"}],"wp:term":[{"taxonomy":"category","embeddable":true,"href":"https:\/\/blogs.hoy.es\/loch-lomond\/wp-json\/wp\/v2\/categories?post=1217"},{"taxonomy":"post_tag","embeddable":true,"href":"https:\/\/blogs.hoy.es\/loch-lomond\/wp-json\/wp\/v2\/tags?post=1217"}],"curies":[{"name":"wp","href":"https:\/\/api.w.org\/{rel}","templated":true}]}}