{"id":1230,"date":"2012-10-15T13:08:48","date_gmt":"2012-10-15T12:08:48","guid":{"rendered":"http:\/\/blogs.hoy.es\/loch-lomond\/?p=1230"},"modified":"2012-10-15T13:08:48","modified_gmt":"2012-10-15T12:08:48","slug":"una-bandera-y-tres-colores","status":"publish","type":"post","link":"https:\/\/blogs.hoy.es\/loch-lomond\/2012\/10\/15\/una-bandera-y-tres-colores\/","title":{"rendered":"Una bandera y tres colores"},"content":{"rendered":"<p>&nbsp;<\/p>\n<p style=\"text-align: center;\"><span style=\"color: #000000; font-size: medium;\"><strong>Enrique Falc\u00f3<\/strong>. Orgulloso de lucir la bandera de su pa\u00eds<\/span><\/p>\n<p>&nbsp;<\/p>\n<div class=\"mceTemp mceIEcenter\">\n<div id=\"attachment_1232\" style=\"width: 310px\" class=\"wp-caption aligncenter\"><a href=\"\/loch-lomond\/wp-content\/uploads\/sites\/10\/2012\/10\/Una-bandera-y-tres-colores.jpg\"><img aria-describedby=\"caption-attachment-1232\" loading=\"lazy\" class=\"size-medium wp-image-1232\" title=\"Una bandera y tres colores\" src=\"\/loch-lomond\/wp-content\/uploads\/sites\/10\/2012\/10\/Una-bandera-y-tres-colores.jpg\" alt=\"Una bandera y tres colores. Roja, amarilla y roja... \u00a1Quien no quiera verlo es ciego!\" width=\"300\" height=\"200\" srcset=\"https:\/\/static-blogs.hoy.es\/wp-content\/uploads\/sites\/10\/2012\/10\/Una-bandera-y-tres-colores.jpg 1200w, https:\/\/static-blogs.hoy.es\/wp-content\/uploads\/sites\/10\/2012\/10\/Una-bandera-y-tres-colores-300x200.jpg 300w, https:\/\/static-blogs.hoy.es\/wp-content\/uploads\/sites\/10\/2012\/10\/Una-bandera-y-tres-colores-768x513.jpg 768w, https:\/\/static-blogs.hoy.es\/wp-content\/uploads\/sites\/10\/2012\/10\/Una-bandera-y-tres-colores-1024x684.jpg 1024w\" sizes=\"(max-width: 300px) 100vw, 300px\" \/><\/a><p id=\"caption-attachment-1232\" class=\"wp-caption-text\">Una bandera y tres colores. Roja, amarilla y roja... \u00a1Quien no quiera verlo es ciego!<\/p><\/div>\n<\/div>\n<p align=\"JUSTIFY\">\n<p align=\"JUSTIFY\"><span style=\"color: #000000; font-size: medium;\">Desde bien peque\u00f1o (como dir\u00eda <strong><a title=\"Mil\u00e1n Salcedo; en sus 13\" href=\"https:\/\/blogs.hoy.es\/loch-lomond\/2012\/10\/07\/millan-salcedo-en-sus-13\/\" target=\"_blank\"><span style=\"color: #000000;\">Mill\u00e1n Salcedo<\/span><\/a>: <\/strong>Recuerdo que era muy ni\u00f1o cuando nac\u00ed) <strong>la bandera de Espa\u00f1a<\/strong> siempre llamo mi atenci\u00f3n por lo bonito de <strong>sus colores<\/strong>. Nada menos que <strong>el rojo y el amarillo<\/strong>, mis dos colores favoritos. Nunca entend\u00ed aquello de<strong> roja y gualda<\/strong>, que total, igual da. Aunque eso de los <strong>dos colores tard\u00e9 un poco m\u00e1s de la cuenta en asimilarlo<\/strong>, tanto el menda como sus compa\u00f1eros de pupitre. <\/span><\/p>\n<p align=\"JUSTIFY\"><span style=\"color: #000000; font-size: medium;\">A\u00fan recuerdo a la pobre <strong>do\u00f1a Loli M\u00e1rquez<\/strong>, mi &#8220;se\u00f1o&#8221; de <strong>primero de EGB<\/strong> en <a title=\"General Navarro\" href=\"https:\/\/blogs.hoy.es\/loch-lomond\/2010\/06\/20\/general-navarro\/\" target=\"_blank\"><span style=\"color: #000000;\">el General Navarro<\/span><\/a> (<strong>El mejor colegio de Badajoz<\/strong>), cuando intentaba sin \u00e9xito ense\u00f1arnos <strong>c\u00f3mo eran las banderas de nuestro pa\u00eds <a title=\"\u00a1Qu\u00e9 vida tan divertida!\" href=\"https:\/\/blogs.hoy.es\/loch-lomond\/2012\/09\/11\/que-vida-tan-divertida\/\" target=\"_blank\"><span style=\"color: #000000;\">y nuestra comunidad aut\u00f3noma.<\/span><\/a><\/strong><\/span><\/p>\n<div id=\"attachment_1233\" style=\"width: 361px\" class=\"wp-caption alignleft\"><strong><a href=\"\/loch-lomond\/wp-content\/uploads\/sites\/10\/2012\/10\/bandera-extremadura-1.jpg\"><img aria-describedby=\"caption-attachment-1233\" loading=\"lazy\" class=\"size-full wp-image-1233\" title=\"bandera-extremadura-1\" src=\"\/loch-lomond\/wp-content\/uploads\/sites\/10\/2012\/10\/bandera-extremadura-1.jpg\" alt=\"Con la bandera de Extremadura no hubo problema. Tres colores, Verde, blanca y negra.\" width=\"351\" height=\"398\" srcset=\"https:\/\/static-blogs.hoy.es\/wp-content\/uploads\/sites\/10\/2012\/10\/bandera-extremadura-1.jpg 351w, https:\/\/static-blogs.hoy.es\/wp-content\/uploads\/sites\/10\/2012\/10\/bandera-extremadura-1-265x300.jpg 265w\" sizes=\"(max-width: 351px) 100vw, 351px\" \/><\/a><\/strong><p id=\"caption-attachment-1233\" class=\"wp-caption-text\">Con la bandera de Extremadura no hubo problema. Tres colores, Verde, blanca y negra.<\/p><\/div>\n<p class=\"wp-caption-dd\"><span style=\"color: #000000; font-size: medium;\"><strong>\u00a0\u00a0\u00a0\u00a0 Con la de Extremadura no hubo problema<\/strong> alguno y todo qued\u00f3 bien claro desde el principio. &#8220;Ni\u00f1os&#8221; \u2013preguntaba en voz alta <strong>do\u00f1a Loli<\/strong> \u2013 &#8220;\u00bfCuantos <strong>colores<\/strong> tiene <strong>la bandera de Extremadura<\/strong>?&#8221; \u2013 &#8220;\u00a1<strong>Tres<\/strong>!&#8221; &#8211; Grit\u00e1bamos bien alto al un\u00edsono. &#8220;\u00bfY como es?&#8221; Volv\u00eda a preguntar do\u00f1a Loli \u2013 &#8220;\u00a1<strong>Verde, blanca y negra<\/strong>!&#8221;. <\/span><\/p>\n<p class=\"wp-caption-dd\">\n<p class=\"wp-caption-dd\"><span style=\"color: #000000; font-size: medium;\">Hasta ah\u00ed todo perfecto. Pero de repente lleg\u00e1bamos a <strong>la ense\u00f1a nacional<\/strong> y aquello ya no estaba tan claro. &#8220;Ni\u00f1os, \u00bfCuantos colores tiene <strong>la bandera de Espa\u00f1a<\/strong>? &#8220;\u00a1<strong>Tres<\/strong>!&#8221; volv\u00edamos a gritar a viva voz para desesperaci\u00f3n de <strong>do\u00f1a Loli<\/strong>. &#8220;<strong>Roja, amarilla y roja<\/strong>&#8220;. <\/span><\/p>\n<p class=\"wp-caption-dd\">\n<p class=\"wp-caption-dd\"><span style=\"color: #000000; font-size: medium;\"><strong>Do\u00f1a Loli<\/strong> intentaba corregirnos &#8220;No ni\u00f1os, son <strong>dos colores<\/strong>\u2026&#8221; &#8220;\u00a1<strong>Tres<\/strong>!&#8221; volv\u00edamos a gritar incapaces de concebir en nuestra mente que nuestra propia profesora no tuviera tan claro como nosotros una cuesti\u00f3n que era tan cristalina como evidente. &#8220;No, ni\u00f1os&#8221; &#8211; Do\u00f1a Loli lo intentaba una vez m\u00e1s &#8211; &#8220;<strong>La bandera de Espa\u00f1a tiene tres franjas, pero son s\u00f3lo dos colores<\/strong> porque\u2026&#8221; &#8220;\u00a1<strong>Tres<\/strong>!&#8221; Grit\u00e1bamos de nuevo. Y <strong>do\u00f1a Loli nos dejaba y nos daba por imposibles<\/strong>. Y es que a nosotros, cuando nos acostumbr\u00e1bamos mentalmente a algo, era muy dif\u00edcil hacernos cambiar de opini\u00f3n. <strong>No sab\u00edamos qu\u00e9 era eso de franjas ni nos interesaba lo m\u00e1s m\u00ednimo<\/strong>. Para nosotros <strong>la bandera de Espa\u00f1a ten\u00eda tres colores, y era roja, amarilla y roja<\/strong>. Quien no lo viera era ciego, as\u00ed de claro, y nadie iba a hacernos caer del burro.<\/span><\/p>\n<div id=\"attachment_1234\" style=\"width: 310px\" class=\"wp-caption alignright\"><a href=\"\/loch-lomond\/wp-content\/uploads\/sites\/10\/2012\/10\/Gasol-Bandera-Espa\u00f1a.jpg\"><img aria-describedby=\"caption-attachment-1234\" loading=\"lazy\" class=\"size-medium wp-image-1234\" title=\"Gasol Bandera Espa\u00f1a\" src=\"\/loch-lomond\/wp-content\/uploads\/sites\/10\/2012\/10\/Gasol-Bandera-Espa\u00f1a.jpg\" alt=\"A muchos les molest\u00f3 en su d\u00eda que Gasol fuera el abanderado ol\u00edmpico. A \u00e9l se le ve encantado.\" width=\"300\" height=\"174\" srcset=\"https:\/\/static-blogs.hoy.es\/wp-content\/uploads\/sites\/10\/2012\/10\/Gasol-Bandera-Espa\u00f1a.jpg 944w, https:\/\/static-blogs.hoy.es\/wp-content\/uploads\/sites\/10\/2012\/10\/Gasol-Bandera-Espa\u00f1a-300x175.jpg 300w, https:\/\/static-blogs.hoy.es\/wp-content\/uploads\/sites\/10\/2012\/10\/Gasol-Bandera-Espa\u00f1a-768x447.jpg 768w\" sizes=\"(max-width: 300px) 100vw, 300px\" \/><\/a><p id=\"caption-attachment-1234\" class=\"wp-caption-text\">A muchos les molest\u00f3 en su d\u00eda que Gasol fuera el abanderado ol\u00edmpico. A \u00e9l se le ve encantado.<\/p><\/div>\n<p class=\"wp-caption-dd\"><span style=\"color: #000000; font-size: medium;\">Sirva esta <strong>simp\u00e1tica an\u00e9cdota<\/strong>, mis queridos y desocupados lectores, para mostrarles y hacerles entender que <strong>jam\u00e1s la bandera de Espa\u00f1a ha supuesto problema alguno en mi persona<\/strong>, y cuanto menos nunca ha servido para hacerme una mala idea de aquellas\u00a0 que la ostentan sin complejo alguno. Bonita y llamativa, con mis dos colores (\u00a1tres!) favoritos, <strong>no despierta m\u00e1s que emociones positivas y una peque\u00f1a brizna de orgullo y satisfacci\u00f3n<\/strong>. <\/span><\/p>\n<p class=\"wp-caption-dd\">\n<p class=\"wp-caption-dd\"><span style=\"color: #000000; font-size: medium;\"><strong>Con o sin escudo nacional. Jam\u00e1s con el rancio \u00e1guila franquista ni con el hortera toro de Osborne<\/strong> que \u00faltimamente tanto se prodiga. A m\u00ed, el <a title=\"Los pollos de Portugal\" href=\"https:\/\/blogs.hoy.es\/loch-lomond\/2011\/10\/27\/los-pollos-de-portugal\/\" target=\"_blank\"><span style=\"color: #000000;\">pollo<\/span><\/a> me gusta a la plancha, y soy m\u00e1s de f\u00fatbol que de toros. Ustedes ya me entienden.<\/span><\/p>\n<p class=\"wp-caption-dd\">\n<p align=\"JUSTIFY\"><span style=\"color: #000000; font-size: medium;\">El pasado <strong>12 de octubre<\/strong>, fiesta nacional aunque algunos tuvimos que currar como si fuera un d\u00eda de diario, de la manera m\u00e1s natural, <strong>muchos ciudadanos espa\u00f1oles colgaron su bandera en el balc\u00f3n de sus casas<\/strong>. Quien suscribe no tuvo que hacerlo, pues <strong>sigue ondeando la misma ense\u00f1a que <a title=\"los cu\u00f1apas\" href=\"https:\/\/blogs.hoy.es\/loch-lomond\/2011\/03\/24\/los-cunapas\/\" target=\"_blank\"><span style=\"color: #000000;\">mi &#8220;cu\u00f1apa&#8221; Jes\u00fas<\/span><\/a> me regal\u00f3 pocos d\u00edas antes de la Eurocopa 2012<\/strong>. Desde el momento en que la colgu\u00e9, luci\u00f3 tan bonita, que decid\u00ed que <strong>all\u00ed se quedar\u00eda para siempre,<\/strong> hasta que consumida por la lluvia y el viento callera a fundirse en el asfalto para ser sustituida por otra. <\/span><\/p>\n<p align=\"JUSTIFY\">\n<p align=\"JUSTIFY\"><span style=\"color: #000000; font-size: medium;\"><strong>Para septiembre del a\u00f1o que viene a\u00f1adir\u00e9 la de Extremadura<\/strong>. Este a\u00f1o no tuve tiempo, con la organizaci\u00f3n del viaje para la boda de mi amigo &#8220;<a title=\"\u00c1ngel Manuel G\u00f3mez Espada\" href=\"https:\/\/blogs.hoy.es\/loch-lomond\/2011\/11\/02\/angel-manuel-gomez-espada\/\" target=\"_blank\"><span style=\"color: #000000;\">el poeta<\/span><\/a>&#8221; a quien por cierto, no le hace especial gracia lo de la bandera. Y no es el \u00fanico. <strong>Este tiene que ser el \u00fanico pa\u00eds en donde te miran mal por lucir los colores de la bandera de tu naci\u00f3n<\/strong>. Ya sea en un polo, en un reloj, en el coche o en el balc\u00f3n de tu casa. En cuanto muestras simpat\u00eda por algo tan normal el apelativo y san Benito de facha es lo primero que se les ocurre a algunos para insultarte. Jam\u00e1s lo har\u00e1n si luces la bandera de Italia, de Francia, del Reino Unido o incluso la hortera estadounidense. \u00a1<strong>Por el Cetro de Ottokar<\/strong>! \u00a1C\u00f3mo es posible que a alguien le moleste y ofenda tanto <strong>una bandera que nos representa a todos<\/strong>!<\/span><\/p>\n<div id=\"attachment_1235\" style=\"width: 614px\" class=\"wp-caption aligncenter\"><a href=\"\/loch-lomond\/wp-content\/uploads\/sites\/10\/2012\/10\/Bandera-Espa\u00f1a-Enrique-Falc\u00f3.jpg\"><img aria-describedby=\"caption-attachment-1235\" loading=\"lazy\" class=\"size-full wp-image-1235\" title=\"Bandera Espa\u00f1a Enrique Falc\u00f3\" src=\"\/loch-lomond\/wp-content\/uploads\/sites\/10\/2012\/10\/Bandera-Espa\u00f1a-Enrique-Falc\u00f3.jpg\" alt=\"No de forma muy ortodoxa pero as\u00ed de digna luce la bandera de Espa\u00f1a en el balc\u00f3n de mi hogar.\" width=\"604\" height=\"453\" srcset=\"https:\/\/static-blogs.hoy.es\/wp-content\/uploads\/sites\/10\/2012\/10\/Bandera-Espa\u00f1a-Enrique-Falc\u00f3.jpg 604w, https:\/\/static-blogs.hoy.es\/wp-content\/uploads\/sites\/10\/2012\/10\/Bandera-Espa\u00f1a-Enrique-Falc\u00f3-300x225.jpg 300w\" sizes=\"(max-width: 604px) 100vw, 604px\" \/><\/a><p id=\"caption-attachment-1235\" class=\"wp-caption-text\">No de forma muy ortodoxa pero as\u00ed de digna luce la bandera de Espa\u00f1a en el balc\u00f3n de mi hogar.<\/p><\/div>\n<p class=\"wp-caption-dd\">\n<p class=\"wp-caption-dd\"><span style=\"color: #000000; font-size: medium;\">Tras <strong>la consecuci\u00f3n de la \u00faltima Eurocopa por la selecci\u00f3n espa\u00f1ola de f\u00fatbol<\/strong>, se hablaba mucho en las tertulias televisivas y radiof\u00f3nicas de pacotilla de <strong>la &#8220;normalizaci\u00f3n&#8221; que los m\u00e1s j\u00f3venes hab\u00edan hecho de la bandera nacional<\/strong>. <\/span><\/p>\n<p class=\"wp-caption-dd\">\n<p class=\"wp-caption-dd\"><span style=\"color: #000000; font-size: medium;\">Personajes de alto calibre en televisi\u00f3n como <strong>la &#8220;venenito&#8221; Bel\u00e9n Esteban y Makoke, o Josemi<\/strong> en la radio narraban entusiasmados y maravillados c\u00f3mo <strong>los j\u00f3venes paseaban la bandera de Espa\u00f1a sin rubor ni ning\u00fan tipo de verg\u00fcenza<\/strong>. Verg\u00fcenza deber\u00eda darles a ellos y a tantos catetos e ignorantes que insultan a la bandera de su pa\u00eds escupir tantas chorradas por semejantes tragaderas.<\/span><\/p>\n<a href=\"\/loch-lomond\/wp-content\/uploads\/sites\/10\/2012\/10\/Los-Simpsons-Espa\u00f1a.jpg\"><img loading=\"lazy\" class=\"size-medium wp-image-1236\" title=\"Los Simpsons Espa\u00f1a\" src=\"\/loch-lomond\/wp-content\/uploads\/sites\/10\/2012\/10\/Los-Simpsons-Espa\u00f1a.jpg\" alt=\"Tras los \u00e9xitos de la selecci\u00f3n espa\u00f1ola de f\u00fatbol se habla de la \"normalizaci\u00f3n\" de la bandera. \u00bfEs que acaso no es de lo m\u00e1s normal del mundo portar con \"normalidad\" la bandera de tu pa\u00eds?\" width=\"300\" height=\"225\" srcset=\"https:\/\/static-blogs.hoy.es\/wp-content\/uploads\/sites\/10\/2012\/10\/Los-Simpsons-Espa\u00f1a.jpg 400w, https:\/\/static-blogs.hoy.es\/wp-content\/uploads\/sites\/10\/2012\/10\/Los-Simpsons-Espa\u00f1a-300x225.jpg 300w\" sizes=\"(max-width: 300px) 100vw, 300px\" \/><\/a>\n<p class=\"wp-caption-dd\">\n<p class=\"wp-caption-dd\"><span style=\"color: #000000; font-size: medium;\">\u00a0\u00a0\u00a0\u00a0 Y ahora voy a hablarte a ti, que tanto desprecio muestras por la bandera que te representa. A ti, que se te llena la boca de insultos contra las personas que lucen la ense\u00f1a de su pa\u00eds en el balc\u00f3n.<\/span><\/p>\n<p class=\"wp-caption-dd\">\n<p class=\"wp-caption-dd\"><span style=\"color: #000000; font-size: medium;\">\u00a0\u00a1<strong>Qu\u00e9 eso no es malo<\/strong>! Y ni mucho menos reprobable. \u00a1Qu\u00e9 no te enteras o no te quieres enterar! <strong>Soy espa\u00f1ol, y soy extreme\u00f1o<\/strong>. Y no s\u00f3lo <strong>no me da verg\u00fcenza<\/strong> como a ti, sino que <strong>estoy orgulloso<\/strong>. <\/span><\/p>\n<p class=\"wp-caption-dd\">\n<p class=\"wp-caption-dd\"><span style=\"color: #000000; font-size: medium;\"><strong>No soy ning\u00fan facha, y mucho menos un fascista<\/strong>. No tengo por qu\u00e9 <strong>ser de derechas<\/strong> ni <strong>votante del PP<\/strong>, ni ser <strong>hom\u00f3fobo<\/strong>, ni <strong>racista<\/strong>, ni <strong>nazi<\/strong>, y ni mucho menos <strong>mala persona<\/strong> por mostrar <strong>respeto y orgullo<\/strong> a la bandera de mi pa\u00eds. <\/span><\/p>\n<p class=\"wp-caption-dd\">\n<p class=\"wp-caption-dd\"><strong><span style=\"color: #000000; font-size: medium;\">Una bandera bien bonita y con tres colores preciosos. Roja, amarilla y roja. \u00a1A ver si nos vamos enterando!<\/span><\/strong><\/p>\n<p>&nbsp;<\/p>\n<p style=\"text-align: center;\"><span style=\"color: #000000;\"><em>Publicado en <strong>Diario HOY<\/strong> el 14\/10\/2012<\/em><\/span><\/p>\n<p style=\"text-align: center;\"><span style=\"color: #000000;\"><a href=\"http:\/\/hoy.kioskoymas.com\/epaper\/showlink.aspx?bookmarkid=AGIVYKJK94G&#038;preview=magnifier&#038;linkid=42335f7e-599e-4373-9205-7bec43f56319&#038;pdaffid=1NEHCXDv4QZRFanP7KJR9A%3d%3d\"><span style=\"color: #000000;\"><img src=\"\/\/cache2-thumb1.pressdisplay.com\/pressdisplay\/docserver\/getimage.aspx?file=22012012101400000000001001&#038;page=30&#038;scale=23\" alt=\"\" \/><\/span><\/a><\/span><\/p>\n<!-- AddThis Advanced Settings generic via filter on the_content --><!-- AddThis Share Buttons generic via filter on the_content -->","protected":false},"excerpt":{"rendered":"<p>&nbsp; Enrique Falc\u00f3. Orgulloso de lucir la bandera de su pa\u00eds &nbsp; Desde bien peque\u00f1o (como dir\u00eda Mill\u00e1n Salcedo: Recuerdo que era muy ni\u00f1o cuando nac\u00ed) la bandera de Espa\u00f1a siempre llamo mi atenci\u00f3n por lo bonito de sus colores. Nada menos que el rojo y el amarillo, mis dos colores favoritos. Nunca entend\u00ed aquello [&hellip;]<!-- AddThis Advanced Settings generic via filter on get_the_excerpt --><!-- AddThis Share Buttons generic via filter on get_the_excerpt --><\/p>\n","protected":false},"author":14,"featured_media":0,"comment_status":"open","ping_status":"closed","sticky":false,"template":"","format":"standard","meta":[],"categories":[8],"tags":[23,468,469,470,527,1063,1288,1365,1529,1698,1763,1866,1884,1950,1989,1997,2026,2169,2211,2466,2484,2617,2762,2926,3244,3254,3494,3644,3706,3811,3813,4132,4325,4349,4506,4507,4508,4598,5041,5133,5206,5209,5295],"_links":{"self":[{"href":"https:\/\/blogs.hoy.es\/loch-lomond\/wp-json\/wp\/v2\/posts\/1230"}],"collection":[{"href":"https:\/\/blogs.hoy.es\/loch-lomond\/wp-json\/wp\/v2\/posts"}],"about":[{"href":"https:\/\/blogs.hoy.es\/loch-lomond\/wp-json\/wp\/v2\/types\/post"}],"author":[{"embeddable":true,"href":"https:\/\/blogs.hoy.es\/loch-lomond\/wp-json\/wp\/v2\/users\/14"}],"replies":[{"embeddable":true,"href":"https:\/\/blogs.hoy.es\/loch-lomond\/wp-json\/wp\/v2\/comments?post=1230"}],"version-history":[{"count":0,"href":"https:\/\/blogs.hoy.es\/loch-lomond\/wp-json\/wp\/v2\/posts\/1230\/revisions"}],"wp:attachment":[{"href":"https:\/\/blogs.hoy.es\/loch-lomond\/wp-json\/wp\/v2\/media?parent=1230"}],"wp:term":[{"taxonomy":"category","embeddable":true,"href":"https:\/\/blogs.hoy.es\/loch-lomond\/wp-json\/wp\/v2\/categories?post=1230"},{"taxonomy":"post_tag","embeddable":true,"href":"https:\/\/blogs.hoy.es\/loch-lomond\/wp-json\/wp\/v2\/tags?post=1230"}],"curies":[{"name":"wp","href":"https:\/\/api.w.org\/{rel}","templated":true}]}}