{"id":1238,"date":"2012-10-21T19:01:11","date_gmt":"2012-10-21T18:01:11","guid":{"rendered":"http:\/\/blogs.hoy.es\/loch-lomond\/?p=1238"},"modified":"2012-10-21T19:01:11","modified_gmt":"2012-10-21T18:01:11","slug":"moscas-mosqueados-y-moscardones","status":"publish","type":"post","link":"https:\/\/blogs.hoy.es\/loch-lomond\/2012\/10\/21\/moscas-mosqueados-y-moscardones\/","title":{"rendered":"Moscas, mosqueados y moscardones"},"content":{"rendered":"<p style=\"text-align: center;\">\n<p style=\"text-align: center;\"><strong>Enrique Falc\u00f3<\/strong>. Cruzado anti moscas<\/p>\n<div id=\"attachment_1240\" style=\"width: 327px\" class=\"wp-caption aligncenter\"><a href=\"\/loch-lomond\/wp-content\/uploads\/sites\/10\/2012\/10\/moscas.jpg\"><img aria-describedby=\"caption-attachment-1240\" loading=\"lazy\" class=\"size-full wp-image-1240\" title=\"moscas\" src=\"\/loch-lomond\/wp-content\/uploads\/sites\/10\/2012\/10\/moscas.jpg\" alt=\"Moscas, mosqueados y moscardones\" width=\"317\" height=\"226\" srcset=\"https:\/\/static-blogs.hoy.es\/wp-content\/uploads\/sites\/10\/2012\/10\/moscas.jpg 317w, https:\/\/static-blogs.hoy.es\/wp-content\/uploads\/sites\/10\/2012\/10\/moscas-300x214.jpg 300w\" sizes=\"(max-width: 317px) 100vw, 317px\" \/><\/a><p id=\"caption-attachment-1240\" class=\"wp-caption-text\">Moscas, mosqueados y moscardones<\/p><\/div>\n<p style=\"text-align: left;\"><span style=\"color: #000000; font-size: medium;\">\u00a0\u00a0\u00a0\u00a0 Anda el personal muy <strong>mosca<\/strong> \u00faltimamente, <strong>mosqueado<\/strong> y a base de bien, con algo m\u00e1s que <strong>la mosca detr\u00e1s de la oreja<\/strong>. Como si a m\u00e1s de uno le hubiera ocurrido aquello tan desagradable de encontrarse <strong>una mosca en la sopa<\/strong>. <\/span><\/p>\n<p style=\"text-align: left;\">\n<p style=\"text-align: left;\"><span style=\"color: #000000; font-size: medium;\">\u00a1Vaya semanita! Anunciaron los sindicatos una <strong>huelga general<\/strong> y hubo <strong>huelga en Educaci\u00f3n<\/strong>&#8230; huelga decir que precisamente, en educaci\u00f3n, alg\u00fan <strong>moscard\u00f3n<\/strong> que otro siempre parece encontrarse en huelga, ustedes ya me entienden, que <strong>se est\u00e1 liando parda<\/strong> vamos. <strong>Asaltos a colegios<\/strong> por un lado,<strong> insultos e intentos de ocupar una emisora de radio<\/strong> por otro&#8230; <\/span><\/p>\n<p style=\"text-align: left;\">\n<p style=\"text-align: left;\"><span style=\"color: #000000; font-size: medium;\">A <strong>la chusma<\/strong>, amparada en el anonimato que propicia la <strong>muchedumbre<\/strong>, parece que le priva un <strong>linchamiento<\/strong> m\u00e1s que a un tonto un l\u00e1piz y acuden a ellos como <strong>las moscas a la miel (da)<\/strong> que no a la compr\u00e1, si me permiten aquel ingenioso juego de palabras que tantos nos gustaba relatar de peque\u00f1os. Como peque\u00f1os y molestos son los \u2018<strong>mosquitinos<\/strong>\u2019 que asolan \u00faltimamente por todas partes. Algunos dicen que son <strong>moscas reci\u00e9n nacidas<\/strong>, y otros que son <strong>mosquitos de la fruta<\/strong>, pero de una u otra manera parecen indestructibles.<\/span><\/p>\n<p style=\"text-align: left;\"><span style=\"color: #000000; font-size: medium;\"><a><span style=\"color: #000000;\"><img id=\"artObject\" src=\"\/\/cache2-thumb1.pressdisplay.com\/pressdisplay\/docserver\/getimage.aspx?regionguid=52c0210c-0e21-4697-a9e2-43d31a7202b6&#038;scale=265&#038;file=22012012102100000000001001&#038;regionKey=Y6a5H0ddyxqGjlo9S2hRuA%3d%3d\" alt=\"\" \/><\/span><\/a><\/span><\/p>\n<p style=\"text-align: left;\">\n<p style=\"text-align: left;\"><span style=\"color: #000000; font-size: medium;\"><strong>\u00a0\u00a0\u00a0\u00a0 Siempre me dieron asco los insectos<\/strong>, y como todo hijo de vecino tengo mis man\u00edas. <strong>No soporto la presencia de una mosca<\/strong> en el habit\u00e1culo donde me halle, oye. Si estoy disfrutando con un libro o una pel\u00edcula y una mosca revolotea alegre y coquetona por los alrededores, no paro hasta darle caza y desmenuzarla con lo primero que se me venga a mano, que suele ser casi siempre la portada del libro en cuesti\u00f3n. <\/span><\/p>\n<p style=\"text-align: left;\">\n<p style=\"text-align: left;\"><span style=\"color: #000000; font-size: medium;\">Y que no me vengan los moscardones <strong>amigos de los seres vivos<\/strong> a ciscarse en mis muelas, pero es que las moscas me producen tal <strong>efecto de suciedad e insana sensaci\u00f3n<\/strong> que es que no puedo seguir realizando tranquilo actividad alguna. <\/span><\/p>\n<p style=\"text-align: left;\">\n<p style=\"text-align: left;\"><span style=\"color: #000000; font-size: medium;\">Con los mosquitos me ocurre algo parecido. Ya puedo tener todo el sue\u00f1o del mundo acumulado que como mis orejas capten el particular y molesto deambular de alg\u00fan mosquito osado, el menda no para hasta darle caza aun a riesgo de manchar con sangre (del mosquito claro) sus propias manos. \u00ab<strong>Lo has convertido en algo personal<\/strong>\u00bb, le inquiere el menda al insecto, cual tipo duro de pacotilla parodiando a un<strong> Clint Eastwood<\/strong> cualquiera. <\/span><\/p>\n<p style=\"text-align: left;\">\n<p style=\"text-align: left;\"><span style=\"color: #000000; font-size: medium;\">Y no me importa si me desvelo, o si pierdo el sue\u00f1o, qu\u00e9 narices, tambi\u00e9n a un gran hombre le puede exasperar una miserable mosca. Adem\u00e1s, para cazar una trucha has de perder una mosca, o un mosquito, y peor para estos provocadores insectos, que se ofrecen suicidas e imprudentes, ya que no puede ser m\u00e1s apropiado el dicho que afirma que la mosca que no quiere ser cazada est\u00e1 m\u00e1s segura cuando se posa en el <strong>matamoscas<\/strong>.<\/span><\/p>\n<p style=\"text-align: left;\">\n<a href=\"\/loch-lomond\/wp-content\/uploads\/sites\/10\/2012\/10\/homer-mosca.jpg\"><img loading=\"lazy\" class=\"size-medium wp-image-1241\" title=\"homer mosca\" src=\"\/loch-lomond\/wp-content\/uploads\/sites\/10\/2012\/10\/homer-mosca.jpg\" alt=\"La verdad es que en las recientes bodas de mis amigos me he pillado una buena \"mosca\".\" width=\"285\" height=\"300\" srcset=\"https:\/\/static-blogs.hoy.es\/wp-content\/uploads\/sites\/10\/2012\/10\/homer-mosca.jpg 445w, https:\/\/static-blogs.hoy.es\/wp-content\/uploads\/sites\/10\/2012\/10\/homer-mosca-285x300.jpg 285w\" sizes=\"(max-width: 285px) 100vw, 285px\" \/><\/a>\n<p style=\"text-align: left;\"><span style=\"color: #000000; font-size: medium;\"><span style=\"color: #000000;\"><\/span><\/span><\/p>\n<div id=\"testArtCol_b\">\n<p style=\"text-align: left;\"><span style=\"color: #000000; font-size: medium;\">\u00a0Para mosca por cierto la que agarr\u00e9 ayer, <strong>en la boda de mi \u00edntimo<\/strong> <a title=\"Adolfo Portillo Campini\" href=\"https:\/\/blogs.hoy.es\/loch-lomond\/2011\/10\/21\/adolfo-portillo-campini\/\" target=\"_blank\"><span style=\"color: #000000;\">Adolfo Portillo Campini<\/span><\/a>, aunque no lleg\u00f3 a los extremos de <strong>embriaguez<\/strong> de la de <strong>mi amigo<\/strong> <a title=\"\u00c1ngel Manuel G\u00f3mez Espada\" href=\"https:\/\/blogs.hoy.es\/loch-lomond\/2011\/11\/02\/angel-manuel-gomez-espada\/\" target=\"_blank\"><span style=\"color: #000000;\">\u2018El poeta\u2019<\/span><\/a> del pasado <strong>d\u00eda de Extremadura<\/strong>. Dej\u00e9 de lado el <strong>Loch Lomond<\/strong> y me centr\u00e9 en el <strong>ron a\u00f1ejo cortito con mucha Coca-Cola<\/strong>. <\/span><\/p>\n<p style=\"text-align: left;\">\n<p style=\"text-align: left;\"><span style=\"color: #000000; font-size: medium;\">Ser\u00e9 la verg\u00fcenza de los piratas pero uno ya no est\u00e1 a sus a\u00f1os para muchos m\u00e1s achaques, y la ingesta desmesurada de bebercio te atonta la humanidad para varios d\u00edas. \u00a1Ahora que para tonta la climatolog\u00eda! Ahora que <strong>llueve<\/strong>, luego que <strong>escampa<\/strong>, <strong>diluvio<\/strong> va, <strong>sale el sol<\/strong> por Antequera&#8230; \u00abAnte que era\u00bb un placer pasear tranquilamente hasta el tajo, (pron\u00fanciese mejor <strong>Guadiana<\/strong>, ya que el \u00abtajo\u00bb, o sea, el <strong>Gran Hotel Casino de Extremadura<\/strong>, se encuentra al amparo del r\u00edo) y ahora no sabe uno si salir con el paraguas, de manga corta, de manga larga, en coche, moto, sidecar, bus o taxi. <\/span><\/p>\n<p style=\"text-align: left;\">\n<p style=\"text-align: left;\"><span style=\"color: #000000; font-size: medium;\"><strong>El menda<\/strong> siempre que necesita un <strong>taxi<\/strong> llama a <strong>Jos\u00e9 Carlos Garc\u00eda M\u00e1rquez<\/strong>, <a title=\"El mejor taaxista de badajoz\" href=\"https:\/\/blogs.hoy.es\/loch-lomond\/2011\/10\/05\/el-mejor-taxista-de-badajoz\/\" target=\"_blank\"><span style=\"color: #000000;\">el mejor taxista de Badajoz<\/span><\/a>, y <strong>presidente<\/strong> adem\u00e1s de <strong>Radio Taxi Badajoz<\/strong>. <a title=\"Entrevista a Jose Carlos Garc\u00eda M\u00e1rquez\" href=\"http:\/\/www.hoy.es\/v\/20121019\/badajoz\/hacer-taxista-ilegal-rentable-20121019.html\" target=\"_blank\"><span style=\"color: #000000;\">En una entrevista publicada el viernes<\/span><\/a> pasado en este mismo diario, mi amigo Jos\u00e9 Carlos mostraba <strong>la dura realidad de la profesi\u00f3n<\/strong>: <strong>subida de la gasolina, incremento de robos y agresiones, importante bajada en picado de clientes<\/strong>&#8230; vamos que los taxistas tambi\u00e9n est\u00e1n mosqueados, como todos.<\/span><\/p>\n<p style=\"text-align: left;\">\n<p style=\"text-align: left;\"><span style=\"color: #000000; font-size: medium;\"><strong>Por si las moscas<\/strong>, no volver\u00e9 a incidir en el tema de la limpieza. El pasado jueves, en l<a title=\"Tertulia del jueves 18 de noviembre de El Sol sale por el Oeste\" href=\"http:\/\/www.canalextremadura.es\/node\/53997\" target=\"_blank\"><span style=\"color: #000000;\">a tertulia radiof\u00f3nica del programa de Canal Extremadura Radio donde colaboro, \u2018El sol sale por el oeste\u2019<\/span><\/a>, a ra\u00edz de unas declaraciones de un compa\u00f1ero tertuliano sobre <strong>la suciedad en C\u00e1ceres<\/strong>, a quien suscribe le dio por afirmar categ\u00f3ricamente que <strong>pocas ciudades m\u00e1s guarras existen que Badajoz<\/strong>, y evidentemente a causa de sus <strong>inc\u00edvicos ciudadanos<\/strong>. <\/span><\/p>\n<p style=\"text-align: left;\">\n<p style=\"text-align: left;\"><span style=\"color: #000000; font-size: medium;\">As\u00ed lo solt\u00e9, sin anestesia y sin nada, y as\u00ed de <strong>mosqueados<\/strong> andan algunos <strong>lectores y oyentes<\/strong>, especialmente algunos que me han escrito a mi correo electr\u00f3nico (que saben que siempre figura al final de esta <strong>tribuna<\/strong> a disposici\u00f3n de todos) para acordarse de mi se\u00f1ora madre, y no precisamente porque el pasado martes haya sido su cumplea\u00f1os.<\/span><\/p>\n<div id=\"attachment_1242\" style=\"width: 310px\" class=\"wp-caption alignright\"><a href=\"\/loch-lomond\/wp-content\/uploads\/sites\/10\/2012\/10\/Hernandez-y-fernandez.gif\"><img aria-describedby=\"caption-attachment-1242\" loading=\"lazy\" class=\"size-medium wp-image-1242\" title=\"Hernandez y fernandez\" src=\"\/loch-lomond\/wp-content\/uploads\/sites\/10\/2012\/10\/Hernandez-y-fernandez.gif\" alt=\"En moscas cerradas no entran bocas mi querido Hern\u00e1ndez...\" width=\"300\" height=\"253\" \/><\/a><p id=\"caption-attachment-1242\" class=\"wp-caption-text\">En moscas cerradas no entran bocas mi querido Hern\u00e1ndez...<\/p><\/div>\n<p style=\"text-align: left;\"><span style=\"color: #000000; font-size: medium;\">\u00ab<strong>En boca cerrada no entran moscas mi querido Hern\u00e1ndez<\/strong>\u00bb. \u00abBien dicho Fern\u00e1ndez, <strong>yo aun dir\u00eda m\u00e1s<\/strong>. <strong>En mosca cerrada no entran bocas<\/strong>\u00bb. <\/span><\/p>\n<p style=\"text-align: left;\">\n<p style=\"text-align: left;\"><span style=\"color: #000000; font-size: medium;\">Si cuentan con que el menda esconda <strong>la pluma (literaria)<\/strong> y cierre el boquino ante la evidencia de la realidad que se le presenta en la cara a diario&#8230; ser\u00e1 mejor que no me lean (valga la redundancia) en este diario&#8230; \u00a1ni en mi blog por <strong>el cetro de Ottokar<\/strong>! Y que sintonicen otra <strong>emisora<\/strong> si ya no sintonizan bien conmigo. Pero tampoco se enfaden <strong>por el amor de dos<\/strong>&#8230; que una maldici\u00f3n nunca ha matado una mosca. <\/span><\/p>\n<p style=\"text-align: left;\">\n<p style=\"text-align: left;\"><span style=\"color: #000000; font-size: medium;\">Desah\u00f3guense si lo prefieren, pero ya les advierto que <strong>a olla que hierve ninguna mosca se atreve<\/strong>. Yo a lo m\u00edo, que es a <strong>entretenerles<\/strong>, y <strong>divertirles<\/strong>, que <strong>con ma\u00f1a caza a la mosca la ara\u00f1a<\/strong>. Al menda lo \u00fanico que le ha picado en la vida ha sido el amor, que es como <strong>la mosca Tse Tse<\/strong>, que si te pica sue\u00f1as. <\/span><\/p>\n<p style=\"text-align: left;\">\n<p style=\"text-align: left;\"><span style=\"color: #000000; font-size: medium;\">Ya s\u00e9, <strong>mis queridos y desocupados lectores<\/strong> que estoy \u00faltimamente muy <strong>jocoso e ir\u00f3nico<\/strong>, pero ya lo saben: \u00ab<strong>Cuando el diablo se aburre, mata moscas con el rabo<\/strong>\u00bb.<\/span><\/p>\n<p style=\"text-align: center;\"><span style=\"color: #000000;\"><em><span style=\"font-size: medium;\">Publicado en Diario HOY el 21\/10\/2012<\/span><\/em><\/span><\/p>\n<p><span style=\"color: #000000; font-size: medium;\"><a href=\"http:\/\/hoy.kioskoymas.com\/epaper\/showlink.aspx?bookmarkid=LQ9X42F6Q4P6&#038;preview=magnifier&#038;linkid=f34ca382-0954-41b0-bb11-f29275b47d51&#038;pdaffid=1NEHCXDv4QZRFanP7KJR9A%3d%3d\"><span style=\"color: #000000;\"><img class=\"aligncenter\" src=\"\/\/cache2-thumb1.pressdisplay.com\/pressdisplay\/docserver\/getimage.aspx?file=22012012102100000000001001&#038;page=32&#038;scale=23\" alt=\"\" \/><\/span><\/a><\/span><\/p>\n<\/div>\n<!-- AddThis Advanced Settings generic via filter on the_content --><!-- AddThis Share Buttons generic via filter on the_content -->","protected":false},"excerpt":{"rendered":"<p>Enrique Falc\u00f3. Cruzado anti moscas \u00a0\u00a0\u00a0\u00a0 Anda el personal muy mosca \u00faltimamente, mosqueado y a base de bien, con algo m\u00e1s que la mosca detr\u00e1s de la oreja. Como si a m\u00e1s de uno le hubiera ocurrido aquello tan desagradable de encontrarse una mosca en la sopa. \u00a1Vaya semanita! Anunciaron los sindicatos una huelga general [&hellip;]<!-- AddThis Advanced Settings generic via filter on get_the_excerpt --><!-- AddThis Share Buttons generic via filter on get_the_excerpt --><\/p>\n","protected":false},"author":14,"featured_media":0,"comment_status":"open","ping_status":"closed","sticky":false,"template":"","format":"standard","meta":[],"categories":[8],"tags":[136,362,363,595,758,912,977,1255,1438,1515,1698,1714,1779,1806,2324,2342,2506,2552,2597,2619,2747,3072,3103,3557,3558,3559,3560,3561,3562,3573,4152,4330,4934],"_links":{"self":[{"href":"https:\/\/blogs.hoy.es\/loch-lomond\/wp-json\/wp\/v2\/posts\/1238"}],"collection":[{"href":"https:\/\/blogs.hoy.es\/loch-lomond\/wp-json\/wp\/v2\/posts"}],"about":[{"href":"https:\/\/blogs.hoy.es\/loch-lomond\/wp-json\/wp\/v2\/types\/post"}],"author":[{"embeddable":true,"href":"https:\/\/blogs.hoy.es\/loch-lomond\/wp-json\/wp\/v2\/users\/14"}],"replies":[{"embeddable":true,"href":"https:\/\/blogs.hoy.es\/loch-lomond\/wp-json\/wp\/v2\/comments?post=1238"}],"version-history":[{"count":0,"href":"https:\/\/blogs.hoy.es\/loch-lomond\/wp-json\/wp\/v2\/posts\/1238\/revisions"}],"wp:attachment":[{"href":"https:\/\/blogs.hoy.es\/loch-lomond\/wp-json\/wp\/v2\/media?parent=1238"}],"wp:term":[{"taxonomy":"category","embeddable":true,"href":"https:\/\/blogs.hoy.es\/loch-lomond\/wp-json\/wp\/v2\/categories?post=1238"},{"taxonomy":"post_tag","embeddable":true,"href":"https:\/\/blogs.hoy.es\/loch-lomond\/wp-json\/wp\/v2\/tags?post=1238"}],"curies":[{"name":"wp","href":"https:\/\/api.w.org\/{rel}","templated":true}]}}