{"id":124,"date":"2010-10-09T01:22:00","date_gmt":"2010-10-09T01:22:00","guid":{"rendered":"http:\/\/blogs.hoy.es\/loch-lomond\/?p=124"},"modified":"2010-10-09T01:22:00","modified_gmt":"2010-10-09T01:22:00","slug":"don-manuel-pecellin-lancharro","status":"publish","type":"post","link":"https:\/\/blogs.hoy.es\/loch-lomond\/2010\/10\/09\/don-manuel-pecellin-lancharro\/","title":{"rendered":"Don Manuel Pecell\u00edn Lancharro"},"content":{"rendered":"<p class=\"MsoNormal\" style=\"margin: 0cm 0cm 0pt;text-align: justify\"><img src=\"\/\/www.escritoresdeextremadura.com\/escritoresdeextremadura\/documento\/imagenes\/116a.jpg\" alt=\"\" \/><\/p>\n<p class=\"MsoNormal\" style=\"margin: 0cm 0cm 0pt;text-align: justify\">\u00a0\u00a0<\/p>\n<p class=\"MsoNormal\" style=\"margin: 0cm 0cm 0pt;text-align: justify\"><span style=\"font-size: 10pt;color: navy;font-family: Verdana\">Quienes sigan regularmente este blog o bien mis art\u00edculos dominicales en la Tribuna de opini\u00f3n del Diario HOY, conocer\u00e1n de mi debilidad por la figura de Don Manuel Pecell\u00edn Lancharro. No pienso hablarles hoy de la enorme trayectoria de una de las personalidades culturales m\u00e1s importantes de Extremadura de los \u00faltimos 40 a\u00f1os, ni de su extens\u00edsima obra, ni siquiera de su impagable trabajo como bibli\u00f3grafo extreme\u00f1o. Hoy s\u00f3lo quiero felicitarle p\u00fablicamente porque el pueblo que tuvo la fortuna de verle nacer, Monesterio, le ha rendido un gran homenaje dedic\u00e1ndole una calle con su nombre como reconocimiento a sus importantes logros.<\/span><\/p>\n<p>&nbsp;<\/p>\n<p><span style=\"font-size: 10pt;color: navy;font-family: Verdana\"><img src=\"\/\/3.bp.blogspot.com\/_U2TnkhKiYpQ\/TAoCfz4zBxI\/AAAAAAAAAnA\/A55_AiVxC5Y\/s320\/escanear0028.jpg\" alt=\"\" \/><\/span><\/p>\n<p class=\"MsoNormal\" style=\"margin: 0cm 0cm 0pt;text-align: justify\">\u00a0<\/p>\n<p class=\"MsoNormal\" style=\"margin: 0cm 0cm 0pt;text-align: justify\"><span style=\"font-size: 10pt;color: navy;font-family: Verdana\">Parece que fue ayer y han pasado m\u00e1s de 16 a\u00f1os desde que nos conoci\u00e9ramos en las aulas del Instituto Zurbar\u00e1n de Badajoz. Reconozco que nuestro primer encuentro fue especialmente desagradable, al menos para mi menda. Era nuestra primera clase de \u00c9tica en segundo de BUP, y mis compa\u00f1eros y yo tardamos unos minutos en encontrar el aula. Al disponernos a acceder tras pedir su correspondiente permiso, don Manuel nos neg\u00f3 la entrada. Ya he afirmado en alguna ocasi\u00f3n que la puntualidad era algo con lo que nunca ha transigido el bueno de don Manuel. Sin embargo en la siguiente clase, a pesar de mi recelo, tuve que reconocer que era ante todo un hombre que transmit\u00eda una sinceridad arrolladora. Ning\u00fan problema parec\u00eda especialmente grave para \u00e9l, y ten\u00eda soluciones pr\u00e1cticas para todo. Nos hac\u00eda pensar, nos sorprend\u00eda a nosotros mismos haci\u00e9ndonos reflexionar sobre determinados temas, y sobre todo, pidi\u00e9ndonos nuestra propia opini\u00f3n y valor\u00e1ndola muy seriamente. Sin darme cuenta creo que se convirti\u00f3 en mi profesor favorito cuando la famosa an\u00e9cdota de la \u201ct\u00e9cula m\u00e9cula\u201d (contada detalladamente en mi art\u00edculo Humor en diario HOY).<\/span><\/p>\n<p class=\"MsoNormal\" style=\"margin: 0cm 0cm 0pt;text-align: justify\">\u00a0\u00a0<\/p>\n<p class=\"MsoNormal\" style=\"margin: 0cm 0cm 0pt;text-align: justify\"><span style=\"font-size: 10pt;color: navy;font-family: Verdana\"><a href=\"http:\/\/www.hoy.es\/v\/20100307\/opinion\/humor-20100307.html\" rel=\"nofollow\">http:\/\/www.hoy.es\/v\/20100307\/opinion\/humor-20100307.html<\/a><\/span><\/p>\n<p class=\"MsoNormal\" style=\"margin: 0cm 0cm 0pt;text-align: justify\">\u00a0<\/p>\n<p class=\"MsoNormal\" style=\"margin: 0cm 0cm 0pt;text-align: justify\"><span style=\"font-size: 10pt;color: navy;font-family: Verdana\">A una compa\u00f1era de clase le dijo que iba a suspenderla porque era de Olivenza y no conoc\u00eda el postre t\u00edpico de su tierra, y aunque a algunos compa\u00f1eros les pareci\u00f3 un castigo excesivo yo no pod\u00eda estar m\u00e1s de acuerdo con mi profesor. Uno no puede pretender ser alguien en la vida si desconoce las m\u00e1s sencillas y cotidianas cosas de su propia localidad.<\/span><\/p>\n<p>&nbsp;<\/p>\n<p>&nbsp;<\/p>\n<p><img loading=\"lazy\" class=\"alignnone\" src=\"\/\/2.bp.blogspot.com\/_v6u92vbG_qE\/S_o4Mzl6QNI\/AAAAAAAAJx4\/khRuVVioksI\/s1600\/SNC10730.JPG\" alt=\"\" width=\"1225\" height=\"1279\" \/><\/p>\n<p class=\"MsoNormal\" style=\"margin: 0cm 0cm 0pt;text-align: justify\"><span style=\"font-size: 10pt;color: navy;font-family: Verdana\">El buen humor sin duda ayud\u00f3 a que nuestra relaci\u00f3n traspasara las barreras profesor alumno, y es que Don Manuel siempre ha sido un cachondo mental. Recuerdo con cari\u00f1o cuando a alg\u00fan compa\u00f1ero acostumbrado a hacer novillos le dec\u00eda aquello de \u201ceres como los ojos del Guadiana, apareces y desapareces\u201d o cuando daba un toque de atenci\u00f3n a alg\u00fan alumno distra\u00eddo y este respond\u00eda sobresaltado \u201cs\u00ed, s\u00ed\u201d \u201cEmperatriz\u201d a\u00f1ad\u00eda Don Manuel, y todos nos part\u00edamos de la risa. A muchas alumnas que mascaban chicle durante las clases siempre les preguntaba si sab\u00edan en que se diferenciaban una vaca pastando de una se\u00f1orita comiendo chicle, y ante la negativa de las alumnas sentenciaba \u201cen la mirada inteligente de la vaca\u201d. (Recuerden uno de mis primeros post <a href=\"https:\/\/blogs.hoy.es\/loch-lomond\/2010\/6\/11\/tengo-vaca-lechera\" rel=\"nofollow\">https:\/\/blogs.hoy.es\/loch-lomond\/2010\/6\/11\/tengo-vaca-lechera<\/a>) A mi mismo me puso en una ocasi\u00f3n una buena nota tras responderle que deduc\u00eda que por su apellido, Manuel de Falla ten\u00eda que ser de Valencia. \u00a1Lo que nos re\u00edmos!<\/span><\/p>\n<p>\u00a0<img src=\"\/\/www.hoy.es\/prensa\/noticias\/201010\/08\/fotos\/2547713.jpg\" alt=\"\" \/><\/p>\n<p class=\"MsoNormal\" style=\"margin: 0cm 0cm 0pt;text-align: justify\"><span style=\"font-size: 10pt;color: navy;font-family: Verdana\">Pero sobre todo por lo que Don Manuel ser\u00e1 siempre un profesor que nunca olvidar\u00e9es por su calidad como persona y educador. Siempre estaba all\u00ed para ayudarte y echarte una mano cuando ten\u00edas un problema. A m\u00ed me ayud\u00f3 mucho, y a varios de mis compa\u00f1eros tambi\u00e9n prest\u00f3 una ayuda impagable y extraordinaria.<\/span><\/p>\n<p class=\"MsoNormal\" style=\"margin: 0cm 0cm 0pt;text-align: justify\">\u00a0<\/p>\n<p class=\"MsoNormal\" style=\"margin: 0cm 0cm 0pt;text-align: justify\"><span style=\"font-size: 10pt;color: navy;font-family: Verdana\">En mi humilde opini\u00f3n Don Manuel Pecell\u00edn no merece esa calle con su nombre por sus logros culturales, las merece por ser un gran profesor y un educador que ante todo ha buscado siempre ayudar a los alumnos que m\u00e1s lo necesitaban en una \u00e9poca de sus vidas en las que se encontraban especialmente desorientados. Existen personas que no deber\u00edan jubilarse nunca. Lo siento por las generaciones venideras, pero no tendr\u00e1n la suerte que tuvimos mis compa\u00f1eros y yo de ser ense\u00f1ados, educados y ayudados por un profesor como don Manuel en la instituci\u00f3n m\u00e1s importante, la de la vida. Si la mayor\u00eda de profesores y educadores fuesen un poco m\u00e1s como Pecell\u00edn, la tasa de fracaso escolar no ser\u00eda m\u00e1s que una mera an\u00e9cdota en los tiempos que corren.<\/span><\/p>\n<p class=\"MsoNormal\" style=\"margin: 0cm 0cm 0pt;text-align: justify\">\u00a0<\/p>\n<p class=\"MsoNormal\" style=\"margin: 0cm 0cm 0pt;text-align: justify\">\u00a0<\/p>\n<p class=\"MsoNormal\" style=\"margin: 0cm 0cm 0pt;text-align: justify\">\u00a0\u00a0<\/p>\n<p class=\"MsoNormal\" style=\"margin: 0cm 0cm 0pt;text-align: justify\"><span style=\"font-size: 10pt;color: navy;font-family: Verdana\">Muy alto, mi querido Don Manuel, levanto una copa de mi mejor LOCH LOMOND en su honor. Y no porque le hayan dedicado una calle en su pueblo, ni por ser un gran cr\u00edtico literario, ni un excelente bibli\u00f3grafo, ni siquiera por ser un gran profesor, \u00a1Qu\u00e9 narices! Este brindis es simplemente por ser un gran hombre y una buena persona. Espero que el recuerdo imborrable que perdurar\u00e1 en esa placa durante el paso de los a\u00f1os permanezca impasible en la memoria de todos los que tenemos la fortuna de contarnos entre sus alumnos y sus amigos. <\/span><\/p>\n<p class=\"MsoNormal\" style=\"margin: 0cm 0cm 0pt;text-align: justify\">\u00a0<\/p>\n<p class=\"MsoNormal\" style=\"text-align: justify;margin: 0cm 0cm 0pt\">\u00a0<\/p>\n<p>NOTA DEL AUTOR:<\/p>\n<p class=\"MsoNormal\" style=\"text-align: justify;margin: 0cm 0cm 0pt\">\u00a0<\/p>\n<p>Hoy, 18 de Agosto de 2011, recibo la grata noticia de que mi amigo y Profesor <a title=\"Manuel Pecell\u00edn Medalla de Extremadura\" href=\"http:\/\/www.hoy.es\/20110818\/local\/zalamea-serena-universidad-mayores-201108181329.html\" target=\"_blank\">Manuel Pecell\u00edn ha sido premiado con la Medalla de Extremadura<\/a>. En mi opini\u00f3n no puede ser m\u00e1s merecida. \u00a1Mis felicitaciones Don Manuel!<\/p>\n<p class=\"MsoNormal\" style=\"text-align: justify;margin: 0cm 0cm 0pt\">\u00a0<\/p>\n<!-- AddThis Advanced Settings generic via filter on the_content --><!-- AddThis Share Buttons generic via filter on the_content -->","protected":false},"excerpt":{"rendered":"<p>\u00a0\u00a0 Quienes sigan regularmente este blog o bien mis art\u00edculos dominicales en la Tribuna de opini\u00f3n del Diario HOY, conocer\u00e1n de mi debilidad por la figura de Don Manuel Pecell\u00edn Lancharro. No pienso hablarles hoy de la enorme trayectoria de una de las personalidades culturales m\u00e1s importantes de Extremadura de los \u00faltimos 40 a\u00f1os, ni [&hellip;]<!-- AddThis Advanced Settings generic via filter on get_the_excerpt --><!-- AddThis Share Buttons generic via filter on get_the_excerpt --><\/p>\n","protected":false},"author":14,"featured_media":0,"comment_status":"open","ping_status":"closed","sticky":false,"template":"","format":"standard","meta":[],"categories":[4],"tags":[214,239,714,1281,1577,1943,3403,3535,4238,5373],"_links":{"self":[{"href":"https:\/\/blogs.hoy.es\/loch-lomond\/wp-json\/wp\/v2\/posts\/124"}],"collection":[{"href":"https:\/\/blogs.hoy.es\/loch-lomond\/wp-json\/wp\/v2\/posts"}],"about":[{"href":"https:\/\/blogs.hoy.es\/loch-lomond\/wp-json\/wp\/v2\/types\/post"}],"author":[{"embeddable":true,"href":"https:\/\/blogs.hoy.es\/loch-lomond\/wp-json\/wp\/v2\/users\/14"}],"replies":[{"embeddable":true,"href":"https:\/\/blogs.hoy.es\/loch-lomond\/wp-json\/wp\/v2\/comments?post=124"}],"version-history":[{"count":0,"href":"https:\/\/blogs.hoy.es\/loch-lomond\/wp-json\/wp\/v2\/posts\/124\/revisions"}],"wp:attachment":[{"href":"https:\/\/blogs.hoy.es\/loch-lomond\/wp-json\/wp\/v2\/media?parent=124"}],"wp:term":[{"taxonomy":"category","embeddable":true,"href":"https:\/\/blogs.hoy.es\/loch-lomond\/wp-json\/wp\/v2\/categories?post=124"},{"taxonomy":"post_tag","embeddable":true,"href":"https:\/\/blogs.hoy.es\/loch-lomond\/wp-json\/wp\/v2\/tags?post=124"}],"curies":[{"name":"wp","href":"https:\/\/api.w.org\/{rel}","templated":true}]}}