{"id":1246,"date":"2012-10-24T00:17:37","date_gmt":"2012-10-23T23:17:37","guid":{"rendered":"http:\/\/blogs.hoy.es\/loch-lomond\/?p=1246"},"modified":"2012-10-24T00:17:37","modified_gmt":"2012-10-23T23:17:37","slug":"regreso-al-zurbaran","status":"publish","type":"post","link":"https:\/\/blogs.hoy.es\/loch-lomond\/2012\/10\/24\/regreso-al-zurbaran\/","title":{"rendered":"Regreso al Zurbar\u00e1n"},"content":{"rendered":"<p align=\"JUSTIFY\">\n<p align=\"JUSTIFY\">\n<div id=\"attachment_1248\" style=\"width: 269px\" class=\"wp-caption aligncenter\"><span style=\"color: #000000;\"><a href=\"\/loch-lomond\/wp-content\/uploads\/sites\/10\/2012\/10\/Instituto-Zurbar\u00e1n-Badajoz.jpg\"><span style=\"color: #000000;\"><img aria-describedby=\"caption-attachment-1248\" loading=\"lazy\" class=\"size-full wp-image-1248\" title=\"Instituto Zurbar\u00e1n Badajoz\" src=\"\/loch-lomond\/wp-content\/uploads\/sites\/10\/2012\/10\/Instituto-Zurbar\u00e1n-Badajoz.jpg\" alt=\"El Instituto Zurbar\u00e1n de Badajoz. Donde estudi\u00e9 de adolescente ha desempe\u00f1ado un importante papel en mi vida.\" width=\"259\" height=\"194\" \/><\/span><\/a><\/span><p id=\"caption-attachment-1248\" class=\"wp-caption-text\">El Instituto Zurbar\u00e1n de Badajoz. Donde estudi\u00e9 de adolescente ha desempe\u00f1ado un importante papel en mi vida.<\/p><\/div>\n<p align=\"JUSTIFY\">\n<p align=\"JUSTIFY\"><span style=\"color: #000000; font-size: medium;\">Constantemente, en mis <strong>art\u00edculos en HOY<\/strong> y en este, <strong>mi blog<\/strong>, el de todos ustedes, (cuyo nombre por cierto consigue la siempre reconfortante tarea de recordar el famoso y dorado elixir que tanto privaba al viejo <strong>capit\u00e1n Haddock<\/strong>) les hablo de <strong>momentos importantes acaecidos en mi vida<\/strong>, de situaciones otrora irrepetibles, de m\u00faltiples escenarios de fantas\u00eda y de momentos dulces y m\u00e1gicos. <\/span><\/p>\n<p align=\"JUSTIFY\">\n<p align=\"JUSTIFY\"><span style=\"color: #000000; font-size: medium;\"><strong>Mi antiguo Instituto<\/strong>, <a title=\"Mariano media roja\" href=\"https:\/\/blogs.hoy.es\/loch-lomond\/2012\/06\/06\/%c2%a1mariano-media-roja\/\" target=\"_blank\"><span style=\"color: #000000;\">el Zurbar\u00e1n de Badajoz<\/span><\/a>, situado en la <strong>avenida de Huelva<\/strong> de la capital pacense, es sin duda constante fuente de <strong>an\u00e9cdotas<\/strong>, <strong>situaciones y personajes<\/strong> que de alguna manera han marcado la vida del menda.<\/span><\/p>\n<p align=\"JUSTIFY\"><span style=\"color: #000000; font-size: medium;\">Ya les he narrado en alguna ocasi\u00f3n, que a pesar de los momentos memorables de aquella <a title=\"Adi\u00f3s muchachos\" href=\"https:\/\/blogs.hoy.es\/loch-lomond\/2011\/04\/07\/adios-muchachos\/\" target=\"_blank\"><span style=\"color: #000000;\">\u00e9poca de adolescente en el Zurbar\u00e1n<\/span><\/a>, tan <strong>feliz<\/strong>, irrepetible y hermosa (no tan lejana como muchos pudieran pensar) son muchas las <strong>pesadillas<\/strong> o sue\u00f1os inc\u00f3modos en los que mi antiguo Instituto figura como escenario protagonista. <\/span><\/p>\n<p align=\"JUSTIFY\">\n<p align=\"JUSTIFY\"><span style=\"color: #000000; font-size: medium;\">Ustedes ya me conocen. Soy de los que aborrecen <a title=\"Regreso al futuro\" href=\"http:\/\/www.hoy.es\/v\/20110116\/opinion\/regreso-futuro-20110116.html\" target=\"_blank\"><span style=\"color: #000000;\">el s\u00edndrome de Peter Pan<\/span><\/a>, y ni por asomo volver\u00eda atr\u00e1s en el tiempo por muy dichosa que hubiera sido una \u00e9poca de mi vida. Quiz\u00e1s sea por ello que el entra\u00f1able lugar donde tantas amistades forj\u00e9, y en el que <strong>me enamor\u00e9 por primera vez<\/strong>, <a title=\"regreso a la escuela\" href=\"https:\/\/blogs.hoy.es\/loch-lomond\/2011\/07\/05\/regreso-la-escuela\/\" target=\"_blank\"><span style=\"color: #000000;\">torne a marco de zozobra<\/span><\/a> y angustia al presentarse en mis sue\u00f1os conmigo de protagonista desempe\u00f1ando el papel de <strong>estudiante<\/strong> dentro de aquellas <strong>aulas<\/strong> casi olvidadas. <\/span><\/p>\n<p align=\"JUSTIFY\">\n<p align=\"JUSTIFY\"><span style=\"color: #000000; font-size: medium;\">El <strong>delirio<\/strong> m\u00e1s repetido es quiz\u00e1s aquel en el que se me presenta la inminente fecha de un importante<strong> examen<\/strong> que ni siquiera he preparado y al que me es imposible presentarme por todas las circunstancias negativas que van sucediendo durante el sue\u00f1o:<\/span><\/p>\n<div id=\"attachment_1249\" style=\"width: 310px\" class=\"wp-caption alignleft\"><a href=\"\/loch-lomond\/wp-content\/uploads\/sites\/10\/2012\/10\/Escudo-del-Instituto-Zurbar\u00e1n.jpg\"><img aria-describedby=\"caption-attachment-1249\" loading=\"lazy\" class=\"size-medium wp-image-1249\" title=\"Escudo del Instituto Zurbar\u00e1n\" src=\"\/loch-lomond\/wp-content\/uploads\/sites\/10\/2012\/10\/Escudo-del-Instituto-Zurbar\u00e1n.jpg\" alt=\"En mi \u00e9poca de estudiante en el Zurbar\u00e1n, el menda gan\u00f3 varias medallas defendiendo este escudo. En salto de longitud y en relevos, nada menos.\" width=\"300\" height=\"300\" srcset=\"https:\/\/static-blogs.hoy.es\/wp-content\/uploads\/sites\/10\/2012\/10\/Escudo-del-Instituto-Zurbar\u00e1n.jpg 933w, https:\/\/static-blogs.hoy.es\/wp-content\/uploads\/sites\/10\/2012\/10\/Escudo-del-Instituto-Zurbar\u00e1n-150x150.jpg 150w, https:\/\/static-blogs.hoy.es\/wp-content\/uploads\/sites\/10\/2012\/10\/Escudo-del-Instituto-Zurbar\u00e1n-300x300.jpg 300w, https:\/\/static-blogs.hoy.es\/wp-content\/uploads\/sites\/10\/2012\/10\/Escudo-del-Instituto-Zurbar\u00e1n-768x768.jpg 768w\" sizes=\"(max-width: 300px) 100vw, 300px\" \/><\/a><p id=\"caption-attachment-1249\" class=\"wp-caption-text\">En mi \u00e9poca de estudiante en el Zurbar\u00e1n, el menda gan\u00f3 varias medallas defendiendo este escudo. En salto de longitud y en relevos, nada menos.<\/p><\/div>\n<p class=\"wp-caption-dd\"><span style=\"color: #000000; font-size: medium;\">\u00bfPero qu\u00e9 hago <strong>otra vez aqu\u00ed<\/strong> Dios m\u00edo? \u2013 Me pregunto constantemente tan enfadado como acobardado &#8211; \u00a1Si yo ya aprob\u00e9! \u00a1Si incluso luego estudi\u00e9 una carrera! Si ahora tengo una vida, una casa, una familia, un trabajo\u2026 \u00bfPero que hago otra vez aqu\u00ed? \u00a1Qu\u00e9 ha pasado por <strong>el Cetro de Ottokar<\/strong>!<\/span><\/p>\n<p align=\"JUSTIFY\"><span style=\"color: #000000; font-size: medium;\">Est\u00e1 claro que <strong>los sue\u00f1os<\/strong> han de ser de alguna manera premonitorios, pues jam\u00e1s sospech\u00e9 tras terminar <strong>COU<\/strong> que volver\u00eda a aquellas aulas para algo m\u00e1s que para recoger el <strong>t\u00edtulo de Bachiller<\/strong>.<\/span><\/p>\n<p align=\"JUSTIFY\"><span style=\"color: #000000; font-size: medium;\">Hace algunas semanas me pas\u00e9 por mi Instituto con la intenci\u00f3n de regalar un ejemplar de mi libro, &#8220;<strong><a title=\"ausencias, traumas y gratitud\" href=\"https:\/\/blogs.hoy.es\/loch-lomond\/2012\/03\/31\/ausencias-traumas-y-gratitud\/\" target=\"_blank\"><span style=\"color: #000000;\">Don de Loch Lomond<\/span><\/a>&#8220;, <\/strong>para que figurara <strong>a disposici\u00f3n de alumnos y profesores<\/strong> en la <strong>biblioteca<\/strong> del Centro. <\/span><\/p>\n<p align=\"JUSTIFY\">\n<p align=\"JUSTIFY\"><span style=\"color: #000000; font-size: medium;\">Me parec\u00eda <strong>justo y necesario<\/strong> devolverle a \u00e9ste de una u otra manera parte de lo que me hab\u00eda dado. Quien suscribe no ser\u00eda la misma persona sin haber pasado por sus aulas, y me agradaba la sensaci\u00f3n de <strong>dejar una peque\u00f1a parte de m\u00ed<\/strong> para la posterioridad. Pocos d\u00edas despu\u00e9s recib\u00ed un email de un <strong>profesor<\/strong> del Instituto, <strong>Jacinto Haro<\/strong>, al que no conozco y seguramente no habr\u00e9 visto en mi vida, pues hace ya 16 a\u00f1os que dej\u00e9 el Zurbar\u00e1n, y ya casi no queda atisbo de los inmejorables <strong>docentes<\/strong> de los que tuve el <strong>privilegio<\/strong> e inmenso placer de recibir <strong>clases<\/strong>. <\/span><\/p>\n<p align=\"JUSTIFY\">\n<p align=\"JUSTIFY\">\n<p align=\"JUSTIFY\"><span style=\"color: #000000; font-size: medium;\"><strong>Jacinto<\/strong>, profesor de Lengua y Literatura, tras hacerse con\u00a0<a title=\"Desacato a la realidad\" href=\"https:\/\/blogs.hoy.es\/loch-lomond\/2012\/05\/24\/desacato-a-la-realidad\/\" target=\"_blank\"><span style=\"color: #000000;\">mi libro<\/span><\/a> indag\u00f3, y me cont\u00f3 en su email que a trav\u00e9s de mi querida <strong>Queti del Rosal<\/strong> (seguramente de las pocas supervivientes de mi \u00e9poca) hab\u00eda conocido mi historia y quien era yo y cual hab\u00eda sido mi prop\u00f3sito, e insist\u00eda en que mi entra\u00f1able gesto merec\u00eda al menos que hici\u00e9semos una presentaci\u00f3n en el instituto, una peque\u00f1a <strong>charla para los alumnos<\/strong>, en la que <a title=\"Alimento espiritual\" href=\"https:\/\/blogs.hoy.es\/loch-lomond\/2012\/04\/19\/alimento-espiritual\/\" target=\"_blank\"><span style=\"color: #000000;\">mi libro<\/span><\/a> sea una mera excusa para hablarles de mi paso por &#8220;mi&#8221; instituto, aunque indudablemente ya no sea el de mi \u00e9poca.<\/span><\/p>\n<a href=\"\/loch-lomond\/wp-content\/uploads\/sites\/10\/2012\/10\/Zurbar\u00e1n-F\u00edsica-o-qu\u00edmica.jpg\"><img loading=\"lazy\" class=\"size-medium wp-image-1250\" title=\"Zurbar\u00e1n F\u00edsica o qu\u00edmica\" src=\"\/loch-lomond\/wp-content\/uploads\/sites\/10\/2012\/10\/Zurbar\u00e1n-F\u00edsica-o-qu\u00edmica.jpg\" alt=\"El famoso Zurbar\u00e1n de la serie \"F\u00edsica o qu\u00edmica\" se llama as\u00ed gracias a un antiguo compa\u00f1ero del Zurbar\u00e1n de Badajoz: Jaime Vaca, guionista de la serie, y adem\u00e1s hijo de una de las instituciones docentes del centro: Do\u00f1a Teresa Quintanilla.\" width=\"300\" height=\"259\" srcset=\"https:\/\/static-blogs.hoy.es\/wp-content\/uploads\/sites\/10\/2012\/10\/Zurbar\u00e1n-F\u00edsica-o-qu\u00edmica.jpg 500w, https:\/\/static-blogs.hoy.es\/wp-content\/uploads\/sites\/10\/2012\/10\/Zurbar\u00e1n-F\u00edsica-o-qu\u00edmica-300x260.jpg 300w\" sizes=\"(max-width: 300px) 100vw, 300px\" \/><\/a>\n<p class=\"wp-caption-dd\"><span style=\"color: #000000; font-size: medium;\">Ma\u00f1ana <strong>jueves 25 de octubre<\/strong>, fecha en la que el Instituto Zurbar\u00e1n se encuentra en su particular <strong>Feria del Libro<\/strong>, a eso de las 13:20, en la biblioteca donde en tantas ocasiones he preparado ex\u00e1menes de \u00faltima hora, me enfrentar\u00e9 a varios grupos de alumnos adolescentes, que me mirar\u00e1n con cierto reparo, pregunt\u00e1ndose muy oportunamente quien narices es el &#8220;mi menda&#8221; este de las narices que viene a darnos la tabarra. <\/span><\/p>\n<p class=\"wp-caption-dd\">\n<p class=\"wp-caption-dd\"><span style=\"color: #000000; font-size: medium;\">He de confesarles, <strong>mis queridos y desocupados lectores<\/strong>, que estoy envuelto en una mezcla de <strong>sentimientos contradictorios<\/strong>. <strong>Emocionado e ilusionado<\/strong> por una parte. <strong>Aterrado, nervioso e inquieto<\/strong> por otra. <strong>No soy digno<\/strong> de semejante <strong>honor<\/strong>, sin duda, y esto lo afirmo con todas las letras a pesar de <strong>mi peque\u00f1a dosis de vanidad<\/strong>, pero el hecho de materializar esta <strong>quimera<\/strong>, este sue\u00f1o irrepetible, se me antoja de <strong>un placer y una satisfacci\u00f3n<\/strong> a toda prueba.<\/span><\/p>\n<p class=\"wp-caption-dd\">\n<p align=\"JUSTIFY\"><span style=\"color: #000000; font-size: medium;\">Aun recuerdo cuando era yo el que estaba en el <strong>Sal\u00f3n de actos<\/strong>, o en el <strong>Sal\u00f3n de Grado<\/strong>, o en la misma biblioteca o en alguna clase. Daba igual quien fuera el protagonista. Pod\u00eda ser <strong>P\u00e9rez de Tudela<\/strong> para hablarnos de sus aventuras en la monta\u00f1a, o de <strong>\u00c1lvarez Buiza<\/strong> para leernos algunos de sus nuevos poemas. Quiz\u00e1s los de <strong>Alcoh\u00f3licos An\u00f3nimos<\/strong> para darnos una charla sobre <strong>los peligros del alcohol<\/strong> o lo de <strong>Alcer<\/strong> para concienciarnos de lo importante de la <strong>donaci\u00f3n de \u00f3rganos<\/strong>. <\/span><\/p>\n<p align=\"JUSTIFY\">\n<p align=\"JUSTIFY\">\n<p align=\"JUSTIFY\"><span style=\"color: #000000; font-size: medium;\">Pod\u00eda ser un concierto que los miembros del grupo pop\u00a0&#8220;<strong>Toque de Queda<\/strong>&#8221; del propio centro\u00a0(o tal vez vez mi grupo, tambi\u00e9n del Zurbar\u00e1n\u00a0los <a title=\"Violent Popes\" href=\"https:\/\/blogs.hoy.es\/loch-lomond\/2011\/02\/25\/violent-popes-empty-man\/\" target=\"_blank\"><span style=\"color: #000000;\">&#8220;<strong>Violent Popes<\/strong>&#8220;<\/span><\/a>\u00a0ofrec\u00edan a los <strong>alumnos de intercambio<\/strong>, o los del &#8220;<strong>Proyecto Duro<\/strong>&#8221; que insist\u00edan en hablarnos del <strong>Guadiana<\/strong> de entonces. A nosotros <strong>nos daba igual<\/strong>, y de una u otra manera, aunque \u00edbamos con la siempre sana intenci\u00f3n de <strong>montar el cirio<\/strong>, aquellas charlas nos pon\u00edan de buen humor,\u00a0 pues con la tonter\u00eda <strong>nos libr\u00e1bamos de una hora de clase<\/strong>, y esa espero que sea la filosof\u00eda de los alumnos ma\u00f1ana. <\/span><\/p>\n<p align=\"JUSTIFY\">\n<p align=\"JUSTIFY\"><span style=\"color: #000000; font-size: medium;\">No estar\u00e9 solo. Mi querido y admirado amigo <strong><a title=\"Un brindis con Loch Lomond\" href=\"https:\/\/blogs.hoy.es\/loch-lomond\/2012\/04\/21\/un-brindis-con-loch-lomond\/\" target=\"_blank\"><span style=\"color: #000000;\">Manuel Pecell\u00edn<\/span><\/a> <\/strong>una vez m\u00e1s accede generosamente a regalarnos su presencia para <strong>apadrinar el acto<\/strong>. Recuerdo que en una de aquellas ocasiones, en <strong>primero de BUP<\/strong>, en las que con la tontuna de la edad del pavo no par\u00e1bamos de armar gresca, uno de mis profesores favoritos de la \u00e9poca, Don <strong>Jos\u00e9 Antonio Gala<\/strong>, quien siempre derrochaba <strong>normalidad y sentido com\u00fan<\/strong> nos inquiri\u00f3 de esta guisa: &#8220;Ya que ten\u00e9is que tragaros el rollo, por lo menos <strong>prestad atenci\u00f3n<\/strong> y atended en vuestro beneficio, ya que nunca se sabe si podr\u00e9is aprovechar algo de lo que van a ense\u00f1aros aqu\u00ed a lo largo de vuestra vida&#8221;. \u00a1<strong>Qu\u00e9 consejo m\u00e1s gordo<\/strong>!<\/span><\/p>\n<div id=\"attachment_1251\" style=\"width: 310px\" class=\"wp-caption aligncenter\"><a href=\"\/loch-lomond\/wp-content\/uploads\/sites\/10\/2012\/10\/Yolanda-Orantos.jpg\"><img aria-describedby=\"caption-attachment-1251\" loading=\"lazy\" class=\"size-full wp-image-1251\" title=\"Yolanda Orantos\" src=\"\/loch-lomond\/wp-content\/uploads\/sites\/10\/2012\/10\/Yolanda-Orantos.jpg\" alt=\"Adem\u00e1s de un gran profesorado, el Zurbar\u00e1n siempre ha presumido de buenos alumno. Yolanda Orantos, de 16 a\u00f1os, quien posa en la foto de C. MORENO en el laboratorio de F\u00edsica del Zurbar\u00e1n, ha ganado recientemente uno de los Premios Extraordinarios de la Educaci\u00f3n Secundaria.\" width=\"300\" height=\"438\" srcset=\"https:\/\/static-blogs.hoy.es\/wp-content\/uploads\/sites\/10\/2012\/10\/Yolanda-Orantos.jpg 300w, https:\/\/static-blogs.hoy.es\/wp-content\/uploads\/sites\/10\/2012\/10\/Yolanda-Orantos-205x300.jpg 205w\" sizes=\"(max-width: 300px) 100vw, 300px\" \/><\/a><p id=\"caption-attachment-1251\" class=\"wp-caption-text\">Adem\u00e1s de un gran profesorado, el Zurbar\u00e1n siempre ha presumido de buenos alumno. Yolanda Orantos, de 16 a\u00f1os, quien posa en la foto de C. MORENO en el laboratorio de F\u00edsica del Zurbar\u00e1n, ha ganado recientemente uno de los Premios Extraordinarios de la Educaci\u00f3n Secundaria.<\/p><\/div>\n<p class=\"wp-caption-dd\"><span style=\"color: #000000; font-size: medium;\">Humildemente, no s\u00e9 si a los alumnos podr\u00e1 interesarles algo de lo que les cuente ma\u00f1ana, pero sin duda para mi ser\u00e1 <strong>uno de los momentos m\u00e1s bonitos de mi vida<\/strong> y tratar\u00e9 de hacerles pasar un momento grato y entretenido. Y si al final resulta, que\u00a0 aunque sea s\u00f3lo uno de ellos, obtiene algo positivo de mis palabras, les aseguro que habr\u00e1 valido la pena. <strong>Regreso a la adolescencia<\/strong>. Regreso a la \u00e9poca de las <strong>nuevas sensaciones<\/strong>, la <strong>m\u00fasica<\/strong>, la <strong>literatura<\/strong>, el <strong>primer amor<\/strong>. Regreso a la \u00e9poca en la que empec\u00e9 a <strong>sentirme libre<\/strong>. <strong>Regreso al Zurbar\u00e1n<\/strong>.<\/span><\/p>\n<!-- AddThis Advanced Settings generic via filter on the_content --><!-- AddThis Share Buttons generic via filter on the_content -->","protected":false},"excerpt":{"rendered":"<p>Constantemente, en mis art\u00edculos en HOY y en este, mi blog, el de todos ustedes, (cuyo nombre por cierto consigue la siempre reconfortante tarea de recordar el famoso y dorado elixir que tanto privaba al viejo capit\u00e1n Haddock) les hablo de momentos importantes acaecidos en mi vida, de situaciones otrora irrepetibles, de m\u00faltiples escenarios de [&hellip;]<!-- AddThis Advanced Settings generic via filter on get_the_excerpt --><!-- AddThis Share Buttons generic via filter on get_the_excerpt --><\/p>\n","protected":false},"author":14,"featured_media":0,"comment_status":"open","ping_status":"closed","sticky":false,"template":"","format":"standard","meta":[],"categories":[2],"tags":[14,133,180,182,216,397,412,437,544,783,912,926,1215,1347,1412,1515,1565,1806,1967,1968,2062,2122,2342,2603,2611,2661,2665,2744,2800,3054,3103,3307,4002,4030,4271,4559,4714,4803,4805,4927,4968,5012,5035,5353,5371],"_links":{"self":[{"href":"https:\/\/blogs.hoy.es\/loch-lomond\/wp-json\/wp\/v2\/posts\/1246"}],"collection":[{"href":"https:\/\/blogs.hoy.es\/loch-lomond\/wp-json\/wp\/v2\/posts"}],"about":[{"href":"https:\/\/blogs.hoy.es\/loch-lomond\/wp-json\/wp\/v2\/types\/post"}],"author":[{"embeddable":true,"href":"https:\/\/blogs.hoy.es\/loch-lomond\/wp-json\/wp\/v2\/users\/14"}],"replies":[{"embeddable":true,"href":"https:\/\/blogs.hoy.es\/loch-lomond\/wp-json\/wp\/v2\/comments?post=1246"}],"version-history":[{"count":0,"href":"https:\/\/blogs.hoy.es\/loch-lomond\/wp-json\/wp\/v2\/posts\/1246\/revisions"}],"wp:attachment":[{"href":"https:\/\/blogs.hoy.es\/loch-lomond\/wp-json\/wp\/v2\/media?parent=1246"}],"wp:term":[{"taxonomy":"category","embeddable":true,"href":"https:\/\/blogs.hoy.es\/loch-lomond\/wp-json\/wp\/v2\/categories?post=1246"},{"taxonomy":"post_tag","embeddable":true,"href":"https:\/\/blogs.hoy.es\/loch-lomond\/wp-json\/wp\/v2\/tags?post=1246"}],"curies":[{"name":"wp","href":"https:\/\/api.w.org\/{rel}","templated":true}]}}