{"id":1254,"date":"2012-10-29T13:25:40","date_gmt":"2012-10-29T12:25:40","guid":{"rendered":"http:\/\/blogs.hoy.es\/loch-lomond\/?p=1254"},"modified":"2012-10-29T13:25:40","modified_gmt":"2012-10-29T12:25:40","slug":"libros-pedantes-siesos-y-humor","status":"publish","type":"post","link":"https:\/\/blogs.hoy.es\/loch-lomond\/2012\/10\/29\/libros-pedantes-siesos-y-humor\/","title":{"rendered":"Libros, pedantes, siesos y humor"},"content":{"rendered":"<p>Enrique Falc\u00f3. \u00c1vido lector<\/p>\n<p>&nbsp;<\/p>\n<div id=\"attachment_1256\" style=\"width: 310px\" class=\"wp-caption alignnone\"><a href=\"\/loch-lomond\/wp-content\/uploads\/sites\/10\/2012\/10\/espineteydonpinp\u00f3n.jpg\"><img aria-describedby=\"caption-attachment-1256\" loading=\"lazy\" class=\"size-full wp-image-1256\" title=\"espineteydonpinp\u00f3n\" src=\"\/loch-lomond\/wp-content\/uploads\/sites\/10\/2012\/10\/espineteydonpinp\u00f3n.jpg\" alt=\"Espinete y Don Pinp\u00f3n. \u00a1Que dos Cracks! Estos s\u00ed que sab\u00edan lo que hac\u00edan, y evidentemente le\u00edan de todo.\" width=\"300\" height=\"329\" srcset=\"https:\/\/static-blogs.hoy.es\/wp-content\/uploads\/sites\/10\/2012\/10\/espineteydonpinp\u00f3n.jpg 300w, https:\/\/static-blogs.hoy.es\/wp-content\/uploads\/sites\/10\/2012\/10\/espineteydonpinp\u00f3n-274x300.jpg 274w\" sizes=\"(max-width: 300px) 100vw, 300px\" \/><\/a><p id=\"caption-attachment-1256\" class=\"wp-caption-text\">Espinete y Don Pinp\u00f3n. \u00a1Que dos Cracks! Estos s\u00ed que sab\u00edan lo que hac\u00edan, y evidentemente le\u00edan de todo.<\/p><\/div>\n<p align=\"JUSTIFY\"><span style=\"color: #000080; font-size: medium;\">Libros. Me encanta hablar de libros. \u00a1C\u00f3mo no me va a gustar! Y no solo del m\u00edo, estar\u00eda bueno, aunque cierto es (hay que promocionarse) que lo nombro hasta en la sopa, que ya saben ustedes que el caldo me gusta a mi m\u00e1s que comer alitas de pollo fritas con los dedos. Yo soy como <a title=\"Barrio S\u00e9samo\" href=\"https:\/\/blogs.hoy.es\/loch-lomond\/2011\/04\/03\/barrio-sesamo\/\" target=\"_blank\">Espinete<\/a> cuando cantaba aquello de &#8220;Me gustan todos, todos los libros, los que son grandes los que son chicos&#8221;. Esa canci\u00f3n como tantas otras se me grab\u00f3 en el alma y no la olvidar\u00e9 mientras me quede un \u00e1pice de mi prodigiosa memoria, que entre ustedes y yo no es para tanto, pero qu\u00e9 voy a contarles, en el pa\u00eds de los ciegos el tuerto es el Rey&#8230; y por aqu\u00ed como que a m\u00e1s de uno se le ha oxidado la sesera, y no me extra\u00f1a \u00bfeh?, porque hay cosas que son susceptibles de ser enterradas en el pantano m\u00e1s fangoso del olvido. Yo sin embargo no olvidar\u00e9 la charla que el pasado jueves ofrec\u00ed a los alumnos de mi antiguo Instituto, el ahora denominado &#8220;<a title=\"Regreso al Zurbar\u00e1n\" href=\"https:\/\/blogs.hoy.es\/loch-lomond\/2012\/10\/24\/regreso-al-zurbaran\/\" target=\"_blank\">IES Zurbar\u00e1n<\/a>&#8221; de Badajoz, con motivo de la presentaci\u00f3n de mi libro, &#8220;<a title=\"Ausencias, traumas y gratitud\" href=\"https:\/\/blogs.hoy.es\/loch-lomond\/2012\/03\/31\/ausencias-traumas-y-gratitud\/\" target=\"_blank\">Don de Loch Lomond<\/a>&#8221; dentro de las actividades de su particular Feria del Libro. Los alumnos fueron pacientes y ben\u00e9volos con mi menda, quien se encontraba nervioso y aterrado recordando como las gast\u00e1bamos quien suscribe y sus compis a esa edad en las charlas que se ofrec\u00edan en el Sal\u00f3n de Actos. Quede constancia p\u00fablica de mi agradecimiento al profesorado y a los m\u00e1s de doscientos alumnos por un d\u00eda que jam\u00e1s olvidar\u00e9. Aquella regresi\u00f3n a la adolescencia fue fant\u00e1stica (yo creo que hasta me salieron espinillas) y aunque ya conocen mi aversi\u00f3n al s\u00edndrome de Peter Pan no me import\u00f3 volver a tener 15 \u00f3 16 a\u00f1os por un d\u00eda.<\/span><\/p>\n<div id=\"attachment_1257\" style=\"width: 260px\" class=\"wp-caption alignnone\"><a href=\"\/loch-lomond\/wp-content\/uploads\/sites\/10\/2012\/10\/Falc\u00f3-Zurbar\u00e1n.jpg\"><img aria-describedby=\"caption-attachment-1257\" loading=\"lazy\" class=\"size-full wp-image-1257\" title=\"Falc\u00f3-Zurbar\u00e1n\" src=\"\/loch-lomond\/wp-content\/uploads\/sites\/10\/2012\/10\/Falc\u00f3-Zurbar\u00e1n.jpg\" alt=\"El menda, Enrique Falc\u00f3, con Don Manuel Pecell\u00edn al fondo, hablando a los alumnos del Zurbar\u00e1n.\" width=\"250\" height=\"166\" \/><\/a><p id=\"caption-attachment-1257\" class=\"wp-caption-text\">El menda, Enrique Falc\u00f3, con Don Manuel Pecell\u00edn al fondo, hablando a los alumnos del Zurbar\u00e1n.<\/p><\/div>\n<p align=\"JUSTIFY\"><span style=\"color: #000080; font-size: medium;\">Una joven alumna, tras la charla, me hizo varias preguntas que me encantaron, pero una de ellas me desconcert\u00f3: &#8220;\u00bfQu\u00e9 tipo de libros lees? \u00bfQu\u00e9 libros te gustan?&#8221;. Comenc\u00e9 a enumerar <a title=\"Coraz\u00f3n. Diario de un ni\u00f1o \" href=\"https:\/\/blogs.hoy.es\/loch-lomond\/2011\/05\/23\/corazon\/\" target=\"_blank\">mis predilectos<\/a> dentro de la <a title=\"Todos los detectives quieren ser flanagan\" href=\"https:\/\/blogs.hoy.es\/loch-lomond\/2012\/04\/30\/todos-los-detectives-quieren-ser-flanagan\/\" target=\"_blank\">literatura juvenil<\/a>, de narrativa, best seller, c\u00f3mics, misterio, biograf\u00edas&#8230; \u00a1Todos! Conclu\u00ed. Me gustan todos. Y es cierto. Nunca me he planteado qu\u00e9 tipo de libros me gustan. Supongo que cualquiera que a la postre llegue a ser interesante y entretenido. Eso s\u00ed, siempre les doy una oportunidad, o dos como mucho para que atraigan lo suficiente mi atenci\u00f3n y emborrachen mis sentidos (siempre con Loch Lomond claro). Como les explicaba a los alumnos, en la literatura existen momentos para todo. Desde la posibilidad de relajarse con un c\u00f3mic de <a title=\"Tint\u00edn es inocente\" href=\"https:\/\/blogs.hoy.es\/loch-lomond\/2011\/10\/02\/tintin-es-inocente\/\" target=\"_blank\">Tint\u00edn<\/a>, hasta la necesidad de espesar la mente con la Metamorfosis de Kafka. Aunque he de confesarles, que siempre he sentido debilidad por los libros humor\u00edsticos.<\/span><\/p>\n<div id=\"attachment_1258\" style=\"width: 206px\" class=\"wp-caption alignnone\"><a href=\"\/loch-lomond\/wp-content\/uploads\/sites\/10\/2012\/10\/safari-Uss\u00eda.jpg\"><img aria-describedby=\"caption-attachment-1258\" loading=\"lazy\" class=\"size-medium wp-image-1258\" title=\"safari-Uss\u00eda\" src=\"\/loch-lomond\/wp-content\/uploads\/sites\/10\/2012\/10\/safari-Uss\u00eda.jpg\" alt=\"Safari. Espero que la pen\u00faltima... o antepen\u00faltima aventura del Marqu\u00e9s de Sotoancho.\" width=\"196\" height=\"300\" \/><\/a><p id=\"caption-attachment-1258\" class=\"wp-caption-text\">Safari. Espero que la pen\u00faltima... o antepen\u00faltima aventura del Marqu\u00e9s de Sotoancho.<\/p><\/div>\n<p align=\"JUSTIFY\"><span style=\"color: #000080; font-size: medium;\">Sale a la venta &#8220;Safari&#8221;, la (espero) pen\u00faltima, o mejor aun, antepen\u00faltima aventura de &#8220;El Marqu\u00e9s de Sotoancho&#8221;, el desternillante personaje de Alfonso Uss\u00eda. Seguro que m\u00e1s de un lector ha torcido la naricilla en se\u00f1al de desaprobaci\u00f3n. Vuelvo a insistir. Las ideas pol\u00edticas de Alfonso Uss\u00eda me importan lo mismo que la situaci\u00f3n de la prima de riesgo en Portugal y el Reino Unido. Es un gran escritor, con un dominio magistral del lenguaje, especialmente en lo que a iron\u00eda y sentido del humor se refiere, y por el hecho de disfrutar y aprender de \u00e9l nadie merece ser purgado con san benito alguno ni tener que llevar adheridas sus ideas pol\u00edticas. Uss\u00eda, manifiesta en una reciente entrevista sobre la publicaci\u00f3n de su libro, que lamentablemente, en este pa\u00eds la literatura de humor siempre se ha mirado con resentimiento por los pedantes. Esto es resultado, sin duda, de ser un pa\u00eds \u00e1spero y poco cultivado. En definitiva, que somos m\u00e1s de carcajada que de sonrisa continua. Sin duda, y aun siendo fan de las carcajadas m\u00e1s explosivas, me declaro simpatizante activo del segundo grupo. Quiz\u00e1s por eso me vuelvan loco los <a title=\"El b\u00e1lsamo es un bicho\" href=\"https:\/\/blogs.hoy.es\/loch-lomond\/2012\/07\/29\/el-balsamo-es-un-bicho\/\" target=\"_blank\">Monty Phyton<\/a>, que intercalan grandes carcajadas sobre un fondo continuo de sonrisa contagiosa.<\/span><\/p>\n<p align=\"JUSTIFY\"><span style=\"color: #000080; font-size: medium;\">Yo tampoco soporto a los pedantes. En especial a aquellos que siempre se arrancan con alguna frase en lat\u00edn o griego (que por supuesto no son las t\u00edpicas hist\u00f3ricas que todos conocemos a trav\u00e9s de los libros de <a title=\"Turur\u00fa\" href=\"https:\/\/blogs.hoy.es\/loch-lomond\/2011\/10\/09\/tururu\/\" target=\"_blank\">Ast\u00e9rix<\/a>) o que citan a autores no muy populares y que ellos dan por hecho que el resto de mortales debemos de conocer a la perfecci\u00f3n. Es cierto que en alguna ocasi\u00f3n, yo tambi\u00e9n he sido catalogado de pedante. Algo que parece il\u00f3gico, ya que siempre se destaca en mi persona la capacidad por hacerme entender con un lenguaje sencillo y cercano. Algo por cierto, que suele tocarme bastante m\u00e1s que la moral, ya que guardo especial recelo a la hora de cuidar mis frases, si bien lo tengo ya\u00a0 asumido y aceptado como algo positivo.<\/span><\/p>\n<div id=\"attachment_1259\" style=\"width: 310px\" class=\"wp-caption alignnone\"><a href=\"\/loch-lomond\/wp-content\/uploads\/sites\/10\/2012\/10\/javier_marias.jpg\"><img aria-describedby=\"caption-attachment-1259\" loading=\"lazy\" class=\"size-medium wp-image-1259\" title=\"javier_marias\" src=\"\/loch-lomond\/wp-content\/uploads\/sites\/10\/2012\/10\/javier_marias.jpg\" alt=\"El gran escritorJavier Mar\u00edas, quien ha rechazado el premio Nacional de Narrativa\" width=\"300\" height=\"193\" srcset=\"https:\/\/static-blogs.hoy.es\/wp-content\/uploads\/sites\/10\/2012\/10\/javier_marias.jpg 668w, https:\/\/static-blogs.hoy.es\/wp-content\/uploads\/sites\/10\/2012\/10\/javier_marias-300x194.jpg 300w\" sizes=\"(max-width: 300px) 100vw, 300px\" \/><\/a><p id=\"caption-attachment-1259\" class=\"wp-caption-text\">El gran escritorJavier Mar\u00edas, quien ha rechazado el premio Nacional de Narrativa<\/p><\/div>\n<p align=\"JUSTIFY\"><span style=\"color: #000080; font-size: medium;\">No se si ser\u00e1 pedante o no, y sus ideas pol\u00edticas tambi\u00e9n me las paso por donde otros se pasan las buenas maneras y el decoro. Hablo de Javier Mar\u00edas, otro extraordinario escritor al que admiro, que ha rechazado el Premio Nacional de Narrativa por &#8220;coherencia&#8221; y para ser &#8220;consecuente&#8221;. A algunos les parecer\u00e1 honesto y hasta puede que rom\u00e1ntico. \u00a1Qu\u00e9 f\u00e1cil parece todo cuando se tiene el ri\u00f1\u00f3n bien calentito! Seguro que muchos de los que tenemos que trabajar duro durante dos a\u00f1os para conseguir esos veinte mil euros que ha rechazado nos preguntaremos si hubiera sido tan honesto y coherente en caso de no ser un escritor de ventas millonarias, y obtener cifras parecidas a las del menda (cuidado, ya m\u00e1s de 300 ejemplares de Don de Loch Lomond).<\/span><\/p>\n<a href=\"\/loch-lomond\/wp-content\/uploads\/sites\/10\/2012\/10\/Calabaza-Brian.jpg\"><img loading=\"lazy\" class=\"size-medium wp-image-1260\" title=\"Calabaza Brian\" src=\"\/loch-lomond\/wp-content\/uploads\/sites\/10\/2012\/10\/Calabaza-Brian.jpg\" alt=\"a Brian le regalan esta calabaza \"por simp\u00e1tico\" calabaza que se convertir\u00e1 en objeto de culto.\" width=\"300\" height=\"210\" srcset=\"https:\/\/static-blogs.hoy.es\/wp-content\/uploads\/sites\/10\/2012\/10\/Calabaza-Brian.jpg 320w, https:\/\/static-blogs.hoy.es\/wp-content\/uploads\/sites\/10\/2012\/10\/Calabaza-Brian-300x210.jpg 300w\" sizes=\"(max-width: 300px) 100vw, 300px\" \/><\/a>\n<p><span style=\"color: #000080; font-size: medium;\">\u00a1Qu\u00e9 poco sentido del humor! Hasta Camilo Jos\u00e9 Cela le echaba gracia al asunto de los premios. Cuando le preguntaron si iba a donar los millones de pesetas que gan\u00f3 con el Nobel contest\u00f3 sin ning\u00fan tipo de rubor: &#8220;\u00a1No! \u00bfPor qu\u00e9 voy a tener que donar ese dinero si es m\u00edo y lo he ganado yo?&#8221;. En fin, como dir\u00eda aquel vendedor de calabazas de &#8220;La vida de Brian&#8221;: &#8220;De siesos est\u00e1 el mundo lleno&#8221;. \u00a1M\u00e1s humor por Dios! Que como bien afirma Alfonso Uss\u00eda: &#8220;El humor es un estado de gracia que sobrevuela todas las circunstancias&#8221;. \u00a1Toma ya! \u00a1Y pensar que hay algunos que todav\u00eda me preguntan qu\u00e9 narices hago yo leyendo a un &#8220;facha&#8221;!<\/span><\/p>\n<p><em>Publicado en Diario HOY el 28\/10\/2012<\/em><\/p>\n<p><a href=\"http:\/\/hoy.kioskoymas.com\/epaper\/showlink.aspx?bookmarkid=9D0MGDYXNZM&#038;preview=magnifier&#038;linkid=64c8f01c-7f4a-49e2-94e9-3ff4d2c20ea2&#038;pdaffid=1NEHCXDv4QZRFanP7KJR9A%3d%3d\"><img src=\"\/\/cache2-thumb1.pressdisplay.com\/pressdisplay\/docserver\/getimage.aspx?file=22012012102800000000001001&#038;page=34&#038;scale=23\" alt=\"\" \/><\/a><\/p>\n<!-- AddThis Advanced Settings generic via filter on the_content --><!-- AddThis Share Buttons generic via filter on the_content -->","protected":false},"excerpt":{"rendered":"<p>Enrique Falc\u00f3. \u00c1vido lector &nbsp; Libros. Me encanta hablar de libros. \u00a1C\u00f3mo no me va a gustar! Y no solo del m\u00edo, estar\u00eda bueno, aunque cierto es (hay que promocionarse) que lo nombro hasta en la sopa, que ya saben ustedes que el caldo me gusta a mi m\u00e1s que comer alitas de pollo fritas [&hellip;]<!-- AddThis Advanced Settings generic via filter on get_the_excerpt --><!-- AddThis Share Buttons generic via filter on get_the_excerpt --><\/p>\n","protected":false},"author":14,"featured_media":0,"comment_status":"open","ping_status":"closed","sticky":false,"template":"","format":"standard","meta":[],"categories":[8],"tags":[199,215,375,416,739,1049,1153,1515,1806,1861,1893,1997,2516,2527,2530,2690,2889,2929,2960,3058,3061,3063,3103,3431,3541,3951,4190,4547,4691,4714,4986],"_links":{"self":[{"href":"https:\/\/blogs.hoy.es\/loch-lomond\/wp-json\/wp\/v2\/posts\/1254"}],"collection":[{"href":"https:\/\/blogs.hoy.es\/loch-lomond\/wp-json\/wp\/v2\/posts"}],"about":[{"href":"https:\/\/blogs.hoy.es\/loch-lomond\/wp-json\/wp\/v2\/types\/post"}],"author":[{"embeddable":true,"href":"https:\/\/blogs.hoy.es\/loch-lomond\/wp-json\/wp\/v2\/users\/14"}],"replies":[{"embeddable":true,"href":"https:\/\/blogs.hoy.es\/loch-lomond\/wp-json\/wp\/v2\/comments?post=1254"}],"version-history":[{"count":0,"href":"https:\/\/blogs.hoy.es\/loch-lomond\/wp-json\/wp\/v2\/posts\/1254\/revisions"}],"wp:attachment":[{"href":"https:\/\/blogs.hoy.es\/loch-lomond\/wp-json\/wp\/v2\/media?parent=1254"}],"wp:term":[{"taxonomy":"category","embeddable":true,"href":"https:\/\/blogs.hoy.es\/loch-lomond\/wp-json\/wp\/v2\/categories?post=1254"},{"taxonomy":"post_tag","embeddable":true,"href":"https:\/\/blogs.hoy.es\/loch-lomond\/wp-json\/wp\/v2\/tags?post=1254"}],"curies":[{"name":"wp","href":"https:\/\/api.w.org\/{rel}","templated":true}]}}