{"id":1261,"date":"2012-11-01T16:27:42","date_gmt":"2012-11-01T15:27:42","guid":{"rendered":"http:\/\/blogs.hoy.es\/loch-lomond\/?p=1261"},"modified":"2012-11-01T16:27:42","modified_gmt":"2012-11-01T15:27:42","slug":"intergeneracionarte","status":"publish","type":"post","link":"https:\/\/blogs.hoy.es\/loch-lomond\/2012\/11\/01\/intergeneracionarte\/","title":{"rendered":"INTERGENERACIONARTE"},"content":{"rendered":"<p align=\"JUSTIFY\"><span style=\"color: #000080; font-size: medium;\"><a href=\"\/loch-lomond\/wp-content\/uploads\/sites\/10\/2012\/11\/160100Cartel_Intergeneracionarte1.jpg\"><img loading=\"lazy\" class=\"alignnone size-medium wp-image-1265\" title=\"160100Cartel_Intergeneracionarte\" src=\"\/loch-lomond\/wp-content\/uploads\/sites\/10\/2012\/11\/160100Cartel_Intergeneracionarte1.jpg\" alt=\"\" width=\"300\" height=\"212\" srcset=\"https:\/\/static-blogs.hoy.es\/wp-content\/uploads\/sites\/10\/2012\/11\/160100Cartel_Intergeneracionarte1.jpg 417w, https:\/\/static-blogs.hoy.es\/wp-content\/uploads\/sites\/10\/2012\/11\/160100Cartel_Intergeneracionarte1-300x212.jpg 300w\" sizes=\"(max-width: 300px) 100vw, 300px\" \/><\/a><a href=\"\/loch-lomond\/wp-content\/uploads\/sites\/10\/2012\/11\/160100Cartel_Intergeneracionarte.jpg\"><img loading=\"lazy\" class=\"alignnone size-medium wp-image-1264\" title=\"160100Cartel_Intergeneracionarte\" src=\"\/loch-lomond\/wp-content\/uploads\/sites\/10\/2012\/11\/160100Cartel_Intergeneracionarte.jpg\" alt=\"\" width=\"300\" height=\"212\" srcset=\"https:\/\/static-blogs.hoy.es\/wp-content\/uploads\/sites\/10\/2012\/11\/160100Cartel_Intergeneracionarte.jpg 417w, https:\/\/static-blogs.hoy.es\/wp-content\/uploads\/sites\/10\/2012\/11\/160100Cartel_Intergeneracionarte-300x212.jpg 300w\" sizes=\"(max-width: 300px) 100vw, 300px\" \/><\/a><\/span><\/p>\n<p align=\"JUSTIFY\"><span style=\"color: #000080; font-size: medium;\">Siempre he insistido en la necesidad de creer en lo que uno hace. Cualquiera pueda adentrarse en los fascinantes mundos de sus <a title=\"La vida es sue\u00f1o\" href=\"https:\/\/blogs.hoy.es\/loch-lomond\/2010\/07\/18\/la-vida-es-sueno\/\" target=\"_blank\">sue\u00f1os<\/a>, sea el que sea, y a la edad que las circunstancias se lo permitan, aprendiendo poco a poco, y por supuesto, con toda humildad y dej\u00e1ndose aconsejar por los que m\u00e1s experiencia tienen. Ya est\u00e1 m\u00e1s que demostrado, que aunque no todo, la experiencia es un grado, y m\u00e1s sabe el diablo por viejo que por diablo. Quien suscribe siempre ha agradecido los consejos de aquellos que tienen m\u00e1s experiencia que \u00e9l. Nunca est\u00e1 de m\u00e1s escuchar, aprender, y anticiparte a los problemas que puedan surgir en pos de nuestra particular lucha contra la <a title=\"De carteles, plagios e ignorancia\" href=\"https:\/\/blogs.hoy.es\/loch-lomond\/2012\/01\/29\/de-carteles-plagios-e-ignorancia\/\" target=\"_blank\">ignorancia<\/a>.<\/span><\/p>\n<p align=\"JUSTIFY\"><span style=\"color: #000080; font-size: medium;\">Les cuento todo esto porque hace algunas semanas, cuando la direcci\u00f3n de <a title=\"Web de LANZARTE\" href=\"http:\/\/www.lanzarte.net\/\" target=\"_blank\">LANZARTE<\/a> se puso en contacto conmigo para proponerme ser tutor de uno de los talleres del programa <a title=\"Programaci\u00f3n INTERGENERACIONARTE\" href=\"http:\/\/sepad.gobex.es\/web\/sepad\/detalles-noticia\/-\/listadoPublicadorNoticiasSepad\/c6SL\/content\/programacion-intergeneracionarte?redirect=http%3A%2F%2F172.22.1.207%3A8081%2Fes%2Fweb%2Fsepad%2Fdetalles-noticia%3Fp_p_id%3DlistadoPublicadorNoticiasSepad_WAR_portalsepad_INSTANCE_c6SL%26p_p_lifecycle%3D0%26p_p_state%3Dnormal%26p_p_mode%3Dview%26p_p_col_id%3Dcolumn-1%26p_p_col_pos%3D1%26p_p_col_count%3D2\" target=\"_blank\">INTERGENERACIONARTE<\/a>, no pude reaccionar de forma m\u00e1s positiva.<\/span><\/p>\n<div id=\"attachment_1269\" style=\"width: 475px\" class=\"wp-caption alignnone\"><a href=\"\/loch-lomond\/wp-content\/uploads\/sites\/10\/2012\/11\/Homer-en-Facebook.png\"><img aria-describedby=\"caption-attachment-1269\" loading=\"lazy\" class=\"size-full wp-image-1269\" title=\"Homer en Facebook\" src=\"\/loch-lomond\/wp-content\/uploads\/sites\/10\/2012\/11\/Homer-en-Facebook.png\" alt=\"Hasta Homer puede convertirse en un Blogero relevante si asiste al Taller de Blog Literario de INTERGENERACIONARTE\" width=\"465\" height=\"295\" srcset=\"https:\/\/static-blogs.hoy.es\/wp-content\/uploads\/sites\/10\/2012\/11\/Homer-en-Facebook.png 465w, https:\/\/static-blogs.hoy.es\/wp-content\/uploads\/sites\/10\/2012\/11\/Homer-en-Facebook-300x190.png 300w\" sizes=\"(max-width: 465px) 100vw, 465px\" \/><\/a><p id=\"caption-attachment-1269\" class=\"wp-caption-text\">Hasta Homer puede convertirse en un Blogero relevante si asiste al Taller de Blog Literario de INTERGENERACIONARTE<\/p><\/div>\n<p align=\"JUSTIFY\"><span style=\"color: #000080; font-size: medium;\">INTERGENERACIONARTE\u00a0 es un proyecto de <a title=\"Web de SEPAD\" href=\"http:\/\/sepad.gobex.es\/\" target=\"_blank\">SEPAD<\/a> (Servicio Extreme\u00f1o de Promoci\u00f3n de la Autonom\u00eda y Atenci\u00f3n a la Dependencia) y del\u00a0<a title=\"Web del Instituto de la Juventud de Extremadura\" href=\"http:\/\/juventudextremadura.gobex.es\/opencms\/opencms\/ijex\/\" target=\"_blank\">Instituto de la Juventud\u00a0de Extremadura<\/a>\u00a0que busca fomentar la creatividad y posibilidades art\u00edsticas promoviendo actividades que faciliten un envejecimiento activo y participativo de las personas mayores a trav\u00e9s de la intergeneracionalidad. De los numerosos talleres que se van a impartir, se me ha ofrecido el innegable placer de ser tutor del Taller de Blog Literario, en el que humildemente, y dentro de mis modestas posibilidades, tratar\u00e9 de animar a j\u00f3venes y sobre todo a mayores a adentrase en el fascinante mundo de los blogs literarios. La posibilidad de poder hacer algo positivo para los j\u00f3venes me llena de alegr\u00eda (ya saben lo gratificante que fue mi charla con los adolescentes del <a title=\"Regreso al Zurbar\u00e1n\" href=\"https:\/\/blogs.hoy.es\/loch-lomond\/2012\/10\/24\/regreso-al-zurbaran\/\" target=\"_blank\">IES Zurbar\u00e1n<\/a>) pero imaginar que tambi\u00e9n podr\u00e9 hacerlo con personas m\u00e1s mayores significa que yo tambi\u00e9n me beneficiar\u00e9 de su experiencia, y que sin duda seguro que recibo much\u00edsimo m\u00e1s de lo que puedo ofrecer.<\/span><\/p>\n<p align=\"JUSTIFY\"><span style=\"color: #000080; font-size: medium;\"><a href=\"\/loch-lomond\/wp-content\/uploads\/sites\/10\/2012\/11\/TallerBlogLiterarioFalco.jpg\"><img loading=\"lazy\" class=\"alignnone size-large wp-image-1268\" title=\"TallerBlogLiterarioFalco\" src=\"\/loch-lomond\/wp-content\/uploads\/sites\/10\/2012\/11\/TallerBlogLiterarioFalco.jpg\" alt=\"\" width=\"723\" height=\"1024\" srcset=\"https:\/\/static-blogs.hoy.es\/wp-content\/uploads\/sites\/10\/2012\/11\/TallerBlogLiterarioFalco.jpg 1240w, https:\/\/static-blogs.hoy.es\/wp-content\/uploads\/sites\/10\/2012\/11\/TallerBlogLiterarioFalco-212x300.jpg 212w, https:\/\/static-blogs.hoy.es\/wp-content\/uploads\/sites\/10\/2012\/11\/TallerBlogLiterarioFalco-724x1024.jpg 724w\" sizes=\"(max-width: 723px) 100vw, 723px\" \/><\/a><\/span><\/p>\n<p align=\"JUSTIFY\"><span style=\"color: #000080; font-size: medium;\">Las localidades donde se desarrollar\u00e1n las clases de este taller literario son: Villanueva de la Serena (6 y 7 de Noviembre) Villafranca de los Barros (8 y 9) Los Santos de Maimona (12 y 13 de Noviembre) y Almendralejo (15, 16 y 17 de Noviembre). Y all\u00ed estar\u00e1 el menda, con ganas de hablar sobre Blogs y literatura, sobre lo que significa escribir, y en especial, animando a todos los que tengan inquietudes para que crean y gestionen sus propios blogs, y m\u00e1s aun si son fieles lectores de este <a title=\"Bienvenidos\" href=\"https:\/\/blogs.hoy.es\/loch-lomond\/2010\/06\/09\/bienvenidos\/\" target=\"_blank\">Don de Loch Lomond<\/a> que con tanto cari\u00f1o destilo para todos ustedes. El hecho de haber visitado estas localidades en varias ocasiones con motivo de los\u00a0muchos <a title=\"Violent Popes\" href=\"https:\/\/blogs.hoy.es\/loch-lomond\/2011\/02\/25\/violent-popes-empty-man\/\" target=\"_blank\">conciertos<\/a> que he tenido la suerte de ofrecer, con <a title=\"LICH\" href=\"https:\/\/blogs.hoy.es\/loch-lomond\/2011\/07\/01\/la-casa-colores\/\" target=\"_blank\">mis grupos<\/a> musicales de anta\u00f1o,\u00a0hace que esta experiencia sea doblemente gratificante.<\/span><\/p>\n<p align=\"JUSTIFY\"><span style=\"color: #000080; font-size: medium;\">\u00a1Bravo por proyectos como este que apuestan por la creatividad de nuestros mayores! Les aseguro que todos, j\u00f3venes, no tan j\u00f3venes, alumnos y tutores, saldremos ganando, y por la parte que me toca seguro que mi recompensa ser\u00e1 impagable.<\/span><\/p>\n<p><span style=\"color: #000080; font-size: medium;\">INTERGENERACIONARTE: \u00a1He aqu\u00ed la respuesta!<\/span><\/p>\n<!-- AddThis Advanced Settings generic via filter on the_content --><!-- AddThis Share Buttons generic via filter on the_content -->","protected":false},"excerpt":{"rendered":"<p>Siempre he insistido en la necesidad de creer en lo que uno hace. Cualquiera pueda adentrarse en los fascinantes mundos de sus sue\u00f1os, sea el que sea, y a la edad que las circunstancias se lo permitan, aprendiendo poco a poco, y por supuesto, con toda humildad y dej\u00e1ndose aconsejar por los que m\u00e1s experiencia [&hellip;]<!-- AddThis Advanced Settings generic via filter on get_the_excerpt --><!-- AddThis Share Buttons generic via filter on get_the_excerpt --><\/p>\n","protected":false},"author":14,"featured_media":0,"comment_status":"open","ping_status":"closed","sticky":false,"template":"","format":"standard","meta":[],"categories":[2],"tags":[133,206,214,320,1515,1806,1831,1832,1975,1985,2530,2532,2605,2606,2623,2624,2767,2949,3103,3173,3387,4026,4270,4649,4671,4803,4862,5112,5113,5256,5262],"_links":{"self":[{"href":"https:\/\/blogs.hoy.es\/loch-lomond\/wp-json\/wp\/v2\/posts\/1261"}],"collection":[{"href":"https:\/\/blogs.hoy.es\/loch-lomond\/wp-json\/wp\/v2\/posts"}],"about":[{"href":"https:\/\/blogs.hoy.es\/loch-lomond\/wp-json\/wp\/v2\/types\/post"}],"author":[{"embeddable":true,"href":"https:\/\/blogs.hoy.es\/loch-lomond\/wp-json\/wp\/v2\/users\/14"}],"replies":[{"embeddable":true,"href":"https:\/\/blogs.hoy.es\/loch-lomond\/wp-json\/wp\/v2\/comments?post=1261"}],"version-history":[{"count":0,"href":"https:\/\/blogs.hoy.es\/loch-lomond\/wp-json\/wp\/v2\/posts\/1261\/revisions"}],"wp:attachment":[{"href":"https:\/\/blogs.hoy.es\/loch-lomond\/wp-json\/wp\/v2\/media?parent=1261"}],"wp:term":[{"taxonomy":"category","embeddable":true,"href":"https:\/\/blogs.hoy.es\/loch-lomond\/wp-json\/wp\/v2\/categories?post=1261"},{"taxonomy":"post_tag","embeddable":true,"href":"https:\/\/blogs.hoy.es\/loch-lomond\/wp-json\/wp\/v2\/tags?post=1261"}],"curies":[{"name":"wp","href":"https:\/\/api.w.org\/{rel}","templated":true}]}}