{"id":1270,"date":"2012-11-05T16:32:38","date_gmt":"2012-11-05T15:32:38","guid":{"rendered":"http:\/\/blogs.hoy.es\/loch-lomond\/?p=1270"},"modified":"2012-11-05T16:32:38","modified_gmt":"2012-11-05T15:32:38","slug":"el-chip-prodigioso","status":"publish","type":"post","link":"https:\/\/blogs.hoy.es\/loch-lomond\/2012\/11\/05\/el-chip-prodigioso\/","title":{"rendered":"El chip prodigioso"},"content":{"rendered":"<p style=\"text-align: center;\"><span style=\"font-size: medium;\"><strong>Enrique Falc\u00f3<\/strong>. Bloguero<\/span><\/p>\n<a href=\"\/loch-lomond\/wp-content\/uploads\/sites\/10\/2012\/11\/El-chip-prodigioso.jpg\"><img loading=\"lazy\" class=\"size-full wp-image-1272\" title=\"El chip prodigioso\" src=\"\/loch-lomond\/wp-content\/uploads\/sites\/10\/2012\/11\/El-chip-prodigioso.jpg\" alt=\"Portada de la m\u00edtica pel\u00edcula de mi infancia \"El chip prodigioso\" de Joe Dante\" width=\"300\" height=\"425\" srcset=\"https:\/\/static-blogs.hoy.es\/wp-content\/uploads\/sites\/10\/2012\/11\/El-chip-prodigioso.jpg 300w, https:\/\/static-blogs.hoy.es\/wp-content\/uploads\/sites\/10\/2012\/11\/El-chip-prodigioso-212x300.jpg 212w\" sizes=\"(max-width: 300px) 100vw, 300px\" \/><\/a>\n<p align=\"JUSTIFY\"><span style=\"color: #000000; font-size: medium;\">\u00a0\u00a0\u00a0\u00a0 La palabra &#8220;<strong>chip<\/strong>&#8221; es un sustantivo que define a <strong>un circuito integrado<\/strong>, montado sobre una placa de silicio, que realiza funciones varias en los <strong>ordenadores y dispositivos electr\u00f3nicos<\/strong>. Popularmente <strong>todos tenemos un chip<\/strong>, microsc\u00f3pico, casi invisible, alojado en alguna parte de nuestra sesera, que de alguna u otra manera tratamos de cambiar cuando las cosas no van todo bien que esper\u00e1bamos. As\u00ed mismo podr\u00edamos afirmar que es ese hipot\u00e9tico chip el responsable de nuestro comportamiento, de nuestra forma de pensar y actuar, y uno se pregunta donde estar\u00e1 el libro de instrucciones para &#8220;<strong>resetear<\/strong>&#8221; seg\u00fan en que ocasi\u00f3n convenga. <\/span><\/p>\n<p align=\"JUSTIFY\">\n<p align=\"JUSTIFY\"><span style=\"color: #000000; font-size: medium;\">Aunque qu\u00e9 quieren que les diga, <strong>odio los libros de instrucciones<\/strong>, me ponen nervioso con tantos idiomas diferentes y aquellos jerogl\u00edficos casi intraducibles, convirtiendo lo f\u00e1cil y sencillo en imposible y exasperante. El menda es m\u00e1s partidario de hacerse a ello con el tiempo, &#8220;<strong>enreando<\/strong>&#8221; que se dice, probando esto ahora, luego lo otro. <strong>As\u00ed he aprendido poco a poco a usar el lavavajillas y el horno<\/strong> (aunque no todas sus funciones) <strong>a manejarme con mi Blackberry<\/strong>, y durante toda mi vida <strong>a navegar por la Red<\/strong>. <\/span><\/p>\n<p align=\"JUSTIFY\">\n<p align=\"JUSTIFY\"><span style=\"color: #000000; font-size: medium;\">Aunque todo hay que decirlo, <strong>mi m\u00e9todo no siempre asegura cierto \u00e9xito<\/strong>. Recuerdo que pocos d\u00edas despu\u00e9s de emanciparme llegu\u00e9 a la conclusi\u00f3n de que <strong>una lavadora no pod\u00eda ser m\u00e1s lista que yo<\/strong>, y as\u00ed proced\u00ed a <strong>mi primera y \u00faltima colada<\/strong>. <strong>Mi novia, no s\u00e9 c\u00f3mo, consigui\u00f3 una orden judicial que me proh\u00edbe estar a menos de un metro de ella<\/strong> (de la lavadora, no de mi novia) y me comunic\u00f3 que ella afrontar\u00eda el esfuerzo extra tild\u00e1ndome a m\u00ed a realizar tareas m\u00e1s a tono con mi car\u00e1cter (creo que me dijo algo de tirar de un carro&#8230; ser\u00eda del de la compra).<\/span><\/p>\n<p class=\"wp-caption-dt\">\n<div id=\"attachment_1273\" style=\"width: 486px\" class=\"wp-caption alignleft\"><a href=\"\/loch-lomond\/wp-content\/uploads\/sites\/10\/2012\/11\/lavadora-humana.jpg\"><img aria-describedby=\"caption-attachment-1273\" loading=\"lazy\" class=\"size-full wp-image-1273\" title=\"lavadora-humana\" src=\"\/loch-lomond\/wp-content\/uploads\/sites\/10\/2012\/11\/lavadora-humana.jpg\" alt=\"M\u00e1s o menos as\u00ed qued\u00f3 mi lavadora en mi primera y \u00fanica colada\" width=\"476\" height=\"569\" srcset=\"https:\/\/static-blogs.hoy.es\/wp-content\/uploads\/sites\/10\/2012\/11\/lavadora-humana.jpg 476w, https:\/\/static-blogs.hoy.es\/wp-content\/uploads\/sites\/10\/2012\/11\/lavadora-humana-251x300.jpg 251w\" sizes=\"(max-width: 476px) 100vw, 476px\" \/><\/a><p id=\"caption-attachment-1273\" class=\"wp-caption-text\">M\u00e1s o menos as\u00ed qued\u00f3 mi lavadora en mi primera y \u00fanica colada<\/p><\/div>\n<p class=\"wp-caption-dt\">\n<p align=\"JUSTIFY\"><span style=\"color: #000000; font-size: medium;\">Les cuento todo esto del <strong>chip<\/strong> porque desde hoy <strong>trato de cambiarlo<\/strong>, ya que a partir de <strong>ma\u00f1ana dejo de ser alumno para convertirme en tutor<\/strong>. <\/span><\/p>\n<p align=\"JUSTIFY\">\n<p align=\"JUSTIFY\"><span style=\"color: #000000; font-size: medium;\">Ya va para dos a\u00f1os y medio el d\u00eda que <strong>\u00c1ngel Ortiz<\/strong>, <strong>director de HOY<\/strong>, me pidi\u00f3 que creara <a title=\"Bienvenidos\" href=\"https:\/\/blogs.hoy.es\/loch-lomond\/2010\/06\/09\/bienvenidos\/\" target=\"_blank\"><span style=\"color: #000000;\">un blog para la plataforma digital de hoy.es<\/span><\/a>. &#8220;Desde \u00e9l podr\u00e1s escribir siempre que quieras y de lo que tu quieras para los lectores de HOY&#8221;. <\/span><\/p>\n<p align=\"JUSTIFY\">\n<p align=\"JUSTIFY\"><span style=\"color: #000000; font-size: medium;\">Es innegable que <strong>aquel encargo fue un acierto<\/strong> y que <strong>el director me abri\u00f3 la puerta de un futuro fascinante<\/strong>. El insignificante problema es que quien suscribe apenas sab\u00eda qu\u00e9 era eso de un blog, y pr\u00e1cticamente nada sobre su edici\u00f3n y formato. <\/span><\/p>\n<p align=\"JUSTIFY\">\n<p align=\"JUSTIFY\"><span style=\"color: #000000; font-size: medium;\"><strong>Tuve que cambiar el chip<\/strong>, aquello no era lo mismo que escribir un art\u00edculo. As\u00ed que, poco a poco, con valent\u00eda casi suicida y sin libro de instrucciones, &#8220;enreando&#8221;, <strong>aprend\u00ed y aprendo cada d\u00eda a desenvolverme con soltura por el fascinante mundo bloguero<\/strong>. Y ahora, que <strong>voy a impartir un taller de blog literario dentro del programa &#8220;<a title=\"intergeneracionarte\" href=\"https:\/\/blogs.hoy.es\/loch-lomond\/2012\/11\/01\/intergeneracionarte\/\" target=\"_blank\"><span style=\"color: #000000;\">Intergeneracionarte<\/span><\/a>&#8220;<\/strong> es mi turno para <strong>ayudar a j\u00f3venes y mayores a reconducir su chip<\/strong>, a mostrarles que <strong>cualquiera que tenga ganas de decirle al mundo cuatro cosas puede hacerlo, y que se puede llegar a ser relevante con un poco de esfuerzo, motivaci\u00f3n y cosas que contar<\/strong>.<\/span><\/p>\n<p class=\"wp-caption-dt\">\n<div id=\"attachment_1274\" style=\"width: 310px\" class=\"wp-caption alignright\"><a href=\"\/loch-lomond\/wp-content\/uploads\/sites\/10\/2012\/11\/Homer_pig.jpg\"><img aria-describedby=\"caption-attachment-1274\" loading=\"lazy\" class=\"size-medium wp-image-1274\" title=\"Homer_pig\" src=\"\/loch-lomond\/wp-content\/uploads\/sites\/10\/2012\/11\/Homer_pig.jpg\" alt=\"No creo que a Homer le preocupe mucho la Vigilia\" width=\"300\" height=\"222\" srcset=\"https:\/\/static-blogs.hoy.es\/wp-content\/uploads\/sites\/10\/2012\/11\/Homer_pig.jpg 636w, https:\/\/static-blogs.hoy.es\/wp-content\/uploads\/sites\/10\/2012\/11\/Homer_pig-300x222.jpg 300w\" sizes=\"(max-width: 300px) 100vw, 300px\" \/><\/a><p id=\"caption-attachment-1274\" class=\"wp-caption-text\">No creo que a Homer le preocupe mucho la Vigilia<\/p><\/div>\n<p class=\"wp-caption-dt\">\n<p align=\"JUSTIFY\"><span style=\"color: #000000; font-size: medium;\"><strong>Ese inexistente pero te\u00f3rico chip general que compartimos los espa\u00f1oles tambi\u00e9n deber\u00eda ser susceptible de formateo.<\/strong> <\/span><\/p>\n<p align=\"JUSTIFY\">\n<p align=\"JUSTIFY\"><span style=\"color: #000000; font-size: medium;\">M\u00e1s bien sustituido por uno m\u00e1s acorde a los tiempos que corren. En este pa\u00eds, donde <strong>nos ha pillado el toro a base de tropezar en cada suelta de vaquillas sin aprender nada, se vive, se act\u00faa y se piensa casi como en los a\u00f1os sesenta<\/strong>. <\/span><\/p>\n<p align=\"JUSTIFY\">\n<p align=\"JUSTIFY\"><strong><span style=\"color: #000000; font-size: medium;\">Parece que no hemos aprendido nada&#8230;. nada m\u00e1s que a gastar lo que no tenemos, que eso siempre se nos ha dado muy bien, como la piller\u00eda o la famosa picaresca que tan famosos nos ha hecho por los confines del mundo (mundial).<\/span><\/strong><\/p>\n<p align=\"JUSTIFY\"><strong><\/strong><\/p>\n<p align=\"JUSTIFY\"><span style=\"color: #000000; font-size: medium;\">Por ejemplo, <strong>desde que dejamos de ser un Estado confesional se lleva mucho aquello de &#8220;Yo soy creyente, pero no practicante&#8221;<\/strong>. O sea que <strong>pasando de ir a misa<\/strong> vamos, ahora eso s\u00ed, <strong>al ni\u00f1o se le bautiza y hace la Comuni\u00f3n<\/strong>, y que <strong>los festivos religiosos no me los toque ni Dios, y otra vez por Dios Pepa, ni se te ocurra pedir una de panceta que es Viernes Santo, si acaso una de Langosta o pulpo a la gallega<\/strong>. <\/span><\/p>\n<p align=\"JUSTIFY\">\n<p align=\"JUSTIFY\"><span style=\"color: #000000; font-size: medium;\">Luego est\u00e1n <strong>los que se casan por la Iglesia aunque no han ido a misa en su pu\u00f1etera vida, pero la novia te suelta la perla aquella de &#8220;Es que si no me caso por la Iglesia es como si no me casara&#8221;<\/strong>. \u00a1Chap\u00f3! \u00a1<strong>Somos una inaguantable panda de catetos<\/strong>!<\/span><\/p>\n<p align=\"JUSTIFY\">\n<p align=\"JUSTIFY\"><span style=\"color: #000000; font-size: medium;\"><strong>En la Administraci\u00f3n P\u00fablica seguimos con los mismos horarios de toda la vida, a sabiendas que no son suficientes<\/strong>. Hasta hace dos d\u00edas <strong>todos quer\u00edamos ser funcionarios para tener un trabajo &#8220;para toda la vida&#8221; de lunes a viernes de 8 a 3 y descansar festivos y fines de semana, adem\u00e1s de el mes de Agosto entero<\/strong>. <\/span><\/p>\n<p align=\"JUSTIFY\">\n<p align=\"JUSTIFY\"><span style=\"color: #000000; font-size: medium;\">\u00a1Esa es otra! <strong>Seguimos parando, a\u00f1o tras a\u00f1o, el pa\u00eds en pleno mes Agosto<\/strong>. \u00a1Parece que no exista otro mes para las vacaciones!\u00a0 <strong>Muchas empresas se empe\u00f1an en el horario partido malgastando el tiempo de los trabajadores y desperdiciando horas productivas de trabajo<\/strong>. <\/span><\/p>\n<p align=\"JUSTIFY\">\n<p align=\"JUSTIFY\"><span style=\"color: #000000; font-size: medium;\">\u00a1Por qu\u00e9 hay que detener la actividad de las ciudades a las dos o a las tres de la tarde como si se hubiera declarado el Estado de Sitio! Seguimos con <a title=\"horario de feria\" href=\"http:\/\/www.hoy.es\/v\/20110619\/opinion\/horario-feria-20110619.html\" target=\"_blank\"><span style=\"color: #000000;\">horarios de Ferias<\/span><\/a>, Puentes que se convierten en acueductos. <strong>Seguimos financiando a Partidos Pol\u00edticos y Sindicatos con dinero p\u00fablico, poniendo cada vez m\u00e1s trabas a los emprendedores<\/strong> y <a title=\"no llegamos\" href=\"https:\/\/blogs.hoy.es\/loch-lomond\/2011\/09\/05\/no-llegamos\/\" target=\"_blank\"><span style=\"color: #000000;\">explotando a los j\u00f3venes<\/span><\/a>. <a title=\"No corren buenos tiempos para la l\u00edrica\" href=\"https:\/\/blogs.hoy.es\/loch-lomond\/2011\/11\/14\/no-corren-buenos-tiempos-para-la-lirica\/\" target=\"_blank\"><span style=\"color: #000000;\">Seguimos sin valorar y sin pagar a los artistas<\/span><\/a> consiguiendo que casi ni trabajen gratis. \u00a1<strong>No aprendemos<\/strong>!<\/span><\/p>\n<p align=\"JUSTIFY\">\n<p class=\"wp-caption-dt\">\n<div id=\"attachment_1275\" style=\"width: 410px\" class=\"wp-caption aligncenter\"><a href=\"\/loch-lomond\/wp-content\/uploads\/sites\/10\/2012\/11\/bender-cacho-de-carne.jpg\"><img aria-describedby=\"caption-attachment-1275\" loading=\"lazy\" class=\"size-full wp-image-1275\" title=\"bender cacho de carne\" src=\"\/loch-lomond\/wp-content\/uploads\/sites\/10\/2012\/11\/bender-cacho-de-carne.jpg\" alt=\"L de veces que Bender habr\u00e1 tenido que cambiar el chip. Y si no que se lo digan a su brillante culo met\u00e1lico.\" width=\"400\" height=\"297\" srcset=\"https:\/\/static-blogs.hoy.es\/wp-content\/uploads\/sites\/10\/2012\/11\/bender-cacho-de-carne.jpg 400w, https:\/\/static-blogs.hoy.es\/wp-content\/uploads\/sites\/10\/2012\/11\/bender-cacho-de-carne-300x223.jpg 300w\" sizes=\"(max-width: 400px) 100vw, 400px\" \/><\/a><p id=\"caption-attachment-1275\" class=\"wp-caption-text\">La de veces que Bender habr\u00e1 tenido que cambiar el chip. Y si no que se lo digan a su brillante culo met\u00e1lico.<\/p><\/div>\n<p class=\"wp-caption-dt\">\n<p><span style=\"color: #000000; font-size: medium;\">\u00a1Se acab\u00f3! <strong>Hay que cambiar el chip<\/strong>. Renovaci\u00f3n completa. Ya est\u00e1 bien de aquello del &#8220;<strong>si te duele la barriga salta parriba<\/strong>&#8221; o del &#8220;<strong>si no hay lo pintas<\/strong>&#8220;.<\/span><\/p>\n<p>&nbsp;<\/p>\n<p><span style=\"color: #000000; font-size: medium;\">\u00a0\u00a1<strong>No a la involuci\u00f3n<\/strong>! El que no sea capaz de subirse al tren que se quede en tierra. Claro&#8230; que <strong>a ver quien es el guapo que dise\u00f1a y nos inserta el chip<\/strong>. Esa nueva manera de pensar y actuar. <strong>Ese chip prodigioso que parece ser el \u00fanico capaz de reconducirlo todo<\/strong>. <\/span><\/p>\n<p>&nbsp;<\/p>\n<p><span style=\"color: #000000; font-size: medium;\">Conmigo ya lo saben\u2026 no cuenten para redactar el libro de instrucciones\u2026 yo enreando, como siempre. Aprendiendo, <a title=\"reinventarse y subsistir\" href=\"https:\/\/blogs.hoy.es\/loch-lomond\/2012\/06\/17\/reinventarse-y-subsistir\/\" target=\"_blank\"><span style=\"color: #000000;\">reinvent\u00e1ndome<\/span><\/a>\u2026 <strong>cambiando el chip<\/strong>.<\/span><\/p>\n<p>&nbsp;<\/p>\n<p>&nbsp;<\/p>\n<p style=\"text-align: center;\"><span style=\"color: #000000; font-size: medium;\"><em>Publicado en <strong><a title=\"www.hoy.es\" href=\"http:\/\/www.hoy.es\" target=\"_blank\">Diario HOY<\/a><\/strong> el 04\/11\/2012<\/em><\/span><\/p>\n<p style=\"text-align: center;\"><span style=\"color: #000000;\"><a href=\"http:\/\/hoy.kioskoymas.com\/epaper\/showlink.aspx?bookmarkid=QEP66SE5JE9&#038;preview=magnifier&#038;linkid=2043b5fc-674b-443f-9073-90578b3f070a&#038;pdaffid=1NEHCXDv4QZRFanP7KJR9A%3d%3d\"><span style=\"color: #000000;\"><img src=\"\/\/cache2-thumb1.pressdisplay.com\/pressdisplay\/docserver\/getimage.aspx?file=22012012110400000000001001&#038;page=28&#038;scale=23\" alt=\"\" \/><\/span><\/a><\/span><\/p>\n<!-- AddThis Advanced Settings generic via filter on the_content --><!-- AddThis Share Buttons generic via filter on the_content -->","protected":false},"excerpt":{"rendered":"<p>Enrique Falc\u00f3. Bloguero \u00a0\u00a0\u00a0\u00a0 La palabra &#8220;chip&#8221; es un sustantivo que define a un circuito integrado, montado sobre una placa de silicio, que realiza funciones varias en los ordenadores y dispositivos electr\u00f3nicos. Popularmente todos tenemos un chip, microsc\u00f3pico, casi invisible, alojado en alguna parte de nuestra sesera, que de alguna u otra manera tratamos de [&hellip;]<!-- AddThis Advanced Settings generic via filter on get_the_excerpt --><!-- AddThis Share Buttons generic via filter on get_the_excerpt --><\/p>\n","protected":false},"author":14,"featured_media":0,"comment_status":"open","ping_status":"closed","sticky":false,"template":"","format":"standard","meta":[],"categories":[2],"tags":[118,129,149,265,349,513,566,582,594,735,869,951,1001,1055,1121,1468,1487,1515,1567,1612,1682,1803,1806,1885,1910,2145,2146,2478,2479,2496,2624,2637,2767,2948,2984,2985,2999,3052,3103,3387,3640,3805,3807,4042,4082,4230,4282,4288,4417,4437,4684,4686,4862,5251],"_links":{"self":[{"href":"https:\/\/blogs.hoy.es\/loch-lomond\/wp-json\/wp\/v2\/posts\/1270"}],"collection":[{"href":"https:\/\/blogs.hoy.es\/loch-lomond\/wp-json\/wp\/v2\/posts"}],"about":[{"href":"https:\/\/blogs.hoy.es\/loch-lomond\/wp-json\/wp\/v2\/types\/post"}],"author":[{"embeddable":true,"href":"https:\/\/blogs.hoy.es\/loch-lomond\/wp-json\/wp\/v2\/users\/14"}],"replies":[{"embeddable":true,"href":"https:\/\/blogs.hoy.es\/loch-lomond\/wp-json\/wp\/v2\/comments?post=1270"}],"version-history":[{"count":0,"href":"https:\/\/blogs.hoy.es\/loch-lomond\/wp-json\/wp\/v2\/posts\/1270\/revisions"}],"wp:attachment":[{"href":"https:\/\/blogs.hoy.es\/loch-lomond\/wp-json\/wp\/v2\/media?parent=1270"}],"wp:term":[{"taxonomy":"category","embeddable":true,"href":"https:\/\/blogs.hoy.es\/loch-lomond\/wp-json\/wp\/v2\/categories?post=1270"},{"taxonomy":"post_tag","embeddable":true,"href":"https:\/\/blogs.hoy.es\/loch-lomond\/wp-json\/wp\/v2\/tags?post=1270"}],"curies":[{"name":"wp","href":"https:\/\/api.w.org\/{rel}","templated":true}]}}