{"id":1276,"date":"2012-11-08T02:08:31","date_gmt":"2012-11-08T01:08:31","guid":{"rendered":"http:\/\/blogs.hoy.es\/loch-lomond\/?p=1276"},"modified":"2012-11-08T02:08:31","modified_gmt":"2012-11-08T01:08:31","slug":"lo-mejor-esta-por-llegar","status":"publish","type":"post","link":"https:\/\/blogs.hoy.es\/loch-lomond\/2012\/11\/08\/lo-mejor-esta-por-llegar\/","title":{"rendered":"Lo mejor est\u00e1 por llegar"},"content":{"rendered":"<p align=\"JUSTIFY\">\n<div id=\"attachment_1278\" style=\"width: 726px\" class=\"wp-caption aligncenter\"><a href=\"\/loch-lomond\/wp-content\/uploads\/sites\/10\/2012\/11\/Villanueva-de-la-Serena-20121107-00193.jpg\"><img aria-describedby=\"caption-attachment-1278\" loading=\"lazy\" class=\"size-full wp-image-1278\" title=\"Villanueva de la Serena-20121107-00193\" src=\"\/loch-lomond\/wp-content\/uploads\/sites\/10\/2012\/11\/Villanueva-de-la-Serena-20121107-00193.jpg\" alt=\"Enrique Falc\u00f3, el menda, ense\u00f1ando... \u00a1y aprendiendo! \u00a1Intergeneracion\u00e1ndose vamos!\" width=\"716\" height=\"536\" srcset=\"https:\/\/static-blogs.hoy.es\/wp-content\/uploads\/sites\/10\/2012\/11\/Villanueva-de-la-Serena-20121107-00193.jpg 716w, https:\/\/static-blogs.hoy.es\/wp-content\/uploads\/sites\/10\/2012\/11\/Villanueva-de-la-Serena-20121107-00193-300x225.jpg 300w\" sizes=\"(max-width: 716px) 100vw, 716px\" \/><\/a><p id=\"caption-attachment-1278\" class=\"wp-caption-text\">Enrique Falc\u00f3, el menda, ense\u00f1ando... \u00a1y aprendiendo! \u00a1Intergeneracion\u00e1ndose vamos!<\/p><\/div>\n<p align=\"JUSTIFY\">\n<p align=\"JUSTIFY\"><span style=\"color: #000000; font-size: medium;\">\u00a0\u00a0\u00a0\u00a0 Ayer mi\u00e9rcoles termin\u00e9 el primero de mis <strong>talleres de blog literario<\/strong> en <strong>Villanueva de la Serena,<\/strong> dentro del programa <strong><a title=\"INTERGENERACIONARTE\" href=\"https:\/\/blogs.hoy.es\/loch-lomond\/2012\/11\/01\/intergeneracionarte\/\" target=\"_blank\"><span style=\"color: #000000;\">INTERGENERACIONARTE<\/span><\/a>. <\/strong>Les mentir\u00eda si no les confieso que el martes, mi primer d\u00eda, me encontraba algo m\u00e1s que <strong>nervioso<\/strong>. Era la primera vez que asist\u00eda a un curso como <strong>tutor<\/strong>, y no como <strong>alumno<\/strong>, algo nuevo, diferente, y que me marcar\u00e1 para siempre. Seguro que muchos de ustedes pensar\u00e1n que explicarles a los alumnos qu\u00e9 es eso de un <strong>blog digital<\/strong>, y las diferencias que existen entre <strong>escribir para un peri\u00f3dico y un blog<\/strong> no parece algo tan dif\u00edcil, pero imag\u00ednense que la mitad de sus alumnos tienen entre <strong>16 y 22 a\u00f1os<\/strong>\u00a0de edad\u00a0y la otra entre <strong>65 y 80<\/strong>.<\/span><\/p>\n<p align=\"JUSTIFY\"><span style=\"color: #000000; font-size: medium;\">Con los <strong>j\u00f3venes<\/strong> fue todo muy f\u00e1cil. Fueron un encanto. Mostraron m\u00e1s que <strong>inter\u00e9s<\/strong>, ya que algunos tambi\u00e9n eran <strong>blogueros<\/strong> como el menda, y de coraz\u00f3n, creo que fui capaz de ense\u00f1arles algo, aunque solo fuera un poquito. Ellos a mi sin embargo me desmontaron desde el principio. Mostraron una madurez y responsabilidad impropia de j\u00f3venes de su edad, me hablaron de una <strong>Asociaci\u00f3n<\/strong> de la que forman parte en la que constantemente buscan <strong>f\u00f3rmulas de ocio<\/strong> alejadas del t\u00edpico <strong>botell\u00f3n<\/strong>, y quien suscribe lo flip\u00f3 aun m\u00e1s cuando me mostraron las instalaciones que dispon\u00edan en el <strong>Espacio de Creaci\u00f3n Joven<\/strong>, cuyas <strong>instalaciones y servicios<\/strong> me parecieron soberbios.<\/span><\/p>\n<div id=\"attachment_1279\" style=\"width: 310px\" class=\"wp-caption alignleft\"><a href=\"\/loch-lomond\/wp-content\/uploads\/sites\/10\/2012\/11\/Villanueva-de-la-Serena-20121107-00188.jpg\"><img aria-describedby=\"caption-attachment-1279\" loading=\"lazy\" class=\"size-medium wp-image-1279\" title=\"Villanueva de la Serena-20121107-00188\" src=\"\/loch-lomond\/wp-content\/uploads\/sites\/10\/2012\/11\/Villanueva-de-la-Serena-20121107-00188.jpg\" alt=\"\u00a1Algunos de los mayores hasta consigui\u00f3 crear su propio blog! \u00a1Qu\u00e9 \u00e9xito y qu\u00e9 satisfacci\u00f3n!\" width=\"300\" height=\"224\" srcset=\"https:\/\/static-blogs.hoy.es\/wp-content\/uploads\/sites\/10\/2012\/11\/Villanueva-de-la-Serena-20121107-00188.jpg 1072w, https:\/\/static-blogs.hoy.es\/wp-content\/uploads\/sites\/10\/2012\/11\/Villanueva-de-la-Serena-20121107-00188-300x225.jpg 300w, https:\/\/static-blogs.hoy.es\/wp-content\/uploads\/sites\/10\/2012\/11\/Villanueva-de-la-Serena-20121107-00188-768x576.jpg 768w, https:\/\/static-blogs.hoy.es\/wp-content\/uploads\/sites\/10\/2012\/11\/Villanueva-de-la-Serena-20121107-00188-1024x768.jpg 1024w\" sizes=\"(max-width: 300px) 100vw, 300px\" \/><\/a><p id=\"caption-attachment-1279\" class=\"wp-caption-text\">\u00a1Algunos de los mayores hasta consigui\u00f3 crear su propio blog! \u00a1Qu\u00e9 \u00e9xito y qu\u00e9 satisfacci\u00f3n! FOTO: Enrique Falc\u00f3<\/p><\/div>\n<p class=\"wp-caption-dd\"><span style=\"color: #000000; font-size: medium;\">\u00a0\u00a0\u00a0\u00a0 Con <strong>los mayores<\/strong> la experiencia fue algo desigual. A algunos se les notaba que ni sab\u00edan a lo que iban, pues se animaron por la curiosidad m\u00e1s que nada, y la mayor\u00eda apenas sab\u00eda qu\u00e9 narices era eso de un <strong>blog<\/strong>. Al comprobar que casi ninguno de ellos siquiera sab\u00eda encender un <strong>ordenador<\/strong>, les juro que se me pas\u00f3 por la cabeza abandonar, pero entonces ocurri\u00f3. En el descanso, una de las <strong>chicas j\u00f3venes<\/strong>, le ense\u00f1\u00f3 a uno de los <strong>mayores<\/strong>, c\u00f3mo pod\u00eda hablar y ver a su <strong>hijo<\/strong> (que se hab\u00eda ido a trabajar a Londres) desde el <strong>ordenador<\/strong>, a trav\u00e9s de <strong>Skype<\/strong>. <\/span><\/p>\n<p class=\"wp-caption-dd\">\n<p class=\"wp-caption-dd\"><span style=\"color: #000000; font-size: medium;\">En ese mismo momento me di cuenta que el <strong>programa estaba funcionando<\/strong> y cumpliendo sus objetivos. <strong>Intergeneracionarte: He ah\u00ed la respuesta<\/strong>.<\/span><\/p>\n<p align=\"JUSTIFY\">\n<p align=\"JUSTIFY\"><span style=\"color: #000000; font-size: medium;\">Desde ese momento <strong>todo cambi\u00f3<\/strong>, y la peque\u00f1a <strong>nube de pesimismo<\/strong> torn\u00f3 en una <strong>soleada tarde<\/strong> de <strong>optimismo<\/strong> y <strong>entretenimiento<\/strong> que culmin\u00f3 ayer con gran <strong>satisfacci\u00f3n<\/strong> por mi parte, cuando algunos de los m\u00e1s mayores consiguieron crear su propio blog e incluso escribir su primera entrada.<\/span><\/p>\n<p><span style=\"color: #000000; font-size: medium;\">\u00a1<strong>Qu\u00e9 lecci\u00f3n m\u00e1s gorda de humildad, generosidad y de esfuerzo<\/strong>! <\/span><\/p>\n<p><span style=\"color: #000000; font-size: medium;\">Y eso que s\u00f3lo es el principio. <strong>Obama tiene raz\u00f3n<\/strong>. \u00a1<strong>Lo mejor est\u00e1 por llegar<\/strong>!<\/span><\/p>\n<!-- AddThis Advanced Settings generic via filter on the_content --><!-- AddThis Share Buttons generic via filter on the_content -->","protected":false},"excerpt":{"rendered":"<p>\u00a0\u00a0\u00a0\u00a0 Ayer mi\u00e9rcoles termin\u00e9 el primero de mis talleres de blog literario en Villanueva de la Serena, dentro del programa INTERGENERACIONARTE. Les mentir\u00eda si no les confieso que el martes, mi primer d\u00eda, me encontraba algo m\u00e1s que nervioso. Era la primera vez que asist\u00eda a un curso como tutor, y no como alumno, algo [&hellip;]<!-- AddThis Advanced Settings generic via filter on get_the_excerpt --><!-- AddThis Share Buttons generic via filter on get_the_excerpt --><\/p>\n","protected":false},"author":14,"featured_media":0,"comment_status":"open","ping_status":"closed","sticky":false,"template":"","format":"standard","meta":[],"categories":[2],"tags":[480,578,583,1515,1806,1821,1872,1876,1877,2265,2513,2624,2629,2767,3091,3103,3387,3655,3750,3803,3806,4033,4164,4722,4862,5262],"_links":{"self":[{"href":"https:\/\/blogs.hoy.es\/loch-lomond\/wp-json\/wp\/v2\/posts\/1276"}],"collection":[{"href":"https:\/\/blogs.hoy.es\/loch-lomond\/wp-json\/wp\/v2\/posts"}],"about":[{"href":"https:\/\/blogs.hoy.es\/loch-lomond\/wp-json\/wp\/v2\/types\/post"}],"author":[{"embeddable":true,"href":"https:\/\/blogs.hoy.es\/loch-lomond\/wp-json\/wp\/v2\/users\/14"}],"replies":[{"embeddable":true,"href":"https:\/\/blogs.hoy.es\/loch-lomond\/wp-json\/wp\/v2\/comments?post=1276"}],"version-history":[{"count":0,"href":"https:\/\/blogs.hoy.es\/loch-lomond\/wp-json\/wp\/v2\/posts\/1276\/revisions"}],"wp:attachment":[{"href":"https:\/\/blogs.hoy.es\/loch-lomond\/wp-json\/wp\/v2\/media?parent=1276"}],"wp:term":[{"taxonomy":"category","embeddable":true,"href":"https:\/\/blogs.hoy.es\/loch-lomond\/wp-json\/wp\/v2\/categories?post=1276"},{"taxonomy":"post_tag","embeddable":true,"href":"https:\/\/blogs.hoy.es\/loch-lomond\/wp-json\/wp\/v2\/tags?post=1276"}],"curies":[{"name":"wp","href":"https:\/\/api.w.org\/{rel}","templated":true}]}}