{"id":1281,"date":"2012-11-12T22:34:23","date_gmt":"2012-11-12T21:34:23","guid":{"rendered":"http:\/\/blogs.hoy.es\/loch-lomond\/?p=1281"},"modified":"2012-11-12T22:34:23","modified_gmt":"2012-11-12T21:34:23","slug":"que-no-llueva-eternamente","status":"publish","type":"post","link":"https:\/\/blogs.hoy.es\/loch-lomond\/2012\/11\/12\/que-no-llueva-eternamente\/","title":{"rendered":"\u00a1Que no llueva eternamente!"},"content":{"rendered":"<p>&nbsp;<\/p>\n<p><strong>Enrique Falc\u00f3<\/strong>.\u00a0 Observador cr\u00edtico<\/p>\n<div class=\"mceTemp\">\n<div id=\"attachment_1284\" style=\"width: 460px\" class=\"wp-caption aligncenter\"><a href=\"\/loch-lomond\/wp-content\/uploads\/sites\/10\/2012\/11\/boda-gay-homero.jpg\"><img aria-describedby=\"caption-attachment-1284\" loading=\"lazy\" class=\"size-full wp-image-1284\" title=\"boda-gay-homero\" src=\"\/loch-lomond\/wp-content\/uploads\/sites\/10\/2012\/11\/boda-gay-homero.jpg\" alt=\"A mi querido Homer no le causa ning\u00fan problema la palabra matrimonio en personas del mismo sexo, como debe ser. Faltar\u00eda m\u00e1s. \u00a1Que tonter\u00eda!\" width=\"450\" height=\"346\" srcset=\"https:\/\/static-blogs.hoy.es\/wp-content\/uploads\/sites\/10\/2012\/11\/boda-gay-homero.jpg 450w, https:\/\/static-blogs.hoy.es\/wp-content\/uploads\/sites\/10\/2012\/11\/boda-gay-homero-300x231.jpg 300w\" sizes=\"(max-width: 450px) 100vw, 450px\" \/><\/a><p id=\"caption-attachment-1284\" class=\"wp-caption-text\">A mi querido Homer no le causa ning\u00fan problema la palabra matrimonio en personas del mismo sexo, como debe ser. Faltar\u00eda m\u00e1s. \u00a1Que tonter\u00eda!<\/p><\/div>\n<\/div>\n<p align=\"JUSTIFY\"><span style=\"color: #000000; font-size: medium;\"><a title=\"INTERGENERACIONARTE\" href=\"https:\/\/blogs.hoy.es\/loch-lomond\/2012\/11\/01\/intergeneracionarte\/\" target=\"_blank\"><span style=\"color: #000000;\">Semana agotadora<\/span><\/a> a la que este domingo ponemos fin. Bajo el amparo de mis cuatro paredes reflexiono a la hora de dirigirme a ustedes, mis queridos y desocupados lectores, sobre lo mucho que podemos aprender de los m\u00e1s mayores e incluso de los m\u00e1s j\u00f3venes. \u00a1Qu\u00e9 proceso tan bonito y costoso ser capaz de transmitir inter\u00e9s a los dem\u00e1s por algo que a nosotros mismos nos vuelve locos! L\u00e1stima que tenga que hablarles de otras cosas.<\/span><\/p>\n<p align=\"JUSTIFY\"><span style=\"color: #000000; font-size: medium;\">Han sido muchos kil\u00f3metros de <strong>chupar rueda<\/strong> por por los bonitos pueblos de la <strong>geograf\u00eda extreme\u00f1a<\/strong>, que dir\u00eda un <strong><a title=\"Millan Salcedo en sus 13\" href=\"https:\/\/blogs.hoy.es\/loch-lomond\/2012\/10\/07\/millan-salcedo-en-sus-13\/\" target=\"_blank\"><span style=\"color: #000000;\">Mill\u00e1n Salcedo<\/span><\/a> <\/strong>cualquiera travestido de <strong>Encarna S\u00e1nchez<\/strong>, al que han acompa\u00f1ado millones de gotas de <strong>lluvia<\/strong> que ven\u00edan a pulverizarse en el parabrisas de mi coche, dentro del cual, con m\u00e1s paciencia que cierto celo al temporal, el menda se refugiaba y trataba de distraerse escuchando la <strong>radio<\/strong>.<\/span><\/p>\n<p align=\"JUSTIFY\"><span style=\"color: #000000; font-size: medium;\">Muchas <strong>noticias<\/strong> curiosas esta semana. Algunas incluso divertidas, como esa est\u00fapida discusi\u00f3n sobre como debe denominarse una <strong>uni\u00f3n civil de dos personas del mismo sexo<\/strong>. Por lo visto, a algunos les molesta mucho que se le llame &#8220;<strong>Matrimonio<\/strong>&#8220;, pero vamos, por mi puede llamarse como le de la gana mientras cada uno pueda ser feliz amando a quien quiera. \u00a1Qu\u00e9 manera de tirar el tiempo y el dinero en chorradas! La verdad es que nuestros <strong>pol\u00edticos<\/strong> parece que cada vez nos toman m\u00e1s el pelo. Ahora resulta, que <strong>Andrea Hermida<\/strong>, una militante de <strong>Nuevas Generaciones del PP<\/strong> en Vigo utiliza sus redes sociales para pedir sin tapujos una cura para los gais. La verdad es que estas declaraciones provocan una risotada de tristeza y terror, que le llevan a uno a pensar en que a este barco no le queda otra que hundirse en lo m\u00e1s profundo de su miseria. Si al menos fuera en el Mar de la tranquilidad, en la Luna, estar\u00edamos m\u00e1s tranquilos.<\/span><\/p>\n<p align=\"JUSTIFY\"><span style=\"color: #000000; font-size: medium;\">Precisamente en La Luna parec\u00eda estar el otro d\u00eda el diputado socialista <strong>Rafael Lemus<\/strong>. &#8220;<strong>Walking on the moon<\/strong>&#8221; que cantaba <strong>Sting<\/strong> junto a su grupo <strong>Police<\/strong> a mediado de los 80. Parece mentira que con lo bien pagados que est\u00e1n nuestros pol\u00edticos luego no sepan ni siquiera realizar un acto tan sencillo como el de votar. Votar correctamente claro, porque el <strong>diputado Lemus<\/strong> s\u00ed que vot\u00f3, pero por lo visto donde no deb\u00eda. Equivocarse es de humanos, por supuesto, y de sabios rectificar y reconocer tus errores, as\u00ed como pedir disculpas si procede, pero no me parece suficiente para algo tan grave que podr\u00eda haberse evitado si el se\u00f1or Lemus se hubiera mantenido concentrado y atento en su jornada de trabajo.<\/span><\/p>\n<div id=\"attachment_1285\" style=\"width: 410px\" class=\"wp-caption alignnone\"><span style=\"color: #000000;\"><a href=\"\/loch-lomond\/wp-content\/uploads\/sites\/10\/2012\/11\/Los-Desahuciados.jpg\"><span style=\"color: #000000;\"><img aria-describedby=\"caption-attachment-1285\" loading=\"lazy\" class=\"size-full wp-image-1285\" title=\"Los Desahuciados\" src=\"\/loch-lomond\/wp-content\/uploads\/sites\/10\/2012\/11\/Los-Desahuciados.jpg\" alt=\"Sin duda uno de los mejores grupos extreme\u00f1os de toda la historia que dejaron canciones para el recuerdo que hoy gracias a Internet podemos recuperar\" width=\"400\" height=\"397\" srcset=\"https:\/\/static-blogs.hoy.es\/wp-content\/uploads\/sites\/10\/2012\/11\/Los-Desahuciados.jpg 400w, https:\/\/static-blogs.hoy.es\/wp-content\/uploads\/sites\/10\/2012\/11\/Los-Desahuciados-150x150.jpg 150w, https:\/\/static-blogs.hoy.es\/wp-content\/uploads\/sites\/10\/2012\/11\/Los-Desahuciados-300x298.jpg 300w\" sizes=\"(max-width: 400px) 100vw, 400px\" \/><\/span><\/a><\/span><p id=\"caption-attachment-1285\" class=\"wp-caption-text\">Sin duda uno de los mejores grupos extreme\u00f1os de toda la historia que dejaron canciones para el recuerdo que hoy gracias a Internet podemos recuperar<\/p><\/div>\n<p align=\"JUSTIFY\"><span style=\"color: #000000; font-size: medium;\">Y hablando de trabajo. Cada d\u00eda, antes de dirigirme al tajo, me acuerdo de una canci\u00f3n que escribi\u00f3 en los noventa mi amigo <strong>Armando Mazuecos<\/strong>, se llamaba &#8220;<strong><a title=\"Hay que ir a trabajar (Los Desahuciados)\" href=\"http:\/\/www.goear.com\/listen\/805ccf9\/hay-que-ir-a-trabajar-desahuciados-maqueta\" target=\"_blank\"><span style=\"color: #000000;\">Hay que ir a trabajar<\/span><\/a>&#8221; <\/strong>y en su texto jugaba con cierta guasa con los d\u00edas de la semana, haciendo hincapi\u00e9 en que &#8220;<strong>Todos los lunes, hay que ir a trabajar<\/strong>, todos los martes hay que ir a trabajar&#8230; <strong>hasta los vienes hay que ir a trabajar<\/strong>&#8230;&#8221;. Me gusta acordarme de ese temazo, y \u00faltimamente me viene a la cabeza m\u00e1s que nunca, porque el grupo de mi amigo Armando llevaba por nombre<strong> <a title=\"Los Desahuciados\" href=\"https:\/\/blogs.hoy.es\/loch-lomond\/2010\/11\/26\/para-siempre\/\" target=\"_blank\"><span style=\"color: #000000;\">&#8220;Los Desahuciados&#8221;<\/span><\/a>.<\/strong><\/span><\/p>\n<p align=\"JUSTIFY\"><span style=\"color: #000000; font-size: medium;\">\u00a1<strong>Desahucios<\/strong>! \u00bfCuantas <strong>muertes<\/strong> m\u00e1s va a tenerse que llevar <strong>la banca<\/strong>? Esta pregunta sin respuesta la he escuchado repetidas veces en la radio esta semana, en la que hemos tenido que lamentar otro traum\u00e1tico suicidio. Unas cuantas lineas m\u00e1s arriba les hablaba del amparo que me propicia mi casa, las cuatro paredes que me dan cobijo, que me ayudan a descansar y aislarme de la sociedad. El jueves pasado, mientras conduc\u00eda escuchaba a mis compa\u00f1eros de <strong>tertulia<\/strong> en &#8220;<a title=\"perd\u00f3n... un poco m\u00e1s hacia el oeste\" href=\"https:\/\/blogs.hoy.es\/loch-lomond\/2012\/09\/13\/perdon-un-poco-mas-hacia-el-oeste\/\" target=\"_blank\"><span style=\"color: #000000;\">El sol sale por el oeste<\/span><\/a>&#8220;. Yo no pod\u00eda estar con ellos por motivos de trabajo pero me mantuvieron pendiente de sus palabras en todo momento. En especial cuando mi compa\u00f1ero <strong>Kostas Gianikellis<\/strong> describ\u00eda un desahucio de un modo terriblemente ilustrativo, insistiendo en que <strong>cuando se desahucia a una persona<\/strong>, significa <strong>desarraigarla de su entorno<\/strong>, desposey\u00e9ndola de su dignidad, porque la casa es el interface de la intimidad de una persona para con la sociedad, por lo que cuando se produce un desahucio se est\u00e1 llevando al cabo <strong>el peor de todos los cr\u00edmenes que se pueden cometer.<\/strong><\/span><\/p>\n<p align=\"JUSTIFY\"><span style=\"color: #000000; font-size: medium;\"><strong>Barack Obama<\/strong> insist\u00eda tras conocerse vencedor en las elecciones de Estados Unidos en que <a title=\"lo mejor est\u00e1 por llegar\" href=\"https:\/\/blogs.hoy.es\/loch-lomond\/2012\/11\/08\/lo-mejor-esta-por-llegar\/\" target=\"_blank\"><span style=\"color: #000000;\">lo mejor est\u00e1 aun por llegar.<\/span><\/a> Quien suscribe quiere pensar lo mismo, pero me llevan los demonios noticias como la que le\u00ed ayer en este mismo peri\u00f3dico:&#8221;<a title=\"HOY.ES\" href=\"http:\/\/www.hoy.es\/v\/20121110\/regional\/jvenes-parados-ladrillo-recibirn-20121110.html\" target=\"_blank\"><span style=\"color: #000000;\">Los j\u00f3venes parados del ladrillo recibir\u00e1n 1.000 euros si sacan la ESO&#8221;<\/span><\/a>. No s\u00e9 ustedes, pero yo voy a comenzar las gestiones pertinentes para reclamar que a mi tambi\u00e9n me entreguen el mismo dinero, ya que yo s\u00ed que saqu\u00e9 mis estudios obligatorios hace ya muchos a\u00f1os, mientras muchos de estos j\u00f3venes ganaban un dineral y se compraban coches de esc\u00e1ndalo mientras se re\u00edan de los &#8220;pringa\u00edllos&#8221; que segu\u00edamos sin un duro y estudiando aun en casa de mam\u00e1 y pap\u00e1.<\/span><\/p>\n<div id=\"attachment_1283\" style=\"width: 223px\" class=\"wp-caption alignnone\"><span style=\"color: #000000;\"><a href=\"\/loch-lomond\/wp-content\/uploads\/sites\/10\/2012\/11\/MejorManolo.jpg\"><span style=\"color: #000000;\"><img aria-describedby=\"caption-attachment-1283\" loading=\"lazy\" class=\"size-medium wp-image-1283\" title=\"MejorManolo\" src=\"\/loch-lomond\/wp-content\/uploads\/sites\/10\/2012\/11\/MejorManolo.jpg\" alt=\"Mejor Manolo. La \u00faltima aventura de Manolito Gafotas, un personaje del que si aun no lo saben, hay mucho en este Don de Loch Lomond.\" width=\"213\" height=\"300\" srcset=\"https:\/\/static-blogs.hoy.es\/wp-content\/uploads\/sites\/10\/2012\/11\/MejorManolo.jpg 447w, https:\/\/static-blogs.hoy.es\/wp-content\/uploads\/sites\/10\/2012\/11\/MejorManolo-214x300.jpg 214w\" sizes=\"(max-width: 213px) 100vw, 213px\" \/><\/span><\/a><\/span><p id=\"caption-attachment-1283\" class=\"wp-caption-text\">Mejor Manolo. La \u00faltima aventura de Manolito Gafotas, un personaje del que si aun no lo saben, hay mucho en este Don de Loch Lomond.<\/p><\/div>\n<p align=\"JUSTIFY\"><span style=\"color: #000000; font-size: medium;\">En fin, <strong>no llueve eternamente<\/strong>, y de entre las muchas noticias de esta semana, sin duda, la llegada de la nueva aventura del <strong><a title=\"Delincuentes\" href=\"https:\/\/blogs.hoy.es\/loch-lomond\/2012\/09\/17\/delincuentes\/\" target=\"_blank\"><span style=\"color: #000000;\">Manolito Gafotas<\/span><\/a> <\/strong>de<strong> <a title=\"web de Elvira Lindo\" href=\"http:\/\/www.elviralindo.com\/\" target=\"_blank\"><span style=\"color: #000000;\">Elvira Lindo<\/span><\/a> <\/strong>ha sido la mejor. No s\u00e9, y les mentir\u00eda si no les reconozco que poco me importa, a que dedicaran el resto de la jornada de hoy. Pero yo ya estoy cansado de escuchar malas noticias. Me voy a coger &#8220;<strong><a title=\"Manolito gafotas\" href=\"http:\/\/www.elviralindo.com\/blog\/categoria\/manolito-gafotas\/\" target=\"_blank\"><span style=\"color: #000000;\">Mejor Manolo<\/span><\/a>&#8220;, <\/strong>que as\u00ed se titula la nueva aventura, y me voy a re\u00edr de lo lindo con un personaje del que hay mucho en mi y en estas <strong>tribunas de opini\u00f3n<\/strong>. Hoy tengo ganas de volver a ser un ni\u00f1o de esos que no se callan ni debajo del agua, de pelearme con <strong>Yihad<\/strong> y de ligar con <strong>Susanita &#8220;bragas sucias&#8221;<\/strong>. No s\u00e9 si por fin descubrir\u00e9 el verdadero nombre del &#8220;<strong>Orejones L\u00f3pez<\/strong>&#8220;. Como ver\u00e1n de &#8220;<strong>El Imb\u00e9cil<\/strong>&#8221; ni hablo. Ya tenemos bastantes entre nuestros <strong>pol\u00edticos <\/strong>y<strong> banqueros<\/strong>, quienes se dedican sin descanso a <strong>tirar nuestro dinero, <\/strong>a<strong> perder nuestro tiempo, <\/strong>a<strong> desahuciar nuestros sue\u00f1os <\/strong>y a<strong> impedirnos amar a quienes queremos<\/strong>. \u00a1Y todo esto en una semana! En fin. \u00a1Ya veremos la que viene! <strong>Alg\u00fan d\u00eda tendr\u00e1 que dejar de llover.<\/strong><\/span><\/p>\n<p align=\"JUSTIFY\"><span style=\"color: #000000;\"><em><span style=\"font-size: medium;\">Publicado en <strong>Diario HOY<\/strong> el 11\/11\/2012<\/span><\/em><\/span><\/p>\n<p align=\"JUSTIFY\"><span style=\"color: #000000;\"><em><span style=\"font-size: medium;\"><a href=\"http:\/\/hoy.kioskoymas.com\/epaper\/showlink.aspx?bookmarkid=64CEENYFX7Q1&#038;preview=magnifier&#038;linkid=92877088-1700-40d5-90a4-18394e58ecf9&#038;pdaffid=1NEHCXDv4QZRFanP7KJR9A%3d%3d\"><span style=\"color: #000000;\"><img src=\"\/\/cache2-thumb1.pressdisplay.com\/pressdisplay\/docserver\/getimage.aspx?file=22012012111100000000001001&#038;page=30&#038;scale=23\" alt=\"\" \/><\/span><\/a><\/span><\/em><\/span><\/p>\n<!-- AddThis Advanced Settings generic via filter on the_content --><!-- AddThis Share Buttons generic via filter on the_content -->","protected":false},"excerpt":{"rendered":"<p>&nbsp; Enrique Falc\u00f3.\u00a0 Observador cr\u00edtico Semana agotadora a la que este domingo ponemos fin. Bajo el amparo de mis cuatro paredes reflexiono a la hora de dirigirme a ustedes, mis queridos y desocupados lectores, sobre lo mucho que podemos aprender de los m\u00e1s mayores e incluso de los m\u00e1s j\u00f3venes. \u00a1Qu\u00e9 proceso tan bonito y [&hellip;]<!-- AddThis Advanced Settings generic via filter on get_the_excerpt --><!-- AddThis Share Buttons generic via filter on get_the_excerpt --><\/p>\n","protected":false},"author":14,"featured_media":0,"comment_status":"open","ping_status":"closed","sticky":false,"template":"","format":"standard","meta":[],"categories":[8],"tags":[258,336,612,848,1515,1714,1745,1790,1806,2223,2388,2624,2846,3088,3142,3286,3382,3421,3494,3686,3715,3761,4121,4126,4169,4275,4303,4327,4338,4732,4778,5008,5305],"_links":{"self":[{"href":"https:\/\/blogs.hoy.es\/loch-lomond\/wp-json\/wp\/v2\/posts\/1281"}],"collection":[{"href":"https:\/\/blogs.hoy.es\/loch-lomond\/wp-json\/wp\/v2\/posts"}],"about":[{"href":"https:\/\/blogs.hoy.es\/loch-lomond\/wp-json\/wp\/v2\/types\/post"}],"author":[{"embeddable":true,"href":"https:\/\/blogs.hoy.es\/loch-lomond\/wp-json\/wp\/v2\/users\/14"}],"replies":[{"embeddable":true,"href":"https:\/\/blogs.hoy.es\/loch-lomond\/wp-json\/wp\/v2\/comments?post=1281"}],"version-history":[{"count":0,"href":"https:\/\/blogs.hoy.es\/loch-lomond\/wp-json\/wp\/v2\/posts\/1281\/revisions"}],"wp:attachment":[{"href":"https:\/\/blogs.hoy.es\/loch-lomond\/wp-json\/wp\/v2\/media?parent=1281"}],"wp:term":[{"taxonomy":"category","embeddable":true,"href":"https:\/\/blogs.hoy.es\/loch-lomond\/wp-json\/wp\/v2\/categories?post=1281"},{"taxonomy":"post_tag","embeddable":true,"href":"https:\/\/blogs.hoy.es\/loch-lomond\/wp-json\/wp\/v2\/tags?post=1281"}],"curies":[{"name":"wp","href":"https:\/\/api.w.org\/{rel}","templated":true}]}}