{"id":1286,"date":"2012-11-18T17:02:25","date_gmt":"2012-11-18T16:02:25","guid":{"rendered":"http:\/\/blogs.hoy.es\/loch-lomond\/?p=1286"},"modified":"2012-11-18T17:02:25","modified_gmt":"2012-11-18T16:02:25","slug":"heroes","status":"publish","type":"post","link":"https:\/\/blogs.hoy.es\/loch-lomond\/2012\/11\/18\/heroes\/","title":{"rendered":"H\u00e9roes"},"content":{"rendered":"<div class=\"mceTemp\"><\/div>\n<p>&nbsp;<\/p>\n<p style=\"text-align: center;\"><strong>Enrique Falc\u00f3. Admirador de los emprendedores<\/strong><\/p>\n<p>&nbsp;<\/p>\n<div id=\"attachment_1288\" style=\"width: 310px\" class=\"wp-caption aligncenter\"><a href=\"\/loch-lomond\/wp-content\/uploads\/sites\/10\/2012\/11\/HEROES.jpg\"><img aria-describedby=\"caption-attachment-1288\" loading=\"lazy\" class=\"size-medium wp-image-1288\" title=\"HEROES\" src=\"\/loch-lomond\/wp-content\/uploads\/sites\/10\/2012\/11\/HEROES.jpg\" alt=\"Algunos de los protagonistas de la serie HEROES, cuya primera temporada no consigui\u00f3 ser superada por las siguientes entregas.\" width=\"300\" height=\"187\" srcset=\"https:\/\/static-blogs.hoy.es\/wp-content\/uploads\/sites\/10\/2012\/11\/HEROES.jpg 1280w, https:\/\/static-blogs.hoy.es\/wp-content\/uploads\/sites\/10\/2012\/11\/HEROES-300x188.jpg 300w, https:\/\/static-blogs.hoy.es\/wp-content\/uploads\/sites\/10\/2012\/11\/HEROES-768x480.jpg 768w, https:\/\/static-blogs.hoy.es\/wp-content\/uploads\/sites\/10\/2012\/11\/HEROES-1024x640.jpg 1024w\" sizes=\"(max-width: 300px) 100vw, 300px\" \/><\/a><p id=\"caption-attachment-1288\" class=\"wp-caption-text\">Algunos de los protagonistas de la serie HEROES, cuya primera temporada no consigui\u00f3 ser superada por las siguientes entregas.<\/p><\/div>\n<p>&nbsp;<\/p>\n<p>&nbsp;<\/p>\n<p><span style=\"color: #000000; font-size: medium;\">\u00a0\u00a0\u00a0\u00a0 Como tantos otros millones de espectadores, hace ya algunos a\u00f1os, me rend\u00ed fascinado ante una nueva serie que se antojaba espectacular. Se trataba de \u201c<strong>H\u00e9roes<\/strong>\u201d, una producci\u00f3n estadounidense de ciencia ficci\u00f3n y drama creada por <strong>Tim Kring<\/strong>, cuyo argumento giraba alrededor de un grupo de personas ordinarias, cada una con su propia y noble historia, quienes de repente y muy poco a poco van descubriendo que ostentan <strong>poderes sobrehumanos<\/strong>. <\/span><\/p>\n<p>&nbsp;<\/p>\n<p><span style=\"color: #000000; font-size: medium;\">\u00a0\u00a0\u00a0 Algunos pod\u00edan <strong>volar<\/strong>, otros <strong>sobrepasar paredes<\/strong> y <strong>pintar cuadros premonitorios<\/strong>. Algunos directamente eran indestructibles, o por el contrario ten\u00edan el poder de absorber los poderes de los dem\u00e1s. Ya imaginar\u00e1n cuales eran los principales hilos argumentales de esta fascinante historia: C\u00f3mo afectaban estos <strong>poderes<\/strong>, a ellos y a quienes les rodeaban, y sobre todo la b\u00fasqueda de los protagonistas de la eterna pregunta: \u00bf<strong>Por qu\u00e9<\/strong>?.<\/span><\/p>\n<p>&nbsp;<\/p>\n<div id=\"attachment_1289\" style=\"width: 310px\" class=\"wp-caption alignleft\"><a href=\"\/loch-lomond\/wp-content\/uploads\/sites\/10\/2012\/11\/Prison-break.jpg\"><img aria-describedby=\"caption-attachment-1289\" loading=\"lazy\" class=\"size-medium wp-image-1289\" title=\"Prison break\" src=\"\/loch-lomond\/wp-content\/uploads\/sites\/10\/2012\/11\/Prison-break.jpg\" alt=\"PRISON BREAK Otra estupenda serie cuya primera temporada fue inolvidable\" width=\"300\" height=\"225\" srcset=\"https:\/\/static-blogs.hoy.es\/wp-content\/uploads\/sites\/10\/2012\/11\/Prison-break.jpg 1024w, https:\/\/static-blogs.hoy.es\/wp-content\/uploads\/sites\/10\/2012\/11\/Prison-break-300x225.jpg 300w, https:\/\/static-blogs.hoy.es\/wp-content\/uploads\/sites\/10\/2012\/11\/Prison-break-768x576.jpg 768w\" sizes=\"(max-width: 300px) 100vw, 300px\" \/><\/a><p id=\"caption-attachment-1289\" class=\"wp-caption-text\">PRISON BREAK Otra estupenda serie cuya primera temporada fue inolvidable<\/p><\/div>\n<p>&nbsp;<\/p>\n<p><span style=\"color: #000000; font-size: medium;\">\u00a0\u00a0\u00a0\u00a0 Como tantas producciones brillantes de la \u00faltima d\u00e9cada, lo que fue una fastuosa primera temporada desemboc\u00f3 en las siguientes entregas poco menos que a un <strong>producto de Serie B<\/strong> de muy bajo nivel y una complicada amnist\u00eda, ayudado quiz\u00e1s por la hist\u00f3rica <strong>huelga de guionistas<\/strong> que azot\u00f3 los estudios de Hollywood desde finales de 2007 hasta febrero de 2008. <\/span><\/p>\n<p>&nbsp;<\/p>\n<p><span style=\"color: #000000; font-size: medium;\">\u00a0\u00a0\u00a0\u00a0 Algunas otras series, de las que tambi\u00e9n se esperaba mucho como \u201c<strong>Prison Break<\/strong>\u201d consiguieron tambi\u00e9n tirar por tierra un arranque espectacular y prometedor para acabar teniendo que ser suspendidas por falta de audiencia.<\/span><\/p>\n<p>&nbsp;<\/p>\n<div id=\"attachment_1290\" style=\"width: 310px\" class=\"wp-caption alignright\"><a href=\"\/loch-lomond\/wp-content\/uploads\/sites\/10\/2012\/11\/Jan-y-Super-Lopez.gif\"><img aria-describedby=\"caption-attachment-1290\" loading=\"lazy\" class=\"size-medium wp-image-1290\" title=\"Jan y Super Lopez\" src=\"\/loch-lomond\/wp-content\/uploads\/sites\/10\/2012\/11\/Jan-y-Super-Lopez.gif\" alt=\"El genial dibujante Jan con su inolvidable personaje Superl\u00f3pez\" width=\"300\" height=\"244\" \/><\/a><p id=\"caption-attachment-1290\" class=\"wp-caption-text\">El genial dibujante Jan con su inolvidable personaje Superl\u00f3pez<\/p><\/div>\n<p>&nbsp;<\/p>\n<p><span style=\"color: #000000; font-size: medium;\">\u00a0\u00a0\u00a0\u00a0 Pero sigamos con \u201c<strong>H\u00e9roes<\/strong>\u201d. Cualquier de nosotros piensa en los archiconocidos personajes de Stan Lee cuando le arriba el t\u00e9rmino \u201ch\u00e9roe\u201d a la sesera: Ya sean <strong>Los 4 fant\u00e1sticos<\/strong>, <strong>Spider Man<\/strong> o <strong>Hulk<\/strong>. O incluso el <strong>Superman<\/strong> de Siegel y Shuster, al que todos los ni\u00f1os de mi \u00e9poca conocimos gracias a las espectaculares pel\u00edculas protagonizadas por <strong>Cristopher Reeve<\/strong>. A este desgraciado actor el destino quiso proporcionarle un ir\u00f3nico castigo, conden\u00e1ndole a la paraplejia tras una desafortunada ca\u00eda de un caballo, lo que le convirti\u00f3 ir\u00f3nicamente tambi\u00e9n en un verdadero <strong>h\u00e9roe de carne y hueso<\/strong>, pues luch\u00f3 con todas sus fuerzas mientras le fue posible para superar su enfermedad. Entre nosotros, yo prefiero a <a title=\"Pan chocolate y tebeos\" href=\"https:\/\/blogs.hoy.es\/loch-lomond\/2011\/10\/21\/adolfo-portillo-campini\/\" target=\"_blank\"><span style=\"color: #000000;\">SuperL\u00f3pez<\/span><\/a>, el genial personaje de Jan. Y por supuesto a otro <a title=\"yo no soy periodista\" href=\"https:\/\/blogs.hoy.es\/loch-lomond\/2011\/04\/24\/yo-soy-periodista\/\" target=\"_blank\"><span style=\"color: #000000;\">periodista<\/span><\/a> como <strong>Supeman<\/strong>, a mi querido <a title=\"tint\u00edn es inocente\" href=\"https:\/\/blogs.hoy.es\/loch-lomond\/2011\/10\/02\/tintin-es-inocente\/\" target=\"_blank\"><span style=\"color: #000000;\">Tint\u00edn<\/span><\/a>, que en mi humilde opini\u00f3n no necesitaba m\u00e1s poderes de los que requer\u00eda lo mejor de la condici\u00f3n humana para ser el primero en todo.<\/span><\/p>\n<p>&nbsp;<\/p>\n<div id=\"attachment_1291\" style=\"width: 295px\" class=\"wp-caption alignleft\"><a href=\"\/loch-lomond\/wp-content\/uploads\/sites\/10\/2012\/11\/nick_vujicic_08.jpg\"><img aria-describedby=\"caption-attachment-1291\" loading=\"lazy\" class=\"size-medium wp-image-1291\" title=\"nick_vujicic_08\" src=\"\/loch-lomond\/wp-content\/uploads\/sites\/10\/2012\/11\/nick_vujicic_08.jpg\" alt=\"Nick Vujicic; un ejemplo a seguir\" width=\"285\" height=\"300\" srcset=\"https:\/\/static-blogs.hoy.es\/wp-content\/uploads\/sites\/10\/2012\/11\/nick_vujicic_08.jpg 600w, https:\/\/static-blogs.hoy.es\/wp-content\/uploads\/sites\/10\/2012\/11\/nick_vujicic_08-285x300.jpg 285w\" sizes=\"(max-width: 285px) 100vw, 285px\" \/><\/a><p id=\"caption-attachment-1291\" class=\"wp-caption-text\">Nick Vujicic; un ejemplo a seguir<\/p><\/div>\n<p>&nbsp;<\/p>\n<p><span style=\"color: #000000; font-size: medium;\">Hoy en d\u00eda nos encontramos sin saberlo a <strong>toda clase de h\u00e9roes<\/strong> que no muestran precisamente un s\u00faper poder, pero cuyas <strong>muestras de valent\u00eda<\/strong>, arrojo, coraje y<strong> humildad<\/strong> consiguen que nos descubramos ante ellos con el mayor de los respetos. No s\u00e9 si conocen por ejemplo la historia de <a title=\"Nick Vujicic\" href=\"http:\/\/www.youtube.com\/watch?v=X_XW6Y-K3QE\" target=\"_blank\"><span style=\"color: #000000;\">Nick Vujicic<\/span><\/a>, un joven que a pesar de <strong>no contar con manos ni con pies<\/strong> dedica su vida a motivar y a inspirar a personas sin extremidades, demostrando que si te lo propones, el hecho de carecer de miembros no puede considerarse m\u00e1s que una mera excusa para no desarrollar una vida normal y ser tan feliz como cualquiera.<\/span><\/p>\n<p>&nbsp;<\/p>\n<div id=\"attachment_1293\" style=\"width: 305px\" class=\"wp-caption alignright\"><a href=\"\/loch-lomond\/wp-content\/uploads\/sites\/10\/2012\/11\/David-Bowie-Heroes.jpg\"><img aria-describedby=\"caption-attachment-1293\" loading=\"lazy\" class=\"size-medium wp-image-1293\" title=\"David Bowie Heroes\" src=\"\/loch-lomond\/wp-content\/uploads\/sites\/10\/2012\/11\/David-Bowie-Heroes.jpg\" alt=\"Gran atista! Exquisita canci\u00f3n!\" width=\"295\" height=\"300\" srcset=\"https:\/\/static-blogs.hoy.es\/wp-content\/uploads\/sites\/10\/2012\/11\/David-Bowie-Heroes.jpg 500w, https:\/\/static-blogs.hoy.es\/wp-content\/uploads\/sites\/10\/2012\/11\/David-Bowie-Heroes-296x300.jpg 296w\" sizes=\"(max-width: 295px) 100vw, 295px\" \/><\/a><p id=\"caption-attachment-1293\" class=\"wp-caption-text\">Gran atista! Exquisita canci\u00f3n!<\/p><\/div>\n<p>&nbsp;<\/p>\n<p><span style=\"color: #000000; font-size: medium;\">\u00a0\u00a0\u00a0\u00a0 Pero no tenemos que irnos a casos concretos. Existen tambi\u00e9n <strong>h\u00e9roes an\u00f3nimos<\/strong>, que han salvado a personas de la misma muerte auxili\u00e1ndolas en alguna dif\u00edcil situaci\u00f3n en la que incluso han arriesgado sus propias vidas. Sin ir m\u00e1s lejos, los lamentables hechos ocurridos en el \u201c<strong>Madrid Arena<\/strong>\u201d la fat\u00eddica noche de aquella fiesta <strong>Halloween<\/strong> que nunca se tendr\u00eda que haber celebrado.<\/span><\/p>\n<p>&nbsp;<\/p>\n<p><span style=\"color: #000000; font-size: medium;\">\u00a0\u00a0\u00a0\u00a0 \u00a0Algunos de los <strong>supervivientes<\/strong> son conscientes de que si no hubiera sido por alg\u00fan joven que tir\u00f3 de ellos no hubieran salido con vida de aquel pabell\u00f3n que torn\u00f3 a infernal tras una <strong>avalancha<\/strong>, y se encuentran en la pesquisa de ser conocedores de que fue un h\u00e9roe an\u00f3nimo quien salv\u00f3 sus vidas y que se encuentra en alg\u00fan punto de la ciudad, y seguramente nunca podr\u00e1n saber quien fue para darle las gracias. Ir\u00f3nico tambi\u00e9n, pero muy de super h\u00e9roe.<\/span><\/p>\n<p>&nbsp;<\/p>\n<div id=\"attachment_1294\" style=\"width: 294px\" class=\"wp-caption alignleft\"><a href=\"\/loch-lomond\/wp-content\/uploads\/sites\/10\/2012\/11\/tintin-albums.jpg\"><img aria-describedby=\"caption-attachment-1294\" loading=\"lazy\" class=\"size-full wp-image-1294\" title=\"tintin-albums\" src=\"\/loch-lomond\/wp-content\/uploads\/sites\/10\/2012\/11\/tintin-albums.jpg\" alt=\"Tint\u00edn; Este si que es el mayor de todos los h\u00e9roes. \u00a1Ojal\u00e1 los seres humanos fu\u00e9semos m\u00e1s como \u00e9l!\" width=\"284\" height=\"256\" \/><\/a><p id=\"caption-attachment-1294\" class=\"wp-caption-text\">Tint\u00edn; Este si que es el mayor de todos los h\u00e9roes. \u00a1Ojal\u00e1 los seres humanos fu\u00e9semos m\u00e1s como \u00e9l!<\/p><\/div>\n<p><span style=\"color: #000000; font-size: medium;\">\u00a0\u00a0\u00a0 A<\/span><span style=\"color: #000000; font-size: medium;\">hora, que para h\u00e9ores de verdad, aquellas <strong>personas que se han hecho a s\u00ed mismas<\/strong>, en especial quienes no tuvieron las mismas <strong>oportunidades<\/strong> que otros tuvimos, y en donde lo normal hubiera sido que la flaqueza y lo injusto de sus vidas les hubiera empujado hacia los pantanosos caminos de la desesperaci\u00f3n. Algunas de estas personas han sido capaces de sobrevivir en este valle de l\u00e1grimas y aun as\u00ed de mantenerse inmunes a la crueldad y el dolor, ofreciendo solo lo mejor para los dem\u00e1s. <a title=\"lo mejor est\u00e1 por llegar\" href=\"https:\/\/blogs.hoy.es\/loch-lomond\/2012\/11\/08\/lo-mejor-esta-por-llegar\/\" target=\"_blank\"><span style=\"color: #000000;\">He conocido<\/span><\/a> en las \u00faltimas semanas a <strong>h\u00e9roes an\u00f3nimos<\/strong> de los que les hablo hoy, y me apena profundamente reconocer que jam\u00e1s podr\u00e9 parecerme a ellos.<\/span><\/p>\n<p>&nbsp;<\/p>\n<div id=\"attachment_1292\" style=\"width: 310px\" class=\"wp-caption aligncenter\"><a href=\"\/loch-lomond\/wp-content\/uploads\/sites\/10\/2012\/11\/La-Regenta-3.0.jpg\"><img aria-describedby=\"caption-attachment-1292\" loading=\"lazy\" class=\"size-medium wp-image-1292\" title=\"La Regenta 3.0\" src=\"\/loch-lomond\/wp-content\/uploads\/sites\/10\/2012\/11\/La-Regenta-3.0.jpg\" alt=\"La Regenta 3.0 el nuevo Pub de Badajoz que regenta (valga la redundancia) desde hace pocos d\u00edas mi gran amigo Carlos Ruiz\" width=\"300\" height=\"169\" srcset=\"https:\/\/static-blogs.hoy.es\/wp-content\/uploads\/sites\/10\/2012\/11\/La-Regenta-3.0.jpg 575w, https:\/\/static-blogs.hoy.es\/wp-content\/uploads\/sites\/10\/2012\/11\/La-Regenta-3.0-300x169.jpg 300w\" sizes=\"(max-width: 300px) 100vw, 300px\" \/><\/a><p id=\"caption-attachment-1292\" class=\"wp-caption-text\">La Regenta 3.0 el nuevo Pub de Badajoz que regenta (valga la redundancia) desde hace pocos d\u00edas mi gran amigo Carlos Ruiz<\/p><\/div>\n<p>&nbsp;<\/p>\n<p><span style=\"color: #000000; font-size: medium;\">\u00a0\u00a0\u00a0\u00a0 En estos dif\u00edciles tiempos que corren, algunos <a title=\"No llegamos\" href=\"https:\/\/blogs.hoy.es\/loch-lomond\/2011\/09\/05\/no-llegamos\/\" target=\"_blank\"><span style=\"color: #000000;\">nos quejamos como ni\u00f1os<\/span><\/a> y lloriqueamos mocosetes por no llegar a final de mes, mientras que otros valientes, otros h\u00e9roes, se lanzan a la aventura de montar su propio negocio. Como mi amigo <strong>Carlos Ruiz<\/strong>, quien ha renunciado a trabajar por cuenta ajena, con su n\u00f3mina fija y segura todos los meses, para montar su propio Pub: \u201c<a title=\"La Regenta 3.0\" href=\"http:\/\/es-es.facebook.com\/LaRegenta30\" target=\"_blank\"><span style=\"color: #000000;\">La Regenta 3.0<\/span><\/a>\u201d en la zona de Valdepasillas en Badajoz. <\/span><\/p>\n<p>&nbsp;<\/p>\n<p><span style=\"color: #000000; font-size: medium;\">\u00a0\u00a0\u00a0\u00a0 Unos opinan que es una temerario, otros que es un inconsciente. El menda sencillamente cree que es un h\u00e9roe. Uno de tantos valientes <strong>emprendedores<\/strong> que va a conseguir sacar este pa\u00eds adelante. P\u00e1sense alguna noche a tomar un <strong>Loch Lomond<\/strong> para convencerse de que los h\u00e9roes de carne y hueso no tienen por qu\u00e9 parecerse a los del mundo del c\u00f3mic. Sea como fuere \u00a1Vivan los h\u00e9roes! O al menos aquellos que se toman la molestia de intentar imitarlos. Ya lo cantaba el gran <a title=\"David Bowie HEROES\" href=\"http:\/\/www.youtube.com\/watch?v=Tgcc5V9Hu3g\" target=\"_blank\"><span style=\"color: #000000;\">David Bowie<\/span><\/a>: \u201c<strong>Podemos ser h\u00e9roes<\/strong> para siempre jam\u00e1s, o podemos ser <strong>h\u00e9roes<\/strong> s\u00f3lo por un d\u00eda\u201d.<\/span><\/p>\n<p>&nbsp;<\/p>\n<p style=\"text-align: center;\"><strong><em>\u00a0\u00a0Publicado en Diario HOY el 18\/11\/2012<\/em><\/strong><\/p>\n<p><a href=\"http:\/\/hoy.kioskoymas.com\/epaper\/showlink.aspx?bookmarkid=AYE9ENEOFWN6&#038;preview=magnifier&#038;linkid=b78f830b-0c86-4fe3-9064-2da57c136ecb&#038;pdaffid=1NEHCXDv4QZRFanP7KJR9A%3d%3d\"><img class=\"aligncenter\" src=\"\/\/cache2-thumb1.pressdisplay.com\/pressdisplay\/docserver\/getimage.aspx?file=22012012111800000000001001&#038;page=30&#038;scale=23\" alt=\"\" \/><\/a><\/p>\n<!-- AddThis Advanced Settings generic via filter on the_content --><!-- AddThis Share Buttons generic via filter on the_content -->","protected":false},"excerpt":{"rendered":"<p>&nbsp; Enrique Falc\u00f3. Admirador de los emprendedores &nbsp; &nbsp; &nbsp; \u00a0\u00a0\u00a0\u00a0 Como tantos otros millones de espectadores, hace ya algunos a\u00f1os, me rend\u00ed fascinado ante una nueva serie que se antojaba espectacular. Se trataba de \u201cH\u00e9roes\u201d, una producci\u00f3n estadounidense de ciencia ficci\u00f3n y drama creada por Tim Kring, cuyo argumento giraba alrededor de un grupo [&hellip;]<!-- AddThis Advanced Settings generic via filter on get_the_excerpt --><!-- AddThis Share Buttons generic via filter on get_the_excerpt --><\/p>\n","protected":false},"author":14,"featured_media":0,"comment_status":"open","ping_status":"closed","sticky":false,"template":"","format":"standard","meta":[],"categories":[8],"tags":[281,816,1239,1318,1515,1586,1772,1806,2381,2412,2413,2503,2511,2671,2917,3103,3126,3225,3663,4009,4113,4682,4688,4774,4810,4816,4823,4824,4982,4986],"_links":{"self":[{"href":"https:\/\/blogs.hoy.es\/loch-lomond\/wp-json\/wp\/v2\/posts\/1286"}],"collection":[{"href":"https:\/\/blogs.hoy.es\/loch-lomond\/wp-json\/wp\/v2\/posts"}],"about":[{"href":"https:\/\/blogs.hoy.es\/loch-lomond\/wp-json\/wp\/v2\/types\/post"}],"author":[{"embeddable":true,"href":"https:\/\/blogs.hoy.es\/loch-lomond\/wp-json\/wp\/v2\/users\/14"}],"replies":[{"embeddable":true,"href":"https:\/\/blogs.hoy.es\/loch-lomond\/wp-json\/wp\/v2\/comments?post=1286"}],"version-history":[{"count":0,"href":"https:\/\/blogs.hoy.es\/loch-lomond\/wp-json\/wp\/v2\/posts\/1286\/revisions"}],"wp:attachment":[{"href":"https:\/\/blogs.hoy.es\/loch-lomond\/wp-json\/wp\/v2\/media?parent=1286"}],"wp:term":[{"taxonomy":"category","embeddable":true,"href":"https:\/\/blogs.hoy.es\/loch-lomond\/wp-json\/wp\/v2\/categories?post=1286"},{"taxonomy":"post_tag","embeddable":true,"href":"https:\/\/blogs.hoy.es\/loch-lomond\/wp-json\/wp\/v2\/tags?post=1286"}],"curies":[{"name":"wp","href":"https:\/\/api.w.org\/{rel}","templated":true}]}}