{"id":1299,"date":"2012-11-21T02:24:31","date_gmt":"2012-11-21T01:24:31","guid":{"rendered":"http:\/\/blogs.hoy.es\/loch-lomond\/?p=1299"},"modified":"2012-11-21T02:24:31","modified_gmt":"2012-11-21T01:24:31","slug":"la-divertida-caridad-de-la-ex-ministra-trujillo","status":"publish","type":"post","link":"https:\/\/blogs.hoy.es\/loch-lomond\/2012\/11\/21\/la-divertida-caridad-de-la-ex-ministra-trujillo\/","title":{"rendered":"La divertida caridad de la ex ministra Trujillo"},"content":{"rendered":"<div class=\"mceTemp\"><\/div>\n<div class=\"mceTemp\">\n<div class=\"mceTemp mceIEcenter\">\n<div id=\"attachment_1304\" style=\"width: 510px\" class=\"wp-caption aligncenter\"><a href=\"\/loch-lomond\/wp-content\/uploads\/sites\/10\/2012\/11\/Susanita-beneficencia.jpg\"><img aria-describedby=\"caption-attachment-1304\" loading=\"lazy\" class=\"size-full wp-image-1304\" title=\"Susanita beneficencia\" src=\"\/loch-lomond\/wp-content\/uploads\/sites\/10\/2012\/11\/Susanita-beneficencia.jpg\" alt=\"Me da que la ex ministra Trujillo muestra con los m\u00e1s desafortunados la divertida caridad que practica Susanita.\" width=\"500\" height=\"153\" srcset=\"https:\/\/static-blogs.hoy.es\/wp-content\/uploads\/sites\/10\/2012\/11\/Susanita-beneficencia.jpg 500w, https:\/\/static-blogs.hoy.es\/wp-content\/uploads\/sites\/10\/2012\/11\/Susanita-beneficencia-300x92.jpg 300w\" sizes=\"(max-width: 500px) 100vw, 500px\" \/><\/a><p id=\"caption-attachment-1304\" class=\"wp-caption-text\">Me da que la ex ministra Trujillo muestra con los m\u00e1s desafortunados la divertida caridad que practica Susanita<\/p><\/div>\n<\/div>\n<\/div>\n<div class=\"mceTemp\"><span style=\"color: #000000; font-size: medium;\">\u00a0\u00a0\u00a0\u00a0 Aun colea el <a title=\"noticia en HOY\" href=\"http:\/\/www.hoy.es\/20121116\/local\/trujillo-tenga-deudas-pague-201211162020.html\" target=\"_blank\"><span style=\"color: #000000;\">tweet<\/span><\/a> con el que la <strong>ex ministra Trujillo<\/strong> se despach\u00f3 hace unos d\u00edas en <strong>Twitter<\/strong>. Es lo que tiene ser una persona conocida y escribir la primera estupidez que te venga a la sesera en tus redes sociales, a sabiendas que tus palabras van a ser analizadas por tus detractores en pos de cualquier fleco con el que buscarte las cosquillas. <\/span><\/div>\n<div class=\"mceTemp\"><\/div>\n<p align=\"JUSTIFY\"><span style=\"color: #000000; font-size: medium;\">\u00a0\u00a0\u00a0\u00a0 A la se\u00f1ora <strong>Trujillo<\/strong> le tiene que ir la marcha, y tiene pinta de ser un poco listilla, amen de haber gozado de una vida sin muchas dificultades: &#8220;<strong>El que tenga deudas que las pague<\/strong>&#8221; insiste en su red social. Bueno, hasta ah\u00ed incluso el menda est\u00e1 de acuerdo. Todos podemos tener <strong>deudas<\/strong>, cosas que pagamos a plazos, incluso a lo peor con alg\u00fan retraso que otro, compensados por los abusivos intereses de demora. Eso no significa que seamos unos chorizos, <a title=\"delincuentes\" href=\"https:\/\/blogs.hoy.es\/loch-lomond\/2012\/09\/17\/delincuentes\/\" target=\"_blank\"><span style=\"color: #000000;\">delincuentes<\/span><\/a> o sinverg\u00fcenzas, faltar\u00eda m\u00e1s. Ahora bien, el tweet contin\u00faa &#8220;&#8230; <strong>que no se hubiera endeudado<\/strong>&#8220;. <\/span><\/p>\n<p align=\"JUSTIFY\">\n<p align=\"JUSTIFY\"><span style=\"color: #000000; font-size: medium;\">\u00a0\u00a0\u00a0\u00a0 Estas palabras mosquean, y mucho al personal. En primer lugar por su <strong>falta de solidaridad<\/strong>, y en segundo quiz\u00e1s por la ausencia de brillantez y de sentido de la realidad de unas palabras que podr\u00eda haberse ahorrado en un momento tan terrible para tantos.<\/span><\/p>\n<p align=\"JUSTIFY\">\n<div id=\"attachment_1302\" style=\"width: 310px\" class=\"wp-caption alignleft\"><a href=\"\/loch-lomond\/wp-content\/uploads\/sites\/10\/2012\/11\/El-tuit-de-la-exministra-de-Vi_54355291404_51351706917_600_226.jpg\"><img aria-describedby=\"caption-attachment-1302\" loading=\"lazy\" class=\"size-medium wp-image-1302\" title=\"El-tuit-de-la-exministra-de-Vi_54355291404_51351706917_600_226\" src=\"\/loch-lomond\/wp-content\/uploads\/sites\/10\/2012\/11\/El-tuit-de-la-exministra-de-Vi_54355291404_51351706917_600_226.jpg\" alt=\"El tweet de la discordia, tan vac\u00eda de sentido como de caridad\" width=\"300\" height=\"112\" srcset=\"https:\/\/static-blogs.hoy.es\/wp-content\/uploads\/sites\/10\/2012\/11\/El-tuit-de-la-exministra-de-Vi_54355291404_51351706917_600_226.jpg 600w, https:\/\/static-blogs.hoy.es\/wp-content\/uploads\/sites\/10\/2012\/11\/El-tuit-de-la-exministra-de-Vi_54355291404_51351706917_600_226-300x113.jpg 300w\" sizes=\"(max-width: 300px) 100vw, 300px\" \/><\/a><p id=\"caption-attachment-1302\" class=\"wp-caption-text\">El tweet de la discordia, tan vac\u00eda de sentido como de caridad<\/p><\/div>\n<p align=\"JUSTIFY\"><span style=\"color: #000000; font-size: medium;\">\u00a0Ni que decir tiene, que a cualquier joven &#8220;<strong>mileurista<\/strong>&#8221; o <a title=\"no llegamos\" href=\"https:\/\/blogs.hoy.es\/loch-lomond\/2011\/09\/05\/no-llegamos\/\" target=\"_blank\"><span style=\"color: #000000;\">&#8220;<strong>ni-mileurista<\/strong>&#8220;<\/span><\/a> que se precie le entrar\u00e1n ganas de decirle cuatro verdades a la cara a la se\u00f1ora Trujillo, pero sobre todo, aquellos que est\u00e1n perdiendo sus casas se sentir\u00e1n como si alguien les estuviera echando sal en las heridas. <\/span><\/p>\n<p align=\"JUSTIFY\">\n<p align=\"JUSTIFY\"><span style=\"color: #000000; font-size: medium;\">\u00a0\u00a0\u00a0\u00a0 Quiero creer que la se\u00f1ora Trujillo se refiere a aquellos tantos que hicieron barbaridades en su d\u00eda, como firmar <strong>hipotecas<\/strong> de 1.500 Euros al mes cuando su sueldo era de 1.200, o incluso los que se compraban una segunda casa y otro coche pensando que alquilando la otra casa la nueva se pagaba sola. <\/span><\/p>\n<p align=\"JUSTIFY\">\n<p align=\"JUSTIFY\"><span style=\"color: #000000; font-size: medium;\">\u00a0\u00a0\u00a0\u00a0 El problema es que la mayor\u00eda de esas <strong>deudas<\/strong> que algunos no pueden pagar pueden ser de se\u00f1ores que gozaban de un trabajo y un sueldo muy respetable, y como cualquiera firmaron una hipoteca, o pidieron un <strong>pr\u00e9stamo<\/strong> para comprarse un coche o unos muebles, o pusieron un negocio pidiendo <strong>cantidades que pod\u00edan asumir sin problemas<\/strong>. <\/span><\/p>\n<p align=\"JUSTIFY\">\n<p align=\"JUSTIFY\"><span style=\"color: #000000; font-size: medium;\">\u00a0\u00a0\u00a0\u00a0 Gentes de muy distinta condici\u00f3n que lamentablemente han perdido su empleo y buena parte de los ingresos con los que estaban acostumbrados a vivir, y es ahora cuando tras agotar los ahorros, el paro y todas las ayudas se ven ahogados y <strong>endeudados<\/strong> hasta el l\u00edmite de incluso perder sus hogares. Y yo me pregunto \u00bfEs ello un delito merecedor o causa susceptible de sufrir <strong>mofa<\/strong> o <strong>befa<\/strong>? \u00bfEs justo que alguien que se dedica a trabajar por el bien de los ciudadanos lo demande con esa innecesaria chuler\u00eda y <strong>falta de caridad<\/strong>? <\/span><\/p>\n<p align=\"JUSTIFY\">\n<p align=\"JUSTIFY\"><span style=\"color: #000000; font-size: medium;\">\u00a0\u00a0\u00a0\u00a0 Casi que la imagina uno divirti\u00e9ndose, como la hormiga de la cigarra de la conocida <strong>f\u00e1bula<\/strong> que tanto nos contaban de peque\u00f1os.<\/span><\/p>\n<div id=\"attachment_1303\" style=\"width: 586px\" class=\"wp-caption alignnone\"><img aria-describedby=\"caption-attachment-1303\" loading=\"lazy\" class=\"size-full wp-image-1303\" title=\"susanita beneficencia1\" src=\"\/loch-lomond\/wp-content\/uploads\/sites\/10\/2012\/11\/susanita-beneficencia1.gif\" alt=\"Susanita y su divertida \"caridad\". Lamentablemente no todos los que piensan as\u00ed son geniales creaciones de ficci\u00f3n. Alguno que otro existe de carne y hueso.\" width=\"576\" height=\"172\" \/><p id=\"caption-attachment-1303\" class=\"wp-caption-text\"><\/span><\/a><\/span><\/p><\/div>\n<p align=\"JUSTIFY\">\n<p align=\"JUSTIFY\"><span style=\"color: #000000; font-size: medium;\">\u00a0\u00a0\u00a0\u00a0 Desde que en Julio de 2007 fuera reemplazada y perdiera su <strong>cartera ministerial<\/strong>, Mar\u00eda Antonia Trujillo se ha despachado a gusto con el que fue su Partido (<strong>PSOE<\/strong>) a pesar de haber sido <strong>diputada<\/strong> por la provincia de C\u00e1ceres y <strong>Presidenta de la Comisi\u00f3n de Medio Ambiente, Agricultura y Pesca del Congreso de los Diputados en 2008. <\/strong><\/span><\/p>\n<p align=\"JUSTIFY\">\n<p align=\"JUSTIFY\"><span style=\"color: #000000; font-size: medium;\">\u00a0\u00a0\u00a0\u00a0\u00a0 En 2011 volvi\u00f3 a la <strong>docencia<\/strong>, ocupaci\u00f3n que comparte en diversas actividades dentro del <strong>sector inmobiliario y energ\u00e9tico<\/strong>. Parece ser que las cosas no pintan del todo mal en el terreno econ\u00f3mico para ella. Y as\u00ed espero que contin\u00faen, por su bien, pues como alg\u00fan d\u00eda la ex ministra se encuentre en <strong>problemas econ\u00f3micos<\/strong>, toda una <strong>sociedad resentida<\/strong> le escupir\u00e1 a la cara su propia frase, mostr\u00e1ndole divertida, su misma <strong>piedad<\/strong>. \u00a1Mil millones de mil millones de <a title=\"Naufragios\" href=\"https:\/\/blogs.hoy.es\/loch-lomond\/2012\/01\/22\/naufragios\/\" target=\"_blank\"><span style=\"color: #000000;\">naufragios<\/span><\/a>!<\/span><\/p>\n<p align=\"JUSTIFY\">\n<!-- AddThis Advanced Settings generic via filter on the_content --><!-- AddThis Share Buttons generic via filter on the_content -->","protected":false},"excerpt":{"rendered":"<p>\u00a0\u00a0\u00a0\u00a0 Aun colea el tweet con el que la ex ministra Trujillo se despach\u00f3 hace unos d\u00edas en Twitter. Es lo que tiene ser una persona conocida y escribir la primera estupidez que te venga a la sesera en tus redes sociales, a sabiendas que tus palabras van a ser analizadas por tus detractores en [&hellip;]<!-- AddThis Advanced Settings generic via filter on get_the_excerpt --><!-- AddThis Share Buttons generic via filter on get_the_excerpt --><\/p>\n","protected":false},"author":14,"featured_media":0,"comment_status":"open","ping_status":"closed","sticky":false,"template":"","format":"standard","meta":[],"categories":[7],"tags":[160,422,526,673,805,847,964,969,1346,1427,1430,1463,1464,1500,1515,1703,1794,1806,1963,2440,2622,2863,2869,3080,3103,3231,3330,3488,3489,3491,3523,3662,3907,4044,4200,4207,4275,4365,4397,4716,4732,4736,4837,5103,5116,5118],"_links":{"self":[{"href":"https:\/\/blogs.hoy.es\/loch-lomond\/wp-json\/wp\/v2\/posts\/1299"}],"collection":[{"href":"https:\/\/blogs.hoy.es\/loch-lomond\/wp-json\/wp\/v2\/posts"}],"about":[{"href":"https:\/\/blogs.hoy.es\/loch-lomond\/wp-json\/wp\/v2\/types\/post"}],"author":[{"embeddable":true,"href":"https:\/\/blogs.hoy.es\/loch-lomond\/wp-json\/wp\/v2\/users\/14"}],"replies":[{"embeddable":true,"href":"https:\/\/blogs.hoy.es\/loch-lomond\/wp-json\/wp\/v2\/comments?post=1299"}],"version-history":[{"count":0,"href":"https:\/\/blogs.hoy.es\/loch-lomond\/wp-json\/wp\/v2\/posts\/1299\/revisions"}],"wp:attachment":[{"href":"https:\/\/blogs.hoy.es\/loch-lomond\/wp-json\/wp\/v2\/media?parent=1299"}],"wp:term":[{"taxonomy":"category","embeddable":true,"href":"https:\/\/blogs.hoy.es\/loch-lomond\/wp-json\/wp\/v2\/categories?post=1299"},{"taxonomy":"post_tag","embeddable":true,"href":"https:\/\/blogs.hoy.es\/loch-lomond\/wp-json\/wp\/v2\/tags?post=1299"}],"curies":[{"name":"wp","href":"https:\/\/api.w.org\/{rel}","templated":true}]}}