{"id":1306,"date":"2012-11-25T20:32:51","date_gmt":"2012-11-25T19:32:51","guid":{"rendered":"http:\/\/blogs.hoy.es\/loch-lomond\/?p=1306"},"modified":"2012-11-25T20:32:51","modified_gmt":"2012-11-25T19:32:51","slug":"topicos-utopicos-y-anecdoticos","status":"publish","type":"post","link":"https:\/\/blogs.hoy.es\/loch-lomond\/2012\/11\/25\/topicos-utopicos-y-anecdoticos\/","title":{"rendered":"T\u00f3picos ut\u00f3picos y anecd\u00f3ticos"},"content":{"rendered":"<p>&nbsp;<\/p>\n<p style=\"text-align: center;\"><strong>Enrique Falc\u00f3<\/strong>. Sin esp\u00edritu navide\u00f1o<\/p>\n<p>\u00a0<a href=\"\/loch-lomond\/wp-content\/uploads\/sites\/10\/2012\/11\/homer-simpson-de-papa-noel.gif\"><img loading=\"lazy\" class=\"aligncenter size-full wp-image-1308\" title=\"homer-simpson-de-papa-noel\" src=\"\/loch-lomond\/wp-content\/uploads\/sites\/10\/2012\/11\/homer-simpson-de-papa-noel.gif\" alt=\"\" width=\"400\" height=\"300\" \/><\/a><\/p>\n<p><span style=\"color: #000000; font-size: medium;\">\u00a0\u00a0\u00a0\u00a0 Quede constancia p\u00fablica, y que este art\u00edculo as\u00ed lo certifique, que no me prodigo mucho \u00faltimamente por <strong>centro comercial<\/strong> alguno. No es que hayan hecho mella en m\u00ed los <a title=\"Agoreros de El Faro\" href=\"https:\/\/blogs.hoy.es\/loch-lomond\/2012\/09\/20\/agoreros-de-el-faro\/\" target=\"_blank\"><span style=\"color: #000000;\">agoreros<\/span><\/a> de \u201c<strong><a title=\"Web de El Centro Comercisl El Faro\" href=\"http:\/\/www.ccelfaro.com\/W\/do\/centre\/accueil\" target=\"_blank\"><span style=\"color: #000000;\">El Faro del Guadiana<\/span><\/a><\/strong>\u201d en <strong>Badajoz<\/strong>, al que le vaticinan una desgracia tras otra desde el d\u00eda de su inauguraci\u00f3n, pero hasta dentro de unos meses no tengo intenci\u00f3n de asomarme por all\u00ed. Los <strong>Carrefour<\/strong> tambi\u00e9n me producen una vagancia sopor\u00edfera, por aquello del enorme tama\u00f1o y estar todo tan lejos, y la \u00faltima vez que me dej\u00e9 caer por <strong>El Corte Ingl\u00e9s<\/strong> fue para comprarme el \u00faltimo de \u201c<strong><a title=\"Delincuentes\" href=\"https:\/\/blogs.hoy.es\/loch-lomond\/2012\/09\/17\/delincuentes\/\" target=\"_blank\"><span style=\"color: #000000;\">Manolito Gafotas<\/span><\/a><\/strong>\u201d de <strong><a title=\"\u00a1Que no llueva eternamente!\" href=\"https:\/\/blogs.hoy.es\/loch-lomond\/2012\/11\/12\/que-no-llueva-eternamente\/\" target=\"_blank\"><span style=\"color: #000000;\">Elvira Lindo<\/span><\/a><\/strong> hace ya varias semanas.<\/span><\/p>\n<p>&nbsp;<\/p>\n<p><span style=\"color: #000000; font-size: medium;\">Supongo que muchos de ustedes pensar\u00e1n que como siempre, es por culpa del <strong>poderoso caballero<\/strong> \u00a1C\u00f3mo no! Mis queridos y desocupados lectores ya me tienen \u201ccalao\u201d hasta los huesos, son casi tres a\u00f1os un domingo tras otro dando a la tecla para <strong>HOY<\/strong>, y son conocedores de que quien suscribe no deja de <a title=\"Los Frustrados hijos de la clase media\" href=\"https:\/\/blogs.hoy.es\/loch-lomond\/2011\/09\/18\/los-frustrados-hijos-de-la-clase-media\/\" target=\"_blank\"><span style=\"color: #000000;\">quejarse<\/span><\/a> y blasfemar por <strong>el Cetro de Ottokar<\/strong> de esas inconcebibles e irreconciliables diferencias que parecen existir entre los m\u00e1s <strong>j\u00f3venes<\/strong> de nuestra sociedad y el <strong>vil metal<\/strong>. Pero no es oro valga la redundancia todo lo que reluce, o en este caso deja de relucir, por aquello de brillar precisamente por su ausencia o poca o muy escasa presencia. Los grilletes del oro son mucho peor que los del hierro, y no hemos de olvidar que la edad de oro retorna al hombre cuando, aunque s\u00f3lo sea moment\u00e1neamente, se olvida del oro.<\/span><\/p>\n<p>&nbsp;<\/p>\n<div id=\"attachment_1309\" style=\"width: 310px\" class=\"wp-caption alignleft\"><span style=\"color: #000000;\"><a href=\"\/loch-lomond\/wp-content\/uploads\/sites\/10\/2012\/11\/Fry-rico.jpg\"><span style=\"color: #000000;\"><img aria-describedby=\"caption-attachment-1309\" loading=\"lazy\" class=\"size-medium wp-image-1309\" title=\"Fry rico\" src=\"\/loch-lomond\/wp-content\/uploads\/sites\/10\/2012\/11\/Fry-rico.jpg\" alt=\"El dinero no lo es todo... pero ayuda bastante en este valle de l\u00e1grimas.\" width=\"300\" height=\"268\" srcset=\"https:\/\/static-blogs.hoy.es\/wp-content\/uploads\/sites\/10\/2012\/11\/Fry-rico.jpg 500w, https:\/\/static-blogs.hoy.es\/wp-content\/uploads\/sites\/10\/2012\/11\/Fry-rico-300x269.jpg 300w\" sizes=\"(max-width: 300px) 100vw, 300px\" \/><\/span><\/a><\/span><p id=\"caption-attachment-1309\" class=\"wp-caption-text\">El dinero no lo es todo... pero ayuda bastante en este valle de l\u00e1grimas.<\/p><\/div>\n<p><span style=\"color: #000000; font-size: medium;\">El dinero no lo es todo. Ni siquiera para lo malo. Existe en mi cuerpo serrano algo as\u00ed como una desaz\u00f3n, una inc\u00f3moda alergia, un sarpullido espiritual que me hace entonar cierta alerta, un \u201cQuien vive\u201d al m\u00e1s puro estilo <strong>Ortega y Gasset<\/strong> (Esa gran pareja como tantas c\u00e9lebres\u2026 <strong>Ram\u00f3n y Cajal<\/strong> sin ir m\u00e1s lejos), \u00a0a la hora de acercarme a los abarrotados <strong>templos del consumismo<\/strong> desde finales de Noviembre hasta mediados de Enero. Ya se imaginar\u00e1n los m\u00e1s \u00e1vidos por donde van los tiros:<\/span><\/p>\n<p>&nbsp;<\/p>\n<p><span style=\"color: #000000; font-size: medium;\"><strong>\u00a0Los villancicos<\/strong>, naturalmente. No los soporto durante 363 d\u00edas al a\u00f1o, 364 en bisiestos como \u00e9ste. Aquellas composiciones musicales, otrora canciones profanas con estribillos de origen popular, que han degenerado en piezas que \u00fanicamente hacen referencia a la <strong>Navidad<\/strong>. Y por eso mismo son canciones que habr\u00eda que hartarse de cantar y berrear en Navidad, o sea, el 24 y el 25 de Diciembre. Con o sin <strong>zambomba<\/strong>. Con menor o mayor acierto en el acompa\u00f1amiento con la <strong>pandereta<\/strong>, pero nunca fuera de estas fechas. Si acaso alguna honorable excepci\u00f3n a uno de mis predilectos: \u201c<strong>Ya vienen los Reyes Magos<\/strong>\u201d, el cual procede a honrosa amnist\u00eda si se canta en la v\u00edspera del 5 al 6 de Enero, poco antes que Sus Majestades (Jam\u00e1s el hortera y zafio T\u00edo Santa yanqui) se dispongan a repartir <strong>regalos y carb\u00f3n<\/strong>, aunque sea dulce, a partes desiguales.<\/span><\/p>\n<p>&nbsp;<\/p>\n<div id=\"attachment_1310\" style=\"width: 310px\" class=\"wp-caption alignright\"><span style=\"color: #000000;\"><a href=\"\/loch-lomond\/wp-content\/uploads\/sites\/10\/2012\/11\/wham-last-christmas.jpg\"><span style=\"color: #000000;\"><img aria-describedby=\"caption-attachment-1310\" loading=\"lazy\" class=\"size-medium wp-image-1310\" title=\"wham-last-christmas\" src=\"\/loch-lomond\/wp-content\/uploads\/sites\/10\/2012\/11\/wham-last-christmas.jpg\" alt=\"\u00bfAlguien sabe siquiera como se llama el compa\u00f1ero de grupo de George Michael?\" width=\"300\" height=\"200\" srcset=\"https:\/\/static-blogs.hoy.es\/wp-content\/uploads\/sites\/10\/2012\/11\/wham-last-christmas.jpg 316w, https:\/\/static-blogs.hoy.es\/wp-content\/uploads\/sites\/10\/2012\/11\/wham-last-christmas-300x200.jpg 300w\" sizes=\"(max-width: 300px) 100vw, 300px\" \/><\/span><\/a><\/span><p id=\"caption-attachment-1310\" class=\"wp-caption-text\">\u00bfAlguien sabe siquiera como se llama el compa\u00f1ero de grupo de George Michael?<\/p><\/div>\n<p><span style=\"color: #000000; font-size: medium;\">Existe en este <strong>hortera pa\u00eds<\/strong> la horrorosa costumbre de <strong>anticipar<\/strong> primero y despu\u00e9s <strong>alargar<\/strong> interminablemente <strong>las fiestas<\/strong>, sean cuales sean. Y as\u00ed,\u00a0 en cualquier tienda o centro comercial, podemos encontrarnos a cualquier hora machacones villancicos que nos recuerdan que <strong>esta noche es noche buena y ma\u00f1ana Navidad<\/strong>, algo rid\u00edculo y que no ha lugar si nos encontramos a 29 de Noviembre o a 7 de Enero.<\/span><\/p>\n<p>&nbsp;<\/p>\n<p><span style=\"color: #000000; font-size: medium;\">Por otro lado siempre resultar\u00e1n inexplicables y casi inconcebibles las absurdas y ut\u00f3picas <strong>letras<\/strong> de estas cancioncillas que no dejan de desconcertarme profundamente desde mi m\u00e1s tierna infancia, no tan lejana como muchos podr\u00e1n pensar. \u00bfQu\u00e9 tendr\u00e1 que ver que ya vengan los Reyes Magos caminito de Bel\u00e9n y de pronto se diga aquello de \u201c<strong>ol\u00e9, ol\u00e9 y Holanda y ol\u00e9, Holanda ya se ve<\/strong>?\u201d. Inaudito y al menos inesperado en grado sumo. Es como aquello de \u201c<strong>pero mira como beben los peces en el r\u00edo<\/strong>\u201d o el \u201c<strong>yo me remendaba yo me remend\u00e9 yo me ech\u00e9 un remiendo yo me lo quit\u00e9<\/strong>\u201d.<\/span><\/p>\n<p>&nbsp;<\/p>\n<p><span style=\"color: #000000; font-size: medium;\">\u00a1<strong>Turrones<\/strong>, <strong>polvorones<\/strong>, <strong>renos<\/strong>, <strong>gorritos de Pap\u00e1 Noel<\/strong> y villancicos a todo meter desde Noviembre hasta El 8 de Enero! Algunos de los <strong>t\u00f3picos<\/strong> que consiguen que a\u00f1o tras a\u00f1o me deprima m\u00e1s por estas fechas y le tenga m\u00e1s man\u00eda a unas Navidades para las que todav\u00eda falta un mes y ya estoy hasta el gorro\u2026 de <strong>Pap\u00e1 Noel<\/strong>.<\/span><\/p>\n<p>&nbsp;<\/p>\n<p><span style=\"color: #000000; font-size: medium;\">Menos mal que existen otros t\u00f3picos m\u00e1s <strong>anecd\u00f3ticos<\/strong> y amables que consiguen a\u00f1adir unas pinceladas entra\u00f1ables en estas <strong>fiestas<\/strong>, y es que siempre podemos disfrutar de <strong>grandes canciones<\/strong> y <strong>mejores pel\u00edculas<\/strong>. No s\u00e9 si ser\u00e1 casualidad pero en breve comenzar\u00e1 a sonar en las radios el \u201c<strong><a title=\"Sin blanca Navidad\" href=\"https:\/\/blogs.hoy.es\/loch-lomond\/2011\/12\/11\/sin-blanca-navidad\/\" target=\"_blank\"><span style=\"color: #000000;\">Last Christmas<\/span><\/a><\/strong>\u201d de <strong>Wham,<\/strong> gran canci\u00f3n de aquel d\u00fao de <strong>George Michael<\/strong> y otro t\u00edo que nadie sabe qu\u00e9 hac\u00eda y ni mucho menos qu\u00e9 hizo despu\u00e9s o a qu\u00e9 narices se dedica ahora. Ya les cont\u00e9 el a\u00f1o pasado que aparte de las dos palabras del t\u00edtulo no hay menci\u00f3n alguna a las navidades, y aun as\u00ed no deja de considerarse una especie de <strong>villancico moderno<\/strong>, que al menos al menda le agrada mucho m\u00e1s que alguno de los m\u00e1s tradicionales. As\u00ed como temas de <strong>Phill Collins<\/strong> como \u201c<strong>You can\u00b4t hurry love<\/strong>\u201d o el delicioso \u201c<strong><a title=\"In Dulce Jubilo\" href=\"https:\/\/blogs.hoy.es\/loch-lomond\/2010\/07\/23\/in-dulce-jubilo\/\" target=\"_blank\"><span style=\"color: #000000;\">In dulce Jubilo<\/span><\/a><\/strong>\u201d de <strong><a title=\"Moonlight Shadow\" href=\"https:\/\/blogs.hoy.es\/loch-lomond\/2012\/08\/06\/sombra-luna\/\" target=\"_blank\"><span style=\"color: #000000;\">Mike Olfield<\/span><\/a><\/strong>\u201d.<\/span><\/p>\n<p>&nbsp;<\/p>\n<div id=\"attachment_1311\" style=\"width: 310px\" class=\"wp-caption aligncenter\"><span style=\"color: #000000;\"><a href=\"\/loch-lomond\/wp-content\/uploads\/sites\/10\/2012\/11\/los-goonies.jpg\"><span style=\"color: #000000;\"><img aria-describedby=\"caption-attachment-1311\" loading=\"lazy\" class=\"size-medium wp-image-1311\" title=\"los goonies\" src=\"\/loch-lomond\/wp-content\/uploads\/sites\/10\/2012\/11\/los-goonies.jpg\" alt=\"Que me corten la cabeza si en estas navidades no vuelven a poner pel\u00edculas como Los Goonies, de obligada revisi\u00f3n para todos. Pel\u00edculas que parecen destinadas a emitirse siempre en fechas navide\u00f1as\" width=\"300\" height=\"194\" srcset=\"https:\/\/static-blogs.hoy.es\/wp-content\/uploads\/sites\/10\/2012\/11\/los-goonies.jpg 760w, https:\/\/static-blogs.hoy.es\/wp-content\/uploads\/sites\/10\/2012\/11\/los-goonies-300x195.jpg 300w\" sizes=\"(max-width: 300px) 100vw, 300px\" \/><\/span><\/a><\/span><p id=\"caption-attachment-1311\" class=\"wp-caption-text\">Que me corten la cabeza si en estas navidades no vuelven a poner pel\u00edculas como Los Goonies, de obligada revisi\u00f3n para todos. Pel\u00edculas que parecen destinadas a emitirse siempre en fechas navide\u00f1as<\/p><\/div>\n<p><span style=\"color: #000000; font-size: medium;\">En la tele volveremos a disfrutar de \u201c<strong>clasicazos<\/strong>\u201d de obligada revisi\u00f3n anual de toda la vida como \u201c<strong>Ben Hur<\/strong>\u201d o \u201c<strong>Qu\u00e9 bello es vivir<\/strong>\u201d y cintas de mi adolescencia que siempre emiten en navidades, como \u201c<strong>Los Goonies<\/strong>\u201d, \u201c<strong>Willow<\/strong>\u201d, \u201c<strong>Los Gremlis<\/strong>\u201d y m\u00e1s recientemente \u201c<strong>El se\u00f1or de los anillos<\/strong>\u201d.<\/span><\/p>\n<p>&nbsp;<\/p>\n<p style=\"text-align: left;\"><span style=\"color: #000000; font-size: medium;\">Les confieso, y no es porque sea <strong>Ateo<\/strong>, <strong>gracias a Dios<\/strong>, que dese hace muchos a\u00f1os me arriba a la sesera la idea de que llegar\u00e1 el momento en que desaparezca la Navidad tal y como la entendemos ahora. Quiz\u00e1s cuando los <strong>j\u00f3venes de hoy<\/strong> ya seamos m\u00e1s viejos y nuestros padres y mayores ya no est\u00e9n con nosotros, y sean nuestros <strong>hijos y nietos<\/strong> los que pongan freno a esta <strong>ola de consumismo desenfrenado<\/strong> y una <strong>tradici\u00f3n<\/strong>, que no nos enga\u00f1emos, muy poco tiene ya que ver con el <strong>fervor religioso<\/strong>. Pero como dir\u00eda mi buen <strong>Abrarac\u00farcix el galo<\/strong>, al que le aterra la idea de que el cielo le caiga sobre la cabeza \u201cEso no va a pasar ma\u00f1ana\u201d. Por lo tanto inaugurada queda, y m\u00e1s pronto que nunca. Ya es <strong>Navidad<\/strong>\u2026 en el <strong><a title=\"HOY.ES\" href=\"http:\/\/www.hoy.es\" target=\"_blank\"><span style=\"color: #000000;\">Diario HOY<\/span><\/a><\/strong>. Y en <strong>Don de Loch Lomond<\/strong>, por supuesto.<\/span><\/p>\n<p>&nbsp;<\/p>\n<p>&nbsp;<\/p>\n<p style=\"text-align: center;\"><span style=\"color: #000000;\"><em>Publicado en Diario HOY el 25\/11\/2012<\/em><\/span><\/p>\n<p><a href=\"http:\/\/hoy.kioskoymas.com\/epaper\/showlink.aspx?bookmarkid=5MC2OPULE4M6&#038;preview=magnifier&#038;linkid=68b2d8db-30fe-41de-b405-365b3714dbef&#038;pdaffid=1NEHCXDv4QZRFanP7KJR9A%3d%3d\"><img class=\"aligncenter\" src=\"\/\/cache2-thumb1.pressdisplay.com\/pressdisplay\/docserver\/getimage.aspx?file=22012012112500000000001001&#038;page=30&#038;scale=23\" alt=\"\" \/><\/a><\/p>\n<!-- AddThis Advanced Settings generic via filter on the_content --><!-- AddThis Share Buttons generic via filter on the_content -->","protected":false},"excerpt":{"rendered":"<p>&nbsp; Enrique Falc\u00f3. Sin esp\u00edritu navide\u00f1o \u00a0 \u00a0\u00a0\u00a0\u00a0 Quede constancia p\u00fablica, y que este art\u00edculo as\u00ed lo certifique, que no me prodigo mucho \u00faltimamente por centro comercial alguno. No es que hayan hecho mella en m\u00ed los agoreros de \u201cEl Faro del Guadiana\u201d en Badajoz, al que le vaticinan una desgracia tras otra desde el [&hellip;]<!-- AddThis Advanced Settings generic via filter on get_the_excerpt --><!-- AddThis Share Buttons generic via filter on get_the_excerpt --><\/p>\n","protected":false},"author":14,"featured_media":0,"comment_status":"open","ping_status":"closed","sticky":false,"template":"","format":"standard","meta":[],"categories":[8],"tags":[84,169,285,385,386,437,533,835,894,896,898,1020,1439,1460,1515,1609,1621,1638,1710,1745,1806,1898,1905,2080,2277,2309,2483,2496,2767,2977,3030,3103,3151,3152,3286,3641,3774,3775,3778,3822,3878,3890,4012,4114,4136,4297,4346,4410,4429,4582,4920,5014,5033,5034,5062,5110,5254,5259,5260,5314,5319,5335,5345,5362],"_links":{"self":[{"href":"https:\/\/blogs.hoy.es\/loch-lomond\/wp-json\/wp\/v2\/posts\/1306"}],"collection":[{"href":"https:\/\/blogs.hoy.es\/loch-lomond\/wp-json\/wp\/v2\/posts"}],"about":[{"href":"https:\/\/blogs.hoy.es\/loch-lomond\/wp-json\/wp\/v2\/types\/post"}],"author":[{"embeddable":true,"href":"https:\/\/blogs.hoy.es\/loch-lomond\/wp-json\/wp\/v2\/users\/14"}],"replies":[{"embeddable":true,"href":"https:\/\/blogs.hoy.es\/loch-lomond\/wp-json\/wp\/v2\/comments?post=1306"}],"version-history":[{"count":0,"href":"https:\/\/blogs.hoy.es\/loch-lomond\/wp-json\/wp\/v2\/posts\/1306\/revisions"}],"wp:attachment":[{"href":"https:\/\/blogs.hoy.es\/loch-lomond\/wp-json\/wp\/v2\/media?parent=1306"}],"wp:term":[{"taxonomy":"category","embeddable":true,"href":"https:\/\/blogs.hoy.es\/loch-lomond\/wp-json\/wp\/v2\/categories?post=1306"},{"taxonomy":"post_tag","embeddable":true,"href":"https:\/\/blogs.hoy.es\/loch-lomond\/wp-json\/wp\/v2\/tags?post=1306"}],"curies":[{"name":"wp","href":"https:\/\/api.w.org\/{rel}","templated":true}]}}