{"id":1319,"date":"2012-11-28T15:14:55","date_gmt":"2012-11-28T14:14:55","guid":{"rendered":"http:\/\/blogs.hoy.es\/loch-lomond\/?p=1319"},"modified":"2012-11-28T15:14:55","modified_gmt":"2012-11-28T14:14:55","slug":"reciclaje-sin-contenedor-verde","status":"publish","type":"post","link":"https:\/\/blogs.hoy.es\/loch-lomond\/2012\/11\/28\/reciclaje-sin-contenedor-verde\/","title":{"rendered":"Reciclaje sin contenedor verde"},"content":{"rendered":"<p>&nbsp;<\/p>\n<div id=\"attachment_1321\" style=\"width: 480px\" class=\"wp-caption aligncenter\"><a href=\"\/loch-lomond\/wp-content\/uploads\/sites\/10\/2012\/11\/O-reciclas-o-colleja.jpg\"><img aria-describedby=\"caption-attachment-1321\" loading=\"lazy\" class=\"size-full wp-image-1321\" title=\"O reciclas o colleja\" src=\"\/loch-lomond\/wp-content\/uploads\/sites\/10\/2012\/11\/O-reciclas-o-colleja.jpg\" alt=\"\u00a1No quiero ni imaginarme la tunda que me meter\u00eda Mariv\u00ed Bilbao! S\u00e9 que suena a excusa pero... \u00bfD\u00f3nde reciclamos? \" width=\"470\" height=\"264\" srcset=\"https:\/\/static-blogs.hoy.es\/wp-content\/uploads\/sites\/10\/2012\/11\/O-reciclas-o-colleja.jpg 470w, https:\/\/static-blogs.hoy.es\/wp-content\/uploads\/sites\/10\/2012\/11\/O-reciclas-o-colleja-300x169.jpg 300w\" sizes=\"(max-width: 470px) 100vw, 470px\" \/><\/a><p id=\"caption-attachment-1321\" class=\"wp-caption-text\">\u00a1No quiero ni imaginarme la tunda que me meter\u00eda Mariv\u00ed Bilbao! S\u00e9 que suena a excusa pero... \u00bfD\u00f3nde reciclamos?<\/p><\/div>\n<p align=\"JUSTIFY\"><span style=\"color: #000000; font-size: medium;\">&#8220;<strong>O reciclas o colleja<\/strong>&#8221; nos anuncia <strong>Mariv\u00ed Bilbao<\/strong>, la sempiterna vecina chunga de la exitosa &#8220;<strong><a title=\"La que se avecina\" href=\"https:\/\/blogs.hoy.es\/loch-lomond\/2011\/08\/23\/la-que-se-avecina\/\" target=\"_blank\">La que se Avecina<\/a><\/strong>&#8221; en un divertido anuncio de Ecovidrio para la televisi\u00f3n, en pos de concienciarnos en el siempre importante asunto del reciclaje.<\/span><\/p>\n<p align=\"JUSTIFY\"><span style=\"color: #000000; font-size: medium;\">&#8220;<strong>Las excusas a la basura. El vidrio al contenedor verde<\/strong>&#8221; reza el ingenioso eslogan. No es la primera vez que les hablo de asuntos relacionados con la <strong><a title=\"Se\u00f1ora Basura\" href=\"https:\/\/blogs.hoy.es\/loch-lomond\/2010\/12\/16\/senora-basura\/\" target=\"_blank\">basura<\/a><\/strong> o con el estado de limpieza de nuestra ciudad. Pero uno se pregunta c\u00f3mo es posible ayudar con el reciclaje en nuevos\u00a0<strong>barrios<\/strong> como <strong><a title=\"Cuart\u00f3n Cortijo Badajoz\" href=\"https:\/\/blogs.hoy.es\/loch-lomond\/2012\/08\/22\/segunda-promocion-cuarton-cortijo-badajoz\/\" target=\"_blank\">Cuart\u00f3n Cortijo<\/a><\/strong> en donde no hay m\u00e1s que <strong>contenedores normales<\/strong>.<\/span><\/p>\n<p align=\"JUSTIFY\"><span style=\"color: #000000; font-size: medium;\">Es un poco in\u00fatil <strong>separar el vidrio del pl\u00e1stico<\/strong> y \u00e9stos de los restos org\u00e1nicos cuando todo se encamina hacia el mismo <strong>contenedor<\/strong>. No estar\u00eda de m\u00e1s que nuestro <strong><a title=\"Web del Ayuntamiento de Badajoz\" href=\"http:\/\/www.aytobadajoz.es\/es\/ayto\/portada\" target=\"_blank\">Ayuntamiento<\/a><\/strong> nos informara a los <strong>ciudadanos<\/strong> no s\u00f3lo de donde podemos encontrar esos <strong>puntos de reciclaje<\/strong>, sino de c\u00f3mo solicitar que los coloquen lo m\u00e1s cerca posible de nuestros barrios.<\/span><\/p>\n<div id=\"attachment_1322\" style=\"width: 160px\" class=\"wp-caption alignleft\"><a href=\"\/loch-lomond\/wp-content\/uploads\/sites\/10\/2012\/11\/Basura-Cuart\u00f3n-Cortijo.jpg\"><img aria-describedby=\"caption-attachment-1322\" loading=\"lazy\" class=\"size-thumbnail wp-image-1322\" title=\"Basura Cuart\u00f3n Cortijo\" src=\"\/loch-lomond\/wp-content\/uploads\/sites\/10\/2012\/11\/Basura-Cuart\u00f3n-Cortijo.jpg\" alt=\"FOTO: Enrique Falc\u00f3. Este es el  cubo de basura de debajo de mi casa \u00bfD\u00f3nde reciclo? \u00bfC\u00f3mo lo hago?\" width=\"150\" height=\"150\" \/><\/a><p id=\"caption-attachment-1322\" class=\"wp-caption-text\">FOTO: Enrique Falc\u00f3. Este es el cubo de basura de debajo de mi casa \u00bfD\u00f3nde reciclo? \u00bfC\u00f3mo lo hago?<\/p><\/div>\n<p align=\"JUSTIFY\"><span style=\"color: #000000; font-size: medium;\"><strong>Los ciudadanos de Badajoz<\/strong> tenemos que concienciarnos m\u00e1s que nunca con todo lo referente a la limpieza y al reciclado, pues no nos enga\u00f1emos, aunque <strong><a title=\"Badajoz gana La Escoba de Plata\" href=\"http:\/\/www.hoy.es\/20120614\/local\/badajoz\/badajoz-gana-escoba-plata-201206142024.html\" target=\"_blank\">hayamos ganado La Escoba de Plata<\/a><\/strong> nuestra ciudad sigue siendo de <a title=\"Badajoz Sucia\" href=\"https:\/\/blogs.hoy.es\/loch-lomond\/2010\/10\/06\/badajoz-sucia\/\" target=\"_blank\">las m\u00e1s <strong>sucias<\/strong><\/a>, y con ellas sus ciudadanos.<\/span><\/p>\n<div id=\"attachment_1323\" style=\"width: 160px\" class=\"wp-caption alignright\"><a href=\"\/loch-lomond\/wp-content\/uploads\/sites\/10\/2012\/11\/Cuart\u00f3n-Cortijo.jpg\"><img aria-describedby=\"caption-attachment-1323\" loading=\"lazy\" class=\"size-thumbnail wp-image-1323\" title=\"Cuart\u00f3n Cortijo\" src=\"\/loch-lomond\/wp-content\/uploads\/sites\/10\/2012\/11\/Cuart\u00f3n-Cortijo.jpg\" alt=\"FOTO: Enrique Falc\u00f3. Cuart\u00f3n Cortijo. Un bello lugar donde vivir... un lugar imposible donde reciclar\" width=\"150\" height=\"150\" \/><\/a><p id=\"caption-attachment-1323\" class=\"wp-caption-text\">FOTO: Enrique Falc\u00f3. Cuart\u00f3n Cortijo. Un bello lugar donde vivir... un lugar imposible donde reciclar<\/p><\/div>\n<p align=\"JUSTIFY\"><span style=\"color: #000000; font-size: medium;\">Adem\u00e1s de ser poco o nada <strong>solidarios con el reciclaje<\/strong> no disponemos de los <strong>medios suficientes<\/strong> para que se nos caiga la cara de verg\u00fcenza por nuestra <a title=\"Tengo una vaca lechera\" href=\"https:\/\/blogs.hoy.es\/loch-lomond\/2010\/06\/11\/tengo-vaca-lechera\/\" target=\"_blank\">falta de civismo<\/a>. Concienci\u00e9monos, pero al menos, que desde <strong>las Instituciones p\u00fablicas<\/strong>, nos lo pongan un poquito m\u00e1s f\u00e1cil.<\/span><\/p>\n<!-- AddThis Advanced Settings generic via filter on the_content --><!-- AddThis Share Buttons generic via filter on the_content -->","protected":false},"excerpt":{"rendered":"<p>&nbsp; &#8220;O reciclas o colleja&#8221; nos anuncia Mariv\u00ed Bilbao, la sempiterna vecina chunga de la exitosa &#8220;La que se Avecina&#8221; en un divertido anuncio de Ecovidrio para la televisi\u00f3n, en pos de concienciarnos en el siempre importante asunto del reciclaje. &#8220;Las excusas a la basura. El vidrio al contenedor verde&#8221; reza el ingenioso eslogan. No [&hellip;]<!-- AddThis Advanced Settings generic via filter on get_the_excerpt --><!-- AddThis Share Buttons generic via filter on get_the_excerpt --><\/p>\n","protected":false},"author":14,"featured_media":0,"comment_status":"open","ping_status":"closed","sticky":false,"template":"","format":"standard","meta":[],"categories":[2],"tags":[424,437,441,1010,1012,1163,1164,1260,1261,1515,1563,1806,1857,2601,2602,2966,3103,3352,3741,3749,4292,4374,4375],"_links":{"self":[{"href":"https:\/\/blogs.hoy.es\/loch-lomond\/wp-json\/wp\/v2\/posts\/1319"}],"collection":[{"href":"https:\/\/blogs.hoy.es\/loch-lomond\/wp-json\/wp\/v2\/posts"}],"about":[{"href":"https:\/\/blogs.hoy.es\/loch-lomond\/wp-json\/wp\/v2\/types\/post"}],"author":[{"embeddable":true,"href":"https:\/\/blogs.hoy.es\/loch-lomond\/wp-json\/wp\/v2\/users\/14"}],"replies":[{"embeddable":true,"href":"https:\/\/blogs.hoy.es\/loch-lomond\/wp-json\/wp\/v2\/comments?post=1319"}],"version-history":[{"count":0,"href":"https:\/\/blogs.hoy.es\/loch-lomond\/wp-json\/wp\/v2\/posts\/1319\/revisions"}],"wp:attachment":[{"href":"https:\/\/blogs.hoy.es\/loch-lomond\/wp-json\/wp\/v2\/media?parent=1319"}],"wp:term":[{"taxonomy":"category","embeddable":true,"href":"https:\/\/blogs.hoy.es\/loch-lomond\/wp-json\/wp\/v2\/categories?post=1319"},{"taxonomy":"post_tag","embeddable":true,"href":"https:\/\/blogs.hoy.es\/loch-lomond\/wp-json\/wp\/v2\/tags?post=1319"}],"curies":[{"name":"wp","href":"https:\/\/api.w.org\/{rel}","templated":true}]}}