{"id":1332,"date":"2012-12-02T18:38:48","date_gmt":"2012-12-02T17:38:48","guid":{"rendered":"http:\/\/blogs.hoy.es\/loch-lomond\/?p=1332"},"modified":"2012-12-02T18:38:48","modified_gmt":"2012-12-02T17:38:48","slug":"el-felpudo-maldito","status":"publish","type":"post","link":"https:\/\/blogs.hoy.es\/loch-lomond\/2012\/12\/02\/el-felpudo-maldito\/","title":{"rendered":"El felpudo maldito"},"content":{"rendered":"<p>&nbsp;<\/p>\n<p style=\"text-align: center;\"><span style=\"color: #000000; font-size: medium;\"><strong>Enrique Falc\u00f3<\/strong>. Asombrado observador<\/span><\/p>\n<div id=\"attachment_1333\" style=\"width: 299px\" class=\"wp-caption aligncenter\"><a href=\"\/loch-lomond\/wp-content\/uploads\/sites\/10\/2012\/12\/Felpudo-IKEA.png\"><img aria-describedby=\"caption-attachment-1333\" loading=\"lazy\" class=\"size-full wp-image-1333\" title=\"Felpudo IKEA\" src=\"\/loch-lomond\/wp-content\/uploads\/sites\/10\/2012\/12\/Felpudo-IKEA.png\" alt=\"Donde quiera que est\u00e9... mi felpudo es m\u00edo. El felpudo maldito para quien me lo rob\u00f3.\" width=\"289\" height=\"175\" \/><\/a><p id=\"caption-attachment-1333\" class=\"wp-caption-text\">Donde quiera que est\u00e9... mi felpudo es m\u00edo. El felpudo maldito para quien me lo rob\u00f3.<\/p><\/div>\n<p align=\"center\"><span style=\"color: #000000; font-size: medium;\"><strong><span style=\"text-decoration: underline;\">\u00a0<\/span><\/strong><\/span><\/p>\n<p><span style=\"color: #000000; font-size: medium;\">\u00a0\u00a0\u00a0\u00a0 El menda es consciente (lo sufre en sus amplias hechuras) del <strong>delicado momento econ\u00f3mico<\/strong> en que nos encontramos, pero muy especialmente del <strong>grado de cutrez<\/strong> de la \u201cp\u00edpol\u201d. No hay m\u00e1s que confiar en el raciocinio de la pe\u00f1a y en su <strong>sentido com\u00fan<\/strong>, (el menos com\u00fan de los sentidos) para que <strong>la realidad<\/strong> una vez m\u00e1s se intercale con la m\u00e1s <strong>friki<\/strong> de las ficciones y nos golpee en la cara con toda contundencia.<\/span><\/p>\n<p>&nbsp;<\/p>\n<p><span style=\"color: #000000; font-size: medium;\">\u00a0D\u00e9jenme que les haga part\u00edcipe de una <strong>historia espeluznante<\/strong>, tan real como la vida misma, digna de pertenecer a la filmograf\u00eda de <strong>Pedro Almod\u00f3var<\/strong> e incluso a las terror\u00edficas pel\u00edculas del maestro del suspense <strong>Alfred Hitchcock<\/strong>. Al igual que mi querido \u201c<strong><a title=\"delincuentes\" href=\"https:\/\/blogs.hoy.es\/loch-lomond\/2012\/09\/17\/delincuentes\/\" target=\"_blank\">Manolito Gafotas<\/a><\/strong>\u201d comenzar\u00e9 esta historia por <strong>el principio de los tiempos<\/strong>.<\/span><\/p>\n<p>&nbsp;<\/p>\n<p><span style=\"color: #000000; font-size: medium;\">Cuando <strong>mi novia<\/strong> y yo <strong>nos emancipamos<\/strong>, o mejor dicho, le echamos reda\u00f1os al asunto y nos atrevimos a tan suicida aventura, a\u00f1o 2007, a <strong><a title=\"Mi hermano peque\u00f1o\" href=\"https:\/\/blogs.hoy.es\/loch-lomond\/2010\/09\/04\/mi-hermano-pequeno\/\" target=\"_blank\">mi hermanito Gonzalo<\/a><\/strong>\u00a0le hizo gracia regalarnos uno de aquellos <strong>felpudos<\/strong> que acababan de salir a la venta del <strong><a title=\"\u00a1Que no lo pongan!\" href=\"https:\/\/blogs.hoy.es\/loch-lomond\/2010\/12\/09\/que-lo-pongan\/\" target=\"_blank\">Ikea<\/a><\/strong>, ya saben, los de &#8220;<strong>Bienvenido a la Rep\u00fablica Independiente de mi casa<\/strong>&#8220;. Era realmente cuco, muy mono, y le hac\u00eda honor a nuestro primer mini apartamento, en donde pr\u00e1cticamente todo era del famoso monstruo sueco del hogar. Y as\u00ed, aquel simp\u00e1tico <strong>felpudo<\/strong> nos acompa\u00f1\u00f3 y dio la <strong>bienvenida<\/strong>, a nosotros, a nuestros familiares y amigos, en aquella <strong>casa<\/strong> y en las sucesivas hasta que lleg\u00f3 la definitiva.<\/span><\/p>\n<p>&nbsp;<\/p>\n<div id=\"attachment_1335\" style=\"width: 226px\" class=\"wp-caption alignleft\"><a href=\"\/loch-lomond\/wp-content\/uploads\/sites\/10\/2012\/12\/felpudomalditogazonmaud.jpg\"><img aria-describedby=\"caption-attachment-1335\" loading=\"lazy\" class=\"size-medium wp-image-1335\" title=\"felpudomalditogazonmaud\" src=\"\/loch-lomond\/wp-content\/uploads\/sites\/10\/2012\/12\/felpudomalditogazonmaud.jpg\" alt=\"Felpudo maldito es el t\u00edtulo de una divertid\u00edsima comedia rom\u00e1ntica protagonizada por Victoria Abril que les recomiendo visionar.\" width=\"216\" height=\"300\" srcset=\"https:\/\/static-blogs.hoy.es\/wp-content\/uploads\/sites\/10\/2012\/12\/felpudomalditogazonmaud.jpg 675w, https:\/\/static-blogs.hoy.es\/wp-content\/uploads\/sites\/10\/2012\/12\/felpudomalditogazonmaud-216x300.jpg 216w\" sizes=\"(max-width: 216px) 100vw, 216px\" \/><\/a><p id=\"caption-attachment-1335\" class=\"wp-caption-text\">Felpudo maldito es el t\u00edtulo de una divertid\u00edsima comedia rom\u00e1ntica protagonizada por Victoria Abril que les recomiendo visionar.<\/p><\/div>\n<p><span style=\"color: #000000; font-size: medium;\"><strong>\u00a0\u00a0\u00a0\u00a0 Dos a\u00f1os luciendo en la puerta de nuestro nuevo hogar<\/strong>, ya saben, <strong><a title=\"Perd\u00f3n... un poco m\u00e1s hacia el Oeste\" href=\"https:\/\/blogs.hoy.es\/loch-lomond\/2012\/09\/13\/perdon-un-poco-mas-hacia-el-oeste\/\" target=\"_blank\">siempre al oeste<\/a><\/strong>, y sin embargo <strong>el jueves por la ma\u00f1ana<\/strong> mi novia lo ech\u00f3 de menos antes de irse a trabajar: &#8220;<strong>Nos han robado el felpudo<\/strong>&#8221; me anunci\u00f3 alucinada. Yo no me lo pod\u00eda creer. <strong>Un felpudo que iba para 6 a\u00f1os<\/strong> y hab\u00eda pasado <strong>3 mudanzas<\/strong>. \u00a1Que asco por Dios! Hasta a mi me daba algo de reparo posar mis manos sobre \u00e9l para colocarlo de nuevo cada vez que me lo encontraba enrollado en la puerta, se\u00f1al inequ\u00edvoca de que hab\u00eda pasado por all\u00ed el servicio de limpieza de <a title=\"El blues de lo que pasa en mi escalera\" href=\"https:\/\/blogs.hoy.es\/loch-lomond\/2011\/12\/04\/el-blues-de-lo-que-pasa-en-mi-escalera\/\" target=\"_blank\">nuestra comunidad<\/a>. <\/span><\/p>\n<p>&nbsp;<\/p>\n<p><span style=\"color: #000000; font-size: medium;\">Recuerdo que cada vez que nos dispon\u00edamos a pasar unos d\u00edas fuera de casa, mi novia lo guardaba en la terraza para que no nos lo robaran. Les confieso que yo me re\u00eda abiertamente: \u201c\u00bfPero quien va a querer un felpudo que no es suyo?\u201d Le inquir\u00eda con guasa \u201c\u00bfC\u00f3mo va a llevarse alguien nuestra propia <strong>mierda<\/strong> a su casa?\u201d.<\/span><\/p>\n<p>&nbsp;<\/p>\n<p><span style=\"color: #000000; font-size: medium;\">Debido a lo esperp\u00e9ntico de la situaci\u00f3n se me pas\u00f3 por la cabeza que igual <strong>Antonio Recio<\/strong>, el famoso pescadero de la desternillante &#8220;<strong><a title=\"La que se avecina\" href=\"https:\/\/blogs.hoy.es\/loch-lomond\/2011\/08\/23\/la-que-se-avecina\/\" target=\"_blank\">La que se avecina<\/a><\/strong>&#8220;, ya saben, mayorista, no limpio pescado, se hab\u00eda mudado a <strong>la comunidad<\/strong> y me hab\u00eda <strong>confiscado el felpudo<\/strong>. Las risas imaginarias tornaron a preocupaci\u00f3n, no fuera a ser que tambi\u00e9n se hubiera sumado a la comunidad <strong>Amador Rivas<\/strong>, \u201c<strong>el capit\u00e1n Salami<\/strong>\u201d, en pos de echarle un \u201c<strong>pinchito<\/strong>\u201d a mi novia, o peor aun, <strong>Sergio Arias<\/strong>, el famoso \u201c<strong>Doctor Ventura<\/strong>\u201d, m\u00e1s conocido como\u00a0 \u201c<strong>el copulador del \u00e1tico<\/strong>\u201d.<\/span><\/p>\n<p>&nbsp;<\/p>\n<p>&nbsp;<\/p>\n<p><span style=\"color: #000000; font-size: medium;\">Quien suscribe no pod\u00eda creerlo, por lo cutre del asunto. Que te roben <strong>dinero<\/strong> o <strong>algo de valor<\/strong> puede llegar a ser incluso entendible, ahora bien, <strong>que te roben un felpudo es para preocuparse<\/strong> ante el panorama.<strong> La gente es cutre hasta para robar<\/strong>.<\/span><\/p>\n<p>&nbsp;<\/p>\n<div id=\"attachment_1336\" style=\"width: 310px\" class=\"wp-caption alignright\"><a href=\"\/loch-lomond\/wp-content\/uploads\/sites\/10\/2012\/12\/Capit\u00e1n-Salami.jpg\"><img aria-describedby=\"caption-attachment-1336\" loading=\"lazy\" class=\"size-medium wp-image-1336\" title=\"Capit\u00e1n Salami\" src=\"\/loch-lomond\/wp-content\/uploads\/sites\/10\/2012\/12\/Capit\u00e1n-Salami.jpg\" alt=\"Amador Rivas, el capit\u00e1n Salami, dispuesto a echar pinchitos a diestra y siniestra... \u00a1merengue merengue!\" width=\"300\" height=\"300\" srcset=\"https:\/\/static-blogs.hoy.es\/wp-content\/uploads\/sites\/10\/2012\/12\/Capit\u00e1n-Salami.jpg 320w, https:\/\/static-blogs.hoy.es\/wp-content\/uploads\/sites\/10\/2012\/12\/Capit\u00e1n-Salami-150x150.jpg 150w, https:\/\/static-blogs.hoy.es\/wp-content\/uploads\/sites\/10\/2012\/12\/Capit\u00e1n-Salami-300x300.jpg 300w\" sizes=\"(max-width: 300px) 100vw, 300px\" \/><\/a><p id=\"caption-attachment-1336\" class=\"wp-caption-text\">Amador Rivas, el capit\u00e1n Salami, dispuesto a echar pinchitos a diestra y siniestra... \u00a1merengue merengue!<\/p><\/div>\n<p><span style=\"color: #000000; font-size: medium;\">Pero bromas aparte, <strong>la chusma tiene las manos muy largas<\/strong> y la <strong>verg\u00fcenza muy corta<\/strong>. En este pa\u00eds somos especialmente amigos de lo ajeno, y gustamos mucho de <strong>devolver con la misma moneda<\/strong>. Es decir, si a mi me roban algo yo se lo robo a otro y que se joda. <strong>Maric\u00f3n el \u00faltimo<\/strong>.<\/span><\/p>\n<p>&nbsp;<\/p>\n<p><span style=\"color: #000000; font-size: medium;\">Pues que quieren que les diga, <strong>mis queridos y desocupados lectores<\/strong>, que no pierdan de vista su felpudo. Hasta ese extremo hemos llegado. Por las <strong>redes sociales<\/strong> me enviaron mensajes de solidaridad cont\u00e1ndome los <strong>hurtos<\/strong> sufridos por mis amigos virtuales, cada cual m\u00e1s cutre y espeluznante (cubos de basura, escobas, macetas y plantas, limpiaparabrisas del coche, ropa interior del tendedero\u2026). <\/span><\/p>\n<p>&nbsp;<\/p>\n<p><span style=\"color: #000000; font-size: medium;\">Pero les aseguro que aunque <strong>no pondr\u00e9 la otra mejilla<\/strong> no ser\u00e1 el menda quien pague con la misma moneda. Ya lo dec\u00eda <strong>Ghandi<\/strong> \u201c<strong>Ojo por ojo<\/strong> y el mundo se quedar\u00e1 ciego\u2026 y sin felpudos\u201d. <strong>Mis vecinos<\/strong> pueden dormir tranquilos. Me habr\u00e1n arrebatado el felpudo, pero jam\u00e1s podr\u00e1n quitarme la libertad\u2026 la libertad de <strong>ciscarme en sus muelas<\/strong> por chorizos.<\/span><\/p>\n<p>&nbsp;<\/p>\n<p><span style=\"color: #000000; font-size: medium;\">Cada d\u00eda, al tornar del curro, el umbral de mi puerta se ofrece m\u00e1s desamparado que de costumbre, y no s\u00e9 por qu\u00e9 pero se me antojo menos acogedor. Ya s\u00e9 que es solo <strong>un felpudo asqueroso<\/strong>, pero \u00bfpor qu\u00e9 me lo tiene que <strong>robar<\/strong> si es m\u00edo? Ahora comprendo a <strong>Manolo Escobar<\/strong>.<\/span><\/p>\n<p>&nbsp;<\/p>\n<div id=\"attachment_1337\" style=\"width: 510px\" class=\"wp-caption aligncenter\"><a href=\"\/loch-lomond\/wp-content\/uploads\/sites\/10\/2012\/12\/Te-confisco-el-felpudo.jpg\"><img aria-describedby=\"caption-attachment-1337\" loading=\"lazy\" class=\"size-full wp-image-1337\" title=\"Te confisco el felpudo\" src=\"\/loch-lomond\/wp-content\/uploads\/sites\/10\/2012\/12\/Te-confisco-el-felpudo.jpg\" alt=\"\u00bfQui\u00e9n habr\u00e1 sido el Recio de pacotilla que me ha robado el felpudo?\" width=\"500\" height=\"366\" srcset=\"https:\/\/static-blogs.hoy.es\/wp-content\/uploads\/sites\/10\/2012\/12\/Te-confisco-el-felpudo.jpg 500w, https:\/\/static-blogs.hoy.es\/wp-content\/uploads\/sites\/10\/2012\/12\/Te-confisco-el-felpudo-300x220.jpg 300w\" sizes=\"(max-width: 500px) 100vw, 500px\" \/><\/a><p id=\"caption-attachment-1337\" class=\"wp-caption-text\">\u00bfQui\u00e9n habr\u00e1 sido el Recio de pacotilla que me ha robado el felpudo?<\/p><\/div>\n<p><span style=\"color: #000000; font-size: medium;\">Ahora es a ti a quien hablo. S\u00ed, a ti, <strong>mangante de pacotilla<\/strong>, que seguro que encima te est\u00e1s partiendo de la risa. Aparte de toda la mierda de nuestras suelas y la de nuestros amigos y familiares, te has llevado lo peor de nosotros. Algo que ni siquiera queremos dentro de nuestro propio hogar. \u00bfPor qu\u00e9 te crees que lo colocamos en la puerta imb\u00e9cil?<\/span><\/p>\n<p>&nbsp;<\/p>\n<div id=\"attachment_1338\" style=\"width: 120px\" class=\"wp-caption alignleft\"><a href=\"\/loch-lomond\/wp-content\/uploads\/sites\/10\/2012\/12\/ezab.jpg\"><img aria-describedby=\"caption-attachment-1338\" loading=\"lazy\" class=\"size-full wp-image-1338\" title=\"ezab\" src=\"\/loch-lomond\/wp-content\/uploads\/sites\/10\/2012\/12\/ezab.jpg\" alt=\"Si el felpudo hubiera sido  del Emir Mohammed Ben Kalish seguro que habr\u00eda hecho empalar al culpable.\" width=\"110\" height=\"173\" \/><\/a><p id=\"caption-attachment-1338\" class=\"wp-caption-text\">Si el felpudo hubiera sido del Emir Mohammed Ben Kalish seguro que habr\u00eda hecho empalar al culpable.<\/p><\/div>\n<p><span style=\"color: #000000; font-size: medium;\">El <strong>Emir Mohammed Ben Kalish<\/strong>, amigo de mi querido <strong><a title=\"Tint\u00edn es inocente\" href=\"https:\/\/blogs.hoy.es\/loch-lomond\/2011\/10\/02\/tintin-es-inocente\/\" target=\"_blank\">Tint\u00edn<\/a><\/strong>, insiste en que <strong>los bienes ajenos no aprovechan jam\u00e1s<\/strong>, algo con lo que <strong>Mil\u00fa<\/strong> no puede estar m\u00e1s de acuerdo. Todo eso va a volverse contra ti y acabar\u00e1 contigo. No te has llevado un simple felpudo. Te has llevado tambi\u00e9n nuestro deprecio y con \u00e9l la peor de todas las maldiciones. Recu\u00e9rdalo cada vez que lo mires en la puerta de tu casa y \u00e9l est\u00e9 ah\u00ed, ri\u00e9ndose de tus desgracias. Ya no es el felpudo de los Falc\u00f3. Lo has convertido en <strong>el felpudo maldito<\/strong>. Tus <strong>desgracias<\/strong> no han hecho m\u00e1s que empezar.<\/span><\/p>\n<p style=\"text-align: center;\"><em><span style=\"color: #000000; font-size: medium;\">Publicado en <a title=\"Web del Diario HOY\" href=\"http:\/\/www.hoy.es\/\" target=\"_blank\"><strong>Diario HOY<\/strong> <\/a>el 02\/12\/2012<\/span><\/em><\/p>\n<p style=\"text-align: center;\"><em><span style=\"color: #000000; font-size: medium;\"><a href=\"http:\/\/hoy.kioskoymas.com\/epaper\/showlink.aspx?bookmarkid=CFVPZMF2ZUY1&#038;preview=magnifier&#038;linkid=00509f15-6ce5-4c27-b33b-8716fda87a91&#038;pdaffid=1NEHCXDv4QZRFanP7KJR9A%3d%3d\"><img src=\"\/\/cache2-thumb1.pressdisplay.com\/pressdisplay\/docserver\/getimage.aspx?file=22012012120200000000001001&#038;page=34&#038;scale=23\" alt=\"\" \/><\/a><\/span><\/em><\/p>\n<!-- AddThis Advanced Settings generic via filter on the_content --><!-- AddThis Share Buttons generic via filter on the_content -->","protected":false},"excerpt":{"rendered":"<p>&nbsp; Enrique Falc\u00f3. Asombrado observador \u00a0 \u00a0\u00a0\u00a0\u00a0 El menda es consciente (lo sufre en sus amplias hechuras) del delicado momento econ\u00f3mico en que nos encontramos, pero muy especialmente del grado de cutrez de la \u201cp\u00edpol\u201d. No hay m\u00e1s que confiar en el raciocinio de la pe\u00f1a y en su sentido com\u00fan, (el menos com\u00fan de [&hellip;]<!-- AddThis Advanced Settings generic via filter on get_the_excerpt --><!-- AddThis Share Buttons generic via filter on get_the_excerpt --><\/p>\n","protected":false},"author":14,"featured_media":0,"comment_status":"open","ping_status":"closed","sticky":false,"template":"","format":"standard","meta":[],"categories":[8],"tags":[200,223,305,306,374,554,556,784,848,964,1119,1300,1301,1393,1432,1439,1501,1515,1620,1640,1762,1806,2049,2050,2187,2281,2303,2448,2535,2544,2862,2908,2940,3103,3130,3281,3286,3289,3292,3293,3340,3459,3499,3691,3773,3954,4053,4492,4662,4986,5180,5209],"_links":{"self":[{"href":"https:\/\/blogs.hoy.es\/loch-lomond\/wp-json\/wp\/v2\/posts\/1332"}],"collection":[{"href":"https:\/\/blogs.hoy.es\/loch-lomond\/wp-json\/wp\/v2\/posts"}],"about":[{"href":"https:\/\/blogs.hoy.es\/loch-lomond\/wp-json\/wp\/v2\/types\/post"}],"author":[{"embeddable":true,"href":"https:\/\/blogs.hoy.es\/loch-lomond\/wp-json\/wp\/v2\/users\/14"}],"replies":[{"embeddable":true,"href":"https:\/\/blogs.hoy.es\/loch-lomond\/wp-json\/wp\/v2\/comments?post=1332"}],"version-history":[{"count":0,"href":"https:\/\/blogs.hoy.es\/loch-lomond\/wp-json\/wp\/v2\/posts\/1332\/revisions"}],"wp:attachment":[{"href":"https:\/\/blogs.hoy.es\/loch-lomond\/wp-json\/wp\/v2\/media?parent=1332"}],"wp:term":[{"taxonomy":"category","embeddable":true,"href":"https:\/\/blogs.hoy.es\/loch-lomond\/wp-json\/wp\/v2\/categories?post=1332"},{"taxonomy":"post_tag","embeddable":true,"href":"https:\/\/blogs.hoy.es\/loch-lomond\/wp-json\/wp\/v2\/tags?post=1332"}],"curies":[{"name":"wp","href":"https:\/\/api.w.org\/{rel}","templated":true}]}}