{"id":1343,"date":"2012-12-05T02:52:58","date_gmt":"2012-12-05T01:52:58","guid":{"rendered":"http:\/\/blogs.hoy.es\/loch-lomond\/?p=1343"},"modified":"2012-12-05T02:52:58","modified_gmt":"2012-12-05T01:52:58","slug":"sardileon-el-gallifante-pacense","status":"publish","type":"post","link":"https:\/\/blogs.hoy.es\/loch-lomond\/2012\/12\/05\/sardileon-el-gallifante-pacense\/","title":{"rendered":"Sardile\u00f3n; el &#8220;Gallifante&#8221; pacense"},"content":{"rendered":"<div id=\"attachment_1344\" style=\"width: 600px\" class=\"wp-caption aligncenter\"><a href=\"\/loch-lomond\/wp-content\/uploads\/sites\/10\/2012\/12\/Sardile\u00f3n-el-gallifante-pacense.jpg\"><img aria-describedby=\"caption-attachment-1344\" loading=\"lazy\" class=\"size-full wp-image-1344\" title=\"Sardile\u00f3n, el gallifante pacense\" src=\"\/loch-lomond\/wp-content\/uploads\/sites\/10\/2012\/12\/Sardile\u00f3n-el-gallifante-pacense.jpg\" alt=\"Sardile\u00f3n: Un le\u00f3n disfrazado de sardina con antifaz y matasuegras. Esta es la imagen que promocionar\u00e1 los Carnavales de Badajoz 2013.\" width=\"590\" height=\"822\" srcset=\"https:\/\/static-blogs.hoy.es\/wp-content\/uploads\/sites\/10\/2012\/12\/Sardile\u00f3n-el-gallifante-pacense.jpg 590w, https:\/\/static-blogs.hoy.es\/wp-content\/uploads\/sites\/10\/2012\/12\/Sardile\u00f3n-el-gallifante-pacense-215x300.jpg 215w\" sizes=\"(max-width: 590px) 100vw, 590px\" \/><\/a><p id=\"caption-attachment-1344\" class=\"wp-caption-text\">SARDILE\u00d3N: Un le\u00f3n disfrazado de sardina con antifaz y matasuegras. Esta es la imagen que promocionar\u00e1 los CARNAVALES DE BADAJOZ 2013<\/p><\/div>\n<p>&nbsp;<\/p>\n<p align=\"JUSTIFY\"><span style=\"color: #000000; font-size: medium;\">No hay vuelta de hoja. La <strong>obra ganadora del concurso del cartel anunciador del carnaval de Badajoz 2013<\/strong> no ha dejado a ning\u00fan <strong>pacense<\/strong> indiferente. El trabajo de <strong>Juan Diego Ingelmo Benavente<\/strong> ha sido recibido con cierto <strong>revuelo<\/strong> y una mezcla de <strong>estupor,<\/strong> cierta <strong>incredulidad<\/strong> y como de costumbre, con <strong>generosa dosis de cachondeo<\/strong>.<\/span><\/p>\n<p align=\"JUSTIFY\"><span style=\"color: #000000; font-size: medium;\">No voy a enga\u00f1arles y menos a estas alturas. Cuando <strong>en la jornada del lunes<\/strong> el cartel comenz\u00f3 a circular por <strong>Twitter<\/strong>, la <strong>primera impresi\u00f3n<\/strong> no pudo ser m\u00e1s <strong>negativa<\/strong>. Me pareci\u00f3 <strong>horroroso<\/strong> y les juro por <strong>el Cetro de Otokkar<\/strong> que llegu\u00e9 a pensar que era una <strong>broma<\/strong> de esas tan absurdas que rulan por las <strong>redes sociales<\/strong>.<\/span><\/p>\n<p align=\"JUSTIFY\"><span style=\"color: #000000; font-size: medium;\">Nunca me prodigu\u00e9 en la asignatura de <strong>Historia del Arte<\/strong> cuando cursaba <strong>COU<\/strong> en <a title=\"regreso al Zurbar\u00e1n\" href=\"https:\/\/blogs.hoy.es\/loch-lomond\/2012\/10\/24\/regreso-al-zurbaran\/\" target=\"_blank\">mi viejo <strong>Zurbar\u00e1n<\/strong><\/a>, (y si no que se lo pregunten a do\u00f1a <strong>Guadalupe Carapeto<\/strong>) pero tras un primer visionado se me antojaba un gran parecido entre aquel <strong>le\u00f3n disfrazado de sardina<\/strong> y las espeluznantes criaturas torturadoras del <strong><em>Tr\u00edptico del Jard\u00edn de las Delicias<\/em> de &#8220;El Bosco&#8221;<\/strong>.<\/span><\/p>\n<div id=\"attachment_1347\" style=\"width: 310px\" class=\"wp-caption alignleft\"><a href=\"\/loch-lomond\/wp-content\/uploads\/sites\/10\/2012\/12\/El-Jardin-de-las-Delicias.jpg\"><img aria-describedby=\"caption-attachment-1347\" loading=\"lazy\" class=\"size-medium wp-image-1347\" title=\"El Jardin de las Delicias\" src=\"\/loch-lomond\/wp-content\/uploads\/sites\/10\/2012\/12\/El-Jardin-de-las-Delicias.jpg\" alt=\"La primera visi\u00f3n de Sardile\u00f3n me condujo hacia este hist\u00f3rico Tr\u00edptico de El Bosco\" width=\"300\" height=\"160\" srcset=\"https:\/\/static-blogs.hoy.es\/wp-content\/uploads\/sites\/10\/2012\/12\/El-Jardin-de-las-Delicias.jpg 800w, https:\/\/static-blogs.hoy.es\/wp-content\/uploads\/sites\/10\/2012\/12\/El-Jardin-de-las-Delicias-300x161.jpg 300w, https:\/\/static-blogs.hoy.es\/wp-content\/uploads\/sites\/10\/2012\/12\/El-Jardin-de-las-Delicias-768x411.jpg 768w\" sizes=\"(max-width: 300px) 100vw, 300px\" \/><\/a><p id=\"caption-attachment-1347\" class=\"wp-caption-text\">La primera visi\u00f3n de Sardile\u00f3n me condujo hacia este hist\u00f3rico Tr\u00edptico de El Bosco<\/p><\/div>\n<p align=\"JUSTIFY\"><span style=\"color: #000000; font-size: medium;\">Pero en cuanto le\u00ed su nombre, &#8220;<em><strong>Sardile\u00f3n<\/strong><\/em>&#8220;, su divertida y amable <strong>sonoridad<\/strong> terci\u00f3 mi negativa impresi\u00f3n a una imagen mucho m\u00e1s positiva, cercana a un dibujo animado infantil, y comenc\u00e9 a visionarlo como si de uno de aquellos &#8220;<strong>gallifantes<\/strong>&#8221; se tratara, ya saben, aquella otra fascinante criatura <strong>mitad gallina, mitad elefante<\/strong>, que ganaban los concursantes del inolvidable <strong>programa &#8220;<\/strong><strong>Juego de Ni\u00f1os<\/strong>&#8221;\u00a0de Javier Sard\u00e1 .<\/span><\/p>\n<p align=\"JUSTIFY\"><span style=\"color: #000000; font-size: medium;\">Por supuesto la sombra de <a title=\"de carteles, plagios e ignorancia\" href=\"https:\/\/blogs.hoy.es\/loch-lomond\/2012\/01\/29\/de-carteles-plagios-e-ignorancia\/\" target=\"_blank\">la sospecha de <strong>plagio<\/strong><\/a> no ha tardado en aparecer, algo que inevitablemente parece ligado a nuestra <strong>fiesta carnavalera<\/strong> en los \u00faltimos a\u00f1os, sin embargo hay que reconocer que de una u otra manera <em><strong>Sardile\u00f3n<\/strong><\/em> est\u00e1 en boca de todos:<\/span><\/p>\n<p align=\"JUSTIFY\"><span style=\"color: #000000; font-size: medium;\"><strong><a title=\"HOY\" href=\"http:\/\/www.hoy.es\/v\/20121204\/badajoz\/sardilen-promocionar-carnaval-20121204.html\" target=\"_blank\">Noticias<\/a>, tweets, copias del cartel en facebook, comentarios a favor y en contra en los medios, <a title=\"Sardile\u00f3n I de Badajoz\" href=\"http:\/\/blogs.hoy.es\/theestaffatore\/2012\/12\/04\/sardileon-sardileon-i-de-badajoz\/\" target=\"_blank\">art\u00edculos<\/a>, <a title=\"El Merli\u00f3n de Badajoz\" href=\"http:\/\/picwho764.blogspot.com.es\/2012\/12\/el-merlion-de-badajoz.html\" target=\"_blank\">post<\/a>, montajes falsos y <a title=\"Twitter de Sardile\u00f3n\" href=\"https:\/\/twitter.com\/Sardileon2013\" target=\"_blank\">cuentas en las redes sociales<\/a><\/strong>. Qu\u00e9 me corten la cabeza si el <strong>jurado<\/strong> de este a\u00f1o no ha elegido a <em><strong>Sardile\u00f3n<\/strong><\/em> por la fuerza que evoca su nombre y la indudable controversia que iba a despertar al un\u00edsono entre los <strong>amantes y detractores del Carnaval<\/strong>. Resultado: <strong>En 48 horas se ha hablado m\u00e1s del cartel ganador de este a\u00f1o que de todos los de los \u00faltimos a\u00f1os juntos.<\/strong><\/span><\/p>\n<a href=\"\/loch-lomond\/wp-content\/uploads\/sites\/10\/2012\/12\/Gallifante.jpg\"><img loading=\"lazy\" class=\"size-medium wp-image-1348\" title=\"Gallifante\" src=\"\/loch-lomond\/wp-content\/uploads\/sites\/10\/2012\/12\/Gallifante.jpg\" alt=\"Al descubrir el nombre de Sardile\u00f3n se me vino a la cabeza la im\u00e1gen del famoso gallifante de \"Juego de ni\u00f1os\".\" width=\"300\" height=\"224\" srcset=\"https:\/\/static-blogs.hoy.es\/wp-content\/uploads\/sites\/10\/2012\/12\/Gallifante.jpg 550w, https:\/\/static-blogs.hoy.es\/wp-content\/uploads\/sites\/10\/2012\/12\/Gallifante-300x225.jpg 300w\" sizes=\"(max-width: 300px) 100vw, 300px\" \/><\/a>\n<p align=\"JUSTIFY\"><span style=\"color: #000000; font-size: medium;\">Indudablemente, <em><strong>Sardile\u00f3n<\/strong><\/em> ha cumplido con creces las expectativas del Jurado. Que se hable del <strong>Carnaval de Badajoz<\/strong>, y <strong>no del de C\u00e1diz<\/strong>.\u00a0 En definitiva&#8230; que se hable de <em><strong>Sardile\u00f3n<\/strong><\/em>; <strong>el &#8220;gallifante&#8221; pacense<\/strong>&#8230; aunque sea bien. <\/span><\/p>\n<p align=\"JUSTIFY\"><span style=\"color: #000000; font-size: medium;\">No me extra\u00f1ar\u00eda que a partir de esta edici\u00f3n, <em><strong>Sardile\u00f3n<\/strong><\/em> se convirtiera algo as\u00ed como en una especie de <strong>premio especial<\/strong>, bueno o malo, y se quedara ya para siempre en <strong>el Carnaval de Badajoz<\/strong>. Como siempre, el tiempo dictar\u00e1. <\/span><\/p>\n<p align=\"JUSTIFY\"><span style=\"color: #000000; font-size: medium;\"><strong>Esta es mi opini\u00f3n, y yo la comparto<\/strong>.<\/span><\/p>\n<!-- AddThis Advanced Settings generic via filter on the_content --><!-- AddThis Share Buttons generic via filter on the_content -->","protected":false},"excerpt":{"rendered":"<p>&nbsp; No hay vuelta de hoja. La obra ganadora del concurso del cartel anunciador del carnaval de Badajoz 2013 no ha dejado a ning\u00fan pacense indiferente. El trabajo de Juan Diego Ingelmo Benavente ha sido recibido con cierto revuelo y una mezcla de estupor, cierta incredulidad y como de costumbre, con generosa dosis de cachondeo. [&hellip;]<!-- AddThis Advanced Settings generic via filter on get_the_excerpt --><!-- AddThis Share Buttons generic via filter on get_the_excerpt --><\/p>\n","protected":false},"author":14,"featured_media":0,"comment_status":"open","ping_status":"closed","sticky":false,"template":"","format":"standard","meta":[],"categories":[5],"tags":[224,286,352,437,638,676,688,823,826,827,828,830,1081,1136,1183,1215,1271,1428,1515,1597,1609,1806,1938,2095,2227,2341,2447,2556,2697,2782,2795,2816,3019,3103,3377,3538,3648,3715,3846,4164,4189,4217,4300,4301,4399,4468,4593,4594,5094,5117,5118,5373],"_links":{"self":[{"href":"https:\/\/blogs.hoy.es\/loch-lomond\/wp-json\/wp\/v2\/posts\/1343"}],"collection":[{"href":"https:\/\/blogs.hoy.es\/loch-lomond\/wp-json\/wp\/v2\/posts"}],"about":[{"href":"https:\/\/blogs.hoy.es\/loch-lomond\/wp-json\/wp\/v2\/types\/post"}],"author":[{"embeddable":true,"href":"https:\/\/blogs.hoy.es\/loch-lomond\/wp-json\/wp\/v2\/users\/14"}],"replies":[{"embeddable":true,"href":"https:\/\/blogs.hoy.es\/loch-lomond\/wp-json\/wp\/v2\/comments?post=1343"}],"version-history":[{"count":0,"href":"https:\/\/blogs.hoy.es\/loch-lomond\/wp-json\/wp\/v2\/posts\/1343\/revisions"}],"wp:attachment":[{"href":"https:\/\/blogs.hoy.es\/loch-lomond\/wp-json\/wp\/v2\/media?parent=1343"}],"wp:term":[{"taxonomy":"category","embeddable":true,"href":"https:\/\/blogs.hoy.es\/loch-lomond\/wp-json\/wp\/v2\/categories?post=1343"},{"taxonomy":"post_tag","embeddable":true,"href":"https:\/\/blogs.hoy.es\/loch-lomond\/wp-json\/wp\/v2\/tags?post=1343"}],"curies":[{"name":"wp","href":"https:\/\/api.w.org\/{rel}","templated":true}]}}