{"id":1349,"date":"2010-10-08T00:00:00","date_gmt":"2010-10-08T00:00:00","guid":{"rendered":"http:\/\/blogs.hoy.es\/loch-lomond\/?p=123"},"modified":"2010-10-08T00:00:00","modified_gmt":"2010-10-08T00:00:00","slug":"i-come-for-you","status":"publish","type":"post","link":"https:\/\/blogs.hoy.es\/loch-lomond\/2010\/10\/08\/i-come-for-you\/","title":{"rendered":"I COME FOR YOU"},"content":{"rendered":"<p class=MsoNormal style=\"MARGIN: 0cm 0cm 0pt; TEXT-ALIGN: justify\"><span style=\"FONT-SIZE: 10pt; COLOR: navy; FONT-FAMILY: Verdana; mso-bidi-font-family: Arial\"><img id=img_1 src=\"\/\/a985.ac-images.myspacecdn.com\/images01\/26\/l_b5609f2b59a7baf987758fb572666900.jpg\"\/><\/span><\/p>\n<p><span style=\"FONT-SIZE: 10pt; COLOR: navy; FONT-FAMILY: Verdana; mso-bidi-font-family: Arial\"><\/span> <\/p>\n<p class=MsoNormal style=\"MARGIN: 0cm 0cm 0pt; TEXT-ALIGN: justify\">\n<p class=MsoNormal style=\"MARGIN: 0cm 0cm 0pt; TEXT-ALIGN: justify\">\n<p class=MsoNormal style=\"MARGIN: 0cm 0cm 0pt; TEXT-ALIGN: justify\">\n<p class=MsoNormal style=\"MARGIN: 0cm 0cm 0pt; TEXT-ALIGN: justify\">\n<p class=MsoNormal style=\"MARGIN: 0cm 0cm 0pt; TEXT-ALIGN: justify\">\n<p class=MsoNormal style=\"MARGIN: 0cm 0cm 0pt; TEXT-ALIGN: justify\">\n<p class=MsoNormal style=\"MARGIN: 0cm 0cm 0pt; TEXT-ALIGN: justify\">\n<p class=MsoNormal style=\"MARGIN: 0cm 0cm 0pt; TEXT-ALIGN: justify\">\n<p class=MsoNormal style=\"MARGIN: 0cm 0cm 0pt; TEXT-ALIGN: justify\">\n<p class=MsoNormal style=\"MARGIN: 0cm 0cm 0pt; TEXT-ALIGN: justify\">\n<p class=MsoNormal style=\"MARGIN: 0cm 0cm 0pt; TEXT-ALIGN: justify\">\n<p class=MsoNormal style=\"MARGIN: 0cm 0cm 0pt; TEXT-ALIGN: justify\">\n<p class=MsoNormal style=\"MARGIN: 0cm 0cm 0pt; TEXT-ALIGN: justify\">\n<p class=MsoNormal style=\"MARGIN: 0cm 0cm 0pt; TEXT-ALIGN: justify\">\n<p class=MsoNormal style=\"MARGIN: 0cm 0cm 0pt; TEXT-ALIGN: justify\">\n<p class=MsoNormal style=\"MARGIN: 0cm 0cm 0pt; TEXT-ALIGN: justify\">\n<p class=MsoNormal style=\"MARGIN: 0cm 0cm 0pt; TEXT-ALIGN: justify\">\n<p class=MsoNormal style=\"MARGIN: 0cm 0cm 0pt; TEXT-ALIGN: justify\"><span style=\"FONT-SIZE: 10pt; COLOR: navy; FONT-FAMILY: Verdana; mso-bidi-font-family: Arial\"><\/span><\/p>\n<p class=MsoNormal style=\"MARGIN: 0cm 0cm 0pt; TEXT-ALIGN: justify\"><span style=\"FONT-SIZE: 10pt; COLOR: navy; FONT-FAMILY: Verdana; mso-bidi-font-family: Arial\"><\/span><\/p>\n<p class=MsoNormal style=\"MARGIN: 0cm 0cm 0pt; TEXT-ALIGN: justify\"><span style=\"FONT-SIZE: 10pt; COLOR: navy; FONT-FAMILY: Verdana; mso-bidi-font-family: Arial\">La verdad es que me siento muy orgulloso de hacer p\u00fablico desde este blog, y nada menos que hoy viernes, el mejor d\u00eda de la semana, d\u00eda de canciones en Don de LOCH LOMOND, que uno de mis grupos favoritos y que me m\u00e1s me han influido han sido mis paisanos <font color=#ff0000>TAM TAM GO!<\/font><\/span><\/p>\n<p><span style=\"FONT-SIZE: 10pt; COLOR: navy; FONT-FAMILY: Verdana; mso-bidi-font-family: Arial\"><font color=#ff0000><\/font><\/span><\/p>\n<p><span style=\"FONT-SIZE: 10pt; COLOR: navy; FONT-FAMILY: Verdana; mso-bidi-font-family: Arial\"><font color=#ff0000><\/font><\/span><\/p>\n<p><span style=\"FONT-SIZE: 10pt; COLOR: navy; FONT-FAMILY: Verdana; mso-bidi-font-family: Arial\"><font color=#ff0000><\/font><\/span><\/p>\n<p><span style=\"FONT-SIZE: 10pt; COLOR: navy; FONT-FAMILY: Verdana; mso-bidi-font-family: Arial\"><font color=#ff0000><\/font><\/span><\/p>\n<p><span style=\"FONT-SIZE: 10pt; COLOR: navy; FONT-FAMILY: Verdana; mso-bidi-font-family: Arial\"><font color=#ff0000><\/font><\/span><\/p>\n<p><span style=\"FONT-SIZE: 10pt; COLOR: navy; FONT-FAMILY: Verdana; mso-bidi-font-family: Arial\"><font color=#ff0000>< ?xml:namespace prefix = o ns = \"urn:schemas-microsoft-com:office:office\" \/><o:p><\/o:p><\/font><\/span><\/p>\n<p class=MsoNormal style=\"MARGIN: 0cm 0cm 0pt; TEXT-ALIGN: justify\">\n<p class=MsoNormal style=\"MARGIN: 0cm 0cm 0pt; TEXT-ALIGN: justify\"><span style=\"FONT-SIZE: 10pt; COLOR: navy; FONT-FAMILY: Verdana; mso-bidi-font-family: Arial\"><o:p><\/o:p><\/span><\/p>\n<p class=MsoNormal style=\"MARGIN: 0cm 0cm 0pt; TEXT-ALIGN: justify\"><span style=\"FONT-SIZE: 10pt; COLOR: navy; FONT-FAMILY: Verdana; mso-bidi-font-family: Arial\">El tr\u00edo original, compuesto por los hermanos <font color=#ff0000>Campillo<\/font> (<font color=#ff0000>Nacho<\/font>: voz, bajo) y <font color=#ff0000>Javier<\/font> (guitarras y coros) y el excelente guitarrista <font color=#ff0000>Rafael Fern\u00e1ndez Callejo<\/font> (Guitarras, coros) parieron para la historia algunas de las mejores canciones del pop espa\u00f1ol. Y casualmente muchas de estas joyas se encuentran en sus dos primeros discos, desconocidos quiz\u00e1s para el gran p\u00fablico. El primero de ellos, <font color=#ff0000>\u201cSpanish Suffle\u201d<\/font> editado en 1987 es un disco soberbio, que se abre con un tema que les llev\u00f3 a la fama <font color=#ff0000>\u201cLawrence\u00b4s Heart Is Weak\u201d<\/font>, algo as\u00ed como \u201cel coraz\u00f3n de Lorenzo es d\u00e9bil\u201d. Esta canci\u00f3n fue muy acertadamente adaptada al castellano (<font color=#ff0000>Manuel Raquel<\/font>) con letra nada menos que del desaparecido director de cine Ricardo Franco, quien colabor\u00f3 activamente con el grupo con excelentes letras (como balas de cristal). El caso es que \u201cManuel Raquel\u201d catapult\u00f3 al \u00e9xito al tr\u00edo pacense convirti\u00e9ndolo en uno de los grupos m\u00e1s populares del momento. El problema es que no podemos olvidar que en 1987 el p\u00fablico espa\u00f1ol no aceptaba con la misma naturalidad de hoy en d\u00eda que un grupo espa\u00f1ol cantase en ingl\u00e9s Es posible que esta causa hiciera que canciones incre\u00edbles como la que hoy les muestro <font color=#ff0000>\u201cI Come For You\u201d<\/font> pasara desapercibida junto con joyas como <font color=#ff0000>\u201cJohn Is Gona Break Your Heart\u201d<\/font> o <font color=#ff0000>\u201cRoberto Krul The Wandering Jew\u201d<\/font> y quiz\u00e1s tambi\u00e9n por ello su segundo disco <font color=#ff0000>\u201cSpanish Romance\u201d<\/font> (1988) a pesar de llegar a ser disco de oro, no recompensara el enorme talento del grupo respecto a popularidad y ventas. De este disco, algunos de los m\u00e1s importantes cr\u00edticos del pa\u00eds dijeron cosas como \u201cpor fin un disco capaz de mezclar buenas canciones transmitiendo un concepto de buen gusto y de calidad fuera de toda sospecha\u201d<\/span><\/p>\n<p><span style=\"FONT-SIZE: 10pt; COLOR: navy; FONT-FAMILY: Verdana; mso-bidi-font-family: Arial\"><\/span><\/p>\n<p><span style=\"FONT-SIZE: 10pt; COLOR: navy; FONT-FAMILY: Verdana; mso-bidi-font-family: Arial\"><\/span><\/p>\n<p><span style=\"FONT-SIZE: 10pt; COLOR: navy; FONT-FAMILY: Verdana; mso-bidi-font-family: Arial\"><\/span><\/p>\n<p><span style=\"FONT-SIZE: 10pt; COLOR: navy; FONT-FAMILY: Verdana; mso-bidi-font-family: Arial\"><\/span><\/p>\n<p><span style=\"FONT-SIZE: 10pt; COLOR: navy; FONT-FAMILY: Verdana; mso-bidi-font-family: Arial\"><\/span><\/p>\n<p><span style=\"FONT-SIZE: 10pt; COLOR: navy; FONT-FAMILY: Verdana; mso-bidi-font-family: Arial\"><\/span><\/p>\n<p><span style=\"FONT-SIZE: 10pt; COLOR: navy; FONT-FAMILY: Verdana; mso-bidi-font-family: Arial\"><\/span><\/p>\n<p><span style=\"FONT-SIZE: 10pt; COLOR: navy; FONT-FAMILY: Verdana; mso-bidi-font-family: Arial\"><\/span><\/p>\n<p><span style=\"FONT-SIZE: 10pt; COLOR: navy; FONT-FAMILY: Verdana; mso-bidi-font-family: Arial\"><\/span><\/p>\n<p><span style=\"FONT-SIZE: 10pt; COLOR: navy; FONT-FAMILY: Verdana; mso-bidi-font-family: Arial\"><\/span><\/p>\n<p><span style=\"FONT-SIZE: 10pt; COLOR: navy; FONT-FAMILY: Verdana; mso-bidi-font-family: Arial\"><\/span><\/p>\n<p><span style=\"FONT-SIZE: 10pt; COLOR: navy; FONT-FAMILY: Verdana; mso-bidi-font-family: Arial\"><\/span><\/p>\n<p><span style=\"FONT-SIZE: 10pt; COLOR: navy; FONT-FAMILY: Verdana; mso-bidi-font-family: Arial\"><o:p><img id=img_0 src=\"\/\/www.galeon.com\/allmusic\/caratulas\/t\/Tam_Tam_Go_-_Spanish_Romance-front.jpg\"\/><\/o:p><\/span><\/p>\n<p class=MsoNormal style=\"MARGIN: 0cm 0cm 0pt; TEXT-ALIGN: justify\">\n<p class=MsoNormal style=\"MARGIN: 0cm 0cm 0pt; TEXT-ALIGN: justify\"><span style=\"FONT-SIZE: 10pt; COLOR: navy; FONT-FAMILY: Verdana; mso-bidi-font-family: Arial\"><o:p><\/o:p><\/span><\/p>\n<p class=MsoNormal style=\"MARGIN: 0cm 0cm 0pt; TEXT-ALIGN: justify\"><span style=\"FONT-SIZE: 10pt; COLOR: navy; FONT-FAMILY: Verdana; mso-bidi-font-family: Arial\">Con <font color=#ff0000>\u201cEspaldas Mojadas\u201d<\/font> (1990) lleg\u00f3 el \u00e9xito definitivo y todo el reconocimiento posible. Los temas en espa\u00f1ol cada vez ten\u00edan m\u00e1s presencia y sobre todo el que da el nombre al disco y la versi\u00f3n en espa\u00f1ol de <font color=#ff0000>\u201cEste payo\u201d<\/font> fueron n\u00famero uno en Espa\u00f1a y gran parte de Am\u00e9rica latina. Con <font color=#ff0000>\u201cVida y Color\u201d<\/font> en el a\u00f1o 1992 el tr\u00edo original dijo adi\u00f3s, y realmente la esencia del grupo tambi\u00e9n. Aunque a\u00f1os despu\u00e9s, a finales de los 90 los hermanos Campillo volvieran con gran fuerza y acierto comercial (\u00bfQui\u00e9n no recuerda <font color=#ff0000>\u201cAtrapados en la red\u201d<\/font>?) sin la aportaci\u00f3n de <font color=#ff0000>Rafa Callejo<\/font>, tanto musical como en la parte compositora (pues es coautor junto a <font color=#ff0000>Nacho Campillo<\/font> de los mayores \u00e9xitos del tr\u00edo) el grupo nunca volvi\u00f3 a ser igual.<\/span><\/p>\n<p><span style=\"FONT-SIZE: 10pt; COLOR: navy; FONT-FAMILY: Verdana; mso-bidi-font-family: Arial\"><\/span><\/p>\n<p><span style=\"FONT-SIZE: 10pt; COLOR: navy; FONT-FAMILY: Verdana; mso-bidi-font-family: Arial\"><\/span><\/p>\n<p><span style=\"FONT-SIZE: 10pt; COLOR: navy; FONT-FAMILY: Verdana; mso-bidi-font-family: Arial\"><\/span><\/p>\n<p><span style=\"FONT-SIZE: 10pt; COLOR: navy; FONT-FAMILY: Verdana; mso-bidi-font-family: Arial\"><\/span><\/p>\n<p><span style=\"FONT-SIZE: 10pt; COLOR: navy; FONT-FAMILY: Verdana; mso-bidi-font-family: Arial\"><\/span><\/p>\n<p><span style=\"FONT-SIZE: 10pt; COLOR: navy; FONT-FAMILY: Verdana; mso-bidi-font-family: Arial\"><\/span><\/p>\n<p><span style=\"FONT-SIZE: 10pt; COLOR: navy; FONT-FAMILY: Verdana; mso-bidi-font-family: Arial\"><\/span><\/p>\n<p><span style=\"FONT-SIZE: 10pt; COLOR: navy; FONT-FAMILY: Verdana; mso-bidi-font-family: Arial\"><\/span><\/p>\n<p><span style=\"FONT-SIZE: 10pt; COLOR: navy; FONT-FAMILY: Verdana; mso-bidi-font-family: Arial\"><\/span><\/p>\n<p><span style=\"FONT-SIZE: 10pt; COLOR: navy; FONT-FAMILY: Verdana; mso-bidi-font-family: Arial\"><\/span><\/p>\n<p><span style=\"FONT-SIZE: 10pt; COLOR: navy; FONT-FAMILY: Verdana; mso-bidi-font-family: Arial\"><\/span><\/p>\n<p><span style=\"FONT-SIZE: 10pt; COLOR: navy; FONT-FAMILY: Verdana; mso-bidi-font-family: Arial\"><o:p><img id=img_2 src=\"\/\/3.bp.blogspot.com\/_gk-DEZXY9Ck\/SQt1pS7oBrI\/AAAAAAAAAEE\/H14P7gnSg8s\/s320\/taMtaM+GO.jpg\"\/><\/o:p><\/span><\/p>\n<p class=MsoNormal style=\"MARGIN: 0cm 0cm 0pt; TEXT-ALIGN: justify\">\n<p><span style=\"FONT-SIZE: 10pt; COLOR: navy; FONT-FAMILY: Verdana; mso-bidi-font-family: Arial\"><o:p><\/o:p><\/span> <\/p>\n<p class=MsoNormal style=\"MARGIN: 0cm 0cm 0pt; TEXT-ALIGN: justify\">\n<p class=MsoNormal style=\"MARGIN: 0cm 0cm 0pt; TEXT-ALIGN: justify\">\n<p class=MsoNormal style=\"MARGIN: 0cm 0cm 0pt; TEXT-ALIGN: justify\">\n<p class=MsoNormal style=\"MARGIN: 0cm 0cm 0pt; TEXT-ALIGN: justify\">\n<p class=MsoNormal style=\"MARGIN: 0cm 0cm 0pt; TEXT-ALIGN: justify\">\n<p class=MsoNormal style=\"MARGIN: 0cm 0cm 0pt; TEXT-ALIGN: justify\">\n<p class=MsoNormal style=\"MARGIN: 0cm 0cm 0pt; TEXT-ALIGN: justify\">\n<p class=MsoNormal style=\"MARGIN: 0cm 0cm 0pt; TEXT-ALIGN: justify\"><span style=\"FONT-SIZE: 10pt; COLOR: navy; FONT-FAMILY: Verdana; mso-bidi-font-family: Arial\">No obstante hoy queremos rendirle un peque\u00f1o pero sincero y merecido homenaje a tres pacenses, que consiguieron revolver el panorama espa\u00f1ol y parte del de < ?xml:namespace prefix = st1 ns = \"urn:schemas-microsoft-com:office:smarttags\" \/><st1:personname ProductID=\"la Am\u00e9rica\" w:st=\"on\">la Am\u00e9rica<\/st1:personname> latina para ocupar un lugar en la historia de la m\u00fasica que nadie les podr\u00e1 robar. Recordemos hoy <font color=#ff0000>\u201cI Come for You\u201d<\/font> para reconocer la importancia y el \u00e9xito que en su d\u00eda consiguieron tres j\u00f3venes de Badajoz quitando complejos y abriendo el camino para tantos y excelentes m\u00fasicos de los que disponemos en nuestra regi\u00f3n. Con todos ustedes <font color=#ff0000>Tam Tam Go!<\/font> Y su<font color=#ff0000> I Come For You.<\/font><\/span><\/p>\n<p class=MsoNormal style=\"MARGIN: 0cm 0cm 0pt; TEXT-ALIGN: justify\"><span style=\"FONT-SIZE: 10pt; COLOR: navy; FONT-FAMILY: Verdana; mso-bidi-font-family: Arial\"><\/span><\/p>\n<p><span style=\"FONT-SIZE: 10pt; COLOR: navy; FONT-FAMILY: Verdana; mso-bidi-font-family: Arial\"><o:p><\/o:p><\/span> <\/p>\n<p class=MsoNormal style=\"MARGIN: 0cm 0cm 0pt; TEXT-ALIGN: justify\">\n<p><a href=\"http:\/\/www.youtube.com\/watch?v=TJZIphq3dqA&#038;feature=related\">http:\/\/www.youtube.com\/watch?v=TJZIphq3dqA&#038;feature=related<\/a><\/p>\n<p class=MsoNormal style=\"MARGIN: 0cm 0cm 0pt; TEXT-ALIGN: justify\">\n<!-- AddThis Advanced Settings generic via filter on the_content --><!-- AddThis Share Buttons generic via filter on the_content -->","protected":false},"excerpt":{"rendered":"<p>La verdad es que me siento muy orgulloso de hacer p\u00fablico desde este blog, y nada menos que hoy viernes, el mejor d\u00eda de la semana, d\u00eda de canciones en Don de LOCH LOMOND, que uno de mis grupos favoritos y que me m\u00e1s me han influido han sido mis paisanos TAM TAM GO! < [&hellip;]<!-- AddThis Advanced Settings generic via filter on get_the_excerpt --><!-- AddThis Share Buttons generic via filter on get_the_excerpt --><\/p>\n","protected":false},"author":14,"featured_media":0,"comment_status":"open","ping_status":"closed","sticky":false,"template":"","format":"standard","meta":[],"categories":[6],"tags":[437,627,2299,2391,2647,2718,2729,2847,3846,4496,4513,4770,4807,4945,5306,5308,5355],"_links":{"self":[{"href":"https:\/\/blogs.hoy.es\/loch-lomond\/wp-json\/wp\/v2\/posts\/1349"}],"collection":[{"href":"https:\/\/blogs.hoy.es\/loch-lomond\/wp-json\/wp\/v2\/posts"}],"about":[{"href":"https:\/\/blogs.hoy.es\/loch-lomond\/wp-json\/wp\/v2\/types\/post"}],"author":[{"embeddable":true,"href":"https:\/\/blogs.hoy.es\/loch-lomond\/wp-json\/wp\/v2\/users\/14"}],"replies":[{"embeddable":true,"href":"https:\/\/blogs.hoy.es\/loch-lomond\/wp-json\/wp\/v2\/comments?post=1349"}],"version-history":[{"count":0,"href":"https:\/\/blogs.hoy.es\/loch-lomond\/wp-json\/wp\/v2\/posts\/1349\/revisions"}],"wp:attachment":[{"href":"https:\/\/blogs.hoy.es\/loch-lomond\/wp-json\/wp\/v2\/media?parent=1349"}],"wp:term":[{"taxonomy":"category","embeddable":true,"href":"https:\/\/blogs.hoy.es\/loch-lomond\/wp-json\/wp\/v2\/categories?post=1349"},{"taxonomy":"post_tag","embeddable":true,"href":"https:\/\/blogs.hoy.es\/loch-lomond\/wp-json\/wp\/v2\/tags?post=1349"}],"curies":[{"name":"wp","href":"https:\/\/api.w.org\/{rel}","templated":true}]}}