{"id":1353,"date":"2012-09-11T00:04:44","date_gmt":"2012-09-10T23:04:44","guid":{"rendered":"http:\/\/blogs.hoy.es\/loch-lomond\/?p=1163"},"modified":"2012-09-11T00:04:44","modified_gmt":"2012-09-10T23:04:44","slug":"que-vida-tan-divertida","status":"publish","type":"post","link":"https:\/\/blogs.hoy.es\/loch-lomond\/2012\/09\/11\/que-vida-tan-divertida\/","title":{"rendered":"\u00a1Qu\u00e9 vida tan divertida!"},"content":{"rendered":"<p>&nbsp;<\/p>\n<p>Enrique Falc\u00f3. Articulista ocurrente<\/p>\n<a href=\"\/loch-lomond\/wp-content\/uploads\/sites\/10\/2012\/09\/Gabinete-Caligari-Cien-Mil-Vueltas-Del-1990-Delantera.jpg\"><img loading=\"lazy\" class=\"size-medium wp-image-1164\" title=\"Gabinete-Caligari-Cien-Mil-Vueltas-Del-1990-Delantera\" src=\"\/loch-lomond\/wp-content\/uploads\/sites\/10\/2012\/09\/Gabinete-Caligari-Cien-Mil-Vueltas-Del-1990-Delantera.jpg\" alt=\"Portada del \"Cien mil vueltas\" un extraordinario disco de Gabinete Caligari en el que se incluye \"\u00a1Qu\u00e9 vida tan divertida!\" Canci\u00f3n que inspira mi at\u00edculo de HOY.\" width=\"300\" height=\"300\" \/><\/a>\n<p align=\"JUSTIFY\"><span style=\"color: #000080; font-size: medium;\">La vida est\u00e1 repleta de contradicciones. Algunas tan incoherentes y absurdas que rozan la hilaridad o el desconsuelo cuando se sit\u00faan entre aquella peligrosa frontera que separa lo cuerdo de lo m\u00e1s enajenado. Ya lo lleva declamando mi amigo Segismundo desde hace unos cuantos siglos: &#8220;\u00bfQu\u00e9 es la vida? Un frenes\u00ed \u00bfQu\u00e9 es la vida? Una ilusi\u00f3n, una sombra, una ficci\u00f3n. Y el mayor bien es peque\u00f1o, que toda <a title=\"La vida es sue\u00f1o\" href=\"https:\/\/blogs.hoy.es\/loch-lomond\/2010\/07\/18\/la-vida-es-sueno\/\" target=\"_blank\">la vida es sue\u00f1o<\/a>, y los sue\u00f1os, sue\u00f1os son&#8221;.<\/span><\/p>\n<p align=\"JUSTIFY\"><span style=\"color: #000080; font-size: medium;\">No se alarmen los m\u00e1s eruditos o &#8220;<a title=\"F\u00e9lix Barroso y la desverg\u00fcenza ajena\" href=\"https:\/\/blogs.hoy.es\/loch-lomond\/2012\/08\/29\/felix-barroso-y-la-desverguenza-ajena\/\" target=\"_blank\">intelectualoides&#8221; de pacotilla<\/a>, que jam\u00e1s pretender\u00eda pasar por propios los bellos, reflexivos y filos\u00f3ficos versos del inolvidable Calder\u00f3n de la Barca. &#8220;Yo, que siempre trabajo y me desvelo por parecer que tengo de poeta. La gracia que no quiso darme el cielo&#8221;. O sea como mi amigo Cervantes, aunque en este caso las comparaciones son m\u00e1s que odiosas&#8230; ya que yo aun cuento con ambas manos. Adem\u00e1s para poemas ya tengo suficientes con los que escribe mi amigo &#8220;El poeta&#8221; <a title=\"\u00c1ngel Manuel G\u00f3mez Espada\" href=\"https:\/\/blogs.hoy.es\/loch-lomond\/2011\/11\/02\/angel-manuel-gomez-espada\/\" target=\"_blank\">\u00c1ngel Manuel G\u00f3mez Espada<\/a>, sobre divertidos y sinceros <a title=\"Enemigos \u00edntimos\" href=\"https:\/\/blogs.hoy.es\/loch-lomond\/2011\/04\/29\/enemigos-intimos\/\" target=\"_blank\">amores a mujeres barbudas<\/a>, o incluso a j\u00f3venes hermosas y de gran coraz\u00f3n que a pesar de su lozan\u00eda y tama\u00f1a buenez se olvidan de tapar la pasta dent\u00edfrica o de sacar la basura. Es curioso que hablemos de mi amigo &#8220;el poeta&#8221; y de contradicciones, ya que sin ir m\u00e1s lejos, mientras ustedes, mis queridos y desocupados lectores, se beben mi art\u00edculo junto al primer caf\u00e9 de la ma\u00f1ana, &#8220;el poeta&#8221;, un hombre de ideas no muy clericales, m\u00e1s zurdo que mi vecino el de abajo, el \u00eddem, se habr\u00e1 casado por la Iglesia en la jornada de ayer. S\u00ed, han le\u00eddo bien, por la Iglesia, y en el pa\u00eds vecino para m\u00e1s INRI.<\/span><\/p>\n<a href=\"\/loch-lomond\/wp-content\/uploads\/sites\/10\/2012\/09\/IMG-20120910-WA014.jpg\"><img loading=\"lazy\" class=\"size-medium wp-image-1165\" title=\"IMG-20120910-WA014\" src=\"\/loch-lomond\/wp-content\/uploads\/sites\/10\/2012\/09\/IMG-20120910-WA014.jpg\" alt=\"\"El poeta\" se cas\u00f3 el d\u00eda de Extremadura. Doble celebraci\u00f3n. La ocasi\u00f3n lo val\u00eda para celebrarlo por todo lo alto, como as\u00ed fue.\" width=\"225\" height=\"300\" srcset=\"https:\/\/static-blogs.hoy.es\/wp-content\/uploads\/sites\/10\/2012\/09\/IMG-20120910-WA014.jpg 612w, https:\/\/static-blogs.hoy.es\/wp-content\/uploads\/sites\/10\/2012\/09\/IMG-20120910-WA014-225x300.jpg 225w\" sizes=\"(max-width: 225px) 100vw, 225px\" \/><\/a>\n<p align=\"JUSTIFY\"><span style=\"color: #000080; font-size: medium;\">Fue en esa encantadora jornada, en el d\u00eda de Extremadura, (#D\u00edaDeExtremadura en Twitter) en el que el menda lerenda tuvo un notable recuerdo para con su tierra al interpretar (poco antes del tercer Loch Lomond) a viva voz y para todo aquel que quisiera escucharlo (incluso para los que no) el himno de Extremadura. Lo cual nos lleva a otra poderosa contradicci\u00f3n. &#8220;Nuestras voces se alzan&#8221; cantamos en el estribillo. Algo m\u00e1s falso que los ojos de Espinete, ya que <a title=\"Nuestras vces no se alzan\" href=\"https:\/\/blogs.hoy.es\/loch-lomond\/2011\/09\/08\/nuestras-voces-no-se-alzan\/\" target=\"_blank\">nuestras voces no se alzan<\/a>. Como narraba el periodista de HOY J. L\u00f3pez Lago en su &#8220;As\u00ed nos va&#8221; de hace un a\u00f1o, existen quienes parecen avergonzarse de nuestro himno. &#8220;Entre el pudor y la ignorancia observen que casi nadie lo canta en los actos&#8221; rezaba literalmente el joven periodista pacense de quien trato de no perderme ni una sola de sus columnas, las cuales poseen la virtud de adiestrar y entretener. Dolorosa y lamentable verdad, especialmente en lo que se refiere a la ignorancia. Un a\u00f1o m\u00e1s he vuelto a encontrarme con quienes confunden la festividad del d\u00eda de Extremadura con la de la Constituci\u00f3n o la de Todos los Santos. Preocupante, triste y lamentable en grado sumo.<\/span><\/p>\n<p align=\"JUSTIFY\"><span style=\"color: #000080; font-size: medium;\">Siguiendo con las contradicciones. Aun no he olvidado el enfado de mi amigo <a title=\"Pecell\u00edn y la escuela de los sue\u00f1os\" href=\"https:\/\/blogs.hoy.es\/loch-lomond\/2011\/08\/28\/pecellin-y-la-escuela-de-los-suenos\/\" target=\"_blank\">Manuel Pecell\u00edn<\/a> aquel lejano d\u00eda en el Instituto. Como la calefacci\u00f3n estaba a tan alta temperatura en <a title=\"Adi\u00f3s muchachos\" href=\"https:\/\/blogs.hoy.es\/loch-lomond\/2011\/04\/07\/adios-muchachos\/\" target=\"_blank\">el viejo Zurbar\u00e1n<\/a>, no se nos ocurri\u00f3 otra cosa a los p\u00faberes y brillantes alumnos que abrir las ventanas para que entrase fresquito en pleno invierno. &#8220;\u00bfExiste una contradicci\u00f3n mayor?&#8221; &#8211; Nos reprend\u00eda enfadado nuestro viejo profesor mostr\u00e1ndonos cual chapucera y peligrosa pod\u00edan ser las contradicciones.<\/span><\/p>\n<p align=\"JUSTIFY\"><span style=\"color: #000080; font-size: medium;\">Las personas tropezamos y caemos constantemente en estas contradicciones, y no s\u00f3lo en nuestras creencias, en la forma de pensar o en nuestra particular manera de actuar. Tal vez cuando hacemos el amor, sin amor, o bebemos el whisky sin alcohol, como cantaban los Gabinete Caligari. \u00a1C\u00f3mo es posible que uno se abra una libreta de ahorros en el banco para ahorrar y te pasen constantemente todo tipo de abusivas comisiones? \u00bfPor qu\u00e9 en tant\u00edsimas ocasiones los responsables de la seguridad son quienes provocan los altercados? \u00bfPor qu\u00e9 sube el precio del pan mientras bajan nuestras n\u00f3minas? \u00bfPor qu\u00e9 se llaman imperdibles si se pierden con facilidad?<\/span><\/p>\n<p align=\"JUSTIFY\"><span style=\"color: #000080; font-size: medium;\">Fuera de bromas.\u00a0 Lo de que <a title=\"Los juegos del hambre\" href=\"https:\/\/blogs.hoy.es\/loch-lomond\/2012\/08\/26\/los-juegos-del-hambre\/\" target=\"_blank\">pol\u00edticos con el ri\u00f1\u00f3n calentito y n\u00f3minas abultadas saqueen supermercados<\/a> me parece m\u00e1s una infamia que una contradicci\u00f3n. No comprendo c\u00f3mo es posible que una persona con ideas de izquierda se convierta en el peor de los fascistas cuando se topa con alguien que no es de su misma opini\u00f3n.<\/span><\/p>\n<p align=\"JUSTIFY\"><span style=\"color: #000080; font-size: medium;\">\u00a1Ancianos trabajando, j\u00f3venes en paro, bocadillos de morcilla untados en manteca y mojados en aceite con pan integral, caramelos sin az\u00facar, sindicatos que agreden a los trabajadores por cuyos derechos deber\u00edan velar! \u00bfPol\u00edticos escandalizados y pidiendo la dimisi\u00f3n de una colega porque protagoniza un v\u00eddeo haciendo lo mismo que ellos o que hacemos cualquiera de nosotros? (aunque algunos somos m\u00e1s prudentes y no permitimos que nos graben claro). \u00bfNo ser\u00eda una contradicci\u00f3n dimitir por avergonzarse de hacer algo que todos hacemos y adem\u00e1s nos gusta?<\/span><\/p>\n<div id=\"attachment_1169\" style=\"width: 235px\" class=\"wp-caption alignnone\"><a href=\"\/loch-lomond\/wp-content\/uploads\/sites\/10\/2012\/09\/Loch-Lomond-etiquetas.jpg\"><img aria-describedby=\"caption-attachment-1169\" loading=\"lazy\" class=\"size-medium wp-image-1169\" title=\"M4034S-4211\" src=\"\/loch-lomond\/wp-content\/uploads\/sites\/10\/2012\/09\/Loch-Lomond-etiquetas.jpg\" alt=\"LOCH LOMOND: El whisky del Capit\u00e1n Haddock, el m\u00e1s bello, sabroso y dorado de los licores.\" width=\"225\" height=\"300\" srcset=\"https:\/\/static-blogs.hoy.es\/wp-content\/uploads\/sites\/10\/2012\/09\/Loch-Lomond-etiquetas.jpg 600w, https:\/\/static-blogs.hoy.es\/wp-content\/uploads\/sites\/10\/2012\/09\/Loch-Lomond-etiquetas-225x300.jpg 225w\" sizes=\"(max-width: 225px) 100vw, 225px\" \/><\/a><p id=\"caption-attachment-1169\" class=\"wp-caption-text\">LOCH LOMOND: El whisky del Capit\u00e1n Haddock, el m\u00e1s bello, sabroso y dorado de los licores.<\/p><\/div>\n<p><span style=\"color: #000080; font-size: medium;\">Hablando de gustar, al menda le priva escribir, y m\u00e1s <a title=\"Yo no soy periodista\" href=\"https:\/\/blogs.hoy.es\/loch-lomond\/2011\/04\/24\/yo-soy-periodista\/\" target=\"_blank\">art\u00edculos de opini\u00f3n<\/a> como el que est\u00e1n leyendo. Vaci\u00e1ndome en ellos ante ustedes, desnud\u00e1ndome y mostr\u00e1ndoles lo que existe en mi sesera y entra\u00f1as, arriesg\u00e1ndome a que les guste o por el contrario les repugne. Pretendiendo que respiren los efluvios que, sin saberlo, brotan de ese Loch Lomond que sirvo cada domingo para ustedes. Pero siendo sincero y consecuente conmigo mismo. No comprendo a esos columnistas de opini\u00f3n a los que les da miedo expresarse y se dedican a escribir lo que quieren leer los dem\u00e1s. Supongo que no har\u00e1 falta, despu\u00e9s de casi tres a\u00f1os, recordarles que si eso es lo que buscan en esta tribuna m\u00e1s vale que se la salten y se pasen a otra marca del m\u00e1s bello y dorado de los licores. Yo s\u00e9 quien soy, nobleza obliga, y ustedes tambi\u00e9n. Existen escritores, que sin ning\u00fan tipo de reparo caen en la contradicci\u00f3n m\u00e1s dolorosa, que no es otra que la no concordancia entre cabeza y coraz\u00f3n. Como dir\u00eda mi amigo el poeta &#8220;Hace tiempo que olvidaron qu\u00e9 cosa es escribir sin compromiso.&#8221; Qu\u00e9 vida tan divertida se\u00f1ores, sin pena ni gloria&#8230; ni emoci\u00f3n.<\/span><\/p>\n<p>&nbsp;<\/p>\n<p><em>Publicado en Diario HOY el 09\/09\/2012<\/em><\/p>\n<p><a href=\"http:\/\/hoy.kioskoymas.com\/epaper\/showlink.aspx?bookmarkid=EA5EYFV6I1N4&#038;preview=magnifier&#038;linkid=466d4ad5-b9a2-429a-8436-5861d98458af&#038;pdaffid=1NEHCXDv4QZRFanP7KJR9A%3d%3d\"><img src=\"\/\/cache2-thumb1.pressdisplay.com\/pressdisplay\/docserver\/getimage.aspx?file=22012012090900000000001001&#038;page=32&#038;scale=23\" alt=\"\" \/><\/a><\/p>\n<p>&nbsp;<\/p>\n<!-- AddThis Advanced Settings generic via filter on the_content --><!-- AddThis Share Buttons generic via filter on the_content -->","protected":false},"excerpt":{"rendered":"<p>&nbsp; Enrique Falc\u00f3. Articulista ocurrente La vida est\u00e1 repleta de contradicciones. Algunas tan incoherentes y absurdas que rozan la hilaridad o el desconsuelo cuando se sit\u00faan entre aquella peligrosa frontera que separa lo cuerdo de lo m\u00e1s enajenado. Ya lo lleva declamando mi amigo Segismundo desde hace unos cuantos siglos: &#8220;\u00bfQu\u00e9 es la vida? Un [&hellip;]<!-- AddThis Advanced Settings generic via filter on get_the_excerpt --><!-- AddThis Share Buttons generic via filter on get_the_excerpt --><\/p>\n","protected":false},"author":14,"featured_media":0,"comment_status":"open","ping_status":"closed","sticky":false,"template":"","format":"standard","meta":[],"categories":[8],"tags":[15,255,264,294,347,348,371,590,796,850,905,1074,1166,1435,1439,1515,1673,1698,1734,1806,2216,2379,2658,2768,2930,3103,3730,3956,4118,4614,4712,5084,5765,5316,5378],"_links":{"self":[{"href":"https:\/\/blogs.hoy.es\/loch-lomond\/wp-json\/wp\/v2\/posts\/1353"}],"collection":[{"href":"https:\/\/blogs.hoy.es\/loch-lomond\/wp-json\/wp\/v2\/posts"}],"about":[{"href":"https:\/\/blogs.hoy.es\/loch-lomond\/wp-json\/wp\/v2\/types\/post"}],"author":[{"embeddable":true,"href":"https:\/\/blogs.hoy.es\/loch-lomond\/wp-json\/wp\/v2\/users\/14"}],"replies":[{"embeddable":true,"href":"https:\/\/blogs.hoy.es\/loch-lomond\/wp-json\/wp\/v2\/comments?post=1353"}],"version-history":[{"count":0,"href":"https:\/\/blogs.hoy.es\/loch-lomond\/wp-json\/wp\/v2\/posts\/1353\/revisions"}],"wp:attachment":[{"href":"https:\/\/blogs.hoy.es\/loch-lomond\/wp-json\/wp\/v2\/media?parent=1353"}],"wp:term":[{"taxonomy":"category","embeddable":true,"href":"https:\/\/blogs.hoy.es\/loch-lomond\/wp-json\/wp\/v2\/categories?post=1353"},{"taxonomy":"post_tag","embeddable":true,"href":"https:\/\/blogs.hoy.es\/loch-lomond\/wp-json\/wp\/v2\/tags?post=1353"}],"curies":[{"name":"wp","href":"https:\/\/api.w.org\/{rel}","templated":true}]}}