{"id":1366,"date":"2012-12-12T16:16:21","date_gmt":"2012-12-12T15:16:21","guid":{"rendered":"http:\/\/blogs.hoy.es\/loch-lomond\/?p=1366"},"modified":"2012-12-12T16:16:21","modified_gmt":"2012-12-12T15:16:21","slug":"enrique-falco-el-nuevo-chicote","status":"publish","type":"post","link":"https:\/\/blogs.hoy.es\/loch-lomond\/2012\/12\/12\/enrique-falco-el-nuevo-chicote\/","title":{"rendered":"Enrique Falc\u00f3; el nuevo Chicote"},"content":{"rendered":"<p>&nbsp;<\/p>\n<a href=\"\/loch-lomond\/wp-content\/uploads\/sites\/10\/2012\/12\/ALBERTO-CHICOTE-PESADILLA-EN-LA-COCINA-LA-SEXTA.jpg\"><img loading=\"lazy\" class=\"size-full wp-image-1372\" title=\"ALBERTO-CHICOTE-PESADILLA-EN-LA-COCINA-LA-SEXTA\" src=\"\/loch-lomond\/wp-content\/uploads\/sites\/10\/2012\/12\/ALBERTO-CHICOTE-PESADILLA-EN-LA-COCINA-LA-SEXTA.jpg\" alt=\"Alberto Chicote. El excepcional Chef espa\u00f1ol del exitoso \"Pesadilla en la cocina\" de La Sexta\" width=\"480\" height=\"339\" srcset=\"https:\/\/static-blogs.hoy.es\/wp-content\/uploads\/sites\/10\/2012\/12\/ALBERTO-CHICOTE-PESADILLA-EN-LA-COCINA-LA-SEXTA.jpg 480w, https:\/\/static-blogs.hoy.es\/wp-content\/uploads\/sites\/10\/2012\/12\/ALBERTO-CHICOTE-PESADILLA-EN-LA-COCINA-LA-SEXTA-300x212.jpg 300w\" sizes=\"(max-width: 480px) 100vw, 480px\" \/><\/a>\n<p>&nbsp;<\/p>\n<p><span style=\"color: #000000; font-size: medium;\">Cada vez que hablo a mi madre\u00a0sobre\u00a0<strong>mis avances en la cocina<\/strong> reacciona de la misma manera. Me mira como diciendo aquello tan t\u00edpico de las madres \u201c\u00a1<strong>Hijo m\u00edo, quien te ha visto y quien te ve!<\/strong>\u201d. Yo creo que en el fondo no se lo cree, o se imagina que realmente lo que hago son chapuzas. Y claro, es que no puede olvidar que <strong>durante los 28 a\u00f1os que viv\u00ed en casa de mis padres jam\u00e1s cocin\u00e9<\/strong> nada que no fueran unas <strong>hamburguesas o salchichas<\/strong> de urgencias, o <strong>alitas de pollo\u00a0a la plancha<\/strong> (no sab\u00eda ni usar <strong>la freidora<\/strong> ni <strong>el horno<\/strong>, todo lo m\u00e1s <strong>el microondas<\/strong> y s\u00f3lo para el caf\u00e9).<\/span><\/p>\n<p>&nbsp;<\/p>\n<div id=\"attachment_1369\" style=\"width: 291px\" class=\"wp-caption alignleft\"><img aria-describedby=\"caption-attachment-1369\" loading=\"lazy\" class=\"size-full wp-image-1369\" title=\"Chef\" src=\"\/loch-lomond\/wp-content\/uploads\/sites\/10\/2012\/12\/Chef.jpg\" alt=\"Puestos a elegir tambi\u00e9n me encantar\u00eda ser como el \"Chef\" el personaje de South Park, que lo tiene todo. Chef y cantante... \u00a1y que voz!\" width=\"281\" height=\"211\" \/><p id=\"caption-attachment-1369\" class=\"wp-caption-text\"><\/span><\/a><\/span><\/p><\/div>\n<p><span style=\"color: #000000; font-size: medium;\">Pero est\u00e1 claro que <strong>eso no pod\u00eda durar<\/strong>. El mismo <strong><a title=\"Pecell\u00edn y la escuela de los sue\u00f1os\" href=\"https:\/\/blogs.hoy.es\/loch-lomond\/2011\/08\/28\/pecellin-y-la-escuela-de-los-suenos\/\" target=\"_blank\">Manuel Pecell\u00edn<\/a><\/strong> me describ\u00eda en la primera <a title=\"Un brindis con Loch Lomond \" href=\"https:\/\/blogs.hoy.es\/loch-lomond\/2012\/04\/21\/un-brindis-con-loch-lomond\/\" target=\"_blank\">cr\u00edtica a mi libro<\/a> \u201c<strong>Don de Loch Lomond<\/strong>\u201d como <strong>m\u00fasico, cin\u00e9filo y gastr\u00f3nomo entusiasta<\/strong>. Y es que un t\u00edo al\u00a0que le gusta tanto <strong>comer<\/strong> ten\u00eda que dar el paso necesariamente hacia <strong>el maravilloso proceso de la creaci\u00f3n gastron\u00f3mica.<\/strong><\/span><\/p>\n<p>&nbsp;<\/p>\n<p>&nbsp;<\/p>\n<p><span style=\"color: #000000; font-size: medium;\">Todo ocurri\u00f3 de forma muy natural, cuando mi ex jefe (muy de izquierda y rojeras de boquilla para lo que le conven\u00eda) me despidi\u00f3 de un d\u00eda para otro. Desde entonces no dejo de darle las gracias. Me encontr\u00e9 con un <strong>tiempo<\/strong> precioso que no dispon\u00eda anteriormente <strong>para<\/strong> <strong>escribir<\/strong> y <strong>me convert\u00ed en articulista y bloguero del <em>Diario HOY<\/em><\/strong>. Pero aun me sobraba algo de tiempo para que mi novia, con jornada de ma\u00f1ana y tarde, no tuviera que\u00a0dedicar tambi\u00e9n tiempo para <strong>preparar la comida del d\u00eda siguiente\u00a0por las noches<\/strong>.<\/span><\/p>\n<p>&nbsp;<\/p>\n<div class=\"mceTemp\"><\/div>\n<p><span style=\"color: #000000; font-size: medium;\">&#8220;\u00bfQuieres que prepare yo la comida?&#8221; &#8211;\u00a0Le pregunt\u00e9. Yo creo que <strong>su primera reacci\u00f3n fue la de negarse en redondo<\/strong> a que me acercara a los <strong>fogones<\/strong>, de la misma manera que me tiene prohibido con orden judicial acercarme a la lavadora, pero supongo que estaba tan cansada que acept\u00f3, y as\u00ed, <strong>tras dos o tres noches de breves nociones y unos resultados tan satisfactorios como inesperados\u00a0me convert\u00ed en el cocinero oficial de la casa.<\/strong><\/span><\/p>\n<p>&nbsp;<\/p>\n<div id=\"attachment_1370\" style=\"width: 310px\" class=\"wp-caption alignright\"><span style=\"color: #000000;\"><a href=\"\/loch-lomond\/wp-content\/uploads\/sites\/10\/2012\/12\/simpsons-gordon-ramsay.jpg\"><span style=\"color: #000000;\"><img aria-describedby=\"caption-attachment-1370\" loading=\"lazy\" class=\"size-full wp-image-1370\" title=\"simpsons-gordon-ramsay\" src=\"\/loch-lomond\/wp-content\/uploads\/sites\/10\/2012\/12\/simpsons-gordon-ramsay.jpg\" alt=\"El prestigioso y exigente Chef Ramsay se ha ganado hasta su aparici\u00f3n en Los Simpsons.\" width=\"300\" height=\"200\" \/><\/span><\/a><\/span><p id=\"caption-attachment-1370\" class=\"wp-caption-text\">El prestigioso y exigente Chef Ramsay se ha ganado hasta su aparici\u00f3n en Los Simpsons.<\/p><\/div>\n<p><span style=\"color: #000000; font-size: medium;\">Desde entonces, <strong>cada nuevo plato<\/strong>, por sencillo y t\u00edpico que parezca, como por ejemplo <strong>una paella<\/strong> o <strong>una tortilla de patatas<\/strong> <strong>supone un gozo y un entretenimiento que s\u00f3lo he experimentado con la m\u00fasica y la literatura<\/strong>. S\u00e9 que con apenas 3 \u00f3 4 a\u00f1os de experiencia <strong>ni siquiera ostento la categor\u00eda de aprendiz<\/strong> pero <strong>la cocina<\/strong> se est\u00e1 convirtiendo en algo <strong>apasionante<\/strong> y <strong>me muero de ganas por seguir aprendiendo<\/strong>. <\/span><\/p>\n<p>&nbsp;<\/p>\n<p><span style=\"color: #000000; font-size: medium;\">Existen tardes de trabajo, en las que <strong>mientras hago rodar los cilindros de <a title=\"Gran Hotel Casino de Extremadura\" href=\"http:\/\/www.orenesgrupo.com\/\" target=\"_blank\">las ruletas<\/a><\/strong>, <strong>mis pensamientos vuelan hacia mi cocina<\/strong>, donde me espera <strong>mi gracioso delantal<\/strong> (regalo del <strong><a title=\"los cu\u00f1apas\" href=\"https:\/\/blogs.hoy.es\/loch-lomond\/2011\/03\/24\/los-cunapas\/\" target=\"_blank\">cu\u00f1apa<\/a><\/strong>) y <strong>mi cuchillo cebollero y mi tabla<\/strong>, que <strong>me ayudan a relajarme y a pasar un buen rato<\/strong>.<\/span><\/p>\n<p>&nbsp;<\/p>\n<p><span style=\"color: #000000; font-size: medium;\">Yo creo que todo empez\u00f3 con el programa \u201c<strong>Pesadilla en la cocina<\/strong>\u201d del <strong>Chef <a title=\"Gordon Ramsay\" href=\"http:\/\/es.wikipedia.org\/wiki\/Gordon_Ramsay\" target=\"_blank\">Gordon Ramsey<\/a><\/strong>, que con tanto <strong>acierto y gran \u00e9xito ha adaptado \u201cLa Sexta\u201d<\/strong>. <strong>El \u00a0Chef espa\u00f1ol <a title=\"Web de Alberto Chicote\" href=\"http:\/\/www.albertochicote.com\" target=\"_blank\">Alberto Chicote<\/a><\/strong> est\u00e1 dejando <strong>grandes momentos para la televisi\u00f3n<\/strong> y seguro que le meter\u00e1 a m\u00e1s de uno <strong>el gusanillo de la cocina<\/strong>.<\/span><\/p>\n<p>&nbsp;<\/p>\n<div id=\"attachment_1371\" style=\"width: 310px\" class=\"wp-caption alignleft\"><a href=\"\/loch-lomond\/wp-content\/uploads\/sites\/10\/2012\/12\/Bender-Chef.jpg\"><img aria-describedby=\"caption-attachment-1371\" loading=\"lazy\" class=\"size-medium wp-image-1371\" title=\"Bender Chef\" src=\"\/loch-lomond\/wp-content\/uploads\/sites\/10\/2012\/12\/Bender-Chef.jpg\" alt=\"Espero llegar a ser al menos un pel\u00edn mejor que Bender, cuya especialidad es la sal aguada... con una dosis nociva de hasta el 95 por ciento.\" width=\"300\" height=\"225\" srcset=\"https:\/\/static-blogs.hoy.es\/wp-content\/uploads\/sites\/10\/2012\/12\/Bender-Chef.jpg 500w, https:\/\/static-blogs.hoy.es\/wp-content\/uploads\/sites\/10\/2012\/12\/Bender-Chef-300x225.jpg 300w\" sizes=\"(max-width: 300px) 100vw, 300px\" \/><\/a><p id=\"caption-attachment-1371\" class=\"wp-caption-text\">Espero llegar a ser al menos un pel\u00edn mejor que Bender, cuya especialidad es la sal aguada... con una dosis nociva de hasta el 95 por ciento.<\/p><\/div>\n<div class=\"mceTemp\"><span style=\"color: #000000; font-size: medium;\">Muchos que me conocen ahora por <strong>mi faceta de articulista, de bloguero, por <a title=\"alimento espiritual\" href=\"https:\/\/blogs.hoy.es\/loch-lomond\/2012\/04\/19\/alimento-espiritual\/\" target=\"_blank\">mi libro<\/a> o incluso por <a title=\"Perd\u00f3n... un poco m\u00e1s hacia el Oeste\" href=\"https:\/\/blogs.hoy.es\/loch-lomond\/2012\/09\/13\/perdon-un-poco-mas-hacia-el-oeste\/\" target=\"_blank\">mis colaboraciones radiof\u00f3nicas<\/a><\/strong> se sorprenden al enterarse que hubo un tiempo en que ejerc\u00ed como <strong>m\u00fasico<\/strong> y grab\u00e9 varias <strong>maquetas<\/strong> y un <strong>disco<\/strong>, y recorr\u00ed <strong>Extremadura<\/strong> y parte de <strong>Espa\u00f1a<\/strong> (incluso <strong>Portugal<\/strong>) con algunas <strong><a title=\"Violent Popes\" href=\"https:\/\/blogs.hoy.es\/loch-lomond\/2011\/02\/25\/violent-popes-empty-man\/\" target=\"_blank\">bandas pacenses<\/a><\/strong>, y que compart\u00ed escenario con lo m\u00e1s puntero de la \u00e9poca.<\/span><\/div>\n<div class=\"mceTemp\"><\/div>\n<p>&nbsp;<\/p>\n<p>&nbsp;<\/p>\n<a href=\"\/loch-lomond\/wp-content\/uploads\/sites\/10\/2012\/12\/Elzar.png\"><img loading=\"lazy\" class=\"size-thumbnail wp-image-1373\" title=\"Elzar\" src=\"\/loch-lomond\/wp-content\/uploads\/sites\/10\/2012\/12\/Elzar.png\" alt=\"El bravo Chef de Futurama, Elzar con su caracter\u00edstica \"Comadreja de especias\" a tres manos.\" width=\"150\" height=\"150\" \/><\/a>\n<p>&nbsp;<\/p>\n<p><span style=\"color: #000000; font-size: medium;\">Estoy decidido y <strong>quiero dar el salto<\/strong>, <strong>quiero formarme, aprender y llegar a ser un gran Chef<\/strong>. Me agrada la idea de pensar que igual, dentro de algunos a\u00f1os, cuando sea algo conocido a nivel regional\u00a0o nacional (\u00bfPor qu\u00e9 no?)\u00a0muchos se sorprender\u00e1n al\u00a0saber de\u00a0mi pasado literario. <\/span><\/p>\n<p>&nbsp;<\/p>\n<p>&nbsp;<\/p>\n<p>&nbsp;<\/p>\n<div id=\"attachment_1368\" style=\"width: 220px\" class=\"wp-caption alignleft\"><a href=\"\/loch-lomond\/wp-content\/uploads\/sites\/10\/2012\/12\/Chicote-Caricatura.jpg\"><img aria-describedby=\"caption-attachment-1368\" loading=\"lazy\" class=\"size-medium wp-image-1368\" title=\"Chicote Caricatura\" src=\"\/loch-lomond\/wp-content\/uploads\/sites\/10\/2012\/12\/Chicote-Caricatura.jpg\" alt=\"Quiero convertirme en un gran Chef. Quiero ser el nuevo Chicote\" width=\"210\" height=\"300\" srcset=\"https:\/\/static-blogs.hoy.es\/wp-content\/uploads\/sites\/10\/2012\/12\/Chicote-Caricatura.jpg 1122w, https:\/\/static-blogs.hoy.es\/wp-content\/uploads\/sites\/10\/2012\/12\/Chicote-Caricatura-210x300.jpg 210w, https:\/\/static-blogs.hoy.es\/wp-content\/uploads\/sites\/10\/2012\/12\/Chicote-Caricatura-768x1095.jpg 768w, https:\/\/static-blogs.hoy.es\/wp-content\/uploads\/sites\/10\/2012\/12\/Chicote-Caricatura-718x1024.jpg 718w\" sizes=\"(max-width: 210px) 100vw, 210px\" \/><\/a><p id=\"caption-attachment-1368\" class=\"wp-caption-text\">\u00a1Quiero convertirme en un gran Chef! \u00a1Quiero ser el nuevo Chicote!<\/p><\/div>\n<p><span style=\"color: #000000;\"><span style=\"font-size: medium;\">\u201c<strong>Enrique Falc\u00f3; el nuevo Chicote<\/strong>\u201d. \u00a1Qu\u00e9 bien suena! <\/span><span style=\"font-size: medium;\">Ya lo s\u00e9 amigos, que estoy corriendo mucho, pero ya saben como soy. <strong>So\u00f1ar resulta barato, casi gratuito<\/strong>, y en los dif\u00edciles tiempos que corren no podemos tambi\u00e9n privarnos de aquellas <strong>ilusiones que despiertan lo mejor de nosotros<\/strong>. Ya tengo incluso un t\u00edtulo sugerido por mi amigo <strong><a title=\"Pancho Casa\u00f1as\" href=\"https:\/\/blogs.hoy.es\/loch-lomond\/2011\/12\/15\/pancho-casanas\/\" target=\"_blank\">Pancho Casa\u00f1as<\/a><\/strong> para <strong>mi primer programa<\/strong> de televisi\u00f3n:\u00a0&#8220;<strong>Recetas con Don, para antes de un Loch Lomond<\/strong>&#8220;. <\/span><\/span><\/p>\n<p><span style=\"color: #000000; font-size: medium;\">\u00a0\u00a0\u00a0\u00a0\u00a0\u00a0\u00a0\u00a0\u00a0\u00a0\u00a0\u00a0\u00a0\u00a0\u00a0\u00a0\u00a0\u00a0\u00a0\u00a0\u00a0\u00a0\u00a0\u00a0\u00a0\u00a0\u00a0\u00a0\u00a0\u00a0\u00a0\u00a0\u00a0\u00a0\u00a0\u00a0\u00a0<\/span><\/p>\n<p>&nbsp;<\/p>\n<p><strong><span style=\"color: #000000; font-size: medium;\">\u00a0\u00a0\u00a0\u00a0\u00a0\u00a0\u00a0\u00a0\u00a0\u00a0\u00a0\u00a0\u00a0\u00a0\u00a0\u00a0\u00a0\u00a0\u00a0\u00a0\u00a0\u00a0\u00a0\u00a0\u00a0\u00a0\u00a0\u00a0\u00a0\u00a0\u00a0\u00a0\u00a0\u00a0\u00a0\u00a0\u00a0\u00a0\u00a0\u00a0\u00a0\u00a0\u00a0\u00a0\u00a0\u00a0\u00a0\u00a0\u00a0\u00a0 \u00a0 \u00a1Bon appetit!<\/span><\/strong><\/p>\n<p>&nbsp;<\/p>\n<p>&nbsp;<\/p>\n<!-- AddThis Advanced Settings generic via filter on the_content --><!-- AddThis Share Buttons generic via filter on the_content -->","protected":false},"excerpt":{"rendered":"<p>&nbsp; &nbsp; Cada vez que hablo a mi madre\u00a0sobre\u00a0mis avances en la cocina reacciona de la misma manera. Me mira como diciendo aquello tan t\u00edpico de las madres \u201c\u00a1Hijo m\u00edo, quien te ha visto y quien te ve!\u201d. Yo creo que en el fondo no se lo cree, o se imagina que realmente lo que [&hellip;]<!-- AddThis Advanced Settings generic via filter on get_the_excerpt --><!-- AddThis Share Buttons generic via filter on get_the_excerpt --><\/p>\n","protected":false},"author":14,"featured_media":0,"comment_status":"open","ping_status":"closed","sticky":false,"template":"","format":"standard","meta":[],"categories":[2],"tags":[173,320,346,466,535,582,607,937,938,939,940,1043,1052,1075,1221,1266,1288,1343,1439,1473,1515,1748,1806,1809,1879,1962,1985,2033,2043,2182,2213,2249,2305,2338,2339,2383,2481,2538,2865,2920,3054,3103,3307,3458,3466,3613,3877,4029,4160,4241,4314,4370,4557,4742,4743,4847,4969],"_links":{"self":[{"href":"https:\/\/blogs.hoy.es\/loch-lomond\/wp-json\/wp\/v2\/posts\/1366"}],"collection":[{"href":"https:\/\/blogs.hoy.es\/loch-lomond\/wp-json\/wp\/v2\/posts"}],"about":[{"href":"https:\/\/blogs.hoy.es\/loch-lomond\/wp-json\/wp\/v2\/types\/post"}],"author":[{"embeddable":true,"href":"https:\/\/blogs.hoy.es\/loch-lomond\/wp-json\/wp\/v2\/users\/14"}],"replies":[{"embeddable":true,"href":"https:\/\/blogs.hoy.es\/loch-lomond\/wp-json\/wp\/v2\/comments?post=1366"}],"version-history":[{"count":0,"href":"https:\/\/blogs.hoy.es\/loch-lomond\/wp-json\/wp\/v2\/posts\/1366\/revisions"}],"wp:attachment":[{"href":"https:\/\/blogs.hoy.es\/loch-lomond\/wp-json\/wp\/v2\/media?parent=1366"}],"wp:term":[{"taxonomy":"category","embeddable":true,"href":"https:\/\/blogs.hoy.es\/loch-lomond\/wp-json\/wp\/v2\/categories?post=1366"},{"taxonomy":"post_tag","embeddable":true,"href":"https:\/\/blogs.hoy.es\/loch-lomond\/wp-json\/wp\/v2\/tags?post=1366"}],"curies":[{"name":"wp","href":"https:\/\/api.w.org\/{rel}","templated":true}]}}