{"id":137,"date":"2010-11-02T00:32:00","date_gmt":"2010-11-02T00:32:00","guid":{"rendered":"http:\/\/blogs.hoy.es\/loch-lomond\/?p=137"},"modified":"2010-11-02T00:32:00","modified_gmt":"2010-11-02T00:32:00","slug":"la-isla-barcelonesa","status":"publish","type":"post","link":"https:\/\/blogs.hoy.es\/loch-lomond\/2010\/11\/02\/la-isla-barcelonesa\/","title":{"rendered":"La isla barcelonesa"},"content":{"rendered":"<p class=\"MsoNormal\" style=\"margin: 0cm 0cm 0pt; text-align: justify; mso-layout-grid-align: none;\"><span style=\"font-size: 10pt; color: navy; font-family: Verdana;\"><span style=\"color: #ff0000;\">&#8220;El Ayuntamiento barcelon\u00e9s, que preside el se\u00f1or Clos, ha decidido que su urbe se convierta en una isla. Por el norte, sur, este y oeste, la bella Ciudad Condal est\u00e1 rodeada de un mar taurino. No es de sorprender que tal cosa ocurra por la parte que limita con la &#8216;b\u00e1rbara y cruel&#8217; Espa\u00f1a. Pero choca un tanto en lo que concierne a la parte de Navarra y el Pa\u00eds Vasco. Claro que en esos lares norte\u00f1os casi todos sus toreros han sido &#8216;maketos infitrados&#8217;, como ocurre, por ejemplo, con Castor Jaurreguibeitia Ibarra, Cocherito de Bilbao, con apellidos muy &#8216;ajenos&#8217; a la realidad vasca.<\/span><\/span><\/p>\n<p class=\"MsoNormal\" style=\"margin: 0cm 0cm 0pt; text-align: justify; mso-layout-grid-align: none;\"><span style=\"font-size: 10pt; color: navy; font-family: Verdana;\"><span style=\"color: #ff0000;\">Y lo m\u00e1s sorprendente es que la otrora dulce Francia se haya convertido en una &#8216;saboteadora de la cultura&#8217; con sus largas ferias de Arles, de Nimes, de Floirac, de Mont de Marsan.<\/span><\/span><\/p>\n<p><span style=\"font-size: 10pt; color: navy; font-family: Verdana;\"><span style=\"color: #ff0000;\">Todo el &#8216;medidodia&#8217; galo presenciando corridas de toros y con protagonistas como Castella o Lor\u00e9, y un largo etc\u00e9tera, que se miran en el espejo del &#8216;neo converso&#8217; Nime\u00f1o II.<\/span><\/span><\/p>\n<p><span style=\"font-size: 10pt; color: navy; font-family: Verdana;\"><span style=\"color: #ff0000;\">\u00a1Que eso es lo que pasa, un grupo de &#8216;b\u00e1rbaros&#8217; contagiados por los espa\u00f1oles! Un grupo de &#8216;neo conversos&#8217; desde hace 180 a\u00f1os&#8230; Desde entonces se celebran corridas de toros en las antiguas Galias.<\/span><\/span><\/p>\n<p><span style=\"font-size: 10pt; color: navy; font-family: Verdana;\"><span style=\"color: #ff0000;\">As\u00ed que Barcelona, (una ciudad en donde mostraron su quehacer en la Monumental gente tan &#8216;poco catalana&#8217; como Joaqu\u00edn Bernardo o Mario Cabr\u00e9) no es que sea una ciudad antitaurina.<\/span><\/span><\/p>\n<p><span style=\"font-size: 10pt; color: navy; font-family: Verdana;\"><span style=\"color: #ff0000;\">Es una ciudad aislada. Y los aislamientos llevan a la diferencia. Y la diferencia, a la desconfianza (propia y ajena).<\/span><\/span><\/p>\n<p><span style=\"font-size: 10pt; color: navy; font-family: Verdana;\"><span style=\"color: #ff0000;\">Pero todo lo da por bien empleado aquel Ayuntamiento si expulsa del entorno cultura barcelon\u00e9s a personajes tan &#8216;espa\u00f1olistas&#8217;, &#8216;grotescos&#8217; y &#8216;decadentes&#8217; como Picasso, Goya, Hemingway, Orson Welles, Lake Price, V\u00edctor Adam, Edward Orme&#8230; por citar solo unos cuantos de &#8216;desarrapados&#8217; amantes del &#8216;degenerado espect\u00e1culo&#8217;. Pues con su pan (con tomate) se lo coman.<\/span><\/span><\/p>\n<p><span style=\"font-size: 10pt; color: navy; font-family: Verdana;\"><span style=\"color: #ff0000;\">Lo que es yo, no pienso catar a partir de ahora ni una butifarra ni un &#8216;espetec&#8217;. Y no por hacer el boicot a los productos catalanes, sino por que entiendo que el Ayuntamiento barcelon\u00e9s tambi\u00e9n prohibir\u00e1 el &#8216;asesinato&#8217; de tantos miles de cerdos con los que se fabrica, por ejemplo, el salchich\u00f3n de Vich. Si no se puede actuar en la Monumental como matador de toros bravos tampoco se podr\u00e1 actuar en el matadero como matador de cerdos mansos. O todos o ninguno. En caso contrario corren el riesgo de una rebeli\u00f3n en la granja.&#8221;<\/span><\/span><\/p>\n<p><span style=\"font-size: 10pt; color: navy; font-family: Verdana;\"><span style=\"color: #330000;\">Enrique Garc\u00eda Calder\u00f3n. Diario HOY 14 de Abril de 2004<\/span><\/span><\/p>\n<p><span style=\"font-size: 10pt; color: navy; font-family: Verdana;\"><span style=\"color: #330000;\"><a href=\"\/loch-lomond\/wp-content\/uploads\/sites\/10\/228739_La_isla_barcelonesa_14042004.pdf\" rel=\"nofollow\">http:\/\/blogs.hoy.es\/blogfiles\/loch-lomond\/228739_La_isla_barcelonesa_14042004.pdf<\/a><\/span><\/span><br \/>\n<span style=\"font-size: 10pt; color: navy; font-family: Verdana;\">El art\u00edculo de hoy lo firma nada menos que el mejor periodista que he conocido jam\u00e1s. Y entre nosotros, eso es decir mucho. Me refiero naturalmente a <span style=\"color: #ff0000;\"><a title=\"ENRIQUE GARC\u00cdA CALDER\u00d3N\" href=\"https:\/\/blogs.hoy.es\/loch-lomond\/2012\/04\/25\/enrique-garcia-calderon\/\" target=\"_blank\">Enrique Garc\u00eda Calder\u00f3n,<\/a><\/span> al que me une por as\u00ed decirlo, una estrecha relaci\u00f3n y algunos v\u00ednculos muy arraigados. Pasando por encima el defecto insalvable de que somos padre e hijo, s\u00f3lo tengo palabras de admiraci\u00f3n para \u00e9l, para el periodista y escritor, al que considero que nunca se le ha reconocido suficientemente su gran dedicaci\u00f3n al Diario HOY y a la importancia de su persona unida necesariamente al deporte extreme\u00f1o y al mundo de los Toros, una de sus grandes pasiones que nunca consigui\u00f3 contagiarme (al contrario que el f\u00fatbol) a pesar de sus innumerables intentos. Como padre poco m\u00e1s hay que se\u00f1alar. Un crack en toda regla.<\/span><\/p>\n<p><span style=\"font-size: 10pt; color: navy; font-family: Verdana;\">Recuerdo con cari\u00f1o cuando me llev\u00f3 con poco m\u00e1s de 10 a\u00f1os a mi primera corrida. Una de la Feria de Badajoz, en la Nueva Plaza de Toros. El cartel era espectacular, creo recordar que Espartaco y Joselito eran las estrellas de la jornada, y a mi menda, lo que m\u00e1s le divirti\u00f3, fue ver como a Espartaco le tiraron en el pase\u00edllo un pavo vivo, que trajo de cabeza a su cuadrilla en su intento por recogerlo. El pavo corr\u00eda que se las pelaba.<\/span><\/p>\n<p>&nbsp;<\/p>\n<p><span style=\"font-size: 10pt; color: navy; font-family: Verdana;\"><img id=\"img_4\" src=\"\/\/www.hoy.es\/noticias\/200906\/22\/Media\/lleno.jpg\" alt=\"\" \/><\/span><\/p>\n<p class=\"MsoNormal\" style=\"margin: 0cm 0cm 0pt; text-align: justify;\"><span style=\"font-size: 10pt; color: navy; font-family: Verdana;\">An\u00e9cdotas aparte, Me van a permitir que haya tomado prestado para empezar hoy mi post un art\u00edculo de mi progenitor, publicado en Diario HOY el 14 de Abril de 2004, cuando empezaban ya a moverse todos los hilos del tema de Barcelona ciudad antitaurina y dem\u00e1s historias, que aunque no nos queramos dar cuenta no son m\u00e1s que problemas con transfondo pol\u00edtico importante.<\/span><\/p>\n<p>&nbsp;<\/p>\n<p><span style=\"font-size: 10pt; color: navy; font-family: Verdana;\"><img id=\"img_3\" src=\"\/\/4.bp.blogspot.com\/_-m_eJ2Umwnc\/S_gRfhGXdwI\/AAAAAAAADn0\/6MxXxl_iUDk\/s400\/prensa.jpg\" alt=\"\" \/><\/span><\/p>\n<p><span style=\"font-size: 10pt; color: navy; font-family: Verdana;\">Es curioso constatar como existen ocasiones en que algo escrito hace tantos a\u00f1os puede estar m\u00e1s de actualidad que nunca. Que cierto es aquello de que las palabras se las lleva el viento, mientras lo escrito permanece impasible e inamovible en el tiempo del que todos nos hayamos prisioneros con predisposici\u00f3n inmediata al s\u00edndrome de Estocolmo.<\/span><\/p>\n<p>&nbsp;<\/p>\n<p><img id=\"img_7\" src=\"\/\/mediamanagementblog.files.wordpress.com\/2009\/08\/save-journalism.jpg?w=468&#038;h=468\" alt=\"\" \/><\/p>\n<p class=\"MsoNormal\" style=\"margin: 0cm 0cm 0pt; text-align: justify;\"><span style=\"font-size: 10pt; color: navy; font-family: Verdana;\">Desde estas lineas mi agradecimiento m\u00e1s especial a <span style=\"color: #ff0000;\">Estefan\u00eda Zarallo<\/span>, responsable de Toros del Diario HOY, que no ha parado de buscar en el archivo hasta que encontr\u00f3 el art\u00edculo de mi padre, del que siempre me cuenta que le hubiera encantado coincidir con \u00e9l, ya que no deja de esuchar an\u00e9cdotas sobre su entendimiento y buen arte del mundo de los toros. Estefan\u00eda, tiene la dif\u00edcil tarea, como la de tantos otros j\u00f3venes periodistas de HOY (No me olvido de mi querido Antonio Jos\u00e9 Armero), de seguir ofreciendo a los extreme\u00f1os la mejor cobertura posible, como ya hicieron en su d\u00eda mi padre y algunos de sus compa\u00f1eros (Fernando Saavedra, Juli\u00e1n Leal, Barquilla, Alfonso Rodr\u00edguez, Manolo L\u00f3pez\u2026 por citar s\u00f3lo algunos de todos los que se me quedan en el tintero).<\/span><\/p>\n<p class=\"MsoNormal\" style=\"margin: 0cm 0cm 0pt; text-align: justify;\"><img id=\"img_2\" src=\"\/\/1.bp.blogspot.com\/_w1gIY_iVat8\/SD7f2FGIDhI\/AAAAAAAAAA8\/4BnXJOcx86w\/s320\/Redacci%C3%B3n+del+peri%C3%B3dico+HOY.jpg\" alt=\"\" \/> <small><span style=\"color: #000000;\">Antigua redacci\u00f3n de HOY en la Plaza de Portugal. Foto tomada del Blog de<\/span> <span style=\"color: #ff0000;\">Jos\u00e9 Rabanel Santander<\/span> &#8220;Badajoz:El Guadiana suena&#8221;.<span style=\"color: #000000;\"> En la foto tomada posiblemente por Alberto G. Willemenot se ve entre otros a Don Antonio Garc\u00eda Orio-Zabala, abuelo de un servidor. El enlace del blog<\/span>: <a href=\"http:\/\/badajozelguadianasuena.blogspot.com\/2008\/05\/recuerdos-de-badajoz-antigua-redaccin.html\" rel=\"nofollow\">http:\/\/badajozelguadianasuena.blogspot.com\/2008\/05\/recuerdos-de-badajoz-antigua-redaccin.html<\/a><\/small><\/p>\n<p class=\"MsoNormal\" style=\"margin: 0cm 0cm 0pt; text-align: justify;\"><span style=\"font-size: 10pt; color: navy; font-family: Verdana;\">Mi copa de LOCH LOMOND se alza hoy en sincero homenaje a aquellos que estuvieron y ya no est\u00e1n, a los que contin\u00faan (Amparo Parra, Joaqu\u00edn Rodr\u00edguez Lara, Cid de Rivera, Evaristo Fern\u00e1ndez de la Vega, Antonio Chac\u00f3n Felipe \u201cEl Zurdo\u201d, Pepo Orantos, Alberto Gonz\u00e1lez\u2026 y tantos otros) y sobre todo a los m\u00e1s j\u00f3venes, en quienes recae ahora la dif\u00edcil responsabilidad de seguir ofreci\u00e9ndonos lo mejor a los lectores del Diario HOY. <\/span><\/p>\n<!-- AddThis Advanced Settings generic via filter on the_content --><!-- AddThis Share Buttons generic via filter on the_content -->","protected":false},"excerpt":{"rendered":"<p>&#8220;El Ayuntamiento barcelon\u00e9s, que preside el se\u00f1or Clos, ha decidido que su urbe se convierta en una isla. Por el norte, sur, este y oeste, la bella Ciudad Condal est\u00e1 rodeada de un mar taurino. No es de sorprender que tal cosa ocurra por la parte que limita con la &#8216;b\u00e1rbara y cruel&#8217; Espa\u00f1a. Pero [&hellip;]<!-- AddThis Advanced Settings generic via filter on get_the_excerpt --><!-- AddThis Share Buttons generic via filter on get_the_excerpt --><\/p>\n","protected":false},"author":14,"featured_media":0,"comment_status":"open","ping_status":"closed","sticky":false,"template":"","format":"standard","meta":[],"categories":[4],"tags":[175,198,246,294,297,484,488,980,1439,1515,1806,1810,1917,1958,2075,2722,2808,2884,3000,3103,3290,3991,5041],"_links":{"self":[{"href":"https:\/\/blogs.hoy.es\/loch-lomond\/wp-json\/wp\/v2\/posts\/137"}],"collection":[{"href":"https:\/\/blogs.hoy.es\/loch-lomond\/wp-json\/wp\/v2\/posts"}],"about":[{"href":"https:\/\/blogs.hoy.es\/loch-lomond\/wp-json\/wp\/v2\/types\/post"}],"author":[{"embeddable":true,"href":"https:\/\/blogs.hoy.es\/loch-lomond\/wp-json\/wp\/v2\/users\/14"}],"replies":[{"embeddable":true,"href":"https:\/\/blogs.hoy.es\/loch-lomond\/wp-json\/wp\/v2\/comments?post=137"}],"version-history":[{"count":0,"href":"https:\/\/blogs.hoy.es\/loch-lomond\/wp-json\/wp\/v2\/posts\/137\/revisions"}],"wp:attachment":[{"href":"https:\/\/blogs.hoy.es\/loch-lomond\/wp-json\/wp\/v2\/media?parent=137"}],"wp:term":[{"taxonomy":"category","embeddable":true,"href":"https:\/\/blogs.hoy.es\/loch-lomond\/wp-json\/wp\/v2\/categories?post=137"},{"taxonomy":"post_tag","embeddable":true,"href":"https:\/\/blogs.hoy.es\/loch-lomond\/wp-json\/wp\/v2\/tags?post=137"}],"curies":[{"name":"wp","href":"https:\/\/api.w.org\/{rel}","templated":true}]}}