{"id":138,"date":"2010-11-04T00:27:00","date_gmt":"2010-11-03T23:27:00","guid":{"rendered":"http:\/\/blogs.hoy.es\/loch-lomond\/?p=138"},"modified":"2010-11-04T00:27:00","modified_gmt":"2010-11-03T23:27:00","slug":"ya-es-navidad-badajoz","status":"publish","type":"post","link":"https:\/\/blogs.hoy.es\/loch-lomond\/2010\/11\/04\/ya-es-navidad-badajoz\/","title":{"rendered":"Ya (casi) es Navidad en Badajoz"},"content":{"rendered":"<div id=\"attachment_1358\" style=\"width: 310px\" class=\"wp-caption aligncenter\"><a href=\"\/loch-lomond\/wp-content\/uploads\/sites\/10\/2010\/11\/navidad-en-badajoz.jpg\"><img aria-describedby=\"caption-attachment-1358\" loading=\"lazy\" class=\"size-medium wp-image-1358\" title=\"navidad-en-badajoz\" src=\"\/loch-lomond\/wp-content\/uploads\/sites\/10\/2010\/11\/navidad-en-badajoz.jpg\" alt=\"Ya (casi) es Navidad en Badajoz\" width=\"300\" height=\"253\" \/><\/a><p id=\"caption-attachment-1358\" class=\"wp-caption-text\">Ya (casi) es Navidad en Badajoz<\/p><\/div>\n<p class=\"MsoNormal\" style=\"margin: 0cm 0cm 0pt; text-align: justify;\"><span style=\"color: #000000; font-family: Verdana; font-size: medium;\"><strong>\u00a0\u00a0\u00a0\u00a0 <\/strong><\/span><\/p>\n<p class=\"MsoNormal\" style=\"margin: 0cm 0cm 0pt; text-align: justify;\">\n<p class=\"MsoNormal\" style=\"margin: 0cm 0cm 0pt; text-align: justify;\"><span style=\"color: #000000; font-family: Verdana; font-size: medium;\"><strong>\u00a0\u00a0\u00a0\u00a0 Ya es Navidad<\/strong>\u2026 en el Corte In\u2026 \u00a1Ups! Quer\u00eda decir <strong>en Badajoz<\/strong>\u2026 O casi. Tras leer en <strong>Diario HOY<\/strong> <a title=\"Noticia en hoy.es\" href=\"http:\/\/www.hoy.es\/v\/20101103\/badajoz\/iluminacion-navidena-adelanta-diez-20101103.html\" target=\"_blank\"><span style=\"color: #000000;\">la noticia<\/span><\/a> m\u00e1s de un <strong>pacense<\/strong> habr\u00e1 pensado lo mismo que el menda. Resulta que si el a\u00f1o pasado, por aquello de la crisis y tal, la iluminaci\u00f3n navide\u00f1a se atras\u00f3 hasta despu\u00e9s del puente de Diciembre, este a\u00f1o sin embargo se adelanta nada menos que al 26 de Noviembre. \u00a1Toma ya! <\/span><\/p>\n<p class=\"MsoNormal\" style=\"margin: 0cm 0cm 0pt; text-align: justify;\">\n<p class=\"MsoNormal\" style=\"margin: 0cm 0cm 0pt; text-align: justify;\">\n<p class=\"MsoNormal\" style=\"margin: 0cm 0cm 0pt; text-align: justify;\"><span style=\"color: #000000; font-family: Verdana; font-size: medium;\"><strong>\u00a0\u00a0\u00a0\u00a0 El objetivo por lo visto es impulsar las compras<\/strong> para dar un peque\u00f1o empuj\u00f3n al <strong>sector comercial<\/strong>, lo que me parece bastante bien. Tambi\u00e9n se pretende <strong>aumentar la captaci\u00f3n del cliente portugu\u00e9s<\/strong>, lo cual es bastante l\u00f3gico, debido a nuestra situaci\u00f3n geogr\u00e1fica, por aquello adem\u00e1s de que en <strong>Portugal no existen los Reyes Magos<\/strong> (ellos se lo pierden) y adelantan antes sus compras navide\u00f1as. Sin olvidar el detalle de que el <strong>1 de Diciembre es festivo para nuestros vecinos<\/strong>.<\/span><\/p>\n<p class=\"MsoNormal\" style=\"margin: 0cm 0cm 0pt; text-align: justify;\">\n<p class=\"MsoNormal\" style=\"margin: 0cm 0cm 0pt; text-align: justify;\">\n<p class=\"MsoNormal\" style=\"margin: 0cm 0cm 0pt; text-align: justify;\">\n<p class=\"MsoNormal\" style=\"margin: 0cm 0cm 0pt; text-align: justify;\">\n<p class=\"MsoNormal\" style=\"margin: 0cm 0cm 0pt; text-align: justify;\"><span style=\"color: #000000; font-family: Verdana; font-size: medium;\"><a href=\"\/loch-lomond\/wp-content\/uploads\/sites\/10\/2010\/11\/Bandera-espa\u00f1a-portugal.png\"><img loading=\"lazy\" class=\"alignleft size-full wp-image-1360\" title=\"Bandera espa\u00f1a- portugal\" src=\"\/loch-lomond\/wp-content\/uploads\/sites\/10\/2010\/11\/Bandera-espa\u00f1a-portugal.png\" alt=\"\" width=\"259\" height=\"194\" \/><\/a><\/span><\/p>\n<p class=\"MsoNormal\" style=\"margin: 0cm 0cm 0pt; text-align: justify;\"><span style=\"color: #000000; font-family: Verdana; font-size: medium;\">\u00a0\u00a0\u00a0 Todo muy bonito y en pos de levantar un sector que las est\u00e1 pasando canutas en los tiempos que corren. Todo genial, pero lo que es innegable es que <strong>el a\u00f1o pasado tampoco celebraban los lusos la llegada de Sus Majestades y adem\u00e1s tambi\u00e9n era fiesta en Portugal el 1 de Diciembre, y no se hizo nada al respecto<\/strong>, y el atraso del encendido hasta despu\u00e9s del <strong>Puente de la Constituci\u00f3n<\/strong> se debi\u00f3 ni m\u00e1s ni menos que al intento de ahorrar en tiempos tan dif\u00edciles. <\/span><\/p>\n<p class=\"MsoNormal\" style=\"margin: 0cm 0cm 0pt; text-align: justify;\">\n<p class=\"MsoNormal\" style=\"margin: 0cm 0cm 0pt; text-align: justify;\">\n<p class=\"MsoNormal\" style=\"margin: 0cm 0cm 0pt; text-align: justify;\"><span style=\"color: #000000; font-family: Verdana; font-size: medium;\">Si <strong>a finales de 2009<\/strong> nos encontr\u00e1bamos en crisis, yo no s\u00e9 en que diablos nos encontraremos ahora, pero seguro que la situaci\u00f3n no ha mejorado, sino todo lo contrario. Encima se nos presenta la idea de que vamos a disponer de <strong>m\u00e1s decoraci\u00f3n y m\u00e1s puntos de luz con el mismo presupuesto que el pasado a\u00f1o<\/strong>. Perm\u00edtanme que no me lo crea, o por lo menos que me muestre terriblemente esc\u00e9ptico.<\/span><\/p>\n<p class=\"MsoNormal\" style=\"margin: 0cm 0cm 0pt; text-align: justify;\"><span style=\"color: #000000; font-family: Verdana; font-size: medium;\"><a href=\"\/loch-lomond\/wp-content\/uploads\/sites\/10\/2010\/11\/Badajoz-Corteingl\u00e9s.jpg\"><img loading=\"lazy\" class=\"alignright size-medium wp-image-1361\" title=\"Badajoz Corteingl\u00e9s\" src=\"\/loch-lomond\/wp-content\/uploads\/sites\/10\/2010\/11\/Badajoz-Corteingl\u00e9s.jpg\" alt=\"\" width=\"300\" height=\"225\" \/><\/a><\/span><\/p>\n<p class=\"MsoNormal\" style=\"margin: 0cm 0cm 0pt; text-align: justify;\">\n<p class=\"MsoNormal\" style=\"margin: 0cm 0cm 0pt; text-align: justify;\">\n<p class=\"MsoNormal\" style=\"margin: 0cm 0cm 0pt; text-align: justify;\"><span style=\"color: #000000; font-family: Verdana; font-size: medium;\">\u00a0\u00a0\u00a0\u00a0 Por otra parte, <strong>nunca he sido partidario de alargar en exceso las fiestas<\/strong>, sean cuales sean, porque no tienen sentido. Escuchar el 7 de diciembre el \u201cNoche de paz\u201d no alberga justificaci\u00f3n alguna, y la decoraci\u00f3n de carnavales un mes despu\u00e9s del entierro de la sardina casi que tampoco. Cuanto menos de comenzarlas antes de tiempo.<\/span><\/p>\n<p class=\"MsoNormal\" style=\"margin: 0cm 0cm 0pt; text-align: justify;\">\n<p class=\"MsoNormal\" style=\"margin: 0cm 0cm 0pt; text-align: justify;\"><span style=\"color: #000000; font-family: Verdana; font-size: medium;\">\u00a0<\/span><\/p>\n<p class=\"MsoNormal\" style=\"margin: 0cm 0cm 0pt; text-align: justify;\"><span style=\"color: #000000; font-family: Verdana; font-size: medium;\">A un servidor le amargaba en su d\u00eda que a finales de Julio ya empezaran con la vuelta al cole, y que ya sea <strong>Navidad en el Corte Ingl\u00e9s cuando a\u00fan no has sacado el abrigo del armario<\/strong> y casi acabas de empaquetar el ba\u00f1ador hasta el verano que viene como que no pega demasiado.<\/span><\/p>\n<p class=\"MsoNormal\" style=\"margin: 0cm 0cm 0pt; text-align: justify;\">\n<p class=\"MsoNormal\" style=\"margin: 0cm 0cm 0pt; text-align: justify;\"><span style=\"color: #000000; font-family: Verdana; font-size: medium;\">\u00a0<\/span><\/p>\n<p class=\"MsoNormal\" style=\"margin: 0cm 0cm 0pt; text-align: justify;\"><span style=\"color: #000000; font-family: Verdana; font-size: medium;\">Por lo tanto, el hecho de que en unos d\u00edas se proceda al alumbrado de Navidad, comprender\u00e1n que <strong>no me hace ni pizca de ilusi\u00f3n<\/strong>. A este paso en unos d\u00edas tendr\u00e9 que dejar aparcado mi adorado <strong>LOCH LOMOND<\/strong> y sustituirlo por <strong>cava catal\u00e1n<\/strong>, o mejor a\u00fan, por <strong>espumosos extreme\u00f1os<\/strong>. <strong>Cada cosa a su tiempo<\/strong> por favor, o nos volver\u00e1n locos.<\/span><\/p>\n<p class=\"MsoNormal\" style=\"margin: 0cm 0cm 0pt; text-align: justify;\">\n<p class=\"MsoNormal\" style=\"margin: 0cm 0cm 0pt; text-align: justify;\">\n<p class=\"MsoNormal\" style=\"margin: 0cm 0cm 0pt; text-align: justify;\"><strong><span style=\"color: #000000; font-family: Verdana; font-size: medium;\">Esta es mi opini\u00f3n y yo a comparto.<\/span><\/strong><\/p>\n<p class=\"MsoNormal\" style=\"margin: 0cm 0cm 0pt; text-align: justify;\"><strong><\/strong><\/p>\n<p class=\"MsoNormal\" style=\"margin: 0cm 0cm 0pt; text-align: justify;\"><strong><\/strong><\/p>\n<!-- AddThis Advanced Settings generic via filter on the_content --><!-- AddThis Share Buttons generic via filter on the_content -->","protected":false},"excerpt":{"rendered":"<p>\u00a0\u00a0\u00a0\u00a0 \u00a0\u00a0\u00a0\u00a0 Ya es Navidad\u2026 en el Corte In\u2026 \u00a1Ups! Quer\u00eda decir en Badajoz\u2026 O casi. Tras leer en Diario HOY la noticia m\u00e1s de un pacense habr\u00e1 pensado lo mismo que el menda. Resulta que si el a\u00f1o pasado, por aquello de la crisis y tal, la iluminaci\u00f3n navide\u00f1a se atras\u00f3 hasta despu\u00e9s del [&hellip;]<!-- AddThis Advanced Settings generic via filter on get_the_excerpt --><!-- AddThis Share Buttons generic via filter on get_the_excerpt --><\/p>\n","protected":false},"author":14,"featured_media":0,"comment_status":"open","ping_status":"closed","sticky":false,"template":"","format":"standard","meta":[],"categories":[5],"tags":[169,211,437,679,872,1086,1116,1232,1439,1515,1621,1806,1901,2549,3103,3171,3641,4160,4608,5181,5332,5333],"_links":{"self":[{"href":"https:\/\/blogs.hoy.es\/loch-lomond\/wp-json\/wp\/v2\/posts\/138"}],"collection":[{"href":"https:\/\/blogs.hoy.es\/loch-lomond\/wp-json\/wp\/v2\/posts"}],"about":[{"href":"https:\/\/blogs.hoy.es\/loch-lomond\/wp-json\/wp\/v2\/types\/post"}],"author":[{"embeddable":true,"href":"https:\/\/blogs.hoy.es\/loch-lomond\/wp-json\/wp\/v2\/users\/14"}],"replies":[{"embeddable":true,"href":"https:\/\/blogs.hoy.es\/loch-lomond\/wp-json\/wp\/v2\/comments?post=138"}],"version-history":[{"count":0,"href":"https:\/\/blogs.hoy.es\/loch-lomond\/wp-json\/wp\/v2\/posts\/138\/revisions"}],"wp:attachment":[{"href":"https:\/\/blogs.hoy.es\/loch-lomond\/wp-json\/wp\/v2\/media?parent=138"}],"wp:term":[{"taxonomy":"category","embeddable":true,"href":"https:\/\/blogs.hoy.es\/loch-lomond\/wp-json\/wp\/v2\/categories?post=138"},{"taxonomy":"post_tag","embeddable":true,"href":"https:\/\/blogs.hoy.es\/loch-lomond\/wp-json\/wp\/v2\/tags?post=138"}],"curies":[{"name":"wp","href":"https:\/\/api.w.org\/{rel}","templated":true}]}}