{"id":1385,"date":"2012-12-24T01:38:49","date_gmt":"2012-12-24T00:38:49","guid":{"rendered":"http:\/\/blogs.hoy.es\/loch-lomond\/?p=1385"},"modified":"2012-12-24T01:38:49","modified_gmt":"2012-12-24T00:38:49","slug":"pesadilla-antes-de-navidad","status":"publish","type":"post","link":"https:\/\/blogs.hoy.es\/loch-lomond\/2012\/12\/24\/pesadilla-antes-de-navidad\/","title":{"rendered":"Pesadilla antes de Navidad"},"content":{"rendered":"<p style=\"text-align: center;\"><span style=\"color: #000000; font-size: medium;\"><strong>Enrique Falc\u00f3<\/strong>. Cin\u00e9filo<\/span><\/p>\n<p>\u00a0<a href=\"\/loch-lomond\/wp-content\/uploads\/sites\/10\/2012\/12\/pesadilla-antes-de-navidad.jpg\"><img loading=\"lazy\" class=\"aligncenter size-full wp-image-1387\" title=\"pesadilla antes de navidad\" src=\"\/loch-lomond\/wp-content\/uploads\/sites\/10\/2012\/12\/pesadilla-antes-de-navidad.jpg\" alt=\"\" width=\"600\" height=\"400\" srcset=\"https:\/\/static-blogs.hoy.es\/wp-content\/uploads\/sites\/10\/2012\/12\/pesadilla-antes-de-navidad.jpg 600w, https:\/\/static-blogs.hoy.es\/wp-content\/uploads\/sites\/10\/2012\/12\/pesadilla-antes-de-navidad-300x200.jpg 300w\" sizes=\"(max-width: 600px) 100vw, 600px\" \/><\/a><\/p>\n<p>&nbsp;<\/p>\n<p><span style=\"color: #000000; font-size: medium;\">Ya s\u00e9 que lo primero que pensar\u00e1n, <strong>mis queridos y desocupados lectores<\/strong>, es que \u00faltimamente me salen <strong>t\u00edtulos muy cin\u00e9filos<\/strong>. Y no voy a negarlo. <strong>Me encanta el cine<\/strong>. Ya saben que opino que el <strong>s\u00e9ptimo arte<\/strong> ayuda, y bastante, a aquel recomendable ejercicio de <strong>cultivar el esp\u00edritu<\/strong>. Pero no teman aquellos que no son amigos de aventuras cin\u00e9filas (<strong><a title=\"\u00a1Que se pierda mi nombre!\" href=\"https:\/\/blogs.hoy.es\/loch-lomond\/2010\/06\/13\/que-se-pierda-mi-nombre\/\" target=\"_blank\">que se pierdan sus nombres<\/a><\/strong>, que dir\u00eda aquel gru\u00f1\u00f3n y dormil\u00f3n espectador de <strong>Cinema Paradiso<\/strong>) que no voy a aburrirles detall\u00e1ndoles el pesti\u00f1o de pel\u00edcula cuyo t\u00edtulo reza id\u00e9ntico al de <strong>esta Tribuna dominguera que ustedes disfrutan, padecen o simplemente leen peri\u00f3dicamente desde hace tres a\u00f1os<\/strong>.<\/span><\/p>\n<p>&nbsp;<\/p>\n<p><span style=\"color: #000000; font-size: medium;\">Adem\u00e1s no puedo evitarlo, \u00a0<strong>Tim Burton<\/strong> (productor de la cinta) me cae gordo, y eso que en su d\u00eda disfrut\u00e9 con \u201c<strong>Bitelch\u00fas<\/strong>\u201d \u201c<strong>Batman<\/strong>\u201d o \u201c<strong>Eduardo Manos Tijeras<\/strong>\u201d. Pero aun no le he perdonado bodrios como \u201c<strong>Mars Attacks<\/strong>\u201d y ni mucho menos aquel lamentable remake de \u201c<strong><a title=\"El Planeta de los Simios\" href=\"https:\/\/blogs.hoy.es\/loch-lomond\/2011\/08\/07\/el-planeta-de-los-simios\/\" target=\"_blank\">El Planeta de los Simios<\/a><\/strong>\u201d con aquellos humanos que incluso sab\u00edan hablar.<\/span><\/p>\n<p>&nbsp;<\/p>\n<p><span style=\"color: #000000; font-size: medium;\">Pero quiz\u00e1s <strong>me tragar\u00eda todas las pel\u00edculas de Tim Burton antes que los bodrios que se empe\u00f1an en emitirnos en Navidad por televisi\u00f3n<\/strong>. Me refiero naturalmente a ese tipo de pelis que yo describo como \u201c<strong>Pel\u00edculas de despu\u00e9s de comer<\/strong>\u201d que por cierto a mi novia le privan. <\/span><\/p>\n<p>&nbsp;<\/p>\n<p><span style=\"color: #000000; font-size: medium;\">Normalmente suelen ser de esas <strong>cintas rodadas directamente para la televisi\u00f3n<\/strong> y que gozan de un guion perfecto para que a pesar de no tener inter\u00e9s ninguno por la pel\u00edcula te quedes hasta el final para ver que pasa, y eso a sabiendas de que eres conocedor del final casi desde el principio.<\/span><\/p>\n<p><a href=\"\/loch-lomond\/wp-content\/uploads\/sites\/10\/2012\/12\/Eduardo-Manos-Tijeras.jpg\"><img loading=\"lazy\" class=\"alignleft size-medium wp-image-1388\" title=\"Eduardo Manos Tijeras\" src=\"\/loch-lomond\/wp-content\/uploads\/sites\/10\/2012\/12\/Eduardo-Manos-Tijeras.jpg\" alt=\"\" width=\"300\" height=\"166\" srcset=\"https:\/\/static-blogs.hoy.es\/wp-content\/uploads\/sites\/10\/2012\/12\/Eduardo-Manos-Tijeras.jpg 750w, https:\/\/static-blogs.hoy.es\/wp-content\/uploads\/sites\/10\/2012\/12\/Eduardo-Manos-Tijeras-300x167.jpg 300w\" sizes=\"(max-width: 300px) 100vw, 300px\" \/><\/a><\/p>\n<p><span style=\"color: #000000; font-size: medium;\">\u00a0Estas pelis durante todo el a\u00f1o suelen llevar t\u00edtulos de esta guisa: \u201cLa sombra de la sospecha\u201d \u201cSeducci\u00f3n inesperada\u201d \u00f3 qu\u00e9 se yo \u201cTraici\u00f3n sin l\u00edmite\u201d \u201cRelaci\u00f3n fatal\u201d\u00a0 o incluso \u201cAccidente mortal\u201d. En estas fechas, desde casi principios de Noviembre, con nuestra manera de alargar por arriba y por abajo las fiestas, se sustituyen por t\u00edtulos que siempre hacen referencia a la Navidad: \u201cPap\u00e1 Noel en apuros\u201d \u201cNavidad de ensue\u00f1o\u201d \u201cNavidades infinitas\u201d \u201csolo en Navidad\u201d y engendros parecidos.<\/span><\/p>\n<p>&nbsp;<\/p>\n<p><span style=\"color: #000000; font-size: medium;\">El otro d\u00eda presenci\u00e9 un <strong>plagio sonrojante<\/strong> en uno de estos telefilms. No recuerdo un t\u00edtulo que adem\u00e1s no merecer\u00eda figurar en estas l\u00edneas, pero era una copia descarada de \u201c<strong>Atrapado en el Tiempo<\/strong>\u201d, la divertida pel\u00edcula protagonizada por <strong>Bill Murray<\/strong> en la que un gru\u00f1\u00f3n periodista se ve condenado a revivir el mismo d\u00eda una y otra vez. En esta \u201cversi\u00f3n\u201d al divertido protagonista lo sustituye una jovencita que ha de revivir el d\u00eda de <strong>Navidad<\/strong> hasta que por fin vuelve a enrollarse con su novio de toda la vida, ayudado por una especie de <strong>\u00e1ngel de pacotilla<\/strong> que tiene que ganarse las alas, sin llegarle a los tobillos a aquel inolvidable personaje de \u201c<strong>Qu\u00e9 bello es vivir<\/strong>\u201d.<\/span><\/p>\n<p>&nbsp;<\/p>\n<p><a href=\"\/loch-lomond\/wp-content\/uploads\/sites\/10\/2012\/12\/Atrapado_en_el_tiempo.jpg\"><img loading=\"lazy\" class=\"alignright size-full wp-image-1389\" title=\"Atrapado_en_el_tiempo\" src=\"\/loch-lomond\/wp-content\/uploads\/sites\/10\/2012\/12\/Atrapado_en_el_tiempo.jpg\" alt=\"\" width=\"400\" height=\"702\" srcset=\"https:\/\/static-blogs.hoy.es\/wp-content\/uploads\/sites\/10\/2012\/12\/Atrapado_en_el_tiempo.jpg 400w, https:\/\/static-blogs.hoy.es\/wp-content\/uploads\/sites\/10\/2012\/12\/Atrapado_en_el_tiempo-171x300.jpg 171w\" sizes=\"(max-width: 400px) 100vw, 400px\" \/><\/a><\/p>\n<p><span style=\"color: #000000; font-size: medium;\">Pero el t\u00edtulo de hoy nos viene que ni pintado para reflejar el sentimiento de muchos en estas fechas, justo antes de la celebrada <strong>cena de Nochebuena<\/strong> y tradicional <strong>comida de Navidad<\/strong>.<\/span><\/p>\n<p>&nbsp;<\/p>\n<p><span style=\"color: #000000; font-size: medium;\">\u00a0Y es que a pesar de que a muchos les pueda parecer una barbaridad <strong>no todos disfrutan especialmente en estos d\u00edas<\/strong>, sino que por el contrario incluso pasan sus peores momentos del a\u00f1o. <\/span><\/p>\n<p>&nbsp;<\/p>\n<p><span style=\"color: #000000; font-size: medium;\">Insisto, <strong>hay personas que hasta se molestan al comprobar que no escribes en el peri\u00f3dico un art\u00edculo sobre el maravilloso sentimiento de paz y amor que reina en las calles<\/strong> (no puedo escribir lo que no siento o percibo) o no dedicas una sonrisa a aquellos ni\u00f1os que te torturan d\u00eda y noche con horribles <strong><a title=\"T\u00f3picos ut\u00f3picos y anecd\u00f3ticos\" href=\"https:\/\/blogs.hoy.es\/loch-lomond\/2012\/11\/25\/topicos-utopicos-y-anecdoticos\/\" target=\"_blank\">villancicos<\/a><\/strong> y una pandereta que no sueltan ni para dormir.<\/span><\/p>\n<p>&nbsp;<\/p>\n<p><span style=\"color: #000000; font-size: medium;\">Y no me refiero solo a trivialidades. Existen quienes de verdad y con raz\u00f3n tendr\u00e1n pocas ganas de fiesta o de celebrar nada. <strong>La Navidad es una \u00e9poca en las que se echa especialmente de menos a aquellos que ya no est\u00e1n con nosotros<\/strong>, lo que implica un sufrimiento para muchos. Es de entender que quienes han sufrido una p\u00e9rdida importante recientemente no gocen de un humor envidiable.<\/span><\/p>\n<p>&nbsp;<\/p>\n<p><span style=\"color: #000000; font-size: medium;\">Quien suscribe, ya les ha contado muchas veces que <a title=\"El pr\u00edncipe destronado\" href=\"https:\/\/blogs.hoy.es\/loch-lomond\/2012\/01\/08\/el-principe-destronado\/\" target=\"_blank\">estas fechas no las disfruta como cuando era ni\u00f1o<\/a>, y <strong>me molesta cada a\u00f1o m\u00e1s el hecho de que estos d\u00edas se trastoque de una u otra manera nuestra realidad cotidiana<\/strong>. Indudablemente una de las causas es que me voy haciendo mayor y ya no creo en aquellos <a title=\"Sin Blanca Navidad\" href=\"https:\/\/blogs.hoy.es\/loch-lomond\/2011\/12\/11\/sin-blanca-navidad\/\" target=\"_blank\">cuentos de Navidad<\/a>, especialmente en estos \u00faltimos y dif\u00edciles a\u00f1os cuando eres testigo del desmoronamiento de la vida de muchos que lo est\u00e1n pasando mal, principalmente aquellos que sin comerlo ni beberlo lo han perdido todo y no tienen ni un techo para subsistir.<\/span><\/p>\n<p>&nbsp;<\/p>\n<div id=\"attachment_1390\" style=\"width: 630px\" class=\"wp-caption aligncenter\"><a href=\"\/loch-lomond\/wp-content\/uploads\/sites\/10\/2012\/12\/no-a-los-despidos-de-Caja-badajoz.jpg\"><img aria-describedby=\"caption-attachment-1390\" loading=\"lazy\" class=\" wp-image-1390\" title=\"no a los despidos de Caja badajoz\" src=\"\/loch-lomond\/wp-content\/uploads\/sites\/10\/2012\/12\/no-a-los-despidos-de-Caja-badajoz.jpg\" alt=\"Desde estas l\u00edenas y este blog estamos de acuerdo. \u00a1No a los despidos ni en Caja Extremadura ni en Caja Badajoz! \u00a1Son nuestras Cajas!\" width=\"620\" height=\"379\" \/><\/a><p id=\"caption-attachment-1390\" class=\"wp-caption-text\">Desde estas l\u00edenas y este blog estamos de acuerdo. \u00a1No a los despidos ni en Caja Extremadura ni en Caja Badajoz! \u00a1Son nuestras Cajas!<\/p><\/div>\n<p><span style=\"color: #000000; font-size: medium;\"><strong>Quiero enviarles un c\u00e1lido abrazo a aquellos trabajadores que acaban de perder su puesto de trabajo de toda la vida sin casi recibir siquiera las gracias<\/strong>. Muchas empresas \u201creesctructuran\u201d, por llamarlo de alguna manera, sus plantillas antes de final de a\u00f1o. Para todos los damnificados, ha supuesto una pesadilla, y encima antes de Navidad. Como cantaba <strong><a title=\"Gabinete Caligari Amor de madre\" href=\"https:\/\/blogs.hoy.es\/loch-lomond\/2010\/10\/16\/amor-madre\/\" target=\"_blank\">Gabinete Caligari<\/a><\/strong>: \u201c<strong><a title=\"En paro\" href=\"https:\/\/blogs.hoy.es\/loch-lomond\/2010\/10\/05\/en-paro\/\" target=\"_blank\">No hay mayor contradicci\u00f3n que exista un trabajador en paro<\/a><\/strong>\u201d.<\/span><\/p>\n<p>&nbsp;<\/p>\n<p><span style=\"color: #000000; font-size: medium;\">No puedo olvidarme de otros que sin embargo aun no saben si mantendr\u00e1n sus empleos a principios de a\u00f1o, como <strong>los trabajadores de Caja Extremadura, o de Caja Badajoz<\/strong>, cuyos responsables ya han anunciado que reducir\u00e1n su plantilla exista acuerdo o no con los sindicatos. Mucho \u00e1nimo y buena suerte.<\/span><\/p>\n<p>&nbsp;<\/p>\n<p><span style=\"color: #000000; font-size: medium;\">Fuera del <strong>fervor religioso<\/strong> o la<strong> sensibler\u00eda<\/strong> he de reconocer que despu\u00e9s de todo <strong>me place especialmente reunirme a cenar con la familia y pasar un rato agradable<\/strong>, con m\u00e1s risas que llantos, y comiendo y bebiendo algo m\u00e1s de la cuenta \u00bfPor qu\u00e9 no? Pero existen momentos en que mi menda no puede dejar de pensar que <strong>la vida no es justa, tampoco en Navidad<\/strong>, y es en ese mismo instante en el que deseo con todas mis fuerzas, aunque solo sea un segundo, que ojal\u00e1 se hicieran realidad aquellos <strong>felices finales de las pel\u00edculas de Navidad de pacotilla.<\/strong><\/span><\/p>\n<p>&nbsp;<\/p>\n<p><span style=\"color: #000000; font-size: medium;\">A riesgo de parecer maleducado no me despedir\u00e9 con un \u201c<strong>feliz Navidad<\/strong>\u201d, ni siquiera con un \u201c<strong>feliz noche<\/strong>\u201d o \u201c<strong>felices fiestas<\/strong>\u201d. Me conformar\u00e9 con desearles, de coraz\u00f3n, que lo suyo no se convierta en <a title=\"Negro\" href=\"https:\/\/blogs.hoy.es\/loch-lomond\/2010\/06\/11\/negro\/\" target=\"_blank\">un mal sue\u00f1o<\/a>, en una <strong>pesadilla antes de Navidad.<\/strong><\/span><\/p>\n<p style=\"text-align: center;\"><em><span style=\"font-size: medium;\">Publicado en <strong>Diario HOY<\/strong> el 23\/12\/2012<\/span><\/em><\/p>\n<p style=\"text-align: center;\"><span style=\"font-size: medium;\"><a href=\"http:\/\/hoy.kioskoymas.com\/epaper\/showlink.aspx?bookmarkid=MO7WRO5ETXQ&#038;preview=magnifier&#038;linkid=87172b43-debc-4ce9-bfba-617f15df0e78&#038;pdaffid=1NEHCXDv4QZRFanP7KJR9A%3d%3d\"><img src=\"\/\/cache2-thumb1.pressdisplay.com\/pressdisplay\/docserver\/getimage.aspx?file=22012012122300000000001001&#038;page=48&#038;scale=23\" alt=\"\" \/><\/a><\/span><\/p>\n<p>&nbsp;<\/p>\n<!-- AddThis Advanced Settings generic via filter on the_content --><!-- AddThis Share Buttons generic via filter on the_content -->","protected":false},"excerpt":{"rendered":"<p>Enrique Falc\u00f3. Cin\u00e9filo \u00a0 &nbsp; Ya s\u00e9 que lo primero que pensar\u00e1n, mis queridos y desocupados lectores, es que \u00faltimamente me salen t\u00edtulos muy cin\u00e9filos. Y no voy a negarlo. Me encanta el cine. Ya saben que opino que el s\u00e9ptimo arte ayuda, y bastante, a aquel recomendable ejercicio de cultivar el esp\u00edritu. Pero no [&hellip;]<!-- AddThis Advanced Settings generic via filter on get_the_excerpt --><!-- AddThis Share Buttons generic via filter on get_the_excerpt --><\/p>\n","protected":false},"author":14,"featured_media":0,"comment_status":"open","ping_status":"closed","sticky":false,"template":"","format":"standard","meta":[],"categories":[2],"tags":[389,563,697,698,888,992,995,996,1094,1376,1416,1439,1515,1696,1781,1806,2032,2047,2048,2080,2097,2103,2216,3641,3652,3907,3969,3972,4027,4028,4089,4297,4305,4644,4660,4891,4901,4981,5056,5057],"_links":{"self":[{"href":"https:\/\/blogs.hoy.es\/loch-lomond\/wp-json\/wp\/v2\/posts\/1385"}],"collection":[{"href":"https:\/\/blogs.hoy.es\/loch-lomond\/wp-json\/wp\/v2\/posts"}],"about":[{"href":"https:\/\/blogs.hoy.es\/loch-lomond\/wp-json\/wp\/v2\/types\/post"}],"author":[{"embeddable":true,"href":"https:\/\/blogs.hoy.es\/loch-lomond\/wp-json\/wp\/v2\/users\/14"}],"replies":[{"embeddable":true,"href":"https:\/\/blogs.hoy.es\/loch-lomond\/wp-json\/wp\/v2\/comments?post=1385"}],"version-history":[{"count":0,"href":"https:\/\/blogs.hoy.es\/loch-lomond\/wp-json\/wp\/v2\/posts\/1385\/revisions"}],"wp:attachment":[{"href":"https:\/\/blogs.hoy.es\/loch-lomond\/wp-json\/wp\/v2\/media?parent=1385"}],"wp:term":[{"taxonomy":"category","embeddable":true,"href":"https:\/\/blogs.hoy.es\/loch-lomond\/wp-json\/wp\/v2\/categories?post=1385"},{"taxonomy":"post_tag","embeddable":true,"href":"https:\/\/blogs.hoy.es\/loch-lomond\/wp-json\/wp\/v2\/tags?post=1385"}],"curies":[{"name":"wp","href":"https:\/\/api.w.org\/{rel}","templated":true}]}}