{"id":1396,"date":"2012-12-30T17:40:29","date_gmt":"2012-12-30T16:40:29","guid":{"rendered":"http:\/\/blogs.hoy.es\/loch-lomond\/?p=1396"},"modified":"2012-12-30T17:40:29","modified_gmt":"2012-12-30T16:40:29","slug":"quien-teme-a-2013","status":"publish","type":"post","link":"https:\/\/blogs.hoy.es\/loch-lomond\/2012\/12\/30\/quien-teme-a-2013\/","title":{"rendered":"\u00bfQui\u00e9n teme a 2013?"},"content":{"rendered":"<p>&nbsp;<\/p>\n<p style=\"text-align: center;\"><span style=\"color: #000000; font-size: medium;\"><strong>Enrique Falc\u00f3<\/strong>. Alguien que se mantiene en sus trece.<\/span><\/p>\n<div id=\"attachment_1398\" style=\"width: 573px\" class=\"wp-caption aligncenter\"><span style=\"color: #000000;\"><a href=\"\/loch-lomond\/wp-content\/uploads\/sites\/10\/2012\/12\/El-n\u00famero-13.jpg\"><span style=\"color: #000000;\"><img aria-describedby=\"caption-attachment-1398\" loading=\"lazy\" class=\"size-full wp-image-1398\" title=\"El n\u00famero 13\" src=\"\/loch-lomond\/wp-content\/uploads\/sites\/10\/2012\/12\/El-n\u00famero-13.jpg\" alt=\"Aunque siempre he sentido simpat\u00eda por \u00e9l, el n\u00famero 13 parece estar asociado a la desgracia. \" width=\"563\" height=\"574\" srcset=\"https:\/\/static-blogs.hoy.es\/wp-content\/uploads\/sites\/10\/2012\/12\/El-n\u00famero-13.jpg 563w, https:\/\/static-blogs.hoy.es\/wp-content\/uploads\/sites\/10\/2012\/12\/El-n\u00famero-13-294x300.jpg 294w\" sizes=\"(max-width: 563px) 100vw, 563px\" \/><\/span><\/a><\/span><p id=\"caption-attachment-1398\" class=\"wp-caption-text\">Aunque siempre he sentido simpat\u00eda por \u00e9l, el n\u00famero 13 parece estar asociado a la desgracia.<\/p><\/div>\n<p><span style=\"color: #000000; font-size: medium;\"><strong>Siempre he sentido simpat\u00eda por el n\u00famero 13<\/strong>, y me despierta algo de risa am\u00e9n de cierta l\u00e1stima aquellos que no se atreven a pronunciar esa cifra fatal del calendario, como si se refirieran a \u201c<strong>Quien tu sabes<\/strong>\u201d o \u201c<strong>aquel que no debe ser nombrado<\/strong>\u201d en los libros de <strong>Harry Potter<\/strong>, que ya saben que me gustan a mi las aventuras de mi tocayo mago m\u00e1s que comer alitas de pollo a la brasa con la <strong>salsa picantona<\/strong> que he aprendido a hacer viendo a <strong>Alberto Chicote<\/strong> en \u201c<strong>Pesadilla en la cocina<\/strong>\u201d.<\/span><\/p>\n<p>&nbsp;<\/p>\n<p><span style=\"color: #000000; font-size: medium;\"><strong>Nunca he sido supersticioso<\/strong>, entre otras cosas porque siempre me ha parecido una <strong>gilipollez<\/strong> como un templo. La primera vez que tuve constancia de que exist\u00eda la <strong>mala fortuna<\/strong> fue cuando pas\u00e9 sin darme cuenta <strong>debajo de una escalera<\/strong>. No s\u00e9 si fueron mis primos o algunos de mis amigos quienes muertos de miedo me auguraron <strong>la peor de las desgracias<\/strong>. Aquello era tan est\u00fapido que no se sosten\u00eda, pero \u00bfy si precisamente por eso era verdad? \u00bfQui\u00e9n era el menda a sus pocos a\u00f1os para burlar <strong>los designios del destino<\/strong> as\u00ed como as\u00ed?<\/span><\/p>\n<p>&nbsp;<\/p>\n<div id=\"attachment_1399\" style=\"width: 330px\" class=\"wp-caption alignleft\"><span style=\"color: #000000;\"><a href=\"\/loch-lomond\/wp-content\/uploads\/sites\/10\/2012\/12\/numero-13.png\"><span style=\"color: #000000;\"><img aria-describedby=\"caption-attachment-1399\" loading=\"lazy\" class=\"size-full wp-image-1399\" title=\"numero 13\" src=\"\/loch-lomond\/wp-content\/uploads\/sites\/10\/2012\/12\/numero-13.png\" alt=\"Como me gustaba aquel Conde Dr\u00e1cula de Barrio S\u00e9samo al que le pirraba contar.\" width=\"320\" height=\"320\" srcset=\"https:\/\/static-blogs.hoy.es\/wp-content\/uploads\/sites\/10\/2012\/12\/numero-13.png 320w, https:\/\/static-blogs.hoy.es\/wp-content\/uploads\/sites\/10\/2012\/12\/numero-13-150x150.png 150w, https:\/\/static-blogs.hoy.es\/wp-content\/uploads\/sites\/10\/2012\/12\/numero-13-300x300.png 300w\" sizes=\"(max-width: 320px) 100vw, 320px\" \/><\/span><\/a><\/span><p id=\"caption-attachment-1399\" class=\"wp-caption-text\">Como me gustaba aquel Conde Dr\u00e1cula de Barrio S\u00e9samo al que le pirraba contar.<\/p><\/div>\n<p><span style=\"color: #000000; font-size: medium;\">\u00a0As\u00ed que, algo intranquilo decid\u00ed solucionar el asunto de la \u00fanica manera posible. Seg\u00fan me contaron, por lo visto hab\u00eda que volver a pasar debajo de la escalera caminando de espaldas. Fue en ese momento cuando casi tropec\u00e9 y estuve a punto de darme un culazo interesante. Aquello si que hubiera sido una desgracia para mi se\u00f1or culo. A partir de ese momento decid\u00ed que <strong>las supersticiones me chupaban un pie<\/strong>, como a <strong>Manolito \u201cGafotas\u201d<\/strong>, y que no solo <strong>no las temer\u00eda<\/strong>, sino que <strong>me enfrentar\u00eda a ellas con cierto despojo y descaro<\/strong>, y por qu\u00e9 no, con algo de cachondeo, chote\u00e1ndome de los est\u00fapidos que se asustan al ver un <strong>gato negro<\/strong> o de quienes son capaces de saltar y romperse la crisma para no les <strong>barran los pies<\/strong> accidentalmente, evitando as\u00ed en ansiado casorio.<\/span><\/p>\n<p>&nbsp;<\/p>\n<p><span style=\"color: #000000; font-size: medium;\">Lo de <strong>la simpat\u00eda al 13<\/strong> ayuda quiz\u00e1s que durante mis primeros a\u00f1os de escuela en <strong><a title=\"General Navarro\" href=\"https:\/\/blogs.hoy.es\/loch-lomond\/2010\/06\/20\/general-navarro\/\" target=\"_blank\"><span style=\"color: #000000;\">el General Navarro<\/span><\/a><\/strong> yo era <strong>el alumno n\u00famero 13<\/strong>. <\/span><\/p>\n<p>&nbsp;<\/p>\n<p><span style=\"color: #000000; font-size: medium;\">Suena a t\u00edtulo cinematogr\u00e1fico, pero era tan real como la vida misma. Puede parecer una\u00a0chorrada pero en mi \u00e9poca de estudiante lo del n\u00famero no era ninguna tonter\u00eda. Cuando los maestros decid\u00edan sacar a alg\u00fan alumno a la pizarra a recitar la lecci\u00f3n siempre se val\u00edan de sortear los n\u00fameros, y aquel que correspondiera con su n\u00famero en clase estaba condenado al fracaso. O por el contrario, cuando hac\u00edan llegar a nuestra clase entradas para el <strong>C.D. Badajoz<\/strong>, el circo o el cine, tambi\u00e9n se val\u00edan de este m\u00e9todo para regalarlas entre los alumnos.<\/span><\/p>\n<p><span style=\"color: #000000;\"><a href=\"\/loch-lomond\/wp-content\/uploads\/sites\/10\/2012\/12\/a\u00f1o-2013.jpg\"><span style=\"color: #000000;\"><img loading=\"lazy\" class=\"alignright size-full wp-image-1400\" title=\"a\u00f1o 2013\" src=\"\/loch-lomond\/wp-content\/uploads\/sites\/10\/2012\/12\/a\u00f1o-2013.jpg\" alt=\"\" width=\"289\" height=\"174\" \/><\/span><\/a><\/span><\/p>\n<p><span style=\"color: #000000; font-size: medium;\">Parece que <strong>la gente le tiene miedo al 13 de la manera m\u00e1s tonta<\/strong>, y est\u00e1n convencidos de que el a\u00f1o que viene ser\u00e1 un a\u00f1o dif\u00edcil y m\u00e1s duro que este 2012 si cabe. Voy a confesarles un notici\u00f3n: El que piense lo contrario no es consciente de los tiempos que vivimos o es un optimista nato y so\u00f1ador. Pero no porque vayamos a comenzar 2013, sino por las circunstancias en las que nos vemos obligados a desenvolvernos en estos duros tiempos. <strong>Si el a\u00f1o inminente supusiera por ejemplo 2015 o 2021, no creo que nuestras expectativas fueran a cambiar.<\/strong><\/span><\/p>\n<p>&nbsp;<\/p>\n<p><span style=\"color: #000000; font-size: medium;\"><strong>Ha sido un a\u00f1o dif\u00edcil<\/strong>, casi para olvidar. Me acuerdo con cierta nostalgia cuando comenz\u00f3 todo esto de la crisis, en los meses previos a las elecciones de 2008, cuando algunos la ve\u00edan venir y otros no supieron o no quisieron verla, y la negaron bastante m\u00e1s veces que las tres que San Pedro neg\u00f3 a Cristo. Los m\u00e1s supersticiosos dir\u00edan que con la que nos ha ca\u00eddo encima seguro que la negaron 13 veces. Recuerdo que el \u00faltimo trimestre de 2009 fue horrible, y algunos agoreros nos recordaban que esto no era para tanto. \u201c\u00bfY os quej\u00e1is de este a\u00f1o?-\u00a0 dec\u00edan algunos con guasa \u201cPues ver\u00e9is 2010, ver\u00e9is\u201d.<\/span><\/p>\n<p>&nbsp;<\/p>\n<p><span style=\"color: #000000; font-size: medium;\">Es curioso pero nunca dijeron nada de 2011 ni 2012, y han sido si cabe, a\u00f1os bastante m\u00e1s desgraciados en todos los aspectos. Desde luego, <strong>pol\u00edtica y econ\u00f3micamente, este ha sido un a\u00f1o decepcionante, para nuestro pa\u00eds y nuestra regi\u00f3n<\/strong>. Aunque como siempre, quien suscribe prefiere quedarse con las cosas buenas.<\/span><\/p>\n<p>&nbsp;<\/p>\n<div id=\"attachment_1401\" style=\"width: 310px\" class=\"wp-caption alignleft\"><span style=\"color: #000000;\"><a href=\"\/loch-lomond\/wp-content\/uploads\/sites\/10\/2012\/12\/Mortadelo-Digital.jpg\"><span style=\"color: #000000;\"><img aria-describedby=\"caption-attachment-1401\" loading=\"lazy\" class=\"size-medium wp-image-1401\" title=\"Mortadelo Digital\" src=\"\/loch-lomond\/wp-content\/uploads\/sites\/10\/2012\/12\/Mortadelo-Digital.jpg\" alt=\"Mortadelo tambi\u00e9n da el salto al mundo digital... igual que Don de Loch Lomond. \u00a1Los grandes siempre en cabeza!\" width=\"300\" height=\"168\" srcset=\"https:\/\/static-blogs.hoy.es\/wp-content\/uploads\/sites\/10\/2012\/12\/Mortadelo-Digital.jpg 644w, https:\/\/static-blogs.hoy.es\/wp-content\/uploads\/sites\/10\/2012\/12\/Mortadelo-Digital-300x169.jpg 300w\" sizes=\"(max-width: 300px) 100vw, 300px\" \/><\/span><\/a><\/span><p id=\"caption-attachment-1401\" class=\"wp-caption-text\">Mortadelo tambi\u00e9n da el salto al mundo digital... igual que Don de Loch Lomond. \u00a1Los grandes siempre en cabeza!<\/p><\/div>\n<p><span style=\"color: #000000; font-size: medium;\">De acuerdo que <strong>a la mayor\u00eda no nos va todo lo bien que nos gustar\u00eda<\/strong>, y que casi no podemos obtener ning\u00fan tipo de ocio sin empe\u00f1ar la muela de oro, como hac\u00eda <strong>Filem\u00f3n<\/strong> en los <strong>c\u00f3mics de Mortadelo<\/strong>, ni pr\u00e1cticamente nos dejan ya caer enfermos, cuanto menos estudiar. <strong>Comer nos cuesta m\u00e1s que nunca<\/strong>, tanto fuera como en casa, y hablando de cuestas, <strong>se nos hace m\u00e1s cuesta arriba que nunca atender a nuestras facturas y pr\u00e9stamos.<\/strong><\/span><\/p>\n<p>&nbsp;<\/p>\n<p><span style=\"color: #000000; font-size: medium;\"><strong>Pero estamos vivos se\u00f1ores<\/strong>, que despu\u00e9s de todo es de lo que se trata. Como todos ustedes, <strong>tengo amigos, familiares y compa\u00f1eros que se han quedado sin trabajo, sin negocio e incluso sin casa, pero la vida sigue<\/strong>. Cualquier problema que exista, por muy grave que parezca, puede tener soluci\u00f3n, excepto <strong>la muerte<\/strong>, esa pu\u00f1etera mal nacida contra la que comenzamos una larga carrera de obst\u00e1culos desde el momento en que nacemos y que siempre acaba en favor de <strong>La Parca<\/strong>.<\/span><\/p>\n<p>&nbsp;<\/p>\n<p><span style=\"color: #000000; font-size: medium;\"><strong>No teman al a\u00f1o que se nos presenta cuando aun nos queda toda la jornada de ma\u00f1ana para despedir este 2012 con un hasta nunca. Nos quedan 365 d\u00edas para plantarle cara. F\u00edjense, de momento uno menos que este \u00faltimo<\/strong>.<\/span><\/p>\n<p>&nbsp;<\/p>\n<div id=\"attachment_1402\" style=\"width: 160px\" class=\"wp-caption alignright\"><span style=\"color: #000000;\"><a href=\"\/loch-lomond\/wp-content\/uploads\/sites\/10\/2012\/12\/Los-simpsons-feliz-a\u00f1o.jpg\"><span style=\"color: #000000;\"><img aria-describedby=\"caption-attachment-1402\" loading=\"lazy\" class=\"size-thumbnail wp-image-1402\" title=\"Los simpsons feliz a\u00f1o\" src=\"\/loch-lomond\/wp-content\/uploads\/sites\/10\/2012\/12\/Los-simpsons-feliz-a\u00f1o.jpg\" alt=\"\u00a1FELIZ 2013!\" width=\"150\" height=\"150\" \/><\/span><\/a><\/span><p id=\"caption-attachment-1402\" class=\"wp-caption-text\">\u00a1FELIZ 2013!<\/p><\/div>\n<p><span style=\"color: #000000;\"><span style=\"font-size: medium;\">\u00a0<\/span><span style=\"font-size: medium;\">Personalmente<\/span><span style=\"font-size: medium;\"> <strong>el menda siempre lo recordar\u00e1 como el a\u00f1o en que public\u00f3 su primer libro, \u201c<a title=\"Alimento espiritual\" href=\"https:\/\/blogs.hoy.es\/loch-lomond\/2012\/04\/19\/alimento-espiritual\/\" target=\"_blank\"><span style=\"color: #000000;\">Don de Loch Lomond<\/span><\/a><\/strong>\u201d, <strong>que incluso <a title=\"Don de Loch Lomond ebook para Kindle Amazon\" href=\"http:\/\/www.amazon.es\/Don-de-Loch-Lomond-ebook\/dp\/B00AREGGDE\/ref=sr_1_1?s=books&#038;ie=UTF8&#038;qid=1356141454&#038;sr=1-1\" target=\"_blank\"><span style=\"color: #000000;\">ya puede adquirirse en formato digital<\/span><\/a><\/strong>. Espero poder recordar <strong>2013<\/strong> como el a\u00f1o en que me hice inmensamente rico con los d\u00f3lares ganados con la venta de mis libros o en el que me convert\u00ed en <strong><a title=\"Enrique Falc\u00f3; el nuevo Chicote\" href=\"https:\/\/blogs.hoy.es\/loch-lomond\/2012\/12\/12\/enrique-falco-el-nuevo-chicote\/\" target=\"_blank\"><span style=\"color: #000000;\">el nuevo Chicote<\/span><\/a><\/strong>, pero sea como fuere, all\u00ed estar\u00e9 cada domingo para intentar que <strong>mis queridos y desocupados lectores de HOY<\/strong>, disfruten su primera taza de caf\u00e9 con alguna que otra sonrisa. \u00bf<strong>Qui\u00e9n teme a 2013<\/strong>? Agoreros y supersticiosos\u2026 \u00a1Abst\u00e9nganse!<\/span><\/span><\/p>\n<p>&nbsp;<\/p>\n<p>&nbsp;<\/p>\n<p style=\"text-align: center;\"><span style=\"color: #000000; font-size: medium;\">Publicado en <strong>Diario HOY<\/strong> el 30\/12\/2012<\/span><\/p>\n<p style=\"text-align: center;\"><span style=\"font-size: medium;\"><a href=\"http:\/\/hoy.kioskoymas.com\/epaper\/showlink.aspx?bookmarkid=PJQ0LVDD1A43&#038;preview=magnifier&#038;linkid=97801a5f-7bac-4138-a6d6-e6b260f3cb82&#038;pdaffid=1NEHCXDv4QZRFanP7KJR9A%3d%3d\"><img src=\"\/\/cache2-thumb1.pressdisplay.com\/pressdisplay\/docserver\/getimage.aspx?file=22012012123000000000001001&#038;page=28&#038;scale=23\" alt=\"\" \/><\/a><\/span><\/p>\n<!-- AddThis Advanced Settings generic via filter on the_content --><!-- AddThis Share Buttons generic via filter on the_content -->","protected":false},"excerpt":{"rendered":"<p>&nbsp; Enrique Falc\u00f3. Alguien que se mantiene en sus trece. Siempre he sentido simpat\u00eda por el n\u00famero 13, y me despierta algo de risa am\u00e9n de cierta l\u00e1stima aquellos que no se atreven a pronunciar esa cifra fatal del calendario, como si se refirieran a \u201cQuien tu sabes\u201d o \u201caquel que no debe ser nombrado\u201d [&hellip;]<!-- AddThis Advanced Settings generic via filter on get_the_excerpt --><!-- AddThis Share Buttons generic via filter on get_the_excerpt --><\/p>\n","protected":false},"author":14,"featured_media":0,"comment_status":"open","ping_status":"closed","sticky":false,"template":"","format":"standard","meta":[],"categories":[8],"tags":[24,36,148,173,324,490,666,992,999,1090,1400,1402,1420,1515,1516,1806,1809,2250,2386,2892,2901,2903,3054,3103,3252,3255,3396,3553,3576,3917,4029,4315,4831,4890,5078,5084,5383],"_links":{"self":[{"href":"https:\/\/blogs.hoy.es\/loch-lomond\/wp-json\/wp\/v2\/posts\/1396"}],"collection":[{"href":"https:\/\/blogs.hoy.es\/loch-lomond\/wp-json\/wp\/v2\/posts"}],"about":[{"href":"https:\/\/blogs.hoy.es\/loch-lomond\/wp-json\/wp\/v2\/types\/post"}],"author":[{"embeddable":true,"href":"https:\/\/blogs.hoy.es\/loch-lomond\/wp-json\/wp\/v2\/users\/14"}],"replies":[{"embeddable":true,"href":"https:\/\/blogs.hoy.es\/loch-lomond\/wp-json\/wp\/v2\/comments?post=1396"}],"version-history":[{"count":0,"href":"https:\/\/blogs.hoy.es\/loch-lomond\/wp-json\/wp\/v2\/posts\/1396\/revisions"}],"wp:attachment":[{"href":"https:\/\/blogs.hoy.es\/loch-lomond\/wp-json\/wp\/v2\/media?parent=1396"}],"wp:term":[{"taxonomy":"category","embeddable":true,"href":"https:\/\/blogs.hoy.es\/loch-lomond\/wp-json\/wp\/v2\/categories?post=1396"},{"taxonomy":"post_tag","embeddable":true,"href":"https:\/\/blogs.hoy.es\/loch-lomond\/wp-json\/wp\/v2\/tags?post=1396"}],"curies":[{"name":"wp","href":"https:\/\/api.w.org\/{rel}","templated":true}]}}