{"id":1404,"date":"2013-01-07T16:22:52","date_gmt":"2013-01-07T15:22:52","guid":{"rendered":"http:\/\/blogs.hoy.es\/loch-lomond\/?p=1404"},"modified":"2013-01-07T16:22:52","modified_gmt":"2013-01-07T15:22:52","slug":"el-roscon","status":"publish","type":"post","link":"https:\/\/blogs.hoy.es\/loch-lomond\/2013\/01\/07\/el-roscon\/","title":{"rendered":"El rosc\u00f3n"},"content":{"rendered":"<p>&nbsp;<\/p>\n<p style=\"text-align: center;\"><span style=\"color: #000000; font-size: medium;\"><strong>Enrique Falc\u00f3<\/strong>. Rosconero tradicional<\/span><\/p>\n<div id=\"attachment_1405\" style=\"width: 522px\" class=\"wp-caption aligncenter\"><a href=\"\/loch-lomond\/wp-content\/uploads\/sites\/10\/2013\/01\/Rosc\u00f3n-de-reyes.jpg\"><img aria-describedby=\"caption-attachment-1405\" loading=\"lazy\" class=\"size-full wp-image-1405\" title=\"Rosc\u00f3n de reyes\" src=\"\/loch-lomond\/wp-content\/uploads\/sites\/10\/2013\/01\/Rosc\u00f3n-de-reyes.jpg\" alt=\"El delicioso Rosc\u00f3n de reyes en la ma\u00f1ana del 6 de Enero es una tradici\u00f3n que practico con devoci\u00f3n s\u00ed o s\u00ed.\" width=\"512\" height=\"349\" srcset=\"https:\/\/static-blogs.hoy.es\/wp-content\/uploads\/sites\/10\/2013\/01\/Rosc\u00f3n-de-reyes.jpg 512w, https:\/\/static-blogs.hoy.es\/wp-content\/uploads\/sites\/10\/2013\/01\/Rosc\u00f3n-de-reyes-300x204.jpg 300w\" sizes=\"(max-width: 512px) 100vw, 512px\" \/><\/a><p id=\"caption-attachment-1405\" class=\"wp-caption-text\">El delicioso Rosc\u00f3n de reyes en la ma\u00f1ana del 6 de Enero es una tradici\u00f3n que practico con devoci\u00f3n s\u00ed o s\u00ed.<\/p><\/div>\n<p><span style=\"color: #000000; font-size: medium;\">Ya les dej\u00e9 bien claro la semana pasada, en <a title=\"\u00a1Quien teme a 2013?\" href=\"https:\/\/blogs.hoy.es\/loch-lomond\/2012\/12\/30\/quien-teme-a-2013\/\" target=\"_blank\">mi \u00faltimo art\u00edculo del a\u00f1o<\/a>, que <strong>no soy amigo ni simpatizante de superstici\u00f3n alguna<\/strong>, y que para m\u00e1s inri, <strong>practico mofa y befa para con quienes se muestran d\u00e9biles ante pensamientos que no tienen cabida dentro de la sesera de una personal \u201cnormal\u201d del siglo XXI<\/strong>, si bien es cierto que tambi\u00e9n les he insistido en m\u00e1s de una ocasi\u00f3n que hoy en d\u00eda, <a title=\"Ser normal no es f\u00e1cil\" href=\"http:\/\/www.hoy.es\/v\/20110220\/opinion\/normal-facil-20110220.html\" target=\"_blank\">ser normal exige mucho<\/a>.<\/span><\/p>\n<p>&nbsp;<\/p>\n<p><span style=\"color: #000000; font-size: medium;\">Parecidas a <strong>las supersticiones<\/strong>, las man\u00edas tampoco gozan de mi benepl\u00e1cito, si bien estas en lugar de mostrar un <strong>bajo nivel cultural<\/strong> se inclinan m\u00e1s por dejar en evidencia que <strong>aquellos que las practican no est\u00e1n del todo bien de la chaveta<\/strong>.<\/span><\/p>\n<p>&nbsp;<\/p>\n<p><span style=\"color: #000000; font-size: medium;\">Se empieza de peque\u00f1o, <strong>temiendo pasar por debajo de una escalera<\/strong>, despu\u00e9s de adolescente, \u00a0<strong>cruzando los dedos<\/strong> antes de recibir la nota de un examen y se termina de adulto <strong>tocando cada farola que vemos por la calle, asust\u00e1ndonos de los calvos y los pelirrojos y cag\u00e1ndonos de miedo cuando nos cruzamos con un gato negro o con una gitanilla que vende romero y nos dice que nos va a poner dos velas negras.<\/strong><\/span><\/p>\n<p>&nbsp;<\/p>\n<div id=\"attachment_1407\" style=\"width: 310px\" class=\"wp-caption alignleft\"><a href=\"\/loch-lomond\/wp-content\/uploads\/sites\/10\/2013\/01\/dos-velas-negras.jpg\"><img aria-describedby=\"caption-attachment-1407\" loading=\"lazy\" class=\"size-medium wp-image-1407\" title=\"dos velas negras\" src=\"\/loch-lomond\/wp-content\/uploads\/sites\/10\/2013\/01\/dos-velas-negras.jpg\" alt=\"\u00a1Aunque parezca de cachondeo a m\u00e1s de una persona le da yuyu que le digan esto!\" width=\"300\" height=\"265\" srcset=\"https:\/\/static-blogs.hoy.es\/wp-content\/uploads\/sites\/10\/2013\/01\/dos-velas-negras.jpg 400w, https:\/\/static-blogs.hoy.es\/wp-content\/uploads\/sites\/10\/2013\/01\/dos-velas-negras-300x266.jpg 300w\" sizes=\"(max-width: 300px) 100vw, 300px\" \/><\/a><p id=\"caption-attachment-1407\" class=\"wp-caption-text\">\u00a1Aunque parezca de cachondeo a m\u00e1s de una persona le da yuyu que le digan esto!<\/p><\/div>\n<p><span style=\"color: #000000; font-size: medium;\">Pero <strong>no confundamos supersticiones y man\u00edas con tradiciones<\/strong>. Y es que precisamente al menda, estas \u00faltimas no le importunan ni disgustan, y no permite que las incluyan en el mismo saco que a las primeras. Lo de <strong>tomar las doce uvas durante las campanadas en fin de a\u00f1o la considero una tradici\u00f3n curiosa, incluso bonita, aunque quien suscribe hace ya muchos a\u00f1os que no la practique.<\/strong><\/span><\/p>\n<p>&nbsp;<\/p>\n<p><span style=\"color: #000000; font-size: medium;\">A mi <strong>las uvas no me gustan<\/strong>, como casi ninguna fruta (\u201c\u00a1As\u00ed est\u00e1s de gordo!\u201d &#8211; Me dice mi madre) lo que me gusta es la fermentaci\u00f3n de la uva, ustedes ya me entienden. <strong>Era rid\u00edculo meterse doce uvas en la boca para luego escupirlas<\/strong>. As\u00ed que no s\u00e9 realmente como ocurri\u00f3, un 31 de diciembre, a los 10 \u00f3 12 a\u00f1os,\u00a0 dije que no tomaba uvas y desde entonces hasta ahora.<\/span><\/p>\n<p>&nbsp;<\/p>\n<p><span style=\"color: #000000; font-size: medium;\">Con las uvas me ocurri\u00f3 lo mismo que con <strong><a title=\"La cabalgata es una lata\" href=\"https:\/\/blogs.hoy.es\/loch-lomond\/2011\/01\/05\/la-cabalgata-es-lata\/\" target=\"_blank\">la cabalgata<\/a><\/strong>. Cuando me di cuenta que no estaba obligado a ir a verla dej\u00e9 de acudir a aquel <strong>rollazo interminable que no me hac\u00eda ni pizca de ilusi\u00f3n<\/strong>. S\u00ed, ya s\u00e9 que pensar\u00e1n que qu\u00e9 ni\u00f1o m\u00e1s raro, pero es que realmente <strong>nunca me gust\u00f3 ver las carrozas<\/strong>, y <strong>los pocos caramelos que sacaba en limpio se me antojaban insuficientes para compensar tanta dosis de sopor y peligro<\/strong>. <\/span><\/p>\n<p>&nbsp;<\/p>\n<p><span style=\"color: #000000; font-size: medium;\">S\u00ed, <strong>mis queridos y desocupados lectores<\/strong>, han le\u00eddo bien, peligro. Existe <strong>mucha mala leche<\/strong> encima de esas carrozas, y <strong>muchos tiran a dar con los caramelos<\/strong>, y eso si no resultas aplastado por la muchedumbre, que se arroja ante unos sencillos caramelos como si fueran billetes de 500 Euros.<\/span><\/p>\n<p>&nbsp;<\/p>\n<div id=\"attachment_1408\" style=\"width: 310px\" class=\"wp-caption alignright\"><a href=\"\/loch-lomond\/wp-content\/uploads\/sites\/10\/2013\/01\/Cabalgata-Badajoz.jpg\"><img aria-describedby=\"caption-attachment-1408\" loading=\"lazy\" class=\"size-medium wp-image-1408\" title=\"Cabalgata Badajoz\" src=\"\/loch-lomond\/wp-content\/uploads\/sites\/10\/2013\/01\/Cabalgata-Badajoz.jpg\" alt=\"Mis m\u00e1s reverenciales respetos a Sus Majestades... \u00a1Pero la Cabalgata es una lata!\" width=\"300\" height=\"175\" srcset=\"https:\/\/static-blogs.hoy.es\/wp-content\/uploads\/sites\/10\/2013\/01\/Cabalgata-Badajoz.jpg 600w, https:\/\/static-blogs.hoy.es\/wp-content\/uploads\/sites\/10\/2013\/01\/Cabalgata-Badajoz-300x176.jpg 300w\" sizes=\"(max-width: 300px) 100vw, 300px\" \/><\/a><p id=\"caption-attachment-1408\" class=\"wp-caption-text\">Mis m\u00e1s reverenciales respetos a Sus Majestades... \u00a1Pero la Cabalgata es una lata!<\/p><\/div>\n<p><span style=\"color: #000000; font-size: medium;\">En definitiva, que <strong>aunque uno se comporte desde que se ha hecho viejo y gru\u00f1\u00f3n como <a title=\"El pr\u00edncipe destronado\" href=\"https:\/\/blogs.hoy.es\/loch-lomond\/2012\/01\/08\/el-principe-destronado\/\" target=\"_blank\">una especie de Mr. Scrooge de pacotilla<\/a><\/strong> en estas fechas (los fantasmas a mi no se me aparecen s\u00f3lo en Navidad, y seguro que a ustedes tampoco) <strong>no quiere decir que no sea una persona que mire con buenos ojos algunas tradiciones.<\/strong><\/span><\/p>\n<p>&nbsp;<\/p>\n<p><span style=\"color: #000000; font-size: medium;\">Adivinar\u00e1n por <strong>mi oronda fisonom\u00eda<\/strong> (que dir\u00eda <strong><a title=\"F\u00e9lix Barroso y la desverguenza ajena\" href=\"https:\/\/blogs.hoy.es\/loch-lomond\/2012\/08\/29\/felix-barroso-y-la-desverguenza-ajena\/\" target=\"_blank\">F\u00e9lix Barroso<\/a><\/strong>) ganada a pulso al caerme dentro de la marmita de poci\u00f3n m\u00e1gica del druida cuando era chiquinino, que <strong>una tradici\u00f3n que no perdono es la del sabroso rosc\u00f3n de\u00a0reyes que me desayuno s\u00ed o s\u00ed en la ma\u00f1ana del 6 de Enero<\/strong>. Con o sin crema o trufa, o sin nada, tal cual, <strong>me lo ventilo sin distinci\u00f3n ni discriminaci\u00f3n alguna junto a mi caf\u00e9 con leche, feliz y \u201cmocosete\u201d<\/strong> como un ni\u00f1o con un Ipad nuevo, aunque confieso que entre todos, <strong>el que oculta nata en su interior es sin lugar a dudas mi predilecto<\/strong>.<\/span><\/p>\n<p>&nbsp;<\/p>\n<p><span style=\"color: #000000; font-size: medium;\">Quienes me conocen bien suelen extra\u00f1arse ante tal golosa veneraci\u00f3n, ya que son conocedores de que <strong>antepongo lo salado a lo dulce<\/strong>, y que incluso <strong>es raro que tome postre tanto fuera como en casa<\/strong> (soy m\u00e1s del <strong>copazo de licor o de un buen Loch Lomond<\/strong>, nobleza obliga).<\/span><\/p>\n<p>&nbsp;<\/p>\n<p><span style=\"color: #000000; font-size: medium;\">Quiz\u00e1s sea por eso, porque es una tradici\u00f3n, y solo lo desayuno una vez al a\u00f1o, bueno, o quiz\u00e1s dos, si sobra, pero seamos realistas, no suele sobrar. Es curioso, pero <strong>no puede ser casualidad que siempre me toque a m\u00ed la figurilla, m\u00e1s bien ser\u00e1 cosa de probabilidad<\/strong>, como <strong>Do\u00f1a Manolita o Sort en la Loter\u00eda de Navidad<\/strong>, ya que soy el que m\u00e1s porciones repite.<\/span><\/p>\n<p>&nbsp;<\/p>\n<div id=\"attachment_1409\" style=\"width: 354px\" class=\"wp-caption alignleft\"><a href=\"\/loch-lomond\/wp-content\/uploads\/sites\/10\/2013\/01\/Superstici\u00f3n.jpg\"><img aria-describedby=\"caption-attachment-1409\" loading=\"lazy\" class=\"size-full wp-image-1409\" title=\"Superstici\u00f3n\" src=\"\/loch-lomond\/wp-content\/uploads\/sites\/10\/2013\/01\/Superstici\u00f3n.jpg\" alt=\"\u00a1Olv\u00eddense de las supersticiones... Trae mala suerte!\" width=\"344\" height=\"239\" srcset=\"https:\/\/static-blogs.hoy.es\/wp-content\/uploads\/sites\/10\/2013\/01\/Superstici\u00f3n.jpg 344w, https:\/\/static-blogs.hoy.es\/wp-content\/uploads\/sites\/10\/2013\/01\/Superstici\u00f3n-300x208.jpg 300w\" sizes=\"(max-width: 344px) 100vw, 344px\" \/><\/a><p id=\"caption-attachment-1409\" class=\"wp-caption-text\">\u00a1Olv\u00eddense de las supersticiones... Trae mala suerte!<\/p><\/div>\n<p><span style=\"color: #000000; font-size: medium;\">\u00bfQu\u00e9 se pensaban? \u00bfQue les iba a decir que aquello deb\u00eda tener alg\u00fan significado? \u00bfEs que acaso aun no se han enterado de nada? \u00a1<strong>D\u00e9jense ya de man\u00edas<\/strong>! \u00a1<strong>Seamos normales por el Cetro de Ottokar<\/strong>!\u00a0 Dejemos nuestras man\u00edas desperdigadas junto a la mierda de nuestros zapatos sobre <strong>el felpudo de la puerta<\/strong> (los que tengan claro\u2026 <a title=\"El felpudo maldito\" href=\"https:\/\/blogs.hoy.es\/loch-lomond\/2012\/12\/02\/el-felpudo-maldito\/\" target=\"_blank\">a mi me lo robaron<\/a>).<\/span><\/p>\n<p>&nbsp;<\/p>\n<p><span style=\"color: #000000; font-size: medium;\"><strong>Disfruten ese delicioso rosc\u00f3n<\/strong> que hoy acompa\u00f1a su primera taza de caf\u00e9, y al\u00e9grense si Sus Majestades han sido benevolentes y les han dejado alg\u00fan regalillo a pesar de la que est\u00e1 cayendo. Y h\u00e1ganme un favor, <strong>olv\u00eddense de las supersticiones<\/strong>, ya que como dec\u00eda <strong>Plat\u00f3n:<\/strong> \u201c<strong>El hombre embrutecido por la superstici\u00f3n es el m\u00e1s vil de los hombres\u201d<\/strong>. Y entre ustedes yo, <strong>d\u00e9jenme que les revele un secreto<\/strong>, ahora que no nos oye nadie: <strong>La superstici\u00f3n\u2026trae mala suerte<\/strong>.<\/span><\/p>\n<p>&nbsp;<\/p>\n<p style=\"text-align: center;\"><em><span style=\"color: #000000; font-size: medium;\">Publicado en <strong>Diario HOY<\/strong> el 06\/12\/2012<\/span><\/em><\/p>\n<p style=\"text-align: center;\"><em><span style=\"color: #000000; font-size: medium;\"><a href=\"http:\/\/hoy.kioskoymas.com\/epaper\/showlink.aspx?bookmarkid=LHHZWWYLGVZ2&#038;preview=magnifier&#038;linkid=4e4401d5-3be2-4fc3-bd29-c1162eb4a9d2&#038;pdaffid=1NEHCXDv4QZRFanP7KJR9A%3d%3d\"><img src=\"\/\/cache2-thumb1.pressdisplay.com\/pressdisplay\/docserver\/getimage.aspx?file=22012013010600000000001001&#038;page=32&#038;scale=23\" alt=\"\" \/><\/a><\/span><\/em><\/p>\n<!-- AddThis Advanced Settings generic via filter on the_content --><!-- AddThis Share Buttons generic via filter on the_content -->","protected":false},"excerpt":{"rendered":"<p>&nbsp; Enrique Falc\u00f3. Rosconero tradicional Ya les dej\u00e9 bien claro la semana pasada, en mi \u00faltimo art\u00edculo del a\u00f1o, que no soy amigo ni simpatizante de superstici\u00f3n alguna, y que para m\u00e1s inri, practico mofa y befa para con quienes se muestran d\u00e9biles ante pensamientos que no tienen cabida dentro de la sesera de una [&hellip;]<!-- AddThis Advanced Settings generic via filter on get_the_excerpt --><!-- AddThis Share Buttons generic via filter on get_the_excerpt --><\/p>\n","protected":false},"author":14,"featured_media":0,"comment_status":"open","ping_status":"closed","sticky":false,"template":"","format":"standard","meta":[],"categories":[8],"tags":[795,841,934,954,1073,1539,1609,1706,1806,2039,2250,2853,2924,2965,3171,3247,3255,3283,3356,4098,4524,4525,4830,5062,5063],"_links":{"self":[{"href":"https:\/\/blogs.hoy.es\/loch-lomond\/wp-json\/wp\/v2\/posts\/1404"}],"collection":[{"href":"https:\/\/blogs.hoy.es\/loch-lomond\/wp-json\/wp\/v2\/posts"}],"about":[{"href":"https:\/\/blogs.hoy.es\/loch-lomond\/wp-json\/wp\/v2\/types\/post"}],"author":[{"embeddable":true,"href":"https:\/\/blogs.hoy.es\/loch-lomond\/wp-json\/wp\/v2\/users\/14"}],"replies":[{"embeddable":true,"href":"https:\/\/blogs.hoy.es\/loch-lomond\/wp-json\/wp\/v2\/comments?post=1404"}],"version-history":[{"count":0,"href":"https:\/\/blogs.hoy.es\/loch-lomond\/wp-json\/wp\/v2\/posts\/1404\/revisions"}],"wp:attachment":[{"href":"https:\/\/blogs.hoy.es\/loch-lomond\/wp-json\/wp\/v2\/media?parent=1404"}],"wp:term":[{"taxonomy":"category","embeddable":true,"href":"https:\/\/blogs.hoy.es\/loch-lomond\/wp-json\/wp\/v2\/categories?post=1404"},{"taxonomy":"post_tag","embeddable":true,"href":"https:\/\/blogs.hoy.es\/loch-lomond\/wp-json\/wp\/v2\/tags?post=1404"}],"curies":[{"name":"wp","href":"https:\/\/api.w.org\/{rel}","templated":true}]}}