{"id":1410,"date":"2013-01-14T13:55:29","date_gmt":"2013-01-14T12:55:29","guid":{"rendered":"http:\/\/blogs.hoy.es\/loch-lomond\/?p=1410"},"modified":"2013-01-14T13:55:29","modified_gmt":"2013-01-14T12:55:29","slug":"el-futuro-ya-esta-aqui","status":"publish","type":"post","link":"https:\/\/blogs.hoy.es\/loch-lomond\/2013\/01\/14\/el-futuro-ya-esta-aqui\/","title":{"rendered":"El futuro ya est\u00e1 aqu\u00ed"},"content":{"rendered":"<p style=\"text-align: center;\"><span style=\"color: #000000; font-size: medium;\"><strong>Enrique Falc\u00f3<\/strong>. Voraz lector<\/span><\/p>\n<div id=\"attachment_1412\" style=\"width: 510px\" class=\"wp-caption aligncenter\"><a href=\"\/loch-lomond\/wp-content\/uploads\/sites\/10\/2013\/01\/los-simpson-futuro-kindle.png\"><img aria-describedby=\"caption-attachment-1412\" loading=\"lazy\" class=\"size-full wp-image-1412\" title=\"los-simpson-futuro-kindle\" src=\"\/loch-lomond\/wp-content\/uploads\/sites\/10\/2013\/01\/los-simpson-futuro-kindle.png\" alt=\"Hasta la Lisa Simpson del futuro tiene un Kindle. \u00a1El futuro ya est\u00e1 aqu\u00ed!\" width=\"500\" height=\"309\" srcset=\"https:\/\/static-blogs.hoy.es\/wp-content\/uploads\/sites\/10\/2013\/01\/los-simpson-futuro-kindle.png 500w, https:\/\/static-blogs.hoy.es\/wp-content\/uploads\/sites\/10\/2013\/01\/los-simpson-futuro-kindle-300x185.png 300w\" sizes=\"(max-width: 500px) 100vw, 500px\" \/><\/a><p id=\"caption-attachment-1412\" class=\"wp-caption-text\">Hasta la Lisa Simpson del futuro tiene un Kindle. \u00a1El futuro ya est\u00e1 aqu\u00ed!<\/p><\/div>\n<p><span style=\"color: #000000; font-size: medium;\">En mi \u00e9poca de <strong>ni\u00f1o y preadolescente<\/strong>, cuando devoraba aquellas <strong>novelas juveniles<\/strong> que me gustaban tanto, siempre arribaba a mi sesera <strong>el deseo de ponerme en contacto con sus autores<\/strong>, m\u00e1xime si estos eran espa\u00f1oles y contempor\u00e1neos. Ni que decir tiene que al menda los a\u00f1os no le han nublado tal ilusi\u00f3n, m\u00e1s bien al contrario.<\/span><\/p>\n<p>&nbsp;<\/p>\n<p><span style=\"color: #000000; font-size: medium;\">Citar\u00eda por poner alg\u00fan ejemplo, obras como \u201c<strong><a title=\"El joven Lennon\" href=\"https:\/\/blogs.hoy.es\/loch-lomond\/2012\/12\/10\/el-joven-lennon\/\" target=\"_blank\">El joven Lennon<\/a><\/strong>\u201d o la Trilog\u00eda de \u201c<strong>En un lugar llamado Tierra<\/strong>\u201d de <strong><a title=\"web de Jordi Sierra i Fabra\" href=\"http:\/\/www.sierraifabra.com\/\" target=\"_blank\">Jordi Sierra i Fabra<\/a><\/strong>, sin olvidar por supuesto al <strong><a title=\"Delincuentes\" href=\"https:\/\/blogs.hoy.es\/loch-lomond\/2012\/09\/17\/delincuentes\/\" target=\"_blank\">Manolito Gafotas<\/a><\/strong> de <strong><a title=\"Web de Elvira Lindo\" href=\"http:\/\/www.elviralindo.com\/\" target=\"_blank\">Elvira Lindo<\/a><\/strong> o <strong><a title=\"Web de FLANAGAN\" href=\"http:\/\/iflanagan.com\/\" target=\"_blank\">las aventuras del detective \u201cFlanagan<\/a>\u201d<\/strong> de <strong><a title=\"Web de Andreu Mart\u00edn\" href=\"http:\/\/www.andreumartin.com\/\" target=\"_blank\">Andreu Mart\u00edn<\/a><\/strong> y <strong>Jaume Ribera<\/strong>.<\/span><\/p>\n<p>&nbsp;<\/p>\n<p><span style=\"color: #000000; font-size: medium;\">Esta <strong>necesidad de comunicaci\u00f3n<\/strong> no obedec\u00eda s\u00f3lo al <strong>deseo de transmitirles a sus autores todo lo que hubiera podido disfrutar con sus escritos, sino tambi\u00e9n a solicitarles informaci\u00f3n, compartir puntos de vista, poder saber m\u00e1s de su obra, de sus personajes, preguntarles c\u00f3mo pod\u00eda conseguir el resto de sus libros y especialmente pedirles recomendaciones de lecturas<\/strong>.<\/span><\/p>\n<p>&nbsp;<\/p>\n<p><span style=\"color: #000000; font-size: medium;\"><strong>Algo que ahora parece tan f\u00e1cil entonces no lo era<\/strong>. Uno quedaba a expensas de lo que ve\u00eda en la televisi\u00f3n, escuchaba en la radio o le\u00eda en los peri\u00f3dicos. Los dem\u00e1s datos se iban intercambiando entre amigos o el librero de turno y poco m\u00e1s.<\/span><\/p>\n<p>&nbsp;<\/p>\n<p><span style=\"color: #000000; font-size: medium;\">Algunas editoriales, como \u201c<strong>Anaya<\/strong>\u201d, quien dentro de la colecci\u00f3n \u201c<strong>Espacio Abierto<\/strong>\u201d ofrec\u00eda <strong>las aventuras de Flanagan<\/strong>, contaban con esta posibilidad, la de <strong>ponerte en contacto con los autores a trav\u00e9s de una carta<\/strong>. Ya les he narrado varias veces que<strong> la <a title=\"Caligraf\u00eda\" href=\"https:\/\/blogs.hoy.es\/loch-lomond\/2010\/08\/22\/caligrafia\/\" target=\"_blank\">caligraf\u00eda<\/a> nunca fue especialmente mi plato fuerte<\/strong>, sino m\u00e1s bien un <strong>trauma<\/strong>, y nunca me hubiera atrevido a garabatear palabra alguna a <strong>escritores<\/strong> a los que mostraba tant\u00edsimo respeto y admiraci\u00f3n. Adem\u00e1s, no nos enga\u00f1emos. Aquello pod\u00eda convertirse en una <strong>eterna odisea<\/strong>:<\/span><\/p>\n<p>&nbsp;<\/p>\n<div id=\"attachment_1414\" style=\"width: 310px\" class=\"wp-caption alignright\"><a href=\"\/loch-lomond\/wp-content\/uploads\/sites\/10\/2013\/01\/Cartas-y-sobres.jpg\"><img aria-describedby=\"caption-attachment-1414\" loading=\"lazy\" class=\"size-medium wp-image-1414\" title=\"Cartas y sobres\" src=\"\/loch-lomond\/wp-content\/uploads\/sites\/10\/2013\/01\/Cartas-y-sobres.jpg\" alt=\"Algunas editoriales ofrec\u00edan la posibilidad de enviar cartas a los autores. Ahora puedes charlar con ellos directamente en las Redes Sociales.\" width=\"300\" height=\"225\" srcset=\"https:\/\/static-blogs.hoy.es\/wp-content\/uploads\/sites\/10\/2013\/01\/Cartas-y-sobres.jpg 550w, https:\/\/static-blogs.hoy.es\/wp-content\/uploads\/sites\/10\/2013\/01\/Cartas-y-sobres-300x225.jpg 300w\" sizes=\"(max-width: 300px) 100vw, 300px\" \/><\/a><p id=\"caption-attachment-1414\" class=\"wp-caption-text\">Algunas editoriales ofrec\u00edan la posibilidad de enviar cartas a los autores. Ahora puedes charlar con ellos directamente en las Redes Sociales.<\/p><\/div>\n<p><span style=\"color: #000000; font-size: medium;\">En primer lugar <strong>redactar la carta con limpieza y letra legible<\/strong>, ponerle el <strong>sello<\/strong>, confiar en que <strong>llegara a su destino<\/strong>, y esperar el tiempo que la editorial retuviera \u00e9stas hasta que se las entregara (si es que se las entregaban) a los autores. Despu\u00e9s, que \u00e9stos no tuvieran nada mejor que hacer que leerlas, si eran capaces de entender tu letra, y finalmente que se molestaran en contestar y confiar nuevamente que la carta llegara a su destino. Pod\u00edan pasar varios meses, y no exagero. Reconocer\u00e1n que daba pereza solo de pensarlo.<\/span><\/p>\n<p>&nbsp;<\/p>\n<p><span style=\"color: #000000; font-size: medium;\">Hoy en d\u00eda, <strong>Internet<\/strong> <strong>ha burlado las fronteras que separan la cultura de la ignorancia<\/strong>, y as\u00ed, cualquiera puede, en menos de cinco minutos, conocer la obra entera de un escritor, m\u00fasico o director de cine por poner un ejemplo. Y no s\u00f3lo eso. Tambi\u00e9n ofrece a trav\u00e9s de <strong>webs, blogs, correos electr\u00f3nicos y especialmente redes sociales la incre\u00edble posibilidad de contactar personalmente con los autores<\/strong>.<\/span><\/p>\n<p>&nbsp;<\/p>\n<p><span style=\"color: #000000; font-size: medium;\">Aunque ya les he confesado en m\u00e1s de una ocasi\u00f3n que soy un sentimental \u201c<strong><a title=\"PaperBoy\" href=\"https:\/\/blogs.hoy.es\/loch-lomond\/2011\/07\/24\/paperboy\/\" target=\"_blank\">PaperBoy<\/a><\/strong>\u201d tambi\u00e9n cada vez con m\u00e1s frecuencia tiendo a mostrarles <strong>las innegables practicidades y posibilidades que nos ofrece el mundo digital<\/strong>. Pocas semanas antes de publicar \u201c<strong><a title=\"Ausencias, traumas y gratitud\" href=\"https:\/\/blogs.hoy.es\/loch-lomond\/2012\/03\/31\/ausencias-traumas-y-gratitud\/\" target=\"_blank\">Don de Loch Lomond<\/a><\/strong>\u201d, mi primer libro, me sorprendi\u00f3 el hecho de que <strong>un n\u00famero importante de personas me preguntara si mi libro saldr\u00eda en edici\u00f3n digital<\/strong>. Para serles sincero les confieso que ni se me hab\u00eda pasado por la cabeza. La editorial no me ofrec\u00eda esa posibilidad, por lo que tuve claro que tendr\u00eda que ser yo mismo quien lo llevara a cabo unos cuantos meses despu\u00e9s.<\/span><\/p>\n<p>&nbsp;<\/p>\n<p><span style=\"color: #000000; font-size: medium;\">Me encontraba d\u00e1ndole vueltas al asunto, valorando los pros y los contras, cuando la feliz providencia quiso que contactara nada menos que con <strong>Andreu Mart\u00edn<\/strong>, uno de los co autores de mi detective favorito. <strong>Andreu Mart\u00edn fue exquisitamente amable conmigo<\/strong>, y tuvo unas cari\u00f1osas palabras dedicadas a <a title=\"Todos los detectives quieren ser Flanagan\" href=\"https:\/\/blogs.hoy.es\/loch-lomond\/2012\/04\/30\/todos-los-detectives-quieren-ser-flanagan\/\" target=\"_blank\">un art\u00edculo que publiqu\u00e9 en este mismo diario sobre <strong>la saga de Flanagan<\/strong><\/a>. A los pocos d\u00edas me envi\u00f3 <strong>un video de YouTube dirigido y protagonizado por \u00e9l mismo.<\/strong> \u201c<strong><a title=\"\"El futuro ya est\u00e1 aqu\u00ed\" por Andreu Mart\u00edn\" href=\"http:\/\/www.youtube.com\/watch?v=vCqQ42PKtD0\" target=\"_blank\">El futuro ya est\u00e1 aqu\u00ed<\/a><\/strong>\u201d rezaba por t\u00edtulo.<\/span><\/p>\n<p>&nbsp;<\/p>\n<div id=\"attachment_1413\" style=\"width: 330px\" class=\"wp-caption alignleft\"><a href=\"\/loch-lomond\/wp-content\/uploads\/sites\/10\/2013\/01\/Andreu-Mart\u00edn-El-futuro-ya-est\u00e1.jpg\"><img aria-describedby=\"caption-attachment-1413\" loading=\"lazy\" class=\"size-full wp-image-1413\" title=\"Andreu Mart\u00edn El futuro ya est\u00e1\" src=\"\/loch-lomond\/wp-content\/uploads\/sites\/10\/2013\/01\/Andreu-Mart\u00edn-El-futuro-ya-est\u00e1.jpg\" alt=\"El gran Andreu Mart\u00edn explicando la importancia que tiene para los creadores subirse cuanto antes al carro digital.\" width=\"320\" height=\"180\" srcset=\"https:\/\/static-blogs.hoy.es\/wp-content\/uploads\/sites\/10\/2013\/01\/Andreu-Mart\u00edn-El-futuro-ya-est\u00e1.jpg 320w, https:\/\/static-blogs.hoy.es\/wp-content\/uploads\/sites\/10\/2013\/01\/Andreu-Mart\u00edn-El-futuro-ya-est\u00e1-300x169.jpg 300w\" sizes=\"(max-width: 320px) 100vw, 320px\" \/><\/a><p id=\"caption-attachment-1413\" class=\"wp-caption-text\">El gran Andreu Mart\u00edn explicando la importancia que tiene para los creadores subirse cuanto antes al carro digital.<\/p><\/div>\n<p><span style=\"color: #000000; font-size: medium;\">En \u00e9l, <strong>el genial escritor catal\u00e1n<\/strong>, expon\u00eda con gran claridad <strong>la necesidad de los autores de subirse al carro digital<\/strong> si pretend\u00edan que su obra perdurara en el tiempo. Con una vitalidad m\u00e1s propia de un joven de 20 a\u00f1os, el autor de \u201c<strong>Sauna<\/strong>\u201d y \u201c<strong>Barcelona Connection<\/strong>\u201d me dio el empujoncito que necesitaba para convencerme de <strong>la necesidad imperiosa de adaptarme cuanto antes a los nuevos tiempos.<\/strong><\/span><\/p>\n<p>&nbsp;<\/p>\n<p><span style=\"color: #000000; font-size: medium;\">Y as\u00ed lo he hecho. Con la inestimable colaboraci\u00f3n de <strong><a title=\"Fabulario.\" href=\"http:\/\/fabulario.com\/\" target=\"_blank\">Jes\u00fas Prudencio Gamino<\/a><\/strong>, (autor adem\u00e1s de la preciosa portada de mi libro) en las arduas tareas de conversi\u00f3n de formatos de archivo, \u201c<strong>Don de Loch Lomond\u201d <a title=\"Compra Don de Loch Lomond para tu Kindle Amazon\" href=\"http:\/\/www.amazon.es\/Don-de-Loch-Lomond-ebook\/dp\/B00AREGGDE\/ref=sr_1_1?s=books&#038;ie=UTF8&#038;qid=1356141454&#038;sr=1-1\" target=\"_blank\">ya luce en formato digital y disponible a un precio m\u00e1s que asequible<\/a><\/strong>. De esta manera, <strong>cualquier lector del planeta s\u00f3lo necesita una conexi\u00f3n a Internet y <a title=\"Compra Don de Loch Lomond en EPUB para tablet, Ipad, eReaders y dem\u00e1s soportes digitales\" href=\"https:\/\/payhip.com\/b\/uQPV\" target=\"_blank\">un soporte digital para adquirir mi obra<\/a><\/strong>. \u00a1Estar\u00e1n de acuerdo conmigo en que es <strong>algo muy grande<\/strong>!<\/span><\/p>\n<p>&nbsp;<\/p>\n<p><span style=\"color: #000000; font-size: medium;\">Es evidente que a\u00fan <strong>queda un largo camino para asentar el mercado de los libros digitales<\/strong>, pero piensen en su entorno y se encontrar\u00e1n con la sorpresa de que en estas navidades m\u00e1s de un amigo o familiar ha recibido un <strong>\u201cKindle\u201d de Amazon<\/strong> o cualquier otro <strong>eReader<\/strong>, o incluso otros soportes digitales como bien pueden ser un <strong>Ipad<\/strong> o un <strong>Tablet<\/strong>.\u00a0 \u00a1Entre todos habr\u00e1n sumado millones!<\/span><\/p>\n<p>&nbsp;<\/p>\n<p><span style=\"color: #000000; font-size: medium;\">Ya le ha ocurrido a la <strong>m\u00fasica<\/strong>, al <strong>cine<\/strong>, e incluso a la <strong>fotograf\u00eda<\/strong>. Con el libro est\u00e1 ocurriendo ahora. La<strong> literatura<\/strong>, la <strong>prensa<\/strong>, las <strong>revistas<\/strong>\u2026 <strong>Nada volver\u00e1 a ser como antes. El futuro ya est\u00e1 aqu\u00ed<\/strong>, y quien suscribe no est\u00e1 dispuesto a perd\u00e9rselo.<\/span><\/p>\n<p>&nbsp;<\/p>\n<p><span style=\"color: #000000; font-size: medium;\">\u00a1Moltes gr\u00e0cies don Andreu! \u00a1Nos vemos (nos leemos) en <strong>la Red<\/strong>!<\/span><\/p>\n<p>&nbsp;<\/p>\n<p style=\"text-align: center;\"><em><span style=\"font-size: medium;\">Publicado en <strong>Diario<\/strong>\u00a0<strong>HOY<\/strong> el 14\/01\/2013<\/span><\/em><\/p>\n<p style=\"text-align: center;\"><em><span style=\"font-size: medium;\"><a href=\"http:\/\/hoy.kioskoymas.com\/epaper\/showlink.aspx?bookmarkid=QDQZXDEFIII4&#038;preview=magnifier&#038;linkid=97211d63-1dd5-49a2-bb3a-fb716d12cf93&#038;pdaffid=1NEHCXDv4QZRFanP7KJR9A%3d%3d\"><img src=\"\/\/cache2-thumb1.pressdisplay.com\/pressdisplay\/docserver\/getimage.aspx?file=22012013011300000000001001&#038;page=28&#038;scale=23\" alt=\"\" \/><\/a><\/span><\/em><\/p>\n<!-- AddThis Advanced Settings generic via filter on the_content --><!-- AddThis Share Buttons generic via filter on the_content -->","protected":false},"excerpt":{"rendered":"<p>Enrique Falc\u00f3. Voraz lector En mi \u00e9poca de ni\u00f1o y preadolescente, cuando devoraba aquellas novelas juveniles que me gustaban tanto, siempre arribaba a mi sesera el deseo de ponerme en contacto con sus autores, m\u00e1xime si estos eran espa\u00f1oles y contempor\u00e1neos. Ni que decir tiene que al menda los a\u00f1os no le han nublado tal [&hellip;]<!-- AddThis Advanced Settings generic via filter on get_the_excerpt --><!-- AddThis Share Buttons generic via filter on get_the_excerpt --><\/p>\n","protected":false},"author":14,"featured_media":0,"comment_status":"open","ping_status":"closed","sticky":false,"template":"","format":"standard","meta":[],"categories":[8],"tags":[132,139,253,261,406,713,844,992,1059,1143,1425,1469,1515,1574,1643,1645,1656,1745,1784,1806,1839,1942,2126,2150,2638,2677,2738,2837,2915,2918,2959,2996,3053,3056,3058,3083,3103,3286,3437,3606,3615,3672,3757,4001,4173,4194,4209,4465,4756,4790,4848,5074,5237],"_links":{"self":[{"href":"https:\/\/blogs.hoy.es\/loch-lomond\/wp-json\/wp\/v2\/posts\/1410"}],"collection":[{"href":"https:\/\/blogs.hoy.es\/loch-lomond\/wp-json\/wp\/v2\/posts"}],"about":[{"href":"https:\/\/blogs.hoy.es\/loch-lomond\/wp-json\/wp\/v2\/types\/post"}],"author":[{"embeddable":true,"href":"https:\/\/blogs.hoy.es\/loch-lomond\/wp-json\/wp\/v2\/users\/14"}],"replies":[{"embeddable":true,"href":"https:\/\/blogs.hoy.es\/loch-lomond\/wp-json\/wp\/v2\/comments?post=1410"}],"version-history":[{"count":0,"href":"https:\/\/blogs.hoy.es\/loch-lomond\/wp-json\/wp\/v2\/posts\/1410\/revisions"}],"wp:attachment":[{"href":"https:\/\/blogs.hoy.es\/loch-lomond\/wp-json\/wp\/v2\/media?parent=1410"}],"wp:term":[{"taxonomy":"category","embeddable":true,"href":"https:\/\/blogs.hoy.es\/loch-lomond\/wp-json\/wp\/v2\/categories?post=1410"},{"taxonomy":"post_tag","embeddable":true,"href":"https:\/\/blogs.hoy.es\/loch-lomond\/wp-json\/wp\/v2\/tags?post=1410"}],"curies":[{"name":"wp","href":"https:\/\/api.w.org\/{rel}","templated":true}]}}