{"id":1422,"date":"2012-12-27T01:30:51","date_gmt":"2012-12-27T00:30:51","guid":{"rendered":"http:\/\/blogs.hoy.es\/loch-lomond\/?p=1391"},"modified":"2012-12-27T01:30:51","modified_gmt":"2012-12-27T00:30:51","slug":"superbolido","status":"publish","type":"post","link":"https:\/\/blogs.hoy.es\/loch-lomond\/2012\/12\/27\/superbolido\/","title":{"rendered":"Superb\u00f3lido"},"content":{"rendered":"<p>&nbsp;<\/p>\n<a href=\"\/loch-lomond\/wp-content\/uploads\/sites\/10\/2012\/12\/S\u00faperB\u00f3lido.-Descansa-EP.jpg\"><img loading=\"lazy\" class=\" wp-image-1392\" title=\"S\u00faperB\u00f3lido. Descansa EP\" src=\"\/loch-lomond\/wp-content\/uploads\/sites\/10\/2012\/12\/S\u00faperB\u00f3lido.-Descansa-EP.jpg\" alt=\"Descansa EP de los extreme\u00f1os \"Superb\u00f3lidos\" sin lugar a dudas la sorpresa musical m\u00e1s agradable del pop espa\u00f1ol en 2012.\" width=\"652\" height=\"444\" \/><\/a>\n<p>&nbsp;<\/p>\n<p><span style=\"color: #000000; font-size: medium;\">El menda siempre ha sido partidario de aplaudir y dar por buena la m\u00e1xima que asegura aquello de \u201c<strong>M\u00e1s vale tarde que nunca<\/strong>\u201d, entre otras cosas porque es terriblemente cierto. Y no, no me refiero a que hayan tenido que arribar los \u00faltimos flecos de este 2012 para decidirme a recuperar \u201c<strong>Las Joyas de la Castafiore<\/strong>\u201d.<\/span><\/p>\n<p>&nbsp;<\/p>\n<p><span style=\"color: #000000; font-size: medium;\">Los fieles lectores de este blog son conocedores de que adem\u00e1s de ser uno de los t\u00edtulos que m\u00e1s me agradan de <strong>las aventuras de <a title=\"Tint\u00edn es inocente\" href=\"https:\/\/blogs.hoy.es\/loch-lomond\/2011\/10\/02\/tintin-es-inocente\/\" target=\"_blank\"><span style=\"color: #000000;\">Tint\u00edn<\/span><\/a><\/strong>, esta secci\u00f3n musical, <strong>preferiblemente de grupos extreme\u00f1os<\/strong>, engloba a una serie de <strong>relevantes artistas<\/strong> que no han de perderse bajo ning\u00fan concepto, y curiosamente, la formaci\u00f3n que hoy nos ocupa, tambi\u00e9n llega tarde, casi al final de temporada, pero en este caso como <strong>deliciosa sorpresa musical<\/strong> en pos de salvaguardar un a\u00f1o que no ha dado precisamente muchas alegr\u00edas al <strong>pop espa\u00f1ol<\/strong>.<\/span><\/p>\n<p>&nbsp;<\/p>\n<div id=\"attachment_1394\" style=\"width: 330px\" class=\"wp-caption alignleft\"><img aria-describedby=\"caption-attachment-1394\" loading=\"lazy\" class=\"size-full wp-image-1394\" title=\"Superb\u00f3lido\" src=\"\/loch-lomond\/wp-content\/uploads\/sites\/10\/2012\/12\/Superb\u00f3lido.jpg\" alt=\"De izquierda a derecha Emiliano Fern\u00e1ndez y Adolfo Campini, los art\u00edfices de \"Superb\u00f3lido\".\" width=\"320\" height=\"327\" srcset=\"https:\/\/static-blogs.hoy.es\/wp-content\/uploads\/sites\/10\/2012\/12\/Superb\u00f3lido.jpg 320w, https:\/\/static-blogs.hoy.es\/wp-content\/uploads\/sites\/10\/2012\/12\/Superb\u00f3lido-294x300.jpg 294w\" sizes=\"(max-width: 320px) 100vw, 320px\" \/><p id=\"caption-attachment-1394\" class=\"wp-caption-text\"><\/span><\/a><\/span><\/p><\/div>\n<p>&nbsp;<\/p>\n<p><span style=\"color: #000000; font-size: medium;\"><strong>\u00a0\u00a0\u00a0\u00a0 <a title=\"Superb\u00f3lido\" href=\"http:\/\/superbolido.bandcamp.com\/\" target=\"_blank\"><span style=\"color: #000000;\">Superb\u00f3lido<\/span><\/a><\/strong> no son m\u00e1s que dos amigos: <strong><a title=\"Adolfo P. Campini\" href=\"https:\/\/blogs.hoy.es\/loch-lomond\/2011\/10\/21\/adolfo-portillo-campini\/\" target=\"_blank\"><span style=\"color: #000000;\">Adolfo P. Campini<\/span><\/a><\/strong> (<a title=\"Left Brothers\" href=\"http:\/\/cantarranacorps.blogspot.com.es\/2010\/09\/left-brothers.html\" target=\"_blank\"><span style=\"color: #000000;\">Left Brothers<\/span><\/a>, <a title=\"The Wish\" href=\"https:\/\/blogs.hoy.es\/loch-lomond\/2011\/02\/11\/my-simple-wish\/\" target=\"_blank\"><span style=\"color: #000000;\">The Wish<\/span><\/a>) \u00a0y <strong>Emiliano Fern\u00e1ndez C<\/strong>. (Caj\u00f3n de satre, Hipo) quienes seg\u00fan sus propias palabras : <\/span><\/p>\n<p>&nbsp;<\/p>\n<p><span style=\"color: #000000;\"><em><span style=\"font-size: medium;\">&#8220;&#8230; Hemos decidio hacer un viaje juntos, montarnos en nuestro coche y avanzar, sin ninguna idea de a donde ir. S\u00f3lo queremos disfrutar del trayecto,\u00a0la compa\u00f1\u00eda, cada canci\u00f3n que suena en la radio, cada poste de luz\u00a0 que vemos pasar por las ventanillas, cada dibujito que hacemos en los cristales cuando se empa\u00f1an, los imprevistos&#8230; Y entremedias hacemos paradas donde cogemos las guitarras y cantamos canciones&#8230; Si quieres te puedes venir&#8221;.<\/span><\/em><\/span><\/p>\n<p>&nbsp;<\/p>\n<p>&nbsp;<\/p>\n<p><span style=\"color: #000000; font-size: medium;\">&#8220;<strong><a title=\"Descarga \"Descansa EP\" de Superb\u00f3lido\" href=\"http:\/\/superbolido.bandcamp.com\/download?enc=mp3-320&#038;id=3560705452&#038;ts=1356565997.3088960520&#038;tsig=fa7a31c6acd1a9685405573c89513e0f&#038;type=album\" target=\"_blank\"><span style=\"color: #000000;\">Descansa EP<\/span><\/a><\/strong>&#8221; es su <strong>excelente trabajo de presentaci\u00f3n<\/strong>. Un media duraci\u00f3n <strong>autoeditado, autoproducido, grabado e interpretado \u00fanicamente por ellos<\/strong>, en un estudio casero y con apenas medios. En su m\u00fasica se refleja la tranquilidad que otorga el <strong>hacer lo que les\u00a0apetece en cada momento sin tener nada que demostrar<\/strong>. A pesar de que insisten en sus escasos conocimientos de grabaci\u00f3n y mezclas hay que destacar que <strong>el resultado ha sido un sonido brillante, bonito y muy personal<\/strong> que <a title=\"entrevista a Superb\u00f3lido en La Merienda de CanalExtremadura Radio\" href=\"http:\/\/www.canalextremadura.es\/node\/58178\" target=\"_blank\"><span style=\"color: #000000;\">no pasa desapercibido en la primera escucha<\/span><\/a>.<\/span><\/p>\n<p>&nbsp;<\/p>\n<p><span style=\"color: #000000; font-size: medium;\"><strong>Las canciones<\/strong>, <strong>compuestas al 50%<\/strong> y de todas las formas y maneras de composici\u00f3n\u00a0posibles<strong> son tan sencillas\u00a0instrumentalmente como mel\u00f3dicas en la voz y coros<\/strong>, y esconden detalles en formas de guitarras y curiosos efectos\u00a0que <strong>envuelven un sonido que se asemeja al texto, transportando al oyente a una especie de pel\u00edcula<\/strong>, o mejor aun, de <strong>un\u00a0viaje con banda sonora propia<\/strong>\u00a0donde todo tiene un principio y un final. <\/span><\/p>\n<p>&nbsp;<\/p>\n<div id=\"attachment_1395\" style=\"width: 310px\" class=\"wp-caption alignright\"><img aria-describedby=\"caption-attachment-1395\" loading=\"lazy\" class=\"size-medium wp-image-1395\" title=\"superb\u00f3lido Campini- Fern\u00e1ndez\" src=\"\/loch-lomond\/wp-content\/uploads\/sites\/10\/2012\/12\/superb\u00f3lido-Campini-Fern\u00e1ndez.jpg\" alt=\"Campini y Fern\u00e1ndez, \"Superb\u00f3lido\" han emprendido un apasionante viaje con \"Descansa EP\" que sin duda les conducir\u00e1 mas all\u00e1 de lo que se plantearon como destino en un principio.\" width=\"300\" height=\"199\" srcset=\"https:\/\/static-blogs.hoy.es\/wp-content\/uploads\/sites\/10\/2012\/12\/superb\u00f3lido-Campini-Fern\u00e1ndez.jpg 1024w, https:\/\/static-blogs.hoy.es\/wp-content\/uploads\/sites\/10\/2012\/12\/superb\u00f3lido-Campini-Fern\u00e1ndez-300x199.jpg 300w, https:\/\/static-blogs.hoy.es\/wp-content\/uploads\/sites\/10\/2012\/12\/superb\u00f3lido-Campini-Fern\u00e1ndez-768x510.jpg 768w\" sizes=\"(max-width: 300px) 100vw, 300px\" \/><p id=\"caption-attachment-1395\" class=\"wp-caption-text\"><\/span><\/a><\/span><\/p><\/div>\n<p><span style=\"color: #000000; font-size: medium;\">&#8220;<strong>Descansa EP<\/strong>&#8221; es sin lugar a dudas <strong>la sopresa del a\u00f1o<\/strong>, y hemos de esperar bastante de lo que <strong>Campini<\/strong> y <strong>Fern\u00e1ndez<\/strong> puedan ofrecernos. Ellos insisten en que simplemente se dejan llevar, y que\u00a0<strong>apenas le han hecho el rodaje al coche<\/strong>. <\/span><\/p>\n<p>&nbsp;<\/p>\n<p><span style=\"color: #000000; font-size: medium;\">Algo me dice que canciones como &#8220;<strong>Me quedo a dormir&#8221; &#8220;letras para copleras&#8221; &#8220;las cosas pasan volando&#8221; &#8220;yo soy el cable&#8221; <\/strong>\u00f3<strong> &#8220;de funeral&#8221; acabar\u00e1n convierti\u00e9ndose en cl\u00e1sicos del pop espa\u00f1ol con la misma normalidad y sencillez con la que\u00a0<a title=\"Superb\u00f3lido en Twitter\" href=\"https:\/\/twitter.com\/SuperBolido\" target=\"_blank\"><span style=\"color: #000000;\">Superb\u00f3lido<\/span><\/a> se ha\u00a0adentrado en nuestras vidas.<\/strong><\/span><\/p>\n<p>&nbsp;<\/p>\n<p><span style=\"color: #000000; font-size: medium;\">Brindo con mi mejor <strong>Loch Lomond<\/strong> por\u00a0<strong>el inicio prometedor e inmejorable de un viaje sorprendente<\/strong>, que sin duda nos dejar\u00e1 mejor sabor de boca si cabe en cada nueva parada. <\/span><\/p>\n<p>&nbsp;<\/p>\n<p><span style=\"color: #000000; font-size: medium;\">No permitan perd\u00e9rselo por nada del mundo, y vayan qued\u00e1ndose con su nombre y de paso con sus canciones. Si por casualidad les pierden la vista no se preocupen que ya har\u00e1n ellos algo para dejarse ver. Despu\u00e9s de todo, a estos <strong>dos m\u00fasicos tan sencillos y humildes como\u00a0plagados de innegable talento<\/strong>, no hay nada que les haga m\u00e1s feliz que <strong>llegar al coraz\u00f3n de la gente con sus canciones<\/strong>. El m\u00edo, desde luego,\u00a0han conseguido\u00a0abordarlo con creces. Indudablemente ustedes ser\u00e1n los siguientes.<\/span><\/p>\n<p>&nbsp;<\/p>\n<!-- AddThis Advanced Settings generic via filter on the_content --><!-- AddThis Share Buttons generic via filter on the_content -->","protected":false},"excerpt":{"rendered":"<p>&nbsp; &nbsp; El menda siempre ha sido partidario de aplaudir y dar por buena la m\u00e1xima que asegura aquello de \u201cM\u00e1s vale tarde que nunca\u201d, entre otras cosas porque es terriblemente cierto. Y no, no me refiero a que hayan tenido que arribar los \u00faltimos flecos de este 2012 para decidirme a recuperar \u201cLas Joyas [&hellip;]<!-- AddThis Advanced Settings generic via filter on get_the_excerpt --><!-- AddThis Share Buttons generic via filter on get_the_excerpt --><\/p>\n","protected":false},"author":14,"featured_media":0,"comment_status":"open","ping_status":"closed","sticky":false,"template":"","format":"standard","meta":[],"categories":[6],"tags":[134,135,357,704,766,767,1200,1325,1385,1386,1515,1581,1759,1806,1990,2364,2437,2923,2964,2968,3005,3032,3103,3368,3397,3428,3611,3615,4146,4501,4760,4819,4856,4964,4986,5218,5297,5348],"_links":{"self":[{"href":"https:\/\/blogs.hoy.es\/loch-lomond\/wp-json\/wp\/v2\/posts\/1422"}],"collection":[{"href":"https:\/\/blogs.hoy.es\/loch-lomond\/wp-json\/wp\/v2\/posts"}],"about":[{"href":"https:\/\/blogs.hoy.es\/loch-lomond\/wp-json\/wp\/v2\/types\/post"}],"author":[{"embeddable":true,"href":"https:\/\/blogs.hoy.es\/loch-lomond\/wp-json\/wp\/v2\/users\/14"}],"replies":[{"embeddable":true,"href":"https:\/\/blogs.hoy.es\/loch-lomond\/wp-json\/wp\/v2\/comments?post=1422"}],"version-history":[{"count":0,"href":"https:\/\/blogs.hoy.es\/loch-lomond\/wp-json\/wp\/v2\/posts\/1422\/revisions"}],"wp:attachment":[{"href":"https:\/\/blogs.hoy.es\/loch-lomond\/wp-json\/wp\/v2\/media?parent=1422"}],"wp:term":[{"taxonomy":"category","embeddable":true,"href":"https:\/\/blogs.hoy.es\/loch-lomond\/wp-json\/wp\/v2\/categories?post=1422"},{"taxonomy":"post_tag","embeddable":true,"href":"https:\/\/blogs.hoy.es\/loch-lomond\/wp-json\/wp\/v2\/tags?post=1422"}],"curies":[{"name":"wp","href":"https:\/\/api.w.org\/{rel}","templated":true}]}}