{"id":1427,"date":"2013-01-28T19:24:47","date_gmt":"2013-01-28T18:24:47","guid":{"rendered":"http:\/\/blogs.hoy.es\/loch-lomond\/?p=1427"},"modified":"2013-01-28T19:24:47","modified_gmt":"2013-01-28T18:24:47","slug":"tienes-un-cigarro","status":"publish","type":"post","link":"https:\/\/blogs.hoy.es\/loch-lomond\/2013\/01\/28\/tienes-un-cigarro\/","title":{"rendered":"\u00bfTienes un cigarro?"},"content":{"rendered":"<p>&nbsp;<\/p>\n<p style=\"text-align: center;\"><span style=\"color: #000000; font-size: medium;\"><strong>Enrique Falc\u00f3<\/strong>. Antitabaco<\/span><\/p>\n<div id=\"attachment_1429\" style=\"width: 314px\" class=\"wp-caption aligncenter\"><span style=\"color: #000000;\"><a href=\"\/loch-lomond\/wp-content\/uploads\/sites\/10\/2013\/01\/homer-fumando.jpg\"><span style=\"color: #000000;\"><img aria-describedby=\"caption-attachment-1429\" loading=\"lazy\" class=\"size-full wp-image-1429\" title=\"homer-fumando\" src=\"\/loch-lomond\/wp-content\/uploads\/sites\/10\/2013\/01\/homer-fumando.jpg\" alt=\"Ni siquera en su juventud se dej\u00f3 tentar el bueno de Homer por el nefasto vicio del tabaco... \u00e9l era m\u00e1s de cerveza.\" width=\"304\" height=\"334\" srcset=\"https:\/\/static-blogs.hoy.es\/wp-content\/uploads\/sites\/10\/2013\/01\/homer-fumando.jpg 304w, https:\/\/static-blogs.hoy.es\/wp-content\/uploads\/sites\/10\/2013\/01\/homer-fumando-273x300.jpg 273w\" sizes=\"(max-width: 304px) 100vw, 304px\" \/><\/span><\/a><\/span><p id=\"caption-attachment-1429\" class=\"wp-caption-text\">Ni siquera en su juventud se dej\u00f3 tentar el bueno de Homer por el nefasto vicio del tabaco... \u00e9l era m\u00e1s de cerveza.<\/p><\/div>\n<p><span style=\"color: #000000; font-size: medium;\">Cohabitan en la cabeza de todos nosotros no menos de un pu\u00f1ado de <strong>frases<\/strong> con las que nos hemos criado desde que ostentamos uso de raz\u00f3n. <strong>Expresiones<\/strong> que aunque a d\u00eda de hoy no se repitan tanto como anta\u00f1o siempre sacan alg\u00fan recuerdo de nuestra impredecible sesera.<\/span><\/p>\n<p>&nbsp;<\/p>\n<p><span style=\"color: #000000; font-size: medium;\">Mi menda destacar\u00eda algunas <strong>m\u00e1ximas inolvidables<\/strong> de mi querida abuela materna, <strong>Lole Mart\u00ednez Zoido<\/strong>, al estilo de: \u201c<strong>Entre todas la mataron y ella sola se muri\u00f3<\/strong>\u201d, o el \u201c<strong>Ni f\u00fa ni f\u00e1<\/strong>\u201d, \u201c<strong>si no hay lo pintas<\/strong>\u201d o el famoso \u201c<strong>si tienes fr\u00edo te arropas con la capa de tu t\u00edo<\/strong>\u201d. Tambi\u00e9n algunas rese\u00f1ables de mi madre, <strong><a title=\"Gabinete Caligari (Amor de madre)\" href=\"https:\/\/blogs.hoy.es\/loch-lomond\/2010\/10\/16\/amor-madre\/\" target=\"_blank\"><span style=\"color: #000000;\">Loli Falc\u00f3<\/span><\/a>:<\/strong> \u201c\u00a1<strong>Eso lo saben hasta los negros<\/strong>!\u201d O incluso la favorita de mi t\u00edo Juan Carlos: \u201c\u00a1<strong>Te digo que oh<\/strong>!\u201d.<\/span><\/p>\n<p>&nbsp;<\/p>\n<p><span style=\"color: #000000; font-size: medium;\">Ayer a mediod\u00eda, cuando volv\u00eda ligeramente cargado hasta las trancas portando dos bolsas de grandes dimensiones del s\u00faper a la vez que renegando cual marujilla de tres al cuarto por <strong>los precios cada vez m\u00e1s altos de la carne, el pescado, el caf\u00e9 y el <a title=\"Del Loch Lomond al Loch Castle\" href=\"https:\/\/blogs.hoy.es\/loch-lomond\/2012\/05\/06\/del-loch-lomond-al-loch-castle\/\" target=\"_blank\"><span style=\"color: #000000;\">Loch Lomond marca ACME<\/span><\/a><\/strong>, una se\u00f1ora, que no tendr\u00eda muchos m\u00e1s a\u00f1os que cuarenta, me formul\u00f3 <strong>una de estas frases memorables<\/strong> en forma de pregunta que me han perseguido durante toda mi adolescencia y parte de mi edad adulta. \u201c<strong>Perdona\u2026 \u00bfTienes un cigarro?<\/strong>\u201d.<\/span><\/p>\n<p>&nbsp;<\/p>\n<div id=\"attachment_1430\" style=\"width: 310px\" class=\"wp-caption alignleft\"><span style=\"color: #000000;\"><a href=\"\/loch-lomond\/wp-content\/uploads\/sites\/10\/2013\/01\/patty-y-selma-tabaco.jpg\"><span style=\"color: #000000;\"><img aria-describedby=\"caption-attachment-1430\" loading=\"lazy\" class=\"size-medium wp-image-1430\" title=\"patty y selma tabaco\" src=\"\/loch-lomond\/wp-content\/uploads\/sites\/10\/2013\/01\/patty-y-selma-tabaco.jpg\" alt=\" A ver si se atreven a pedirle un cigarro a alguna de estas dos.\" width=\"300\" height=\"174\" srcset=\"https:\/\/static-blogs.hoy.es\/wp-content\/uploads\/sites\/10\/2013\/01\/patty-y-selma-tabaco.jpg 479w, https:\/\/static-blogs.hoy.es\/wp-content\/uploads\/sites\/10\/2013\/01\/patty-y-selma-tabaco-300x174.jpg 300w\" sizes=\"(max-width: 300px) 100vw, 300px\" \/><\/span><\/a><\/span><p id=\"caption-attachment-1430\" class=\"wp-caption-text\">A ver si se atreven a pedirle un cigarro a alguna de estas dos.<\/p><\/div>\n<p><span style=\"color: #000000; font-size: medium;\">\u00a1<strong>Menuda regresi\u00f3n<\/strong> amigos! Reconozco que no pude evitar una sonrisita, y contest\u00e9 a ella como lo he hecho toda la vida: \u201c<strong>No, lo siento, no fumo<\/strong>\u201d. Me encantaba soltar esa frase cuando era un <strong>quincea\u00f1ero<\/strong> en el <strong><a title=\"Regreso al Zurbar\u00e1n\" href=\"https:\/\/blogs.hoy.es\/loch-lomond\/2012\/10\/24\/regreso-al-zurbaran\/\" target=\"_blank\"><span style=\"color: #000000;\">instituto Zurbar\u00e1n de Badajoz<\/span><\/a><\/strong>, pues aunque al principio lo hac\u00eda a modo de disculpa, para que mi interlocutor (y especialmente si era interlocutora, ustedes ya me entienden) no pensara que no quer\u00eda ofrecerle alg\u00fan cigarrillo, en seguida me di cuenta que <strong>esa respuesta crispaba a los fumadores<\/strong>, y que se la tomaban como algo personal, algo as\u00ed como <strong>una afirmaci\u00f3n p\u00fablica de que no era tan imb\u00e9cil como ellos para aspirar humo por la boca, envenenarme por dentro y volverlo a exhalar por mi chato hocico<\/strong>.<\/span><\/p>\n<p>&nbsp;<\/p>\n<p><span style=\"color: #000000; font-size: medium;\">Hagan memoria, mis queridos y desocupados lectores, ya sean <strong>fumadores activos o pasivos<\/strong>, y discurran con diligencia: \u00bf<strong>No les parece que es una frase que ya no se escucha en los tiempos que corren? \u00bfCu\u00e1ndo fue la \u00faltima vez que ofrecieron tabaco, o vieron a alg\u00fan fumador ofrecerlo en los \u00faltimos a\u00f1os?<\/strong><\/span><\/p>\n<p>&nbsp;<\/p>\n<p><span style=\"color: #000000; font-size: medium;\"><strong>\u00a0El prohibitivo precio de las flores de alquitr\u00e1n<\/strong> ha puesto fin a un gesto tan cotidiano como <strong>sacar un paquete de tabaco y ofrecer cigarrillos a diestro y siniestro<\/strong>. <strong>Fumar hoy en d\u00eda, aparte de una inconsciencia brutal y una estupidez como un templo, es un lujo que no todos pueden ya permitirse<\/strong>. Y ya que estamos hablando de <strong>m\u00e1ximas y citas<\/strong>: <strong>No hay mal que por bien no venga<\/strong>. <strong>Lo que no consiguieron una firme determinaci\u00f3n y una fuerza de voluntad sin l\u00edmite lo est\u00e1 procurando un bolsillo maltrecho y una escasez de peculio m\u00e1s que considerable.<\/strong><\/span><\/p>\n<p>&nbsp;<\/p>\n<p><span style=\"color: #000000; font-size: medium;\"><strong>La sociabilidad que antojaba al fumador mostrar esa amable camarader\u00eda se va esfumando<\/strong>, consumi\u00e9ndose cual cigarrillo postrado sobre un cenicero de cristal del que nos hemos olvidado de apagar y no le queda m\u00e1s que desaparecer en el tiempo.<\/span><\/p>\n<p>&nbsp;<\/p>\n<p><span style=\"color: #000000; font-size: medium;\">\u00a1<strong>Malditos tiempos que nos est\u00e1n tocando vivir<\/strong>! <strong>Ofrecer un cigarro, invitar a un caf\u00e9 o a una ca\u00f1a, dejarle al vecino un par de huevos, algo de vino blanco o una cebolla, puede present\u00e1rsenos como un lujo dif\u00edcil de solapar.<\/strong><\/span><\/p>\n<p>&nbsp;<\/p>\n<div id=\"attachment_1431\" style=\"width: 360px\" class=\"wp-caption alignright\"><span style=\"color: #000000;\"><a href=\"\/loch-lomond\/wp-content\/uploads\/sites\/10\/2013\/01\/simpsons-tabaco.jpg\"><span style=\"color: #000000;\"><img aria-describedby=\"caption-attachment-1431\" loading=\"lazy\" class=\"size-full wp-image-1431\" title=\"simpsons tabaco\" src=\"\/loch-lomond\/wp-content\/uploads\/sites\/10\/2013\/01\/simpsons-tabaco.jpg\" alt=\"\u00a1Se nos olvida muchas veces que el tabaco es una droga que crea gran adicci\u00f3n!\" width=\"350\" height=\"262\" srcset=\"https:\/\/static-blogs.hoy.es\/wp-content\/uploads\/sites\/10\/2013\/01\/simpsons-tabaco.jpg 350w, https:\/\/static-blogs.hoy.es\/wp-content\/uploads\/sites\/10\/2013\/01\/simpsons-tabaco-300x225.jpg 300w\" sizes=\"(max-width: 350px) 100vw, 350px\" \/><\/span><\/a><\/span><p id=\"caption-attachment-1431\" class=\"wp-caption-text\">\u00a1Se nos olvida muchas veces que el tabaco es una droga que crea gran adicci\u00f3n!<\/p><\/div>\n<p><span style=\"color: #000000; font-size: medium;\">Recuerdo que de ni\u00f1o, una costumbre muy extendida, era la de <strong>dejar alguna luz del hogar pr\u00f3xima al umbral de la puerta, encendida, para ahuyentar a los posibles ladrones<\/strong>, haci\u00e9ndoles creer que hab\u00eda gente en casa. Con los recibos de la luz actuales, aut\u00e9nticos robos a mano armada, casi que sale m\u00e1s barato dejar la puerta abierta y que el chorizo de turno se sirva a sus anchas, sin destrozar demasiado.<\/span><\/p>\n<p>&nbsp;<\/p>\n<p><span style=\"color: #000000; font-size: medium;\">En mi ni\u00f1ez y pre adolescencia, no tan lejana como muchos podr\u00e1n pensar, en mi ciudad, <strong>Badajoz<\/strong>, era m\u00e1s frecuente de lo necesario que algunos \u201cmanguis\u201d se dejaran caer por nuestros lugares de ocio para intentar chorarnos algo del estricto estipendio semanal que nos otorgaban nuestros progenitores. \u201c\u00bf<strong>Me dejas cinco duros<\/strong>?\u201d- sol\u00eda ser el grito de guerra y carta de presentaci\u00f3n de esta clase de <strong>chusma<\/strong>, quienes de vez en cuando portaban machetes y navajas. En muchas ocasiones incluso entreg\u00e1bamos los <strong>cinco duros<\/strong> de turno al momento para evitar posibles males mayores, e incluso para no aguantar m\u00e1s el rollo de esta gentuza\u2026 total, eran cinco duros. Dudo que hoy en d\u00eda, cualquier ni\u00f1ato de doce a\u00f1os no ponga en peligro su vida si pretenden sustraerle aunque sean veinte c\u00e9ntimos. \u00a1Faltar\u00eda m\u00e1s!<\/span><\/p>\n<p>&nbsp;<\/p>\n<p><span style=\"color: #000000; font-size: medium;\">Hace ocho a\u00f1os, en la sala de descanso de mi trabajo, las latas de refresco de m\u00e1quina costaban 55 c\u00e9ntimos. Todos flip\u00e1bamos con lo baratas que eran, y casi todo el mundo dejaba los cinco c\u00e9ntimos que sobraban encima de la m\u00e1quina, por si a alg\u00fan compa\u00f1ero le hac\u00edan falta para sacar la suya. A d\u00eda de hoy nos quejamos de que cuesten 60 c\u00e9ntimos, y no es nada habitual que la pe\u00f1a vaya regalando la calderilla as\u00ed como as\u00ed.<\/span><\/p>\n<p>&nbsp;<\/p>\n<div id=\"attachment_1432\" style=\"width: 266px\" class=\"wp-caption alignleft\"><span style=\"color: #000000;\"><a href=\"\/loch-lomond\/wp-content\/uploads\/sites\/10\/2013\/01\/fumar-demasiado.jpg\"><span style=\"color: #000000;\"><img aria-describedby=\"caption-attachment-1432\" loading=\"lazy\" class=\"size-full wp-image-1432\" title=\"fumar demasiado\" src=\"\/loch-lomond\/wp-content\/uploads\/sites\/10\/2013\/01\/fumar-demasiado.jpg\" alt=\"\u00a1Algunos fuman demasiado!\" width=\"256\" height=\"197\" \/><\/span><\/a><\/span><p id=\"caption-attachment-1432\" class=\"wp-caption-text\">\u00a1Algunos fuman demasiado!<\/p><\/div>\n<p><span style=\"color: #000000; font-size: medium;\">Supongo que todo ha de tener alguna explicaci\u00f3n. <strong>No es que nos hayamos vuelto ratas de repente<\/strong>, pero uno se pone a recordar que <strong>hace tres a\u00f1os ganaba m\u00e1s dinero que ahora<\/strong>, y entre otras cosas pagaba \u201cs\u00f3lo\u201d un <strong>16% de IVA<\/strong>, y <strong>con 100 euros en un supermercado hac\u00eda la compra para un mes incluyendo carne y pescado<\/strong>.<\/span><\/p>\n<p>&nbsp;<\/p>\n<p><span style=\"color: #000000; font-size: medium;\">Tiene narices que todav\u00eda existan quienes se atrevan a <strong>pedir cigarros a desconocidos<\/strong>. \u201c\u00bf<strong>Perdona\u2026 tienes un cigarro<\/strong>?\u201d. Al menda lerenda le entran ganas de ser fumador, y decirle con todas las letras muy claritas \u201cS\u00ed, lo tengo\u2026 pero no te lo voy a dar\u201d. Si lo piensan bien, con la que est\u00e1 cayendo, es casi m\u00e1s insultante que cuando aquellos \u201c<strong>chulimanguis<\/strong>\u201d te robaban casi a punta de navaja aquellos miserables <strong>cinco duros<\/strong>.<\/span><\/p>\n<p style=\"text-align: center;\"><span style=\"color: #000000;\"><em><span style=\"font-size: medium;\">Publicado en <strong>Diario HOY<\/strong> el 27\/01\/2013<\/span><\/em><\/span><\/p>\n<p style=\"text-align: center;\"><span style=\"color: #000000;\"><em><span style=\"font-size: medium;\"><a href=\"http:\/\/lector.kioskoymas.com\/epaper\/showlink.aspx?bookmarkid=MCXTY4PPOJO4&#038;preview=magnifier&#038;linkid=0eae0f4c-6aeb-4fe6-985c-a7d15383f963&#038;pdaffid=1NEHCXDv4QZRFanP7KJR9A%3d%3d\"><span style=\"color: #000000;\"><img src=\"\/\/cache2-thumb1.pressdisplay.com\/pressdisplay\/docserver\/getimage.aspx?file=22012013012700000000001001&#038;page=28&#038;scale=23\" alt=\"\" \/><\/span><\/a><\/span><\/em><\/span><\/p>\n<p>&nbsp;<\/p>\n<!-- AddThis Advanced Settings generic via filter on the_content --><!-- AddThis Share Buttons generic via filter on the_content -->","protected":false},"excerpt":{"rendered":"<p>&nbsp; Enrique Falc\u00f3. Antitabaco Cohabitan en la cabeza de todos nosotros no menos de un pu\u00f1ado de frases con las que nos hemos criado desde que ostentamos uso de raz\u00f3n. Expresiones que aunque a d\u00eda de hoy no se repitan tanto como anta\u00f1o siempre sacan alg\u00fan recuerdo de nuestra impredecible sesera. &nbsp; Mi menda destacar\u00eda [&hellip;]<!-- AddThis Advanced Settings generic via filter on get_the_excerpt --><!-- AddThis Share Buttons generic via filter on get_the_excerpt --><\/p>\n","protected":false},"author":14,"featured_media":0,"comment_status":"open","ping_status":"closed","sticky":false,"template":"","format":"standard","meta":[],"categories":[8],"tags":[25,87,289,601,832,932,991,1439,1515,1806,1854,1979,2121,2138,2175,2198,2201,2202,2203,2206,2515,2544,2611,2777,3103,3104,3115,3118,3206,3214,3282,3385,3679,3687,3952,4031,4177,4317,4371,4413,4731,4825,5381,5384],"_links":{"self":[{"href":"https:\/\/blogs.hoy.es\/loch-lomond\/wp-json\/wp\/v2\/posts\/1427"}],"collection":[{"href":"https:\/\/blogs.hoy.es\/loch-lomond\/wp-json\/wp\/v2\/posts"}],"about":[{"href":"https:\/\/blogs.hoy.es\/loch-lomond\/wp-json\/wp\/v2\/types\/post"}],"author":[{"embeddable":true,"href":"https:\/\/blogs.hoy.es\/loch-lomond\/wp-json\/wp\/v2\/users\/14"}],"replies":[{"embeddable":true,"href":"https:\/\/blogs.hoy.es\/loch-lomond\/wp-json\/wp\/v2\/comments?post=1427"}],"version-history":[{"count":0,"href":"https:\/\/blogs.hoy.es\/loch-lomond\/wp-json\/wp\/v2\/posts\/1427\/revisions"}],"wp:attachment":[{"href":"https:\/\/blogs.hoy.es\/loch-lomond\/wp-json\/wp\/v2\/media?parent=1427"}],"wp:term":[{"taxonomy":"category","embeddable":true,"href":"https:\/\/blogs.hoy.es\/loch-lomond\/wp-json\/wp\/v2\/categories?post=1427"},{"taxonomy":"post_tag","embeddable":true,"href":"https:\/\/blogs.hoy.es\/loch-lomond\/wp-json\/wp\/v2\/tags?post=1427"}],"curies":[{"name":"wp","href":"https:\/\/api.w.org\/{rel}","templated":true}]}}