{"id":143,"date":"2010-11-12T01:10:00","date_gmt":"2010-11-12T01:10:00","guid":{"rendered":"http:\/\/blogs.hoy.es\/loch-lomond\/?p=143"},"modified":"2010-11-12T01:10:00","modified_gmt":"2010-11-12T01:10:00","slug":"a-mi-querido-hermano-antonio","status":"publish","type":"post","link":"https:\/\/blogs.hoy.es\/loch-lomond\/2010\/11\/12\/a-mi-querido-hermano-antonio\/","title":{"rendered":"A mi querido hermano Antonio Garc\u00eda Calder\u00f3n"},"content":{"rendered":"<p class=\"MsoNormal\" style=\"margin: 0cm 0cm 0pt; text-align: justify;\">\u00a0<\/p>\n<p class=\"MsoNormal\" style=\"margin: 0cm 0cm 0pt; text-align: justify;\"><span style=\"font-size: 10pt; background: white; color: #003366; font-family: Verdana; mso-bidi-font-family: Arial;\">Hoy me disculpar\u00e1n, queridos amigos, por no ofrecerles una de mis canciones favoritas, como es habitual los viernes en Don de LOCH LOMOND. He preferido aprovechar esta ocasi\u00f3n, para terminar de honrar el nombre de mi t\u00edo y padrino, Antonio Garc\u00eda Calder\u00f3n, tristemente fallecido el pasado mi\u00e9rcoles, y rendirle un \u00faltimo homenaje.<\/span><\/p>\n<p class=\"MsoNormal\" style=\"margin: 0cm 0cm 0pt; text-align: justify;\">\u00a0<\/p>\n<p class=\"MsoNormal\" style=\"margin: 0cm 0cm 0pt; text-align: justify;\"><span style=\"font-size: 10pt; background: white; color: #003366; font-family: Verdana; mso-bidi-font-family: Arial;\">Mi padre, Enrique Garc\u00eda Calder\u00f3n, hermano mayor de Antonio, se sobrepuso de su terrible tristeza ayer noche para dedicarle a su querido hermano unas \u00faltimas y bellas palabras que transcribo tal cual. Aprovecho para agradecer de coraz\u00f3n todas las muestras de apoyo, \u00e1nimo y respeto recibidas para mi familia, y muy especialmente hacia sus hijos\u00a0Coro, Irene y Antonio,\u00a0y su mujer Coro. Les dejo con las sentidas palabras de mi padre queridos amigos:<\/span><\/p>\n<p class=\"MsoNormal\" style=\"margin: 0cm 0cm 0pt; text-align: justify;\">A mi querido hermano Antonio:<\/p>\n<p class=\"MsoNormal\" style=\"margin: 0cm 0cm 0pt; text-align: justify;\"><span style=\"font-size: 10pt; background: white; color: red; font-family: Verdana; mso-bidi-font-family: Arial;\">&#8220;La vida me ha roto un paisaje. Ahora hay un desgarro en la vieja postal. Es una fotograf\u00eda en blanco y negro con cinco ni\u00f1os. Macarena, Marisol y Loles visten blancas falditas y lucen bucles y lacitos. Yo sostengo en brazos, con cierto esfuerzo, a un beb\u00e9 gordo que mira satisfecho con sus ojos en blanco y negro. Ese beb\u00e9 se me ha ca\u00eddo para siempre. Pero en un paralelo on\u00edrico pesc\u00e1bamos anoche en la ribera de La Albuera. Yt\u00fa sonre\u00edas al atrapar un min\u00fasculo barbo. Yo te respond\u00eda con otra sonrisa m\u00e1s triste. Tendr\u00edamos que volver a pescar en nuestra ribera, querido Antonio. Tendr\u00edamos que ser de nuevo ni\u00f1os. Ahora mi vieja postal muestra un desgarro eterno. Me han destrozado de un zarpazo la vieja fotograf\u00eda. Se me cay\u00f3 de los brazos el beb\u00e9 gordo que miraba con fijeza al futuro&#8221;.<\/span><\/p>\n<p class=\"MsoNormal\" style=\"margin: 0cm 0cm 0pt; text-align: justify;\">\u00a0<\/p>\n<p class=\"MsoNormal\" style=\"margin: 0cm 0cm 0pt; text-align: justify;\"><span style=\"font-size: 10pt; background: white; color: #003366; font-family: Verdana; mso-bidi-font-family: Arial;\">\u00a0\u00a0\u00a0\u00a0\u00a0\u00a0\u00a0\u00a0\u00a0\u00a0\u00a0\u00a0\u00a0\u00a0\u00a0\u00a0\u00a0\u00a0\u00a0 Enrique Garc\u00eda Calder\u00f3n<\/span><\/p>\n<p class=\"MsoNormal\" style=\"margin: 0cm 0cm 0pt; text-align: justify;\">\u00a0<\/p>\n<p class=\"MsoNormal\" style=\"margin: 0cm 0cm 0pt; text-align: justify;\">\u00a0<\/p>\n<p class=\"MsoNormal\" style=\"margin: 0cm 0cm 0pt; text-align: justify;\">\u00a0<\/p>\n<p class=\"MsoNormal\" style=\"margin: 0cm 0cm 0pt; text-align: justify;\">\u00a0<\/p>\n<p class=\"MsoNormal\" style=\"margin: 0cm 0cm 0pt; text-align: justify;\">\u00a0<\/p>\n<p class=\"MsoNormal\" style=\"margin: 0cm 0cm 0pt; text-align: justify;\">\u00a0<\/p>\n<p class=\"MsoNormal\" style=\"margin: 0cm 0cm 0pt; text-align: justify;\">\u00a0<\/p>\n<p class=\"MsoNormal\" style=\"margin: 0cm 0cm 0pt; text-align: justify;\">\u00a0<\/p>\n<p class=\"MsoNormal\" style=\"margin: 0cm 0cm 0pt; text-align: justify;\">\u00a0<\/p>\n<p class=\"MsoNormal\" style=\"margin: 0cm 0cm 0pt; text-align: justify;\">\u00a0<\/p>\n<p class=\"MsoNormal\" style=\"margin: 0cm 0cm 0pt; text-align: justify;\">\u00a0<\/p>\n<p class=\"MsoNormal\" style=\"margin: 0cm 0cm 0pt; text-align: justify;\">\u00a0<\/p>\n<p class=\"MsoNormal\" style=\"margin: 0cm 0cm 0pt; text-align: justify;\">\u00a0<\/p>\n<p class=\"MsoNormal\" style=\"margin: 0cm 0cm 0pt; text-align: justify;\">\u00a0<\/p>\n<p class=\"MsoNormal\" style=\"margin: 0cm 0cm 0pt; text-align: justify;\">\u00a0<\/p>\n<p class=\"MsoNormal\" style=\"margin: 0cm 0cm 0pt; text-align: justify;\">\u00a0<\/p>\n<p class=\"MsoNormal\" style=\"margin: 0cm 0cm 0pt; text-align: justify;\">\u00a0<\/p>\n<p class=\"MsoNormal\" style=\"margin: 0cm 0cm 0pt; text-align: justify;\">\u00a0<\/p>\n<p class=\"MsoNormal\" style=\"margin: 0cm 0cm 0pt; text-align: justify;\">\u00a0<\/p>\n<p class=\"MsoNormal\" style=\"margin: 0cm 0cm 0pt; text-align: justify;\">\u00a0<\/p>\n<p class=\"MsoNormal\" style=\"margin: 0cm 0cm 0pt; text-align: justify;\">\u00a0<\/p>\n<p class=\"MsoNormal\" style=\"margin: 0cm 0cm 0pt; text-align: justify;\">\u00a0<\/p>\n<p class=\"MsoNormal\" style=\"margin: 0cm 0cm 0pt; text-align: justify;\">\u00a0<\/p>\n<p class=\"MsoNormal\" style=\"margin: 0cm 0cm 0pt; text-align: justify;\">\u00a0<\/p>\n<p class=\"MsoNormal\" style=\"margin: 0cm 0cm 0pt; text-align: justify;\">\u00a0<\/p>\n<p class=\"MsoNormal\" style=\"margin: 0cm 0cm 0pt; text-align: justify;\">\u00a0<\/p>\n<p class=\"MsoNormal\" style=\"margin: 0cm 0cm 0pt; text-align: justify;\">\u00a0<\/p>\n<p class=\"MsoNormal\" style=\"margin: 0cm 0cm 0pt; text-align: justify;\">\u00a0<\/p>\n<p class=\"MsoNormal\" style=\"margin: 0cm 0cm 0pt; text-align: justify;\">\u00a0<\/p>\n<!-- AddThis Advanced Settings generic via filter on the_content --><!-- AddThis Share Buttons generic via filter on the_content -->","protected":false},"excerpt":{"rendered":"<p>\u00a0 Hoy me disculpar\u00e1n, queridos amigos, por no ofrecerles una de mis canciones favoritas, como es habitual los viernes en Don de LOCH LOMOND. He preferido aprovechar esta ocasi\u00f3n, para terminar de honrar el nombre de mi t\u00edo y padrino, Antonio Garc\u00eda Calder\u00f3n, tristemente fallecido el pasado mi\u00e9rcoles, y rendirle un \u00faltimo homenaje. \u00a0 Mi [&hellip;]<!-- AddThis Advanced Settings generic via filter on get_the_excerpt --><!-- AddThis Share Buttons generic via filter on get_the_excerpt --><\/p>\n","protected":false},"author":14,"featured_media":0,"comment_status":"open","ping_status":"closed","sticky":false,"template":"","format":"standard","meta":[],"categories":[4],"tags":[296,298,520,1197,1198,1515,1806,1810,2150,2404,2462,2640,2850,3103,3113,3216,3350,3857,4165,5002,5003],"_links":{"self":[{"href":"https:\/\/blogs.hoy.es\/loch-lomond\/wp-json\/wp\/v2\/posts\/143"}],"collection":[{"href":"https:\/\/blogs.hoy.es\/loch-lomond\/wp-json\/wp\/v2\/posts"}],"about":[{"href":"https:\/\/blogs.hoy.es\/loch-lomond\/wp-json\/wp\/v2\/types\/post"}],"author":[{"embeddable":true,"href":"https:\/\/blogs.hoy.es\/loch-lomond\/wp-json\/wp\/v2\/users\/14"}],"replies":[{"embeddable":true,"href":"https:\/\/blogs.hoy.es\/loch-lomond\/wp-json\/wp\/v2\/comments?post=143"}],"version-history":[{"count":0,"href":"https:\/\/blogs.hoy.es\/loch-lomond\/wp-json\/wp\/v2\/posts\/143\/revisions"}],"wp:attachment":[{"href":"https:\/\/blogs.hoy.es\/loch-lomond\/wp-json\/wp\/v2\/media?parent=143"}],"wp:term":[{"taxonomy":"category","embeddable":true,"href":"https:\/\/blogs.hoy.es\/loch-lomond\/wp-json\/wp\/v2\/categories?post=143"},{"taxonomy":"post_tag","embeddable":true,"href":"https:\/\/blogs.hoy.es\/loch-lomond\/wp-json\/wp\/v2\/tags?post=143"}],"curies":[{"name":"wp","href":"https:\/\/api.w.org\/{rel}","templated":true}]}}