{"id":1433,"date":"2013-02-05T19:51:24","date_gmt":"2013-02-05T18:51:24","guid":{"rendered":"http:\/\/blogs.hoy.es\/loch-lomond\/?p=1433"},"modified":"2013-02-05T19:51:24","modified_gmt":"2013-02-05T18:51:24","slug":"maraton-murguero","status":"publish","type":"post","link":"https:\/\/blogs.hoy.es\/loch-lomond\/2013\/02\/05\/maraton-murguero\/","title":{"rendered":"Marat\u00f3n murguero"},"content":{"rendered":"<p>&nbsp;<\/p>\n<p>&nbsp;<\/p>\n<div id=\"attachment_1435\" style=\"width: 675px\" class=\"wp-caption aligncenter\"><a href=\"\/loch-lomond\/wp-content\/uploads\/sites\/10\/2013\/02\/POPOTER.jpg\"><img aria-describedby=\"caption-attachment-1435\" loading=\"lazy\" class=\" wp-image-1435\" title=\"POPOTER\" src=\"\/loch-lomond\/wp-content\/uploads\/sites\/10\/2013\/02\/POPOTER.jpg\" alt=\"Ni siquiera el bueno de Popoter, el cerdo-mascota de Homer se libra de disfrazarse una vez al a\u00f1o. Este disfraz de Harry Potter no est\u00e1 nada mal... \u00a1Tambi\u00e9n se disfraza de Spider Cerdo!\" width=\"665\" height=\"400\" \/><\/a><p id=\"caption-attachment-1435\" class=\"wp-caption-text\">Ni siquiera el bueno de Popoter, el cerdo-mascota de Homer se libra de disfrazarse una vez al a\u00f1o. Este disfraz de Harry Potter no est\u00e1 nada mal... \u00a1Tambi\u00e9n se disfraza de Spider Cerdo!<\/p><\/div>\n<p>&nbsp;<\/p>\n<p><span style=\"color: #000000; font-size: medium;\">Nunca nos planteamos <strong>lo importante que es estar bien de salud<\/strong> hasta que caemos <strong>enfermos<\/strong>. Y si no que me lo cuenten a m\u00ed que lo llevo sufri\u00e9ndolo en mis amplias hechuras desde el martes pasado.<\/span><\/p>\n<p>&nbsp;<\/p>\n<p><span style=\"color: #000000; font-size: medium;\">Les cuento esto por <strong>lo feliz que me las promet\u00eda la semana anterior<\/strong>, mientras comentaba con mi amigo <strong><a title=\"Lolo Merino\" href=\"https:\/\/blogs.hoy.es\/loch-lomond\/2011\/12\/06\/lolo-merino\/\" target=\"_blank\">Lolo Merino<\/a><\/strong> y <strong>Maite Carrasco<\/strong> en <strong>La Ser<\/strong> lo mucho que me gusta disfrutar del <strong>concurso de murgas del Carnaval de Badajoz<\/strong>, y especialmente reivindicar cada a\u00f1o el papel fundamental que <a title=\"Cajas y bombos del Carnaval\" href=\"https:\/\/blogs.hoy.es\/loch-lomond\/2012\/02\/15\/cajas-y-bombos-del-carnaval\/\" target=\"_blank\"><strong>los cajas y bombos<\/strong> <\/a>de las agrupaciones nos regalan innovando a\u00f1o tras a\u00f1o en un <strong>alarde de originalidad<\/strong>.<\/span><\/p>\n<p>&nbsp;<\/p>\n<p><span style=\"color: #000000; font-size: medium;\"><strong>Cuando uno tiene fiebre da la sensaci\u00f3n de que se convierte en otra persona<\/strong>, y as\u00ed, el menda no estaba de <strong>humor<\/strong> ni ten\u00eda cuerpo para <strong>los preliminares del concurso<\/strong>. Tras una <strong>leve mejor\u00eda<\/strong> me he sometido desde el lunes a una voluntaria <strong>marat\u00f3n<\/strong> cuya meta desemboc\u00f3 con <strong>las actuaciones de la primera jornada de semifinales<\/strong>.<\/span><\/p>\n<p>&nbsp;<\/p>\n<div id=\"attachment_1437\" style=\"width: 490px\" class=\"wp-caption alignleft\"><a href=\"\/loch-lomond\/wp-content\/uploads\/sites\/10\/2013\/02\/Los-ni\u00f1os-2013.jpg\"><img aria-describedby=\"caption-attachment-1437\" loading=\"lazy\" class=\" wp-image-1437\" title=\"Los ni\u00f1os 2013\" src=\"\/loch-lomond\/wp-content\/uploads\/sites\/10\/2013\/02\/Los-ni\u00f1os-2013.jpg\" alt=\"Con Los Ni\u00f1os...se arm\u00f3 el Bel\u00e9n... o la Bel\u00e9n...en el portal de Bel\u00e9n... o en el de en frente... \u00a1con ellos todo es posible!\" width=\"480\" height=\"250\" \/><\/a><p id=\"caption-attachment-1437\" class=\"wp-caption-text\">Con Los Ni\u00f1os...se arm\u00f3 el Bel\u00e9n... o la Bel\u00e9n...en el portal de Bel\u00e9n... o en el de en frente... \u00a1con ellos todo es posible!<\/p><\/div>\n<p><span style=\"color: #000000; font-size: medium;\">Est\u00e1 claro que cada a\u00f1o que transcurre <strong>el concurso se va profesionalizando<\/strong> de alguna manera, aunque no faltan los peque\u00f1os matices que cada a\u00f1o hacen tan especial, tan propio, nuestro particular concurso.<\/span><\/p>\n<p>&nbsp;<\/p>\n<p><span style=\"color: #000000; font-size: medium;\"><strong>La m\u00e1s que reprobable actitud de un sector del p\u00fablico<\/strong> que sigue <strong>abandonando las butacas<\/strong> y <strong>animando s\u00f3lo a una murga en particular<\/strong> la desarrollar\u00e9 en breve en <strong>un art\u00edculo en la revista del Ayuntamiento de Badajoz del Carnaval 2013<\/strong> cuya publicaci\u00f3n ser\u00e1 inminente. <\/span><\/p>\n<p><span style=\"color: #000000; font-size: medium;\">Sin embargo, s\u00ed da la sensaci\u00f3n de que este a\u00f1o, <strong>aquellas murgas<\/strong> (alrededor de una docena aproximadamente) <strong>que se disputar\u00e1n la final, se han guardado con m\u00e1s celo que otros a\u00f1os, alg\u00fan que otro conejo en la chistera<\/strong>, y enti\u00e9ndase <strong>conejo<\/strong> en el sentido m\u00e1s <strong>roedor<\/strong> de la palabra.<\/span><\/p>\n<p>&nbsp;<\/p>\n<p><span style=\"color: #000000; font-size: medium;\">Siguen manteni\u00e9ndose las <strong>dos corrientes<\/strong>, <strong>los que tocan temas m\u00e1s serios y los que s\u00f3lo buscan constantemente la risa y la encuentran con suma facilidad<\/strong>. Aunque el famoso dicho griego asegura que <strong>en el t\u00e9rmino medio se encuentra la virtud<\/strong>, no me queda m\u00e1s que reconocer p\u00fablicamente que <strong>me declaro simpatizante con fervor de los del segundo grupo<\/strong>, y nunca entender\u00e9 a quienes insisten en temas como <strong>la mujer maltratada, asesinatos o desapariciones de ni\u00f1os<\/strong>. Por citar algunos ejemplos.<\/span><\/p>\n<p>&nbsp;<\/p>\n<p><span style=\"color: #000000; font-size: medium;\">Tambi\u00e9n sigo sin entender a los aspirantes a participar en la pr\u00f3xima edici\u00f3n de \u201c<strong><a title=\"La voz\" href=\"https:\/\/blogs.hoy.es\/loch-lomond\/2012\/09\/23\/la-voz\/\" target=\"_blank\">La Voz<\/a><\/strong>\u201d ni en quienes se empe\u00f1an en <strong>romper los cristales del Teatro L\u00f3pez de Ayala y los t\u00edmpanos de los espectadores con notas mucho m\u00e1s altas y agudas de las que podemos soportar los seres humanos<\/strong>.<\/span><\/p>\n<p>&nbsp;<\/p>\n<div id=\"attachment_1438\" style=\"width: 468px\" class=\"wp-caption alignright\"><a href=\"\/loch-lomond\/wp-content\/uploads\/sites\/10\/2013\/02\/los-Murallitas-preliminares-2013.jpg\"><img aria-describedby=\"caption-attachment-1438\" loading=\"lazy\" class=\" wp-image-1438\" title=\"los Murallitas preliminares 2013\" src=\"\/loch-lomond\/wp-content\/uploads\/sites\/10\/2013\/02\/los-Murallitas-preliminares-2013.jpg\" alt=\"En los \u00faltimos a\u00f1os, los murallitas siempre est\u00e1n en el Podium. Seguro que les quedan muchas sorpresas que mostrarnos este a\u00f1o.\" width=\"458\" height=\"260\" \/><\/a><p id=\"caption-attachment-1438\" class=\"wp-caption-text\">En los \u00faltimos a\u00f1os, los murallitas siempre est\u00e1n en el Podium. Seguro que les quedan muchas sorpresas que mostrarnos este a\u00f1o.<\/p><\/div>\n<p><span style=\"color: #000000; font-size: medium;\">Pero <strong>en nuestro Carnaval hay sitio para todo el mundo<\/strong>, y <strong>el concurso de murgas<\/strong>, no lo olvidemos, no es m\u00e1s que <strong>otro elemento para disfrutarlo<\/strong>. <\/span><\/p>\n<p>&nbsp;<\/p>\n<p><span style=\"color: #000000; font-size: medium;\">Para no significarme p\u00fablicamente <strong>no manifestar\u00e9 una vez m\u00e1s que mi murga favorita ser\u00e1n siempre \u201cLos Murallitas\u201d<\/strong> desde que me conquistaran el coraz\u00f3n con aquella m\u00edtica actuaci\u00f3n en 2011 \u201c<strong><a title=\"Si L.O.G.S.E. no vengo (Los Murallitas)\" href=\"https:\/\/blogs.hoy.es\/loch-lomond\/2011\/08\/19\/si-l-o-g-s-e-no-vengo-los-murallitas\/\" target=\"_blank\">Si LOGSE no vengo<\/a><\/strong>\u201d, y que sin duda \u201c<strong>Los Ni\u00f1os<\/strong>\u201d mantienen tambi\u00e9n <strong>el esp\u00edritu de lo que considero que debe ser una Murga<\/strong>, destacando siempre <strong>esos peque\u00f1os detalles que los hacen convertirse en los\u00a0favoritos del p\u00fablico\u00a0casi todos los a\u00f1os<\/strong>. <\/span><\/p>\n<p>&nbsp;<\/p>\n<p><span style=\"color: #000000; font-size: medium;\">Y por \u00faltimo, espero que otra de las murgas con la que m\u00e1s simpatizo, \u201c<strong>Los Chungos<\/strong>\u201d, <strong>se ganen de una vez un lugar en una final<\/strong> que se les niega injustamente desde\u00a0 hace a\u00f1os, \u201c<strong>Conkrestamente<\/strong>\u201d desde aquella m\u00edtica actuaci\u00f3n de 2010. <\/span><\/p>\n<p>&nbsp;<\/p>\n<p><span style=\"color: #000000; font-size: medium;\">\u201c<strong>Ese es el esp\u00edtitu<\/strong>\u201d y \u201c<strong>Los Espantaperros<\/strong>\u201d se vienen ganando tambi\u00e9n mis simpat\u00edas desde la pasada edici\u00f3n, y <strong>no deber\u00eda sorprendernos que accedieran tambi\u00e9n este a\u00f1o a la final con pleno derecho<\/strong>. Sin olvidarme de &#8220;<strong>Al Maridi&#8221;<\/strong>, pues s\u00f3lo por <strong>c\u00f3mo suenan sus guitarras<\/strong> y contar con mi amigo <strong>Ra\u00fal Cantero<\/strong> en su formaci\u00f3n, <strong>siempre hay que tenerlos en cuenta en las primeras posiciones<\/strong>.<\/span><\/p>\n<p>&nbsp;<\/p>\n<a href=\"\/loch-lomond\/wp-content\/uploads\/sites\/10\/2013\/02\/bombo-La-Mascarada.jpg\"><img loading=\"lazy\" class=\"size-medium wp-image-1439\" title=\"bombo La Mascarada\" src=\"\/loch-lomond\/wp-content\/uploads\/sites\/10\/2013\/02\/bombo-La-Mascarada.jpg\" alt=\"Parece que este a\u00f1o veos un poco m\u00e1s a los bombos y cajas, como en esta imagen con el bombo de La Mascarada al fondo.\" width=\"300\" height=\"198\" srcset=\"https:\/\/static-blogs.hoy.es\/wp-content\/uploads\/sites\/10\/2013\/02\/bombo-La-Mascarada.jpg 860w, https:\/\/static-blogs.hoy.es\/wp-content\/uploads\/sites\/10\/2013\/02\/bombo-La-Mascarada-300x199.jpg 300w, https:\/\/static-blogs.hoy.es\/wp-content\/uploads\/sites\/10\/2013\/02\/bombo-La-Mascarada-768x509.jpg 768w\" sizes=\"(max-width: 300px) 100vw, 300px\" \/><\/a>\n<div class=\"mceTemp\"><span style=\"color: #000000; font-size: medium;\">Pero <strong>para gustos los colores<\/strong>, y seguro que <strong>ustedes tienen sus favoritas<\/strong>, y al igual que el menda, <strong>un mont\u00f3n de amigos repartidos por todas ellas<\/strong>, por lo tanto <strong>que decida el jurado<\/strong>, y <strong>nosotros a re\u00edrnos y a disfrutar<\/strong>.<\/span><\/div>\n<p>&nbsp;<\/p>\n<p><span style=\"color: #000000; font-size: medium;\">Para finalizar\u00a0<strong>un gui\u00f1o a c\u00e1maras y realizadores<\/strong>, pues no s\u00e9 si ser\u00e1n imaginaciones m\u00edas, pero <strong>este a\u00f1o estamos viendo m\u00e1s planos que nunca de cajas y bombos<\/strong>. <strong>Sigamos disfrutando que esto no ha hecho m\u00e1s que empezar<\/strong>. <\/span><\/p>\n<p>&nbsp;<\/p>\n<p style=\"text-align: center;\"><span style=\"color: #000000; font-size: medium;\"><strong>\u00a0\u00a0\u00a0\u00a0\u00a0\u00a0\u00a0\u00a0\u00a0\u00a0\u00a0\u00a0\u00a0\u00a0\u00a0\u00a0\u00a0\u00a0\u00a0\u00a0\u00a0\u00a0\u00a0\u00a0\u00a0\u00a0\u00a0\u00a0\u00a0\u00a0\u00a0 Esta es mi opini\u00f3n&#8230; y yo la comparto<\/strong>.<\/span><\/p>\n<!-- AddThis Advanced Settings generic via filter on the_content --><!-- AddThis Share Buttons generic via filter on the_content -->","protected":false},"excerpt":{"rendered":"<p>&nbsp; &nbsp; &nbsp; Nunca nos planteamos lo importante que es estar bien de salud hasta que caemos enfermos. Y si no que me lo cuenten a m\u00ed que lo llevo sufri\u00e9ndolo en mis amplias hechuras desde el martes pasado. &nbsp; Les cuento esto por lo feliz que me las promet\u00eda la semana anterior, mientras comentaba [&hellip;]<!-- AddThis Advanced Settings generic via filter on get_the_excerpt --><!-- AddThis Share Buttons generic via filter on get_the_excerpt --><\/p>\n","protected":false},"author":14,"featured_media":0,"comment_status":"open","ping_status":"closed","sticky":false,"template":"","format":"standard","meta":[],"categories":[5],"tags":[36,72,167,274,437,662,700,701,822,958,1050,1134,1135,1140,1148,1207,1486,1536,1798,1870,1902,2091,2316,2345,2816,2919,2934,3119,3122,3138,3144,3161,3162,3241,3318,3603,3604,4186,4277,4278,4356,4419,4483,4504,4562,4634,4915],"_links":{"self":[{"href":"https:\/\/blogs.hoy.es\/loch-lomond\/wp-json\/wp\/v2\/posts\/1433"}],"collection":[{"href":"https:\/\/blogs.hoy.es\/loch-lomond\/wp-json\/wp\/v2\/posts"}],"about":[{"href":"https:\/\/blogs.hoy.es\/loch-lomond\/wp-json\/wp\/v2\/types\/post"}],"author":[{"embeddable":true,"href":"https:\/\/blogs.hoy.es\/loch-lomond\/wp-json\/wp\/v2\/users\/14"}],"replies":[{"embeddable":true,"href":"https:\/\/blogs.hoy.es\/loch-lomond\/wp-json\/wp\/v2\/comments?post=1433"}],"version-history":[{"count":0,"href":"https:\/\/blogs.hoy.es\/loch-lomond\/wp-json\/wp\/v2\/posts\/1433\/revisions"}],"wp:attachment":[{"href":"https:\/\/blogs.hoy.es\/loch-lomond\/wp-json\/wp\/v2\/media?parent=1433"}],"wp:term":[{"taxonomy":"category","embeddable":true,"href":"https:\/\/blogs.hoy.es\/loch-lomond\/wp-json\/wp\/v2\/categories?post=1433"},{"taxonomy":"post_tag","embeddable":true,"href":"https:\/\/blogs.hoy.es\/loch-lomond\/wp-json\/wp\/v2\/tags?post=1433"}],"curies":[{"name":"wp","href":"https:\/\/api.w.org\/{rel}","templated":true}]}}