{"id":1444,"date":"2013-02-07T20:40:00","date_gmt":"2013-02-07T19:40:00","guid":{"rendered":"http:\/\/blogs.hoy.es\/loch-lomond\/?p=1444"},"modified":"2013-02-07T20:40:00","modified_gmt":"2013-02-07T19:40:00","slug":"hey-hey-hey-tia-no-os-pegueis","status":"publish","type":"post","link":"https:\/\/blogs.hoy.es\/loch-lomond\/2013\/02\/07\/hey-hey-hey-tia-no-os-pegueis\/","title":{"rendered":"\u00a1Hey, hey, hey&#8230; t\u00eda no os pegu\u00e9is!"},"content":{"rendered":"<div id=\"attachment_1450\" style=\"width: 443px\" class=\"wp-caption aligncenter\"><a href=\"\/loch-lomond\/wp-content\/uploads\/sites\/10\/2013\/02\/Sardile\u00f3n-el-gallifante-pacense.jpg\"><img aria-describedby=\"caption-attachment-1450\" loading=\"lazy\" class=\"size-full wp-image-1450\" title=\"Sardile\u00f3n; el gallifante pacense\" src=\"\/loch-lomond\/wp-content\/uploads\/sites\/10\/2013\/02\/Sardile\u00f3n-el-gallifante-pacense.jpg\" alt=\"\" width=\"433\" height=\"604\" srcset=\"https:\/\/static-blogs.hoy.es\/wp-content\/uploads\/sites\/10\/2013\/02\/Sardile\u00f3n-el-gallifante-pacense.jpg 433w, https:\/\/static-blogs.hoy.es\/wp-content\/uploads\/sites\/10\/2013\/02\/Sardile\u00f3n-el-gallifante-pacense-215x300.jpg 215w\" sizes=\"(max-width: 433px) 100vw, 433px\" \/><\/a><p id=\"caption-attachment-1450\" class=\"wp-caption-text\">Sardile\u00f3n lo tendr\u00e1 muy dif\u00edcil en la final del concurso de murgas de Badajoz 2013. \u00a1Hay mucha calidad!<\/p><\/div>\n<p>&nbsp;<\/p>\n<p><span style=\"color: #000000; font-size: medium;\">El mi\u00e9rcoles, tras <strong>la tercera semifinal del concurso de murgas del Carnaval de Badajoz 2013<\/strong>, se produjo la inevitable <strong>divisi\u00f3n de opiniones entre p\u00fablico y jurado<\/strong>, cuando este \u00faltimo anunci\u00f3 <strong>los 8 finalistas<\/strong>.<\/span><\/p>\n<p>&nbsp;<\/p>\n<p><span style=\"color: #000000; font-size: medium;\">Casi todo el respetable estaba m\u00e1s o menos de acuerdo en que <strong>\u201c<a title=\"web de \"Los Ni\u00f1os\"\" href=\"http:\/\/murgalosninos.es.tl\/\" target=\"_blank\">Los Ni\u00f1os<\/a>\u201d, \u201c<a title=\"web de \"Los Murallitas\"\" href=\"http:\/\/losmurallitas.es\/\" target=\"_blank\">Los Murallitas<\/a>\u201d, \u201c<a title=\"web de \"Los Espantaperros\"\" href=\"http:\/\/murgalosespantaperros.blogspot.com.es\/\" target=\"_blank\">Los Espantaperros<\/a>\u201d, \u201c<a title=\"web de \"Los Water Closet\"\" href=\"http:\/\/murgawatercloset.blogspot.com.es\/\" target=\"_blank\">Los Water Closet<\/a>\u201d y \u201c<a title=\"Twitter de \"Ese es el Esp\u00edritu\"\" href=\"https:\/\/twitter.com\/EseEsElEspiritu\" target=\"_blank\">Ese es el Esp\u00edritu<\/a>\u201d<\/strong> se hab\u00edan ganado justamente su pase a la final. Tampoco extra\u00f1\u00f3 que \u201c<strong><a title=\"web de \"Los 3W\"\" href=\"http:\/\/murgalos3w.wix.com\/los3w\" target=\"_blank\">Los 3W<\/a><\/strong>\u201d accedieran finalmente, pero s\u00ed que <strong>hubo muchas discrepancias con la elecci\u00f3n de \u201c<a title=\"Twitter de \"Dakipakasa\"\" href=\"https:\/\/twitter.com\/Dakipakasa\" target=\"_blank\">Dakipakasa<\/a>\u201d y \u201c<a title=\"p\u00e1gina de facebook de \"Pixa a la Fulaneska\"\" href=\"http:\/\/www.facebook.com\/pages\/Pixa-a-la-Fulaneska\/276967838996685\" target=\"_blank\">Pixa a la Fulaneska<\/a>\u201d en detrimento de \u201c<a title=\"Twitter de \"Los Chungos\"\" href=\"https:\/\/twitter.com\/murgaloschungos\" target=\"_blank\">Los Chungos<\/a>\u201d<\/strong>, a quienes se les niega continuamente un merecido pase a la final\u201d y los siempre correctos \u201c<strong><a title=\"Web de \"Al Maridi\"\" href=\"http:\/\/www.murgaalmaridi.com\/\" target=\"_blank\">Al Maridi<\/a><\/strong>\u201d, acostumbrados a estar \u00a0arriba desde su irrupci\u00f3n en el concurso.<\/span><\/p>\n<p>&nbsp;<\/p>\n<p><span style=\"color: #000000; font-size: medium;\">A pesar del <strong>descontento del p\u00fablico<\/strong> poco m\u00e1s se puede hacer que <strong>seguir las reglas que los propios murgueros dictan para el concurso de murgas<\/strong>. Personalmente no ha sido mi a\u00f1o favorito de \u201c<strong>Pixa a la Fulaneska<\/strong>\u201d pero cierto es que suenan de dulce, y siempre me maravillan las cosas que hacen con los instrumentos, por lo que <strong>dudar de su calidad me parece cuanto menos una falta grave de respeto<\/strong>.<\/span><\/p>\n<p>&nbsp;<\/p>\n<a href=\"\/loch-lomond\/wp-content\/uploads\/sites\/10\/2013\/02\/Pedro-Wichard-los-ni\u00f1os-2013.png\"><img loading=\"lazy\" class=\"size-medium wp-image-1449\" title=\"Pedro Wichard los ni\u00f1os 2013\" src=\"\/loch-lomond\/wp-content\/uploads\/sites\/10\/2013\/02\/Pedro-Wichard-los-ni\u00f1os-2013.png\" alt=\"J\u00e9sica, una de las \"mellis\" de Los Ni\u00f1os. piensa que la Belen, que se cree la Lady Gaga, \"tiene toa la cara de mi culo cuando caga\". \u00a1Grande como siempre Pedro Wichard!\" width=\"300\" height=\"300\" srcset=\"https:\/\/static-blogs.hoy.es\/wp-content\/uploads\/sites\/10\/2013\/02\/Pedro-Wichard-los-ni\u00f1os-2013.png 600w, https:\/\/static-blogs.hoy.es\/wp-content\/uploads\/sites\/10\/2013\/02\/Pedro-Wichard-los-ni\u00f1os-2013-150x150.png 150w, https:\/\/static-blogs.hoy.es\/wp-content\/uploads\/sites\/10\/2013\/02\/Pedro-Wichard-los-ni\u00f1os-2013-300x300.png 300w\" sizes=\"(max-width: 300px) 100vw, 300px\" \/><\/a>\n<p><span style=\"color: #000000; font-size: medium;\">Al igual que con los miembros de \u201c<strong>Dakipakasa<\/strong>\u201d, murga a la que no le tengo tanta simpat\u00eda por aquello de preferir a otro tipo de murgas que me hacen re\u00edr con m\u00e1s facilidad.<\/span><\/p>\n<p>&nbsp;<\/p>\n<p><span style=\"color: #000000; font-size: medium;\">Ahora bien, es innegable que <strong>nadie le regala a ninguna murga su pase a la final por el nombre<\/strong>, y no creo que sea casualidad ni tongo alguno el hecho de que por ejemplo estas dos murgas accedan casi siempre a la final\u00edsima.<\/span><\/p>\n<p>&nbsp;<\/p>\n<p><span style=\"color: #000000; font-size: medium;\">Indudablemente <strong>han de conseguir una puntuaci\u00f3n bastante alta del jurado, que se limita a aplicar sus notas bas\u00e1ndose en las normas previamente establecidas<\/strong>. Quien no est\u00e9 de acuerdo con el <strong>fallo<\/strong> que solicite un <strong>cambio en las normas<\/strong>, pero por favor, <strong>sin faltar al respeto a las murgas que se han ganado su pase a la final<\/strong>.<\/span><\/p>\n<p>&nbsp;<\/p>\n<a href=\"\/loch-lomond\/wp-content\/uploads\/sites\/10\/2013\/02\/caja-bombo-espantaperros.jpg\"><img loading=\"lazy\" class=\"size-medium wp-image-1447\" title=\"caja bombo espantaperros\" src=\"\/loch-lomond\/wp-content\/uploads\/sites\/10\/2013\/02\/caja-bombo-espantaperros.jpg\" alt=\"\" width=\"200\" height=\"300\" srcset=\"https:\/\/static-blogs.hoy.es\/wp-content\/uploads\/sites\/10\/2013\/02\/caja-bombo-espantaperros.jpg 685w, https:\/\/static-blogs.hoy.es\/wp-content\/uploads\/sites\/10\/2013\/02\/caja-bombo-espantaperros-201x300.jpg 201w\" sizes=\"(max-width: 200px) 100vw, 200px\" \/><\/a>\n<p><span style=\"color: #000000; font-size: medium;\">En otro orden de cosas <strong>me gustar\u00eda destacar alguna pincelada de las semifinales<\/strong>. Me han gustado, como a casi todo el mundo, especialmente \u201c<strong>Los Espantaperros<\/strong>\u201d. Las voces suenan bonitas y conjuntadas, tienen gracia y le sacan mucho partido a lo de ir de <strong>dientes<\/strong>. <\/span><\/p>\n<p>&nbsp;<\/p>\n<p><span style=\"color: #000000; font-size: medium;\">Adem\u00e1s, sin duda, <strong><a title=\"Cajas y bombos del Carnaval\" href=\"https:\/\/blogs.hoy.es\/loch-lomond\/2012\/02\/15\/cajas-y-bombos-del-carnaval\/\">cuentan con los mejores caja-bombo del concurso<\/a><\/strong>, quienes dotan a toda la actuaci\u00f3n de <strong>un ritmo estupendo<\/strong>. Si no fuera por alguna letra de tem\u00e1tica de las que no me gusta escuchar (la dedicada a <strong>Bret\u00f3n<\/strong> por ejemplo) me atrever\u00eda a decir que <strong>pueden alzarse perfectamente con el primer premio<\/strong>. <\/span><\/p>\n<p>&nbsp;<\/p>\n<p><span style=\"color: #000000; font-size: medium;\">Pero es que <a title=\"Marat\u00f3n murguero\" href=\"https:\/\/blogs.hoy.es\/loch-lomond\/2013\/02\/05\/maraton-murguero\/\" target=\"_blank\">el menda es de los que se priva con quienes le hacen re\u00edr durante m\u00e1s tiempo,<\/a> ya sea a base de media sonrisa o explosiva carcajada. Por ello dudo que mis sempiternos predilectos \u201c<strong>Los Murallitas<\/strong>\u201d se vayan a contentar con otro segundo o tercer puesto, y seguro que hacen lo imposible para dar la campanada.<\/span><\/p>\n<p>&nbsp;<\/p>\n<p><span style=\"color: #000000; font-size: medium;\">\u00bfY qu\u00e9 decir de \u201c<strong>Los Ni\u00f1os<\/strong>\u201d? Siempre se inventan algo que si bien no les hace ganar al menos les otorga alguna de las primeras posiciones. <\/span><\/p>\n<p>&nbsp;<\/p>\n<p><span style=\"color: #000000; font-size: medium;\"><strong>Los detalles son muy importantes, y \u201cLos Ni\u00f1os\u201d son especialistas en estas lindes<\/strong>. El a\u00f1o pasado, por ejemplo, yo ten\u00eda bastante claro que iban a ganar simplemente por <strong>el detalle de la presentaci\u00f3n, en el que cuando iban a presentarse de repente los beb\u00e9s romp\u00edan a llorar y ellos cantaban lo de \u201cSe acab\u00f3 la presentaci\u00f3n\u201d<\/strong>. <\/span><\/p>\n<p>&nbsp;<\/p>\n<p><span style=\"color: #000000; font-size: medium;\">Este hecho se magnific\u00f3 a\u00fan m\u00e1s en la final, y<strong> los beb\u00e9s en lugar de llorando se asomaron disfrazados de carnaval, y uno de ellos con el traje de \u201cLos Viririflantas\u201d<\/strong>. Ese fue el detalle significativo que una vez m\u00e1s los llev\u00f3 a lo m\u00e1s alto.<\/span><\/p>\n<p>&nbsp;<\/p>\n<a href=\"\/loch-lomond\/wp-content\/uploads\/sites\/10\/2013\/02\/Cupido-Los-Murallitas.jpg\"><img loading=\"lazy\" class=\"size-medium wp-image-1448\" title=\"Cupido Los Murallitas\" src=\"\/loch-lomond\/wp-content\/uploads\/sites\/10\/2013\/02\/Cupido-Los-Murallitas.jpg\" alt=\"\" width=\"225\" height=\"300\" srcset=\"https:\/\/static-blogs.hoy.es\/wp-content\/uploads\/sites\/10\/2013\/02\/Cupido-Los-Murallitas.jpg 600w, https:\/\/static-blogs.hoy.es\/wp-content\/uploads\/sites\/10\/2013\/02\/Cupido-Los-Murallitas-225x300.jpg 225w\" sizes=\"(max-width: 225px) 100vw, 225px\" \/><\/a>\n<div class=\"mceTemp\"><\/div>\n<p><span style=\"color: #000000; font-size: medium;\">Este a\u00f1o ya han protagonizado alguno que otro. <strong>El momentazo de mi amigo <a title=\"Pedro Wichard\" href=\"https:\/\/blogs.hoy.es\/loch-lomond\/2011\/11\/23\/pedro-wichard\/\" target=\"_blank\">Pedro Wichard<\/a><\/strong> \u00a0(\u201c<strong>\u00a1<em>Y se cree la Lady Gaga\u2026 y tiene toa la cara de mi culo cuando caga<\/em><\/strong>!\u201d) es de los que hacen ganar un concurso.<\/span><\/p>\n<p>&nbsp;<\/p>\n<p><span style=\"color: #000000; font-size: medium;\"><strong>\u00a0Igual que el que tuvo \u201cChiki\u201d con los sobres entregados al jurado<\/strong>, pero sin duda destacar\u00eda el n\u00famero final, en el que la mayor\u00eda de chonis consiguen arengar a dos amigas para que lleguen a las manos, y en ese preciso instante todas salen muy compungidas gritando aquello de \u201c<em><strong>Hey, hey, hey\u2026t\u00eda no os pegu\u00e9is<\/strong><\/em>\u201d. \u00a1Sencillamente despampanante!<\/span><\/p>\n<p>&nbsp;<\/p>\n<p><span style=\"color: #000000; font-size: medium;\">Hay momentos en los que pienso que <strong>puede ganar cualquiera<\/strong>. <strong>El popurr\u00ed de \u201cEse es el Esp\u00edritu\u201d es buen\u00edsimo<\/strong>, y\u00a0 sorprendieron con los cambios en la semifinal. <\/span><\/p>\n<p>&nbsp;<\/p>\n<p><span style=\"color: #000000; font-size: medium;\"><strong>Aun me parto con lo de \u201cCarretera de la Corte\u201d, el hijo de Beckham, engendrado en San Roque, de los \u201cWater Closet\u201d<\/strong> que siempre son otra de las murgas cuyo principal empe\u00f1o es tratar de hacernos re\u00edr. <strong>\u201cLos 3W\u201d han ido de menos a m\u00e1s,<\/strong> y tambi\u00e9n cuentan con un primer premio. <strong>Y no olvidemos que \u201cPixa a la Fulaneska\u201d y \u201cDakipakasa\u201d cuentan con el respaldo del jurado gracias a la calidad de sus voces<\/strong>.<\/span><\/p>\n<p>&nbsp;<\/p>\n<p><span style=\"color: #000000; font-size: medium;\"><strong>Estoy deseando ver qu\u00e9 nos deparar\u00e1 la final<\/strong>, que sin duda nos har\u00e1 pasar un buen rato, que en estos tiempos dif\u00edciles para todos nos hace m\u00e1s falta que nunca. Y <strong>al resto del p\u00fablico y murgueros<\/strong> les recuerdo que despu\u00e9s de todo esto no es m\u00e1s que un concurso, as\u00ed que: \u201c<strong><em>Hey, hey, hey\u2026t\u00eda no os pegu\u00e9is<\/em><\/strong>\u201d que lo bueno no ha hecho m\u00e1s que empezar.<\/span><\/p>\n<p style=\"text-align: center;\"><span style=\"text-decoration: underline;\"><strong><span style=\"color: #000000; font-size: medium; text-decoration: underline;\">\u00a1VIVA EL CARNAVAL DE BADAJOZ 2013!<\/span><\/strong><\/span><\/p>\n<p>&nbsp;<\/p>\n<p>&nbsp;<\/p>\n<!-- AddThis Advanced Settings generic via filter on the_content --><!-- AddThis Share Buttons generic via filter on the_content -->","protected":false},"excerpt":{"rendered":"<p>&nbsp; El mi\u00e9rcoles, tras la tercera semifinal del concurso de murgas del Carnaval de Badajoz 2013, se produjo la inevitable divisi\u00f3n de opiniones entre p\u00fablico y jurado, cuando este \u00faltimo anunci\u00f3 los 8 finalistas. &nbsp; Casi todo el respetable estaba m\u00e1s o menos de acuerdo en que \u201cLos Ni\u00f1os\u201d, \u201cLos Murallitas\u201d, \u201cLos Espantaperros\u201d, \u201cLos Water [&hellip;]<!-- AddThis Advanced Settings generic via filter on get_the_excerpt --><!-- AddThis Share Buttons generic via filter on get_the_excerpt --><\/p>\n","protected":false},"author":14,"featured_media":0,"comment_status":"open","ping_status":"closed","sticky":false,"template":"","format":"standard","meta":[],"categories":[2],"tags":[167,603,631,696,736,801,822,826,827,947,1135,1304,1423,1449,1494,1515,1806,1870,2008,2113,2422,2818,2942,2943,3030,3103,3124,3138,3144,3161,3162,3181,3183,3707,3964,4078,4186,4277,4278,4412,4419,4440,4485,4593,4634,5282],"_links":{"self":[{"href":"https:\/\/blogs.hoy.es\/loch-lomond\/wp-json\/wp\/v2\/posts\/1444"}],"collection":[{"href":"https:\/\/blogs.hoy.es\/loch-lomond\/wp-json\/wp\/v2\/posts"}],"about":[{"href":"https:\/\/blogs.hoy.es\/loch-lomond\/wp-json\/wp\/v2\/types\/post"}],"author":[{"embeddable":true,"href":"https:\/\/blogs.hoy.es\/loch-lomond\/wp-json\/wp\/v2\/users\/14"}],"replies":[{"embeddable":true,"href":"https:\/\/blogs.hoy.es\/loch-lomond\/wp-json\/wp\/v2\/comments?post=1444"}],"version-history":[{"count":0,"href":"https:\/\/blogs.hoy.es\/loch-lomond\/wp-json\/wp\/v2\/posts\/1444\/revisions"}],"wp:attachment":[{"href":"https:\/\/blogs.hoy.es\/loch-lomond\/wp-json\/wp\/v2\/media?parent=1444"}],"wp:term":[{"taxonomy":"category","embeddable":true,"href":"https:\/\/blogs.hoy.es\/loch-lomond\/wp-json\/wp\/v2\/categories?post=1444"},{"taxonomy":"post_tag","embeddable":true,"href":"https:\/\/blogs.hoy.es\/loch-lomond\/wp-json\/wp\/v2\/tags?post=1444"}],"curies":[{"name":"wp","href":"https:\/\/api.w.org\/{rel}","templated":true}]}}