{"id":1451,"date":"2013-02-10T14:59:15","date_gmt":"2013-02-10T13:59:15","guid":{"rendered":"http:\/\/blogs.hoy.es\/loch-lomond\/?p=1451"},"modified":"2013-02-10T14:59:15","modified_gmt":"2013-02-10T13:59:15","slug":"popurri","status":"publish","type":"post","link":"https:\/\/blogs.hoy.es\/loch-lomond\/2013\/02\/10\/popurri\/","title":{"rendered":"Popurr\u00ed"},"content":{"rendered":"<p>&nbsp;<\/p>\n<p style=\"text-align: center;\"><span style=\"color: #000000; font-size: medium;\"><strong>Enrique Falc\u00f3<\/strong>. Convaleciente<\/span><\/p>\n<div id=\"attachment_1452\" style=\"width: 355px\" class=\"wp-caption aligncenter\"><a href=\"\/loch-lomond\/wp-content\/uploads\/sites\/10\/2013\/02\/Homer-enfermo.jpg\"><img aria-describedby=\"caption-attachment-1452\" loading=\"lazy\" class=\"size-full wp-image-1452\" title=\"Homer enfermo\" src=\"\/loch-lomond\/wp-content\/uploads\/sites\/10\/2013\/02\/Homer-enfermo.jpg\" alt=\"\u00a1No hay nada peor que no poder trabajar por problemas de salud! \u00bfC\u00f3mo es posible que existan quienes simulan las bajas para no ir a trabajar?\" width=\"345\" height=\"300\" srcset=\"https:\/\/static-blogs.hoy.es\/wp-content\/uploads\/sites\/10\/2013\/02\/Homer-enfermo.jpg 345w, https:\/\/static-blogs.hoy.es\/wp-content\/uploads\/sites\/10\/2013\/02\/Homer-enfermo-300x261.jpg 300w\" sizes=\"(max-width: 345px) 100vw, 345px\" \/><\/a><p id=\"caption-attachment-1452\" class=\"wp-caption-text\">\u00a1No hay nada peor que no poder trabajar por problemas de salud! \u00bfC\u00f3mo es posible que existan quienes simulan las bajas para no ir a trabajar?<\/p><\/div>\n<p><span style=\"color: #000000; font-size: medium;\">Desde que abandon\u00e9 la <strong>adolescencia<\/strong>, y dej\u00e9 atr\u00e1s seg\u00fan qu\u00e9 <strong>imbecilidades<\/strong>, (aunque justo ser\u00eda reconocer que <strong>fui un adolescente bastante menos est\u00fapido que la gran mayor\u00eda<\/strong>) llegu\u00e9 a la determinaci\u00f3n de que <strong>es in\u00fatil hacer planes m\u00e1s all\u00e1 de un par de jornadas en el futuro<\/strong>. As\u00ed, como se lo digo. M\u00e1s de uno de ustedes\u00a0 se estar\u00e1 acordando ahora mismo de <strong>aquel viaje fastidiado a \u00faltima hora<\/strong> por culpa de aquella llamada importante de trabajo, o aquella <strong>indisposici\u00f3n<\/strong> suya o de alg\u00fan familiar cercano.<\/span><\/p>\n<p>&nbsp;<\/p>\n<p><span style=\"color: #000000; font-size: medium;\"><strong>El menda se las promet\u00eda muy felices hace un par de semanas<\/strong>. Dos d\u00edas libres de diario en los que coincidir\u00eda con mi novia. Nada fuera de lo corriente ni ninguna pretensi\u00f3n m\u00e1s que la de descansar y poder hacer alguna cosa juntos. Tras una ma\u00f1ana de compras, gestiones y una tarde de limpieza y visita a familiares, <strong>lleg\u00f3 el momento de descansar y pensar en la siguiente jornada<\/strong>.<\/span><\/p>\n<p>&nbsp;<\/p>\n<div id=\"attachment_1454\" style=\"width: 310px\" class=\"wp-caption alignleft\"><a href=\"\/loch-lomond\/wp-content\/uploads\/sites\/10\/2013\/02\/DonDeLochLomond-BibliotecaBadajoz.jpg\"><img aria-describedby=\"caption-attachment-1454\" loading=\"lazy\" class=\"size-medium wp-image-1454\" title=\"DonDeLochLomond BibliotecaBadajoz\" src=\"\/loch-lomond\/wp-content\/uploads\/sites\/10\/2013\/02\/DonDeLochLomond-BibliotecaBadajoz.jpg\" alt=\"Efectivamente: Don de Loch Lomond ya se encuentra en la Biblioteca P\u00fablica de Badajoz a disposici\u00f3n de todos. Un honor, y un sue\u00f1o.\" width=\"300\" height=\"225\" srcset=\"https:\/\/static-blogs.hoy.es\/wp-content\/uploads\/sites\/10\/2013\/02\/DonDeLochLomond-BibliotecaBadajoz.jpg 1600w, https:\/\/static-blogs.hoy.es\/wp-content\/uploads\/sites\/10\/2013\/02\/DonDeLochLomond-BibliotecaBadajoz-300x225.jpg 300w, https:\/\/static-blogs.hoy.es\/wp-content\/uploads\/sites\/10\/2013\/02\/DonDeLochLomond-BibliotecaBadajoz-768x576.jpg 768w, https:\/\/static-blogs.hoy.es\/wp-content\/uploads\/sites\/10\/2013\/02\/DonDeLochLomond-BibliotecaBadajoz-1024x768.jpg 1024w\" sizes=\"(max-width: 300px) 100vw, 300px\" \/><\/a><p id=\"caption-attachment-1454\" class=\"wp-caption-text\">Efectivamente: Don de Loch Lomond ya se encuentra en la Biblioteca P\u00fablica de Badajoz a disposici\u00f3n de todos. Un honor, y un sue\u00f1o.<\/p><\/div>\n<p><span style=\"color: #000000; font-size: medium;\">Quer\u00eda conocer la <strong><a title=\"La \u201cbiblio\u201d\" href=\"https:\/\/blogs.hoy.es\/loch-lomond\/2011\/11\/09\/la-biblio\/\" target=\"_blank\">nueva Biblioteca de Badajoz<\/a><\/strong>, pues se inaugur\u00f3 esa misma tarde y <strong>al d\u00eda siguiente se <a title=\"Biblioteca de Badajoz\" href=\"http:\/\/www.bibliotecaspublicas.es\/badajoz\/\" target=\"_blank\">abrir\u00eda por fin al p\u00fablico<\/a> despu\u00e9s de tantos a\u00f1os<\/strong>. <\/span><\/p>\n<p>&nbsp;<\/p>\n<p><span style=\"color: #000000; font-size: medium;\">Pretend\u00eda echarle un vistazo a la <strong>secci\u00f3n de c\u00f3mics<\/strong>, a la <strong>zona audiovisual<\/strong>, y comprobar con estos dos ojitos color caca que me dio mi madre que efectivamente, <strong>\u201c<a title=\"El futuro ya est\u00e1 aqu\u00ed\" href=\"https:\/\/blogs.hoy.es\/loch-lomond\/2013\/01\/14\/el-futuro-ya-esta-aqui\/\" target=\"_blank\">Don de Loch Lomond<\/a>\u201d se encuentra en el archivo a disposici\u00f3n de todo aquel que no pueda o no le apetezca pagar la por otra parte insignificante e irrisoria suma para hacerse con <a title=\"Alimento espiritual\" href=\"https:\/\/blogs.hoy.es\/loch-lomond\/2012\/04\/19\/alimento-espiritual\/\" target=\"_blank\">mi primer libro<\/a><\/strong>.<\/span><\/p>\n<p>&nbsp;<\/p>\n<p><span style=\"color: #000000; font-size: medium;\">\u00a1Reconocer\u00e1n que <strong>tampoco ped\u00eda tanto<\/strong>! Quien suscribe, como mi amigo \u201c<strong>el poeta<\/strong>\u201d <strong><a title=\"\u00c1ngel Manuel G\u00f3mez Espada\" href=\"https:\/\/blogs.hoy.es\/loch-lomond\/2011\/11\/02\/angel-manuel-gomez-espada\/\" target=\"_blank\">\u00c1ngel Manuel G\u00f3mez Espada<\/a><\/strong> siempre ha sido un <strong>hombre feliz, con gustos y <a title=\"Placeres Sencillos\" href=\"https:\/\/blogs.hoy.es\/loch-lomond\/2011\/03\/27\/placeres-sencillos\/\" target=\"_blank\">placeres sencillos<\/a><\/strong>, buscando y encontrando en estos tal dicha. Aun as\u00ed, la caprichosa providencia no quiso concederme un indulto a pesar de la ilusi\u00f3n que sosten\u00edan mis amplias hechuras.<\/span><\/p>\n<p>&nbsp;<\/p>\n<p><span style=\"color: #000000; font-size: medium;\">Todo empez\u00f3 con un <strong>extra\u00f1o malestar a \u00faltima hora de la tarde<\/strong>, que torn\u00f3 a preocupante y alarmante <strong>tiritona<\/strong> durante la madrugada. Las siguientes horas fueron muy confusas: <strong>Fiebre al borde del delirio<\/strong>, y no precisamente de grandeza, <strong>visita a urgencias<\/strong>, <strong>pruebas, radiograf\u00edas, v\u00f3mitos, mareos, goteros, un pijama demasiado peque\u00f1o y una cama extra\u00f1a<\/strong>.<\/span><\/p>\n<p>&nbsp;<\/p>\n<p><span style=\"color: #000000; font-size: medium;\"><strong>Muchas voces y sombras desconocidas alrededor y todas muy confusas<\/strong>. \u00bfC\u00f3mo puede cambiar tanto nuestra vida en menos de 24 horas? Aquel hospital, el <strong><a title=\"La Infanta Elena y el \u201cMarchivirito\u201d\" href=\"https:\/\/blogs.hoy.es\/loch-lomond\/2012\/10\/10\/la-infanta-elena-y-el-marchivirito\/\" target=\"_blank\">Infanta Cristina de Badajoz<\/a><\/strong>, estaba m\u00e1s ocupado que el <strong><a title=\"Agoreros de \u201cEl Faro\u201d\" href=\"https:\/\/blogs.hoy.es\/loch-lomond\/2012\/09\/20\/agoreros-de-el-faro\/\" target=\"_blank\">Centro Comercial El Faro<\/a><\/strong> un s\u00e1bado a mediod\u00eda. Y yo me pregunto \u00bf<strong>C\u00f3mo es posible que se pretenda recortar en Sanidad<\/strong>?<\/span><\/p>\n<p>&nbsp;<\/p>\n<div id=\"attachment_1455\" style=\"width: 310px\" class=\"wp-caption alignright\"><a href=\"\/loch-lomond\/wp-content\/uploads\/sites\/10\/2013\/02\/Los-dementores.jpg\"><img aria-describedby=\"caption-attachment-1455\" loading=\"lazy\" class=\"size-medium wp-image-1455\" title=\"Los dementores\" src=\"\/loch-lomond\/wp-content\/uploads\/sites\/10\/2013\/02\/Los-dementores.jpg\" alt=\"La fiebre es parecida a las horribles criaturas de los libros de Harry Potter, Los Dementores, pues te absorben el alma y las ganas de vivir.\" width=\"300\" height=\"173\" srcset=\"https:\/\/static-blogs.hoy.es\/wp-content\/uploads\/sites\/10\/2013\/02\/Los-dementores.jpg 900w, https:\/\/static-blogs.hoy.es\/wp-content\/uploads\/sites\/10\/2013\/02\/Los-dementores-300x174.jpg 300w, https:\/\/static-blogs.hoy.es\/wp-content\/uploads\/sites\/10\/2013\/02\/Los-dementores-768x445.jpg 768w\" sizes=\"(max-width: 300px) 100vw, 300px\" \/><\/a><p id=\"caption-attachment-1455\" class=\"wp-caption-text\">La fiebre es parecida a las horribles criaturas de los libros de Harry Potter, Los Dementores, pues te absorben el alma y las ganas de vivir.<\/p><\/div>\n<p><span style=\"color: #000000; font-size: medium;\">Tambi\u00e9n sufr\u00ed, como siempre, <strong>la falta (\u00a1Los recortes!) de educaci\u00f3n y solidaridad de los familiares de los dem\u00e1s enfermos<\/strong>. Existen personas a las que nunca ense\u00f1aron que <strong>en un hospital, los que tienen que estar c\u00f3modos dentro de sus posibilidades son los enfermos<\/strong>, que bastante tiene ya con lo que tienen, y que <strong>los m\u00f3viles con tonos a toda pastilla, las voces, las conversaciones privadas y los gritos no son precisamente aconsejables compa\u00f1eros de cama<\/strong>.<\/span><\/p>\n<p>&nbsp;<\/p>\n<p><span style=\"color: #000000; font-size: medium;\">Cuando <strong>la fiebre<\/strong> se apodera de cualquiera de nosotros, adem\u00e1s de producirnos gran malestar, <strong>nos roba parte del alma y las ganas de vivir<\/strong>, igual que \u201c<strong>Los dementores<\/strong>\u201d, aquellas horribles criaturas de <strong>los libros de Harry Potter<\/strong>.<\/span><\/p>\n<p>&nbsp;<\/p>\n<p><span style=\"color: #000000; font-size: medium;\">Durante la siguiente semana, <strong>hasta que la maldita fiebre quiso remitir<\/strong>, deambul\u00e9 <strong>de mi cama al sof\u00e1 sin otra novedad que la de intentar sobrevivir con la mayor dignidad posible<\/strong>. Cualquier actividad como <strong>ver la tele, leer o asomarme al ordenador parec\u00edan tan lejanas como la salida de la crisis<\/strong>. Les aseguro que <strong>me doli\u00f3 en el alma faltar por primera vez en tres a\u00f1os a una cita con ustedes<\/strong>, mis queridos y desocupados lectores.<\/span><\/p>\n<p>&nbsp;<\/p>\n<p><span style=\"color: #000000; font-size: medium;\">Durante mi desaz\u00f3n, al igual que \u201c<strong>Coque<\/strong>\u201d, el divertido portero de \u201c<strong><a title=\"La que se avecina\" href=\"https:\/\/blogs.hoy.es\/loch-lomond\/2011\/08\/23\/la-que-se-avecina\/\" target=\"_blank\">La que se Avecina<\/a><\/strong>\u201d, hubo una cosa que se me vino a la mente: \u00bf<strong>C\u00f3mo es posible que existan quienes simulan las bajas para no ir a trabajar<\/strong>?<\/span><\/p>\n<p>&nbsp;<\/p>\n<p><span style=\"color: #000000; font-size: medium;\">Les aseguro que <strong>no hay nada peor que no poder acudir a tu puesto de trabajo por motivos de salud<\/strong>. Quien juega con esta lamentable desgracia, se encontrar\u00e1 alg\u00fan d\u00eda con la ir\u00f3nica sorpresa de que la realidad se rebelar\u00e1 contra \u00e9l, y ser\u00e1 entonces cuando lamentar\u00e1 haberse aprovechado de una situaci\u00f3n que para tantos es tan desafortunada.<\/span><\/p>\n<p>&nbsp;<\/p>\n<div id=\"attachment_1456\" style=\"width: 330px\" class=\"wp-caption alignleft\"><a href=\"\/loch-lomond\/wp-content\/uploads\/sites\/10\/2013\/02\/homer-recuper\u00e1ndose.jpg\"><img aria-describedby=\"caption-attachment-1456\" loading=\"lazy\" class=\"size-full wp-image-1456\" title=\"homer recuper\u00e1ndose\" src=\"\/loch-lomond\/wp-content\/uploads\/sites\/10\/2013\/02\/homer-recuper\u00e1ndose.jpg\" alt=\"El buen humor y la risa son la mejor panacea para la recuperaci\u00f3n\" width=\"320\" height=\"240\" srcset=\"https:\/\/static-blogs.hoy.es\/wp-content\/uploads\/sites\/10\/2013\/02\/homer-recuper\u00e1ndose.jpg 320w, https:\/\/static-blogs.hoy.es\/wp-content\/uploads\/sites\/10\/2013\/02\/homer-recuper\u00e1ndose-300x225.jpg 300w\" sizes=\"(max-width: 320px) 100vw, 320px\" \/><\/a><p id=\"caption-attachment-1456\" class=\"wp-caption-text\">El buen humor y la risa son la mejor panacea para la recuperaci\u00f3n<\/p><\/div>\n<p><span style=\"color: #000000; font-size: medium;\">Pero no llueve eternamente y el \u201c<strong>Patronus<\/strong>\u201d del antibi\u00f3tico envi\u00f3 con firmeza y destello plateado a \u201c<strong>los dementores<\/strong>\u201d de la fiebre hacia \u201c<strong>Azkaban<\/strong>\u201d con \u00a0un billete de ida, y as\u00ed, esta \u00faltima semana, a pesar de continuar de baja ya <strong>me he visto con fuerzas para escribir<\/strong>, e incluso para <strong>ver la tele y seguir con especial inter\u00e9s las <a title=\"Marat\u00f3n murguero\" href=\"https:\/\/blogs.hoy.es\/loch-lomond\/2013\/02\/05\/maraton-murguero\/\" target=\"_blank\">semifinales<\/a> y <a title=\"\u00a1Hey, hey, hey\u2026 t\u00eda no os pegu\u00e9is!\" href=\"https:\/\/blogs.hoy.es\/loch-lomond\/2013\/02\/07\/hey-hey-hey-tia-no-os-pegueis\/\" target=\"_blank\">final del Concurso de Murgas del Carnaval de Badajoz 2013<\/a><\/strong>.<\/span><\/p>\n<p>&nbsp;<\/p>\n<p><span style=\"color: #000000; font-size: medium;\">Gracias al buen hacer de <strong>las murgas<\/strong>, una vez m\u00e1s, <strong>la risa, el sentido del humor, <a title=\"Mill\u00e1n Salcedo; en sus 13\" href=\"https:\/\/blogs.hoy.es\/loch-lomond\/2012\/10\/07\/millan-salcedo-en-sus-13\/\" target=\"_blank\">el \u00fanico ox\u00edgeno respirable<\/a>, han sido el mejor consuelo y panacea para una pronta recuperaci\u00f3n<\/strong>. Si <strong>la vida es un <a title=\"De carteles, plagios e ignorancia\" href=\"https:\/\/blogs.hoy.es\/loch-lomond\/2012\/01\/29\/de-carteles-plagios-e-ignorancia\/\" target=\"_blank\">carnaval<\/a><\/strong> los momentos de descanso deber\u00edan ser como <strong>un gran popurr\u00ed<\/strong>, con diferencia <strong>la parte m\u00e1s divertida de las actuaciones murgueras.<\/strong><\/span><\/p>\n<p>&nbsp;<\/p>\n<p><span style=\"color: #000000; font-size: medium;\">Una vez m\u00e1s <strong>me he re\u00eddo hasta el punto de no parar de toser con \u201c<a title=\"Web de \"Los Ni\u00f1os\"\" href=\"http:\/\/murgalosninos.es.tl\/\" target=\"_blank\">Los Ni\u00f1os<\/a>\u201d<\/strong>, <strong>he sacado mil ideas estupendas para art\u00edculos con los pasodobles de mis sempiternos favoritos, \u201c<a title=\"Web de \"Los Murallitas\"\" href=\"http:\/\/losmurallitas.es\/\" target=\"_blank\">Los Murallitas<\/a>\u201d<\/strong> y musicalmente <strong>he recordado grandes canciones con el popurr\u00ed de unos \u201c<a title=\"Web de \"Los Water Closet\"\" href=\"http:\/\/murgawatercloset.blogspot.com.es\/\" target=\"_blank\">Water Closet<\/a>\u201d que han estado m\u00e1s divertidos que nunca<\/strong>.<\/span><\/p>\n<p>&nbsp;<\/p>\n<p><span style=\"color: #000000; font-size: medium;\">Desde estas l\u00edneas <strong>quiero dar las gracias de todo coraz\u00f3n a los amigos y lectores que me echaron de menos la semana pasada, especialmente a quienes me enviaron mensajes a trav\u00e9s de las redes y el correo electr\u00f3nico<\/strong>.<\/span><\/p>\n<p>&nbsp;<\/p>\n<a href=\"\/loch-lomond\/wp-content\/uploads\/sites\/10\/2013\/02\/Los-Espantaperros-Dientes-dientes-dientes.jpg\"><img loading=\"lazy\" class=\"size-full wp-image-1457\" title=\"Los Espantaperros Dientes, dientes, dientes\" src=\"\/loch-lomond\/wp-content\/uploads\/sites\/10\/2013\/02\/Los-Espantaperros-Dientes-dientes-dientes.jpg\" alt=\"Como dicen Los Espantaperros... \"\u00a1Dientes, dientes, dientes... que es lo que les jode!\"\" width=\"490\" height=\"250\" srcset=\"https:\/\/static-blogs.hoy.es\/wp-content\/uploads\/sites\/10\/2013\/02\/Los-Espantaperros-Dientes-dientes-dientes.jpg 490w, https:\/\/static-blogs.hoy.es\/wp-content\/uploads\/sites\/10\/2013\/02\/Los-Espantaperros-Dientes-dientes-dientes-300x153.jpg 300w\" sizes=\"(max-width: 490px) 100vw, 490px\" \/><\/a>\n<p><span style=\"color: #000000; font-size: medium;\"><strong>Y a los detractores<\/strong>, especialmente <strong>aquellos plum\u00edferos que no me consideran digno de este diario y ya pensaban que dispon\u00edan para ellos de una tribuna semanal libre<\/strong>, les dedico las palabras de \u201c<strong><a title=\"Los Espantaperros ganadores del concurso de Murgas 2013\" href=\"http:\/\/www.carnavalbadajoz.es\/noticia\/664\/espantaperros-ganadores-concurso-murgas-2013.html\" target=\"_blank\">Los Espantaperros<\/a><\/strong>\u201d, ganadores con justicia del <strong>Concurso de Murgas del Carnaval de Badajoz 2013<\/strong>:\u00a0 \u201c<strong>Dientes, dientes, dientes\u2026 que es lo que les jode<\/strong>\u201d.<\/span><\/p>\n<p>&nbsp;<\/p>\n<p style=\"text-align: center;\"><strong><span style=\"color: #000000; font-size: medium;\">\u00a1Feliz <a title=\"Sardile\u00f3n; el \u201cGallifante\u201d pacense\" href=\"https:\/\/blogs.hoy.es\/loch-lomond\/2012\/12\/05\/sardileon-el-gallifante-pacense\/\" target=\"_blank\">Carnaval<\/a> 2013!<\/span><\/strong><\/p>\n<p>&nbsp;<\/p>\n<p style=\"text-align: center;\"><em><span style=\"color: #000000; font-size: medium;\">Publicado en <strong>Diario HOY<\/strong> el 10\/02\/2013<\/span><\/em><\/p>\n<p><a href=\"http:\/\/lector.kioskoymas.com\/epaper\/showlink.aspx?bookmarkid=00N5KZF5VCI1&#038;preview=magnifier&#038;linkid=24494487-c893-4a10-8c67-bac3b91ff669&#038;pdaffid=1NEHCXDv4QZRFanP7KJR9A%3d%3d\"><img class=\"aligncenter\" src=\"\/\/cache2-thumb1.pressdisplay.com\/pressdisplay\/docserver\/getimage.aspx?file=22012013021000000000001001&#038;page=28&#038;scale=23\" alt=\"\" \/><\/a><\/p>\n<p>&nbsp;<\/p>\n<p>Feliz Carnaval 2013.<\/p>\n<!-- AddThis Advanced Settings generic via filter on the_content --><!-- AddThis Share Buttons generic via filter on the_content -->","protected":false},"excerpt":{"rendered":"<p>&nbsp; Enrique Falc\u00f3. Convaleciente Desde que abandon\u00e9 la adolescencia, y dej\u00e9 atr\u00e1s seg\u00fan qu\u00e9 imbecilidades, (aunque justo ser\u00eda reconocer que fui un adolescente bastante menos est\u00fapido que la gran mayor\u00eda) llegu\u00e9 a la determinaci\u00f3n de que es in\u00fatil hacer planes m\u00e1s all\u00e1 de un par de jornadas en el futuro. As\u00ed, como se lo digo. [&hellip;]<!-- AddThis Advanced Settings generic via filter on get_the_excerpt --><!-- AddThis Share Buttons generic via filter on get_the_excerpt --><\/p>\n","protected":false},"author":14,"featured_media":0,"comment_status":"open","ping_status":"closed","sticky":false,"template":"","format":"standard","meta":[],"categories":[8],"tags":[131,239,264,426,445,546,549,825,880,1171,1314,1427,1439,1450,1515,1698,1796,1806,2013,2044,2091,2113,2371,2386,2486,2487,2545,2567,2634,2997,3054,3103,3141,3144,3157,3161,3162,3183,3267,3328,3516,3603,3875,3924,3935,4045,4085,4091,4108,4147,4387,4388,4393,4485,4634,4647,4707,5010,5052,5084,5149,5220,5294],"_links":{"self":[{"href":"https:\/\/blogs.hoy.es\/loch-lomond\/wp-json\/wp\/v2\/posts\/1451"}],"collection":[{"href":"https:\/\/blogs.hoy.es\/loch-lomond\/wp-json\/wp\/v2\/posts"}],"about":[{"href":"https:\/\/blogs.hoy.es\/loch-lomond\/wp-json\/wp\/v2\/types\/post"}],"author":[{"embeddable":true,"href":"https:\/\/blogs.hoy.es\/loch-lomond\/wp-json\/wp\/v2\/users\/14"}],"replies":[{"embeddable":true,"href":"https:\/\/blogs.hoy.es\/loch-lomond\/wp-json\/wp\/v2\/comments?post=1451"}],"version-history":[{"count":0,"href":"https:\/\/blogs.hoy.es\/loch-lomond\/wp-json\/wp\/v2\/posts\/1451\/revisions"}],"wp:attachment":[{"href":"https:\/\/blogs.hoy.es\/loch-lomond\/wp-json\/wp\/v2\/media?parent=1451"}],"wp:term":[{"taxonomy":"category","embeddable":true,"href":"https:\/\/blogs.hoy.es\/loch-lomond\/wp-json\/wp\/v2\/categories?post=1451"},{"taxonomy":"post_tag","embeddable":true,"href":"https:\/\/blogs.hoy.es\/loch-lomond\/wp-json\/wp\/v2\/tags?post=1451"}],"curies":[{"name":"wp","href":"https:\/\/api.w.org\/{rel}","templated":true}]}}