{"id":1466,"date":"2013-02-14T11:09:14","date_gmt":"2013-02-14T10:09:14","guid":{"rendered":"http:\/\/blogs.hoy.es\/loch-lomond\/?p=1466"},"modified":"2013-02-14T11:09:14","modified_gmt":"2013-02-14T10:09:14","slug":"pero-que-publico-mas-tonto-tengo","status":"publish","type":"post","link":"https:\/\/blogs.hoy.es\/loch-lomond\/2013\/02\/14\/pero-que-publico-mas-tonto-tengo\/","title":{"rendered":"\u00a1Pero qu\u00e9 publico m\u00e1s tonto tengo!"},"content":{"rendered":"<p><span style=\"text-decoration: underline;\"><span style=\"font-size: large;\"><em><strong><span style=\"color: #000080; text-decoration: underline;\">Art\u00edculo publicado en la Revista Oficial del <a title=\"Web del EXCMO. Ayuntamiento de Badajoz\" href=\"http:\/\/www.aytobadajoz.es\/es\/ayto\/portada\" target=\"_blank\">EXCMO.\u00a0Ayuntamiento de Badajoz<\/a> CARNAVAL 2013.<\/span><\/strong><\/em><\/span><\/span><\/p>\n<p>&nbsp;<\/p>\n<div id=\"attachment_1468\" style=\"width: 590px\" class=\"wp-caption aligncenter\"><a href=\"\/loch-lomond\/wp-content\/uploads\/sites\/10\/2013\/02\/P\u00fablico-L\u00f3pez-de-Ayala.jpg\"><img aria-describedby=\"caption-attachment-1468\" loading=\"lazy\" class=\"size-full wp-image-1468\" src=\"\/loch-lomond\/wp-content\/uploads\/sites\/10\/2013\/02\/P\u00fablico-L\u00f3pez-de-Ayala.jpg\" alt=\"El p\u00fablico del L\u00f3pez de Ayala, o al menos gran parte de \u00e9l, no se comporta con la grandeza que se espera de \u00e9l durante el Concurso de Murgas del Carnaval de Badajoz.\" width=\"580\" height=\"260\" srcset=\"https:\/\/static-blogs.hoy.es\/wp-content\/uploads\/sites\/10\/2013\/02\/P\u00fablico-L\u00f3pez-de-Ayala.jpg 580w, https:\/\/static-blogs.hoy.es\/wp-content\/uploads\/sites\/10\/2013\/02\/P\u00fablico-L\u00f3pez-de-Ayala-300x134.jpg 300w\" sizes=\"(max-width: 580px) 100vw, 580px\" \/><\/a><p id=\"caption-attachment-1468\" class=\"wp-caption-text\">El p\u00fablico del L\u00f3pez de Ayala, o al menos gran parte de \u00e9l, no se comporta con la grandeza que se espera de \u00e9l durante el Concurso de Murgas del Carnaval de Badajoz.<\/p><\/div>\n<p>&nbsp;<\/p>\n<p><span style=\"color: #000000; font-size: medium;\">De esta guisa se arrancaban a tocar los \u201c<strong>Kaka Deluxe<\/strong>\u201d a principio de los 80, una de aquellas primeras y precarias bandas de la famosa y sempiterna \u201c<strong>movida<\/strong>\u201d, aquel movimiento socio cultural germen de grandes bandas que a\u00f1os despu\u00e9s nos regalar\u00edan grandes canciones para <strong>la historia de la m\u00fasica pop en Espa\u00f1a<\/strong>.<\/span><\/p>\n<p>&nbsp;<\/p>\n<p><span style=\"color: #000000; font-size: medium;\">\u201c<strong><a title=\"Kaka Deluxe (pero qu\u00e9 publico m\u00e1s tonto tengo)\" href=\"http:\/\/www.youtube.com\/watch?v=4GMTyCmVHZA\" target=\"_blank\">Kaka Deluxe<\/a><\/strong>\u201d, en donde militaba una jovenc\u00edsima <strong>Alaska<\/strong>, era una de aquellas bandas con <strong>m\u00e1s ganas e ideas que virtuosismo instrumental<\/strong>, y buscaba en la provocaci\u00f3n <strong>una manera como cualquier otra de llamar la atenci\u00f3n y mantenerse en el candelero<\/strong>. Es curioso pero fue tambi\u00e9n <strong>a principios de los 80 cuando los Carnavales comenzaron a coger fuerza en Badajoz,<\/strong> y sus protagonistas, tambi\u00e9n precarios en medios como los grupos musicales de la movida, ten\u00edan ante todo <strong>m\u00e1s ganas de divertirse que cualquier otra cosa.<\/strong><\/span><\/p>\n<p>&nbsp;<\/p>\n<p><span style=\"color: #000000; font-size: medium;\">Pero no pretendo hablarles hoy de grupos musicales, sino de <strong>p\u00fablico<\/strong>, del <strong>p\u00fablico del L\u00f3pez de Ayala<\/strong> concretamente, <strong>aquel que hace horas y horas de cola para conseguir una entrada para presenciar en vivo el ya tradicional y esperado <a title=\"Marat\u00f3n murguero\" href=\"https:\/\/blogs.hoy.es\/loch-lomond\/2013\/02\/05\/maraton-murguero\/\" target=\"_blank\">concurso de Murgas de Badajoz<\/a><\/strong>.<\/span><\/p>\n<p>&nbsp;<\/p>\n<div id=\"attachment_1471\" style=\"width: 310px\" class=\"wp-caption alignright\"><a href=\"\/loch-lomond\/wp-content\/uploads\/sites\/10\/2013\/02\/E.PI\u00d1ERO3.jpg\"><img aria-describedby=\"caption-attachment-1471\" loading=\"lazy\" class=\"size-medium wp-image-1471\" src=\"\/loch-lomond\/wp-content\/uploads\/sites\/10\/2013\/02\/E.PI\u00d1ERO3.jpg\" alt=\"\u00bfComo se puede combatir el fr\u00edo y hacer tantas horas de cola para abandonar una butaca?\" width=\"300\" height=\"200\" srcset=\"https:\/\/static-blogs.hoy.es\/wp-content\/uploads\/sites\/10\/2013\/02\/E.PI\u00d1ERO3.jpg 855w, https:\/\/static-blogs.hoy.es\/wp-content\/uploads\/sites\/10\/2013\/02\/E.PI\u00d1ERO3-300x200.jpg 300w, https:\/\/static-blogs.hoy.es\/wp-content\/uploads\/sites\/10\/2013\/02\/E.PI\u00d1ERO3-768x512.jpg 768w\" sizes=\"(max-width: 300px) 100vw, 300px\" \/><\/a><p id=\"caption-attachment-1471\" class=\"wp-caption-text\">\u00bfComo se puede combatir el fr\u00edo y hacer tantas horas de cola para abandonar una butaca?<\/p><\/div>\n<p>&nbsp;<\/p>\n<p><span style=\"color: #000000; font-size: medium;\">Como comprender\u00e1n a estas alturas, <strong>quien suscribe no busca llamar la atenci\u00f3n ni pretende provocaci\u00f3n alguna<\/strong>, que eso ya ni se lleva y ni mucho menos est\u00e1 de moda, ni siquiera ofender con un inocente \u201c<strong>tonto<\/strong>\u201d a quienes ocupan <strong>una butaca en el L\u00f3pez durante el concurso<\/strong>.\u00a0 <\/span><\/p>\n<p>&nbsp;<\/p>\n<p><span style=\"color: #000000; font-size: medium;\">Pero s\u00ed me gustar\u00eda que sirviera como <strong>toque de reprobaci\u00f3n<\/strong>, y que a m\u00e1s de uno, <strong>las palabras de mi menda les indujera a reflexionar sobre un comportamiento nefasto que viene protagonizando desde hace ya muchos a\u00f1os gran parte del p\u00fablico del teatro, que indigna a murgueros y carnavaleros en general<\/strong>, y en especial a todo aquel bien nacido que guarda en su haber algo de <strong>buena educaci\u00f3n y ciertos valores<\/strong>. <\/span><\/p>\n<p>&nbsp;<\/p>\n<p><span style=\"color: #000000; font-size: medium;\"><strong>Los propios murgueros se han mostrado perplejos, y han criticado en muchas ocasiones en sus letrillas a quienes por ejemplo abandonan su butaca tras la actuaci\u00f3n de la murga con la que simpatizan<\/strong>, ya sea porque en ellas militan amigos, parejas o familiares. <strong>El aforo del teatro es limitado, y existen muchos que no pueden conseguir una entrada ni permitirse guardar colas durante horas para disfrutar de un concurso que llevan esperando casi un a\u00f1o<\/strong>.\u00a0 <\/span><\/p>\n<p>&nbsp;<\/p>\n<p><span style=\"color: #000000; font-size: medium;\">Esta <strong>falta de respeto hacia los ciudadanos con menor fortuna<\/strong> se agrava hacia <strong>los murgueros<\/strong> que tras un a\u00f1o de preparaci\u00f3n observan como <strong>su trabajo es ninguneado y despreciado, mostrando realmente que no existe aquel esp\u00edritu carnavalero del que el p\u00fablico del L\u00f3pez, y en especial todos los pacenses, presumimos y hacemos gala durante nuestra fiesta.<\/strong><\/span><\/p>\n<p>&nbsp;<\/p>\n<div id=\"attachment_1470\" style=\"width: 310px\" class=\"wp-caption alignleft\"><a href=\"\/loch-lomond\/wp-content\/uploads\/sites\/10\/2013\/02\/PAKOP\u00cd-1.jpg\"><img aria-describedby=\"caption-attachment-1470\" loading=\"lazy\" class=\"size-medium wp-image-1470\" src=\"\/loch-lomond\/wp-content\/uploads\/sites\/10\/2013\/02\/PAKOP\u00cd-1.jpg\" alt=\"Hay gente que guarda horas de colas para conseguir entradas. Sin embargo, especialmente durante los preliminares, tras la actuaci\u00f3n de alguna murga puntera, muchas butacas son abandonadas.\" width=\"300\" height=\"198\" srcset=\"https:\/\/static-blogs.hoy.es\/wp-content\/uploads\/sites\/10\/2013\/02\/PAKOP\u00cd-1.jpg 861w, https:\/\/static-blogs.hoy.es\/wp-content\/uploads\/sites\/10\/2013\/02\/PAKOP\u00cd-1-300x199.jpg 300w, https:\/\/static-blogs.hoy.es\/wp-content\/uploads\/sites\/10\/2013\/02\/PAKOP\u00cd-1-768x508.jpg 768w\" sizes=\"(max-width: 300px) 100vw, 300px\" \/><\/a><p id=\"caption-attachment-1470\" class=\"wp-caption-text\">Hay gente que guarda horas de colas para conseguir entradas. Sin embargo, especialmente durante los preliminares, tras la actuaci\u00f3n de alguna murga puntera, muchas butacas son abandonadas. <\/p><\/div>\n<p><span style=\"color: #000000; font-size: medium;\">Si reprobable es abandonar la butaca <strong>no menos feo es mostrarse poco o nada receptivo con todas las murgas<\/strong>, que indudablemente, <strong>algunas ser\u00e1n m\u00e1s flojas que otras, pero todas guardan grandes dosis de ilusi\u00f3n y divertidos momentos para hacernos pasar un buen rato<\/strong>. <\/span><\/p>\n<p>&nbsp;<\/p>\n<p><strong><span style=\"color: #000000; font-size: medium;\">El p\u00fablico del L\u00f3pez se est\u00e1 transformando en algo parecido a los forofos y fiebres de determinados equipos de f\u00fatbol, en donde un hincha del Madrid no es capaz de disfrutar con un pase de Xavi y una ejecuci\u00f3n magn\u00edfica de Messi y otro del Barcelona es incapaz de reconocer la grandeza de Casillas o las innegables cualidades de Cristiano Ronaldo.<\/span><\/strong><\/p>\n<p>&nbsp;<\/p>\n<p><span style=\"color: #000000; font-size: medium;\">En esta \u00e9poca <strong>todos debemos estar m\u00e1s predispuestos a la risa que nunca, y hemos de ser generosos de buen humor y amigos \u00edntimos del sano ejercicio del cachondeo<\/strong>. <strong><a title=\"Popurr\u00ed\" href=\"https:\/\/blogs.hoy.es\/loch-lomond\/2013\/02\/10\/popurri\/\" target=\"_blank\">Quien disfruta de los carnavales ha de hacerlo s\u00ed o s\u00ed durante todo el concurso de murgas<\/a>, y <a title=\"\u00a1Hey, hey, hey\u2026 t\u00eda no os pegu\u00e9is!\" href=\"https:\/\/blogs.hoy.es\/loch-lomond\/2013\/02\/07\/hey-hey-hey-tia-no-os-pegueis\/\" target=\"_blank\">aceptar la decisi\u00f3n final del jurado<\/a> con menor o mayor fortuna para su agrupaci\u00f3n favorita<\/strong>. Tambi\u00e9n deber\u00eda <strong>respetar a los dem\u00e1s espectadores del teatro<\/strong>, o <strong>a los que siguen el concurso a trav\u00e9s de la radio o la televisi\u00f3n<\/strong>.<\/span><\/p>\n<p>&nbsp;<\/p>\n<p><span style=\"color: #000000; font-size: medium;\">\u00a0Reconozco que <strong>se me llevan los demonios cada vez que la cateta de la primera fila, o el \u201cmacarrilla\u201d de turno, o el paisano de este y aquel, o todos al mismo tiempo, intentan hacerse o\u00edr por encima del murmullo incesante de expectaci\u00f3n que transcurre instantes antes de cada actuaci\u00f3n murguera<\/strong>.<\/span><\/p>\n<p>&nbsp;<\/p>\n<p><span style=\"color: #000000; font-size: medium;\">-\u201c\u00a1Eso es un murga!\u201d &#8211; jalea la ordinaria de turno\u00a0 &#8211; \u201c\u00a1Ese Chiqui bueno!\u201d grita el otro \u2013 \u201c\u00a1Guapo!\u201d, \u201c\u00a1T\u00eda buena!\u201d, \u00a0\u201c\u00a1T\u00fa s\u00ed que vales!\u201d, \u201c\u00a1sois los mejores!\u201d \u2013 y dem\u00e1s estupideces por el estilo que no vienen a cuento y <strong>muchas veces incluso interrumpen el normal desarrollo de la actuaci\u00f3n<\/strong>. \u00a1Por el Cetro de Otokkar! \u00a1<strong>Menuda panda de cansinos<\/strong>!<\/span><\/p>\n<p>&nbsp;<\/p>\n<p><span style=\"color: #000000; font-size: medium;\">\u00a1Parece <strong>una absurda competici\u00f3n por hacerse notar unos por encima de otros cuando a los que tienen que escucharse alto y claro es a los integrantes de las murgas<\/strong>! Sin olvidarnos de <strong>los \u201c\u00a1Oles!\u201d y aplausos cuando alg\u00fan que otro cantante frustrado se lanza a desga\u00f1itarse con gorgoritos insufribles en el momento cumbre de la actuaci\u00f3n<\/strong>. Pero ese tema, el de <strong>los murgueros que pretenden ser cantantes profesionales<\/strong>, lo dejamos para otro d\u00eda, que tambi\u00e9n trae cola.<\/span><\/p>\n<p>&nbsp;<\/p>\n<p><span style=\"color: #000000; font-size: medium;\"><strong>El p\u00fablico deber\u00eda de tener claro que su deber es permanecer en silencio, atento a las letras, voces, m\u00fasica y puesta en escena, disfrutando, sin reprimir por supuesto la inevitable y necesaria risa, aunque en ocasiones sea ruidosa y en forma de escandalosa carcajada<\/strong>, de eso se trata. <\/span><\/p>\n<p>&nbsp;<\/p>\n<a href=\"\/loch-lomond\/wp-content\/uploads\/sites\/10\/2013\/02\/Los-Zariguellas.jpg\"><img loading=\"lazy\" class=\" wp-image-1472\" src=\"\/loch-lomond\/wp-content\/uploads\/sites\/10\/2013\/02\/Los-Zariguellas.jpg\" alt=\"Todas las murgas que se suben al escenario del L\u00f3pez de Ayala, desde \"Los Ni\u00f1os\" a \"Los Zariguellas\", merecen un respeto por parte del p\u00fablico. Todas las formaciones tienen buenos momentos que brindarnos.\" width=\"631\" height=\"480\" \/><\/a>\n<p><span style=\"color: #000000; font-size: medium;\"><strong>\u00a1Los aplausos, los silbidos, los \u201cbravos\u201d y los \u201coles\u201d solamente est\u00e1n justificados al principio y al final<\/strong>! \u00a1A ver si nos vamos enterando!<\/span><\/p>\n<p>&nbsp;<\/p>\n<p><span style=\"color: #000000; font-size: medium;\">Pero despu\u00e9s de todo <strong>se trata de divertirse<\/strong>, y m\u00e1s en estos \u00faltimos a\u00f1os tan dif\u00edciles donde <strong>necesitamos m\u00e1s que nunca la risa y el buen humor<\/strong>. Por lo tanto <strong>me dirijo a ti, desocupado lector<\/strong>, que <strong>seguro que te has visto reflejado en alguno de los renglones de este art\u00edculo<\/strong>. <\/span><\/p>\n<p>&nbsp;<\/p>\n<p><span style=\"color: #000000; font-size: medium;\">En lugar de ciscarte en mis muelas <strong>deber\u00edas reflexionar, y admitir que en seg\u00fan qu\u00e9 ocasiones no te has portado con la correcci\u00f3n que se espera de un pacense que ama y vive su fiesta con especial devoci\u00f3n<\/strong>. As\u00ed que ya sabes, <strong>a disfrutar de todo el concurso de murgas, a re\u00edrte y brindar tu apoyo a todas las formaciones, y en especial a regalarles tu sonrisa, y tu aplauso, que todas se lo merecen, ya que trabajan durante un a\u00f1o para intentar hacernos un poco m\u00e1s felices<\/strong>.<\/span><\/p>\n<p>&nbsp;<\/p>\n<p><span style=\"color: #000000; font-size: medium;\">Y sobre todo, <strong>como cantaba hace ya algunos a\u00f1os una inolvidable tribu africana-pacense<\/strong>: \u201c\u00a1<strong><a title=\"Murga \"Los Ni\u00f1os\" ganadores en 2005 de Tribu africana\" href=\"http:\/\/murgalosninos.es.tl\/%3Cfont-color%3D-g-%232E50FD-g-%3E%3Cb%3E2005-TRIBU-AFRICANA%3C-s-b%3E%3C-s-font%3E.htm\" target=\"_blank\">No te enfades\u2026. que estamos en Carnaval<\/a><\/strong>!\u201d. <\/span><\/p>\n<p>&nbsp;<\/p>\n<p style=\"text-align: center;\"><span style=\"text-decoration: underline;\"><em><strong><span style=\"color: #000000; font-size: medium; text-decoration: underline;\">\u00a1Feliz Carnaval 2013!<\/span><\/strong><\/em><\/span><\/p>\n<!-- AddThis Advanced Settings generic via filter on the_content --><!-- AddThis Share Buttons generic via filter on the_content -->","protected":false},"excerpt":{"rendered":"<p>Art\u00edculo publicado en la Revista Oficial del EXCMO.\u00a0Ayuntamiento de Badajoz CARNAVAL 2013. &nbsp; &nbsp; De esta guisa se arrancaban a tocar los \u201cKaka Deluxe\u201d a principio de los 80, una de aquellas primeras y precarias bandas de la famosa y sempiterna \u201cmovida\u201d, aquel movimiento socio cultural germen de grandes bandas que a\u00f1os despu\u00e9s nos regalar\u00edan [&hellip;]<!-- AddThis Advanced Settings generic via filter on get_the_excerpt --><!-- AddThis Share Buttons generic via filter on get_the_excerpt --><\/p>\n","protected":false},"author":14,"featured_media":0,"comment_status":"open","ping_status":"closed","sticky":false,"template":"","format":"standard","meta":[],"categories":[2],"tags":[72,171,318,349,625,646,664,774,800,823,825,830,1056,1113,1410,1431,1515,1576,1806,1823,1895,2045,2095,2237,2320,2446,2816,2823,2891,3086,3103,3162,3185,3405,3599,3604,3695,3780,3846,4182,4269,4277,4278,4404,4419,4438,4439,4460,4463,4464,4483,4697,4751,5036,5083,5376],"_links":{"self":[{"href":"https:\/\/blogs.hoy.es\/loch-lomond\/wp-json\/wp\/v2\/posts\/1466"}],"collection":[{"href":"https:\/\/blogs.hoy.es\/loch-lomond\/wp-json\/wp\/v2\/posts"}],"about":[{"href":"https:\/\/blogs.hoy.es\/loch-lomond\/wp-json\/wp\/v2\/types\/post"}],"author":[{"embeddable":true,"href":"https:\/\/blogs.hoy.es\/loch-lomond\/wp-json\/wp\/v2\/users\/14"}],"replies":[{"embeddable":true,"href":"https:\/\/blogs.hoy.es\/loch-lomond\/wp-json\/wp\/v2\/comments?post=1466"}],"version-history":[{"count":0,"href":"https:\/\/blogs.hoy.es\/loch-lomond\/wp-json\/wp\/v2\/posts\/1466\/revisions"}],"wp:attachment":[{"href":"https:\/\/blogs.hoy.es\/loch-lomond\/wp-json\/wp\/v2\/media?parent=1466"}],"wp:term":[{"taxonomy":"category","embeddable":true,"href":"https:\/\/blogs.hoy.es\/loch-lomond\/wp-json\/wp\/v2\/categories?post=1466"},{"taxonomy":"post_tag","embeddable":true,"href":"https:\/\/blogs.hoy.es\/loch-lomond\/wp-json\/wp\/v2\/tags?post=1466"}],"curies":[{"name":"wp","href":"https:\/\/api.w.org\/{rel}","templated":true}]}}