{"id":1477,"date":"2013-02-17T20:27:29","date_gmt":"2013-02-17T19:27:29","guid":{"rendered":"http:\/\/blogs.hoy.es\/loch-lomond\/?p=1477"},"modified":"2013-02-17T20:27:29","modified_gmt":"2013-02-17T19:27:29","slug":"mi-columna-diaria","status":"publish","type":"post","link":"https:\/\/blogs.hoy.es\/loch-lomond\/2013\/02\/17\/mi-columna-diaria\/","title":{"rendered":"Mi columna diaria"},"content":{"rendered":"<p>&nbsp;<\/p>\n<p style=\"text-align: center;\"><span style=\"color: #000000; font-size: medium;\"><strong>Enrique Falc\u00f3<\/strong>. Aspirante a columnista diario<\/span><\/p>\n<div id=\"attachment_1478\" style=\"width: 465px\" class=\"wp-caption aligncenter\"><span style=\"color: #000000;\"><a href=\"\/loch-lomond\/wp-content\/uploads\/sites\/10\/2013\/02\/homer-pensando.jpg\"><span style=\"color: #000000;\"><img aria-describedby=\"caption-attachment-1478\" loading=\"lazy\" class=\"size-full wp-image-1478\" src=\"\/loch-lomond\/wp-content\/uploads\/sites\/10\/2013\/02\/homer-pensando.jpg\" alt=\"Al menda, como a Homer Simpson, siempre se le ocurre algo.\" width=\"455\" height=\"218\" srcset=\"https:\/\/static-blogs.hoy.es\/wp-content\/uploads\/sites\/10\/2013\/02\/homer-pensando.jpg 455w, https:\/\/static-blogs.hoy.es\/wp-content\/uploads\/sites\/10\/2013\/02\/homer-pensando-300x144.jpg 300w\" sizes=\"(max-width: 455px) 100vw, 455px\" \/><\/span><\/a><\/span><p id=\"caption-attachment-1478\" class=\"wp-caption-text\">Al menda, como a Homer Simpson, siempre se le ocurre algo.<\/p><\/div>\n<p>&nbsp;<\/p>\n<p><span style=\"color: #000000; font-size: medium;\">Siempre so\u00f1\u00e9 con ostentar <strong>una columna diaria en Diario HOY<\/strong>, al estilo del <strong>maestro Alc\u00e1ntara<\/strong>, y vanagloriarme con la idea de que ustedes, mis queridos y desocupados lectores, <strong>acudieran cada jornada a recorrer con avidez las ocurrencias del menda<\/strong>, y conseguir en sus rostros aquella <strong>media sonrisa<\/strong>, o esa <strong>jeta de conformidad c\u00f3mplice<\/strong>, convirti\u00e9ndome en un elemento imprescindible de sus vidas.<\/span><\/p>\n<p>&nbsp;<\/p>\n<p><span style=\"color: #000000; font-size: medium;\">Modestia aparte creo que <strong>no me supondr\u00eda ning\u00fan problema una empresa de tal guisa<\/strong>, pues algo parecido emprend\u00ed <strong>cuando se me encarg\u00f3 la tarea de crear un blog digital en las p\u00e1ginas de hoy.es<\/strong>. <strong>Desde Junio de 2010 hasta septiembre cre\u00e9 y edit\u00e9 a diario un post diferente<\/strong>, sobre los m\u00e1s variopintos temas, incluso los domingos escrib\u00eda otro diferente en el que trataba el tema de mi art\u00edculo dominical enlazando con \u00e9ste.<\/span><\/p>\n<p>&nbsp;<\/p>\n<p><span style=\"color: #000000; font-size: medium;\"><strong>\u00a0Pensar en qu\u00e9 escribir nunca ha sido problema<\/strong>. Como bien razono para m\u00ed mismo cuando me quedan horas para entregar mi art\u00edculo sin ninguna idea sobre el tema a tratar: \u201c<strong>Ya se me ocurrir\u00e1 algo<\/strong>\u201d. Y efectivamente, <strong>siempre se me ocurre algo<\/strong>.<\/span><\/p>\n<p>&nbsp;<\/p>\n<div id=\"attachment_1479\" style=\"width: 330px\" class=\"wp-caption alignleft\"><span style=\"color: #000000;\"><a href=\"\/loch-lomond\/wp-content\/uploads\/sites\/10\/2013\/02\/Tintin-art\u00edculo.jpg\"><span style=\"color: #000000;\"><img aria-describedby=\"caption-attachment-1479\" loading=\"lazy\" class=\"size-full wp-image-1479\" src=\"\/loch-lomond\/wp-content\/uploads\/sites\/10\/2013\/02\/Tintin-art\u00edculo.jpg\" alt=\"Yo tambi\u00e9n quiero escribir un buen art\u00edculo, como mi querido Tint\u00edn cuando era periodista antes de convertirse en una especie de detective o caza tesoros.\" width=\"320\" height=\"308\" srcset=\"https:\/\/static-blogs.hoy.es\/wp-content\/uploads\/sites\/10\/2013\/02\/Tintin-art\u00edculo.jpg 320w, https:\/\/static-blogs.hoy.es\/wp-content\/uploads\/sites\/10\/2013\/02\/Tintin-art\u00edculo-300x289.jpg 300w\" sizes=\"(max-width: 320px) 100vw, 320px\" \/><\/span><\/a><\/span><p id=\"caption-attachment-1479\" class=\"wp-caption-text\">Yo tambi\u00e9n quiero escribir un buen art\u00edculo, como mi querido Tint\u00edn cuando era periodista antes de convertirse en una especie de detective o caza tesoros.<\/p><\/div>\n<p><span style=\"color: #000000; font-size: medium;\"><strong>\u00a0El problema del post diario lleg\u00f3 cuando me di cuenta que el lector no era capaz de absorber tal cantidad de informaci\u00f3n<\/strong>, y muchas de mis entradas quedaban en el olvido, condenadas al ostracismo por unos lectores que jam\u00e1s supieron de su existencia. <\/span><\/p>\n<p>&nbsp;<\/p>\n<p><span style=\"color: #000000; font-size: medium;\"><strong>A nadie le gusta tirar por tierra su trabajo<\/strong>, cuanto m\u00e1s un trabajo creativo que no tiene m\u00e1s pretensi\u00f3n que la de <strong>agradar y entretener al personal<\/strong>.<\/span><\/p>\n<p>&nbsp;<\/p>\n<p><span style=\"color: #000000; font-size: medium;\"><strong>El lector digital no es tan concienzudo ni despliega los h\u00e1bitos del de la prensa escrita diaria<\/strong>, y la verdad es que <strong>cada vez se establecen m\u00e1s diferencias entre lectores digitales y los del papel<\/strong>. <\/span><\/p>\n<p>&nbsp;<\/p>\n<p><span style=\"color: #000000; font-size: medium;\">Por eso <strong>mis art\u00edculos de los domingos suelen ser m\u00e1s especiales<\/strong>, ya que a pesar de lo que les pueda parecer a algunos, <strong>no se escribe igual para ambos medios<\/strong>. <strong>Cada vez cuesta m\u00e1s trabajo enfrentarse a un art\u00edculo en prensa escrita<\/strong>, y es que <strong>en el peri\u00f3dico de toda la vida no contamos con una serie de factores que nos ayudan enormemente en el campo digital a captar la atenci\u00f3n del lector casi desde el principio<\/strong>.<\/span><\/p>\n<p>&nbsp;<\/p>\n<p><span style=\"color: #000000; font-size: medium;\">Aun as\u00ed, les confieso que encarar\u00eda tal cometido a pecho descubierto, con un \u201c\u00a1<strong>Santiago y cierra, Espa\u00f1a<\/strong>!\u201d valiente como <strong>el Capit\u00e1n Alatriste<\/strong> junto a sus compa\u00f1eros del temido viejo <strong>Tercio de Cartagena en Flandes<\/strong>. <\/span><\/p>\n<p>&nbsp;<\/p>\n<p><span style=\"color: #000000; font-size: medium;\">Sale a cuentas <strong>el viejo Capit\u00e1n<\/strong> porque ayer me termin\u00e9 \u201c<strong>El Puente de los asesinos<\/strong>\u201d, y es muy probable que <strong>en aquella hipot\u00e9tica columna diaria<\/strong> les hubiera aleccionado sobre la historia del personaje de <strong>P\u00e9rez Reverte<\/strong>, y lo que me place poder disponer por fin de <strong><a title=\"La \u201cbiblio\u201d\" href=\"https:\/\/blogs.hoy.es\/loch-lomond\/2011\/11\/09\/la-biblio\/\" target=\"_blank\"><span style=\"color: #000000;\">una biblioteca como Dios manda en Badajoz<\/span><\/a><\/strong>, y que gracias a ella he disfrutado toda la semana, y gratuitamente, de <strong>Alatriste<\/strong> y de <strong>viejos c\u00f3mics de Superl\u00f3pez<\/strong>, y de obras de <strong>Carlos Gim\u00e9nez<\/strong> como <strong>\u201cParacuellos\u201d \u201cBarrio\u201d \u201c36-39\u201d y \u201cLos Profesionales\u201d<\/strong>.<\/span><\/p>\n<p>&nbsp;<\/p>\n<p><span style=\"color: #000000; font-size: medium;\">El martes seguramente les habr\u00eda hablado del <strong>Papa<\/strong>, y seguro que haci\u00e9ndome eco de la que se lio en <strong><a title=\"TWITTER\" href=\"https:\/\/blogs.hoy.es\/loch-lomond\/2011\/08\/11\/twitter\/\" target=\"_blank\"><span style=\"color: #000000;\">Twitter<\/span><\/a><\/strong> habr\u00eda titulado con el hashtag <strong>#ElPapaDimite<\/strong>. Y si\u00e9ndoles sincero\u2026 \u00a1Vive Dios que me hubiera costado escoger el tema en seg\u00fan qu\u00e9 d\u00edas! \u00a0\u00bfQui\u00e9n pasa por alto que <strong>en esta ciudad hubo hace unos d\u00edas una persecuci\u00f3n de la polic\u00eda portuguesa con tiros y todo exponiendo a serios peligros a la poblaci\u00f3n pacense<\/strong>?<\/span><\/p>\n<p>&nbsp;<\/p>\n<p><span style=\"color: #000000; font-size: medium;\"><strong>No todos los temas han de ser locales o regionales<\/strong>, y as\u00ed la locura de <strong>Oscar Pistorius<\/strong> seguramente me habr\u00eda obligado a reflexionar para ustedes sobre <strong>qu\u00e9 narices puede volar por la sesera de un h\u00e9roe para tornar a villano o presunto asesino.<\/strong><\/span><\/p>\n<p>&nbsp;<\/p>\n<p><span style=\"color: #000000; font-size: medium;\">Recon\u00f3zcanme que <strong>la ca\u00edda del meteorito en Rusia y sus consecuencias<\/strong>, bien hubieran podido aportar mucho juego, y seguramente dada mi inclinaci\u00f3n por <a title=\"Tint\u00edn y los p\u00edcaros\" href=\"https:\/\/blogs.hoy.es\/loch-lomond\/2013\/01\/20\/tintin-y-los-picaros\/\" target=\"_blank\"><span style=\"color: #000000;\">Tint\u00edn<\/span><\/a>, sin duda ser\u00eda necesaria la menci\u00f3n a la aventura \u201c<a title=\"La Estrella Misteriosa\" href=\"https:\/\/blogs.hoy.es\/loch-lomond\/2011\/10\/23\/450\/\" target=\"_blank\"><span style=\"color: #000000;\">La estrella misteriosa<\/span><\/a>\u201d, en la que el trasfondo de la historia es de una u otra manera tambi\u00e9n un meteorito, <strong>el Calisteno<\/strong>.<\/span><\/p>\n<p>&nbsp;<\/p>\n<p><span style=\"color: #000000; font-size: medium;\">Por supuesto existir\u00eda un espacio semanal para la <strong>cr\u00edtica<\/strong>, y seguramente el mi\u00e9rcoles les hubiera podido contar c\u00f3mo me han dado <strong>cita para dentro de casi un a\u00f1o con el neum\u00f3logo<\/strong>, as\u00ed, sin anestesia y sin nada, y seguramente me habr\u00eda salido una <strong>columna \u00e1cida y retorcida<\/strong>, y con un pel\u00edn de mala leche y peor caf\u00e9 sobre <strong>los recortes en Sanidad<\/strong>.<\/span><\/p>\n<p>&nbsp;<\/p>\n<p><span style=\"color: #000000; font-size: medium;\">Pero ya me conocen, <strong>el buen humor ante todo<\/strong>, as\u00ed que el jueves seguramente me mostrar\u00eda con la sensaci\u00f3n de que el <strong>Real Madrid<\/strong> podr\u00eda haber sacado algo m\u00e1s en la ida contra el <strong>Manchester<\/strong>, o quiz\u00e1s me hubiera inventado una historia ir\u00f3nica y divertida sobre la posibilidad de que al igual que est\u00e1 ocurriendo en <strong>Catalu\u00f1a<\/strong> con los <strong>pol\u00edticos<\/strong>, me hubieran puesto <strong>micr\u00f3fonos<\/strong> en alguna de mis visitas al \u201c<strong><a title=\"La Infanta Elena y el \u201cMarchivirito\u201d\" href=\"https:\/\/blogs.hoy.es\/loch-lomond\/2012\/10\/10\/la-infanta-elena-y-el-marchivirito\/\" target=\"_blank\"><span style=\"color: #000000;\">Marchivirito<\/span><\/a><\/strong>\u201d, ya saben, <strong>mi fonda predilecta<\/strong>.<\/span><\/p>\n<p>&nbsp;<\/p>\n<div id=\"attachment_1481\" style=\"width: 445px\" class=\"wp-caption alignright\"><span style=\"color: #000000;\"><a href=\"\/loch-lomond\/wp-content\/uploads\/sites\/10\/2013\/02\/homer-Simpson-so\u00f1ando.jpg\"><span style=\"color: #000000;\"><img aria-describedby=\"caption-attachment-1481\" loading=\"lazy\" class=\"size-full wp-image-1481\" src=\"\/loch-lomond\/wp-content\/uploads\/sites\/10\/2013\/02\/homer-Simpson-so\u00f1ando.jpg\" alt=\"\" width=\"435\" height=\"304\" srcset=\"https:\/\/static-blogs.hoy.es\/wp-content\/uploads\/sites\/10\/2013\/02\/homer-Simpson-so\u00f1ando.jpg 435w, https:\/\/static-blogs.hoy.es\/wp-content\/uploads\/sites\/10\/2013\/02\/homer-Simpson-so\u00f1ando-300x210.jpg 300w\" sizes=\"(max-width: 435px) 100vw, 435px\" \/><\/span><\/a><\/span><p id=\"caption-attachment-1481\" class=\"wp-caption-text\">So\u00f1ar resulta bastante barato. Casi gratuito<\/p><\/div>\n<p><span style=\"color: #000000; font-size: medium;\">Quiz\u00e1s si alg\u00fan d\u00eda las musas se hubieran empe\u00f1ado en darme con la puerta en las narices habr\u00eda acometido el tema del supuesto machismo del que tanto se habla en un pasodoble de \u201c<strong>Los Espantaperros<\/strong>\u201d, los ganadores del <strong><a title=\"\u00a1Hey, hey, hey\u2026 t\u00eda no os pegu\u00e9is!\" href=\"https:\/\/blogs.hoy.es\/loch-lomond\/2013\/02\/07\/hey-hey-hey-tia-no-os-pegueis\/\" target=\"_blank\"><span style=\"color: #000000;\">concurso de murgas del Carnaval de Badajoz 2013<\/span><\/a><\/strong>, en donde hubiera expuesto que <strong>aunque quiz\u00e1s algo grosero y chabacano, lo de la acusaci\u00f3n de machismo quiz\u00e1s me parezca exagerado<\/strong> dentro del contexto del carnaval.<\/span><\/p>\n<p>&nbsp;<\/p>\n<p><span style=\"color: #000000; font-size: medium;\">Pero ya est\u00e1 bien de suponer y hacernos una idea de lo que pudiera o pudiese haber sucedido. Por lo visto <strong>las columnas diarias ya no se llevan<\/strong>, no interesan, <strong>aunque quien suscribe ande como loco por intentarlo<\/strong>. <\/span><\/p>\n<p>&nbsp;<\/p>\n<p><span style=\"color: #000000; font-size: medium;\"><strong>El cuento de la lechera se me antoja demasiado infantil<\/strong>, pues ya me estoy imaginado sin otra preocupaci\u00f3n en la mollera que mi columna diaria para ustedes, remunerada adem\u00e1s como se merece. Y llamando a <strong><a title=\"\u00c1ngel Manuel G\u00f3mez Espada\" href=\"https:\/\/blogs.hoy.es\/loch-lomond\/2011\/11\/02\/angel-manuel-gomez-espada\/\" target=\"_blank\"><span style=\"color: #000000;\">mi amigo \u201cEl poeta\u201d \u00c1ngel Manuel G\u00f3mez Espada<\/span><\/a><\/strong> para que me explique qu\u00e9 pasos he de seguir para <a title=\"Mi cuenta en Suiza. \u00c1ngel Manuel G\u00f3mez Espada\" href=\"http:\/\/ruadosanjospretos.wordpress.com\/2013\/02\/16\/mi-cuenta-en-suiza\/\" target=\"_blank\"><span style=\"color: #000000;\">abrirme una cuenta en Suiza como la suya<\/span><\/a>, en la que depositar los muchos cientos de miles de d\u00f3lares ganados con el sudor de mi tinta.<\/span><\/p>\n<p>&nbsp;<\/p>\n<p><span style=\"color: #000000; font-size: medium;\">Ya s\u00e9 lo que estar\u00e1n pensando, pero qu\u00e9 quieren que les diga. <strong>De ilusi\u00f3n tambi\u00e9n se vive<\/strong>, y <strong>so\u00f1ar resulta bastante barato<\/strong>. Casi gratuito. Aunque ya saldr\u00e1 el listillo de turno, reflexionando en ese tono pedante de columnista frustrado lament\u00e1ndose de lo que son capaces algunos cuando no se les ocurre un tema del que hablar.<\/span><\/p>\n<p style=\"text-align: center;\"><span style=\"color: #000000; font-size: medium;\"><em>Publicado en <strong>Diario HOY<\/strong> el 17\/02\/2013<\/em><\/span><\/p>\n<p style=\"text-align: center;\"><span style=\"color: #000000;\"><a href=\"http:\/\/lector.kioskoymas.com\/epaper\/showlink.aspx?bookmarkid=AHVYIOG567E7&#038;preview=magnifier&#038;linkid=044757dc-adae-4729-82a7-f7f62d07a47a&#038;pdaffid=1NEHCXDv4QZRFanP7KJR9A%3d%3d\"><span style=\"color: #000000;\"><img src=\"\/\/cache2-thumb1.pressdisplay.com\/pressdisplay\/docserver\/getimage.aspx?file=22012013021700000000001001&#038;page=30&#038;scale=23\" alt=\"\" \/><\/span><\/a><\/span><\/p>\n<!-- AddThis Advanced Settings generic via filter on the_content --><!-- AddThis Share Buttons generic via filter on the_content -->","protected":false},"excerpt":{"rendered":"<p>&nbsp; Enrique Falc\u00f3. Aspirante a columnista diario &nbsp; Siempre so\u00f1\u00e9 con ostentar una columna diaria en Diario HOY, al estilo del maestro Alc\u00e1ntara, y vanagloriarme con la idea de que ustedes, mis queridos y desocupados lectores, acudieran cada jornada a recorrer con avidez las ocurrencias del menda, y conseguir en sus rostros aquella media sonrisa, [&hellip;]<!-- AddThis Advanced Settings generic via filter on get_the_excerpt --><!-- AddThis Share Buttons generic via filter on get_the_excerpt --><\/p>\n","protected":false},"author":14,"featured_media":0,"comment_status":"open","ping_status":"closed","sticky":false,"template":"","format":"standard","meta":[],"categories":[8],"tags":[16,46,120,141,264,346,349,358,492,548,800,812,826,1005,1069,1070,1072,1091,1135,1269,1439,1515,1599,1603,1623,1690,1698,1701,1806,2717,2874,2995,2996,3103,3108,3144,3168,3227,3296,3325,3405,3451,3452,3456,3457,3828,3898,4195,4196,4388,4445,4586,4743,4751,4823,4914,4916,4986],"_links":{"self":[{"href":"https:\/\/blogs.hoy.es\/loch-lomond\/wp-json\/wp\/v2\/posts\/1477"}],"collection":[{"href":"https:\/\/blogs.hoy.es\/loch-lomond\/wp-json\/wp\/v2\/posts"}],"about":[{"href":"https:\/\/blogs.hoy.es\/loch-lomond\/wp-json\/wp\/v2\/types\/post"}],"author":[{"embeddable":true,"href":"https:\/\/blogs.hoy.es\/loch-lomond\/wp-json\/wp\/v2\/users\/14"}],"replies":[{"embeddable":true,"href":"https:\/\/blogs.hoy.es\/loch-lomond\/wp-json\/wp\/v2\/comments?post=1477"}],"version-history":[{"count":0,"href":"https:\/\/blogs.hoy.es\/loch-lomond\/wp-json\/wp\/v2\/posts\/1477\/revisions"}],"wp:attachment":[{"href":"https:\/\/blogs.hoy.es\/loch-lomond\/wp-json\/wp\/v2\/media?parent=1477"}],"wp:term":[{"taxonomy":"category","embeddable":true,"href":"https:\/\/blogs.hoy.es\/loch-lomond\/wp-json\/wp\/v2\/categories?post=1477"},{"taxonomy":"post_tag","embeddable":true,"href":"https:\/\/blogs.hoy.es\/loch-lomond\/wp-json\/wp\/v2\/tags?post=1477"}],"curies":[{"name":"wp","href":"https:\/\/api.w.org\/{rel}","templated":true}]}}