{"id":1482,"date":"2013-02-25T16:08:30","date_gmt":"2013-02-25T15:08:30","guid":{"rendered":"http:\/\/blogs.hoy.es\/loch-lomond\/?p=1482"},"modified":"2013-02-25T16:08:30","modified_gmt":"2013-02-25T15:08:30","slug":"gracias-y-hasta-siempre","status":"publish","type":"post","link":"https:\/\/blogs.hoy.es\/loch-lomond\/2013\/02\/25\/gracias-y-hasta-siempre\/","title":{"rendered":"\u00a1Gracias y hasta siempre!"},"content":{"rendered":"<div id=\"attachment_1483\" style=\"width: 310px\" class=\"wp-caption aligncenter\"><span style=\"color: #000000;\"><a href=\"\/loch-lomond\/wp-content\/uploads\/sites\/10\/2013\/02\/efalcob30.jpg\"><span style=\"color: #000000;\"><img aria-describedby=\"caption-attachment-1483\" loading=\"lazy\" class=\"size-full wp-image-1483\" src=\"\/loch-lomond\/wp-content\/uploads\/sites\/10\/2013\/02\/efalcob30.jpg\" alt=\"Acu\u00e9rdense de mi cuando lean a Tint\u00edn y beban un copazo de Loch Lomond\" width=\"300\" height=\"200\" \/><\/span><\/a><\/span><p id=\"caption-attachment-1483\" class=\"wp-caption-text\">Acu\u00e9rdense de mi cuando lean a Tint\u00edn y beban un copazo de Loch Lomond (FOTO: \u00c1ngel Manuel G\u00f3mez Espada)<\/p><\/div>\n<p><span style=\"color: #000000; font-size: medium;\"><strong>Todo lo que tiene un principio ha de tener necesariamente un final<\/strong>, y as\u00ed, tras algo m\u00e1s de tres maravillosos\u00a0a\u00f1os, m\u00e1s de 160 art\u00edculos publicados en la edici\u00f3n impresa y 400 entradas en el blog digital, <strong>mi relaci\u00f3n con el diario HOY se toma un respiro, un descanso, una especie de hasta luego o hasta pronto, algo as\u00ed como un \u201cStand Bye\u201d<\/strong>. \u00a1<a title=\"Malos tiempos para la l\u00edrica\" href=\"http:\/\/enriquefalco.blogspot.com.es\/2013\/02\/malos-tiempos-para-la-lirica.html\" target=\"_blank\"><span style=\"color: #000000;\">Malos tiempos para la lirica<\/span><\/a>!<\/span><\/p>\n<p>&nbsp;<\/p>\n<div id=\"attachment_1484\" style=\"width: 330px\" class=\"wp-caption alignleft\"><img aria-describedby=\"caption-attachment-1484\" loading=\"lazy\" class=\"size-full wp-image-1484\" src=\"\/loch-lomond\/wp-content\/uploads\/sites\/10\/2013\/02\/Asurancet\u00farix-el-Bardo.gif\" alt=\"\" width=\"320\" height=\"312\" \/><p id=\"caption-attachment-1484\" class=\"wp-caption-text\"><\/span><\/a><\/span><\/p><\/div>\n<p><span style=\"color: #000000; font-size: medium;\"><strong>El menda<\/strong>, al igual que el hermano peque\u00f1o de Manolito Gafotas, \u201cel Imb\u00e9cil\u201d, <strong>siempre le saca partido a la desgracia<\/strong> y se acoge a la m\u00e1xima que asegura que <strong>no hay mal que por bien no venga<\/strong>.<\/span><\/p>\n<p>&nbsp;<\/p>\n<p><span style=\"color: #000000; font-size: medium;\">A partir de ahora, <strong>sin obligaciones de tribunas y post<\/strong>, y habiendo abandonado tambi\u00e9n mis colaboraciones radiof\u00f3nicas, <strong>puedo por fin meterme de lleno en mi proyecto m\u00e1s pr\u00f3ximo<\/strong>, aquel con el que amenazaba cuando publiqu\u00e9 mi primer libro: <strong>Una novela de corte muy juvenil, destinada principalmente a adolescentes y j\u00f3venes<\/strong>.<\/span><\/p>\n<p>&nbsp;<\/p>\n<p><span style=\"color: #000000; font-size: medium;\">Todav\u00eda me queda mucho que decir. Mis mejores art\u00edculos aun no se han escrito, y mis\u00a0 libros de m\u00e1s \u00e9xito est\u00e1n por publicar. <strong>Echar\u00e9 de menos escribir para los lectores del Diario HOY<\/strong>, menos de lo habitual, quiero decir, pues aunque no con tanta frecuencia, quienes quieran\u00a0<strong><a title=\"Nuevo Blog de Enrique Falc\u00f3\" href=\"http:\/\/enriquefalco.blogspot.com.es\/\" target=\"_blank\"><span style=\"color: #000000;\">podr\u00e1n seguirme desde las p\u00e1ginas de este nuevo blog creado para la ocasi\u00f3n<\/span><\/a><\/strong>.<\/span><\/p>\n<p>&nbsp;<\/p>\n<p><span style=\"color: #000000; font-size: medium;\"><strong>Disponer de la\u00a0\u00a0inmejorable cobertura medi\u00e1tica de HOY y este blog ha sido\u00a0fascinante<\/strong>, y dudo que pueda volver a reunir las miles de visitas semanales que he venido recibiendo hasta ahora, pero <strong>el hecho de que se realicen cambios no significa que vayan a ser necesariamente para peor<\/strong>.<\/span><\/p>\n<p>&nbsp;<\/p>\n<div id=\"attachment_1485\" style=\"width: 310px\" class=\"wp-caption alignright\"><span style=\"color: #000000;\"><a href=\"\/loch-lomond\/wp-content\/uploads\/sites\/10\/2013\/02\/Enrique-Falc\u00f3-y-LOCH-LOMOND.jpg\"><span style=\"color: #000000;\"><img aria-describedby=\"caption-attachment-1485\" loading=\"lazy\" class=\"size-full wp-image-1485\" src=\"\/loch-lomond\/wp-content\/uploads\/sites\/10\/2013\/02\/Enrique-Falc\u00f3-y-LOCH-LOMOND.jpg\" alt=\"\" width=\"300\" height=\"200\" \/><\/span><\/a><\/span><p id=\"caption-attachment-1485\" class=\"wp-caption-text\">Enrique Falc\u00f3, siempre con Loch Lomond en la rec\u00e1mara (FOTO: \u00c1ngel Manuel G\u00f3mez Espada)<\/p><\/div>\n<p><span style=\"color: #000000; font-size: medium;\"><strong>Recu\u00e9rdenme con cari\u00f1o<\/strong>, \u00e9chenme de menos, pero <a title=\"Nuevo Blog de Enrique Falc\u00f3\" href=\"http:\/\/enriquefalco.blogspot.com.es\/\" target=\"_blank\"><span style=\"color: #000000;\">p\u00e1sense de vez en cuando por aqu\u00ed a tomar una copa<\/span><\/a>. Como siempre <strong>mi mejor Loch Lomond sigue en la rec\u00e1mara para obsequiar a mis visitas<\/strong>, y a m\u00ed no me gusta beber solo. <\/span><\/p>\n<p>&nbsp;<\/p>\n<p><span style=\"color: #000000; font-size: medium;\"><strong><a title=\"Ya no escribo en HOY\" href=\"http:\/\/enriquefalco.blogspot.com.es\/2013\/02\/ya-no-escribo-en-diario-hoy.html\" target=\"_blank\"><span style=\"color: #000000;\">Aunque ya no escriba en HOY<\/span><\/a><\/strong>, <strong><a title=\"Nuevo Blog de Enrique Falc\u00f3\" href=\"http:\/\/enriquefalco.blogspot.com.es\/\" target=\"_blank\"><span style=\"color: #000000;\">Enrique Falc\u00f3<\/span><\/a><\/strong>, quien suscibe, su m\u00e1s seguro servidor, el menda lerenda, sigue siendo m\u00e1s <strong><a title=\"Nuevo blog de Enrique Falc\u00f3\" href=\"http:\/\/enriquefalco.blogspot.com.es\/\" target=\"_blank\"><span style=\"color: #000000;\">don de Loch Lomond<\/span><\/a><\/strong> que nunca.<\/span><\/p>\n<p>&nbsp;<\/p>\n<p>&nbsp;<\/p>\n<p style=\"text-align: center;\"><span style=\"color: #000000; font-size: medium;\">\u00a1<strong>Gracias lectores de Diario HOY! \u00a1Hasta siempre<\/strong>!<\/span><\/p>\n<p>&nbsp;<\/p>\n<!-- AddThis Advanced Settings generic via filter on the_content --><!-- AddThis Share Buttons generic via filter on the_content -->","protected":false},"excerpt":{"rendered":"<p>Todo lo que tiene un principio ha de tener necesariamente un final, y as\u00ed, tras algo m\u00e1s de tres maravillosos\u00a0a\u00f1os, m\u00e1s de 160 art\u00edculos publicados en la edici\u00f3n impresa y 400 entradas en el blog digital, mi relaci\u00f3n con el diario HOY se toma un respiro, un descanso, una especie de hasta luego o hasta [&hellip;]<!-- AddThis Advanced Settings generic via filter on get_the_excerpt --><!-- AddThis Share Buttons generic via filter on get_the_excerpt --><\/p>\n","protected":false},"author":14,"featured_media":0,"comment_status":"open","ping_status":"closed","sticky":false,"template":"","format":"standard","meta":[],"categories":[2],"tags":[350,579,1515,1806,1808,2315,2998,3103,3271,3739,4986,5085,5278,5334],"_links":{"self":[{"href":"https:\/\/blogs.hoy.es\/loch-lomond\/wp-json\/wp\/v2\/posts\/1482"}],"collection":[{"href":"https:\/\/blogs.hoy.es\/loch-lomond\/wp-json\/wp\/v2\/posts"}],"about":[{"href":"https:\/\/blogs.hoy.es\/loch-lomond\/wp-json\/wp\/v2\/types\/post"}],"author":[{"embeddable":true,"href":"https:\/\/blogs.hoy.es\/loch-lomond\/wp-json\/wp\/v2\/users\/14"}],"replies":[{"embeddable":true,"href":"https:\/\/blogs.hoy.es\/loch-lomond\/wp-json\/wp\/v2\/comments?post=1482"}],"version-history":[{"count":0,"href":"https:\/\/blogs.hoy.es\/loch-lomond\/wp-json\/wp\/v2\/posts\/1482\/revisions"}],"wp:attachment":[{"href":"https:\/\/blogs.hoy.es\/loch-lomond\/wp-json\/wp\/v2\/media?parent=1482"}],"wp:term":[{"taxonomy":"category","embeddable":true,"href":"https:\/\/blogs.hoy.es\/loch-lomond\/wp-json\/wp\/v2\/categories?post=1482"},{"taxonomy":"post_tag","embeddable":true,"href":"https:\/\/blogs.hoy.es\/loch-lomond\/wp-json\/wp\/v2\/tags?post=1482"}],"curies":[{"name":"wp","href":"https:\/\/api.w.org\/{rel}","templated":true}]}}