{"id":155,"date":"2010-12-03T00:52:00","date_gmt":"2010-12-03T00:52:00","guid":{"rendered":"http:\/\/blogs.hoy.es\/loch-lomond\/?p=155"},"modified":"2010-12-03T00:52:00","modified_gmt":"2010-12-03T00:52:00","slug":"hong-kong-holidays","status":"publish","type":"post","link":"https:\/\/blogs.hoy.es\/loch-lomond\/2010\/12\/03\/hong-kong-holidays\/","title":{"rendered":"Darksound (Hong Kong Holidays)"},"content":{"rendered":"<p>&nbsp;<\/p>\n<div id=\"attachment_805\" style=\"width: 310px\" class=\"wp-caption alignnone\"><a href=\"\/loch-lomond\/wp-content\/uploads\/sites\/10\/2010\/12\/1229332156255darksound.jpg\"><img aria-describedby=\"caption-attachment-805\" loading=\"lazy\" class=\"size-medium wp-image-805\" title=\"1229332156255darksound\" src=\"\/loch-lomond\/wp-content\/uploads\/sites\/10\/2010\/12\/1229332156255darksound.jpg\" alt=\"El extraordinario grupo pacense Darksound\" width=\"300\" height=\"149\" srcset=\"https:\/\/static-blogs.hoy.es\/wp-content\/uploads\/sites\/10\/2010\/12\/1229332156255darksound.jpg 624w, https:\/\/static-blogs.hoy.es\/wp-content\/uploads\/sites\/10\/2010\/12\/1229332156255darksound-300x149.jpg 300w\" sizes=\"(max-width: 300px) 100vw, 300px\" \/><\/a><p id=\"caption-attachment-805\" class=\"wp-caption-text\">El extraordinario grupo pacense Darksound<\/p><\/div>\n<p>\u00a0<span style=\"font-size: 10pt; color: #003366; font-family: Verdana;\">En estos \u00faltimos viernes musicales en Don de LOCH LOMOND donde venimos hablando de m\u00fasica extreme\u00f1a, no pod\u00eda faltar por supuesto uno de los mayores prodigios musicales que se han parido en Extremadura en los \u00faltimos a\u00f1os. Hablo, naturalmente y nada menos que del grupo <span style=\"color: #ff0000;\">DARKSOUND<\/span>, quienes se consolidaron ya hace tiempo como una de las mejores bandas de Metal Mel\u00f3dico de Europa. Y esto no lo dice el menda, que alguno que otro ya estar\u00e1 pensando que los elogios que salen de mi boquita de pi\u00f1\u00f3n se deben a mi amistad con los miembros de la banda, en especial con <span style=\"color: #ff0000;\">Ricardo Larios<\/span>, con el que he crecido y vivido mil experiencias desde los 6 a\u00f1os. Nada m\u00e1s lejos de la realidad. Tales piropos salen de decenas de revistas de prensa especializada nacional e internacional, y ah\u00ed est\u00e1 Internet para que puedan comprobar la veracidad de los hechos.<\/span><\/p>\n<p class=\"MsoNormal\" style=\"margin: 0cm 0cm 0pt; text-align: justify;\">\u00a0<\/p>\n<p class=\"MsoNormal\" style=\"margin: 0cm 0cm 0pt; text-align: justify;\">\u00a0\u00a0<\/p>\n<p class=\"MsoNormal\" style=\"margin: 0cm 0cm 0pt; text-align: justify;\"><span style=\"font-size: 10pt; color: #003366; font-family: Verdana;\"><img id=\"img_2\" src=\"\/\/i3.ytimg.com\/vi\/izsq27razvQ\/0.jpg\" alt=\"\" \/><\/span><\/p>\n<p class=\"MsoNormal\" style=\"margin: 0cm 0cm 0pt; text-align: justify;\">\u00a0<\/p>\n<p class=\"MsoNormal\" style=\"margin: 0cm 0cm 0pt; text-align: justify;\">\u00a0<\/p>\n<p class=\"MsoNormal\" style=\"margin: 0cm 0cm 0pt; text-align: justify;\">\u00a0<\/p>\n<p class=\"MsoNormal\" style=\"margin: 0cm 0cm 0pt; text-align: justify;\"><span style=\"font-size: 10pt; color: #003366; font-family: Verdana;\">Corren malos tiempos para todos, y la m\u00fasica no es una excepci\u00f3n. La crisis, para cualquier formaci\u00f3n musical que no se acoja al hecho de ser un producto comercial fabricado por una multinacional con el \u00fanico objeto de vender discos, hace ya lustros que se impuso no s\u00f3lo en este pa\u00eds, sino en medio mundo, con la consecuente dificultad del intento de abrir hueco de los nuevos grupos que pugnan por dar a conocer su m\u00fasica, la mejor y m\u00e1s gratificante de todas las magias. Desde hace aproximadamente diez a\u00f1os, es decir, desde la aparici\u00f3n de Operaci\u00f3n Triunfo y la masiva saturaci\u00f3n de clones que supuso al mercado discogr\u00e1fico, junto al aumento de la pirater\u00eda, es casi imposible ganarse el pan como m\u00fasico profesional en este pa\u00eds. A cambio, en poco tiempo, Internet supuso una revoluci\u00f3n, dando la oportunidad a los grupos de poder llegar cada vez a m\u00e1s gentea trav\u00e9s de redes sociales como My Space, el propio Facebook o las propias Webs musicales de los mismos grupos. Gracias a todo esto, junto con la innegable calidad y madurez de su sonido, <span style=\"color: #ff0000;\">DARKSOUND<\/span> es hoy un grupo muy conocido, y no s\u00f3lo por el p\u00fablico especializado, no obstante sigue luchando d\u00eda a d\u00eda para seguir derrumbando barreras y labrarse un nombre a\u00fan con m\u00e1s reconocimiento en el panorama nacional e internacional. Ayer mismo, bromeaba con <a title=\"Pedro Wichard (El Loto Azul)\" href=\"https:\/\/blogs.hoy.es\/loch-lomond\/2011\/11\/23\/pedro-wichard\/\" target=\"_blank\"><span style=\"color: #ff0000;\">P<\/span><span style=\"color: #ff0000;\">edro Wichard<\/span>,<\/a> vocalista del grupo, y se lo dec\u00eda muy claro \u201cSi hubierais nacido unos 15 a\u00f1os antes ahora ser\u00edais millonarios\u201d \u00c9l se part\u00eda de la risa, porque es un cachondo mental como yo, pero estoy convencido de la veracidad de mis palabras. <\/span><span style=\"font-size: 10pt; color: #003366; font-family: Verdana;\">\u00a1Quien lo iba a pensar, cuando muchos a\u00f1os atr\u00e1s, en el 99, mi amigo <span style=\"color: #ff0000;\">Ricar<\/span> me coment\u00f3 la idea que ten\u00eda para forjar un grupo con \u00e9l como guitarra y cantante, donde incluir\u00eda nada menos que al <span style=\"color: #ff0000;\">Pr\u00edncipe <\/span>y a <span style=\"color: #ff0000;\">Mahoney<\/span> como bater\u00eda y bajista!<\/span><\/p>\n<p class=\"MsoNormal\" style=\"margin: 0cm 0cm 0pt; text-align: justify;\">\u00a0<\/p>\n<p class=\"MsoNormal\" style=\"text-align: justify; margin: 0cm 0cm 0pt;\"><span style=\"font-family: Verdana; color: #003366; font-size: 10pt;\"><a href=\"\/loch-lomond\/wp-content\/uploads\/sites\/10\/2010\/12\/darksound-final.jpg\"><img loading=\"lazy\" class=\"alignnone size-medium wp-image-806\" title=\"darksound final\" src=\"\/loch-lomond\/wp-content\/uploads\/sites\/10\/2010\/12\/darksound-final.jpg\" alt=\"\" width=\"300\" height=\"187\" srcset=\"https:\/\/static-blogs.hoy.es\/wp-content\/uploads\/sites\/10\/2010\/12\/darksound-final.jpg 500w, https:\/\/static-blogs.hoy.es\/wp-content\/uploads\/sites\/10\/2010\/12\/darksound-final-300x188.jpg 300w\" sizes=\"(max-width: 300px) 100vw, 300px\" \/><\/a><\/span><\/p>\n<p class=\"MsoNormal\" style=\"margin: 0cm 0cm 0pt; text-align: justify;\">\u00a0<\/p>\n<p class=\"MsoNormal\" style=\"margin: 0cm 0cm 0pt; text-align: justify;\"><span style=\"font-size: 10pt; color: #003366; font-family: Verdana;\">El <span style=\"color: #ff0000;\">Pr\u00edncipe<\/span>, <span style=\"color: #ff0000;\">Jes\u00fas del Castillo<\/span>, era casi a\u00fan un adolescente, que tocaba el bajo en una joven formaci\u00f3n que compart\u00eda local con mis entonces grupos Violent Popes Y Left Brothers. Aun recuerdo como, de forma muy condescendiente, le dejaba sentarse a mi bater\u00eda y me permit\u00eda el lujo de \u201cense\u00f1arle\u201d a tocar un par de ritmos. Nunca se me pas\u00f3 por la cabeza que me encontraba ante uno de los m\u00e1s grandes y completos bater\u00edas que iba a conocer en mi vida. A\u00fan hoy en d\u00eda no me lo creo. Y <span style=\"color: #ff0000;\">Mahoney<\/span> (<span style=\"color: #ff0000;\">David L\u00f3pez<\/span>) no era m\u00e1s que un amigo de su pandilla, del que ni siquiera sab\u00edamos que tocaba el bajo.<\/span>\u00a0<\/p>\n<p><span style=\"font-size: 10pt; color: #003366; font-family: Verdana;\"><img id=\"img_4\" src=\"\/\/lh6.ggpht.com\/_fUgbFj_tVIU\/SbmFNp_y0tI\/AAAAAAAAA6g\/Mo5m6DFbIyU\/darksound-irresponsible_optimism%5B6%5D.gif\" alt=\"\" \/><\/span><\/p>\n<p class=\"MsoNormal\" style=\"margin: 0cm 0cm 0pt; text-align: justify;\">\u00a0<span style=\"font-size: 10pt; color: #003366; font-family: Verdana;\">En breve, tras algunas actuaciones, se convirtieron en un tr\u00edo soberbio y se decidieron a grabar su primera maqueta casera. Los tres miembros del grupo eran seguidores incondicionales del grupo espa\u00f1ol <span style=\"color: #ff0000;\">Sober<\/span>, y en uno de sus conciertos en Extremadura le lanzaron una de sus maquetas caseras. Evidentemente, y como no pod\u00eda ser de otra manera, los miembros de <span style=\"color: #ff0000;\">Sober<\/span> quedaron impresionados y les facilitaron la grabaci\u00f3n de una maqueta de verdad en los estudios Cube en Madrid (<span style=\"color: #ff0000;\">Midnight Sun<\/span>) producida nada menos que por <span style=\"color: #ff0000;\">Alberto Seara<\/span>, donde adem\u00e1s contaron con la colaboraci\u00f3n de <span style=\"color: #ff0000;\">Carlos Escobedo<\/span> (cantante y bajista de Sober) en uno de sus temas. Tras el \u00e9xito de su nueva maqueta, que les fue abriendo cada vez m\u00e1s puertas, decidieron sumar a la causa a <span style=\"color: #ff0000;\">Javi Caldito<\/span> (Guitarra) y <span style=\"color: #ff0000;\">Pedro (Wichard) P\u00e9rez<\/span> (Voz principal). Desde entonces y hasta hoy dos discos les contemplan: <span style=\"color: #ff0000;\">\u201cIrreponsible Optimism\u201d<\/span> (Lengua Armada 2003) y <span style=\"color: #ff0000;\">\u201cNo Return Road\u201d<\/span> (Lengua Armada 2007). Adem\u00e1s han sido incluidos en Singles y recopilaciones a nivel nacional e internacional, am\u00e9n de ganar varios concursos nacionales y situarse finalista en varios internacionales.<\/span><\/p>\n<p class=\"MsoNormal\" style=\"margin: 0cm 0cm 0pt; text-align: justify;\">\u00a0<\/p>\n<p class=\"MsoNormal\" style=\"margin: 0cm 0cm 0pt; text-align: justify;\"><span style=\"font-size: 10pt; color: #003366; font-family: Verdana;\">Podr\u00eda contar an\u00e9cdotas muy divertidas, como aquellas ma\u00f1anas que me escaqueaba de la Universidad y me iba a casa de mi amigo <span style=\"color: #ff0000;\">Ricardo<\/span> a desayunar y me ensa\u00f1aba sus \u00faltimas apariciones en la revista LOKA, que era algo as\u00ed como el S\u00faper Pop de las ni\u00f1atas m\u00e1s ca\u00f1eras. O por ejemplo, c\u00f3mo en la boda de nuestro amigo Javi (ya saben, \u00edntimo m\u00edo y de la gula, como quien suscribe), unas primas suyas de Galicia no se cre\u00edan que all\u00ed pudiera estar nada menos que el guitarrista de <span style=\"color: #ff0000;\">DARKSOUND<\/span>.<\/span><\/p>\n<p><span style=\"font-size: 10pt; color: #003366; font-family: Verdana;\"><img id=\"img_5\" src=\"\/\/www.laestadea.com\/wp-content\/uploads\/2010\/08\/darksound-no-return-road.jpg\" alt=\"\" \/><\/span><\/p>\n<p class=\"MsoNormal\" style=\"margin: 0cm 0cm 0pt; text-align: justify;\">\u00a0<span style=\"font-size: 10pt; color: #003366; font-family: Verdana;\"><span style=\"color: #ff0000;\">DARKSOUND<\/span> no ser\u00e1n nunca tampoco profetas en su tierra como tantos otros, y eso es una l\u00e1stima, adem\u00e1s de una injusticia. Pero los que los conocemos bien nunca llegaremos a sorprendernos de nada que consigan de aqu\u00ed a unos a\u00f1os, porque jam\u00e1s vi y escuch\u00e9 sonido tan cuidado y maduro, y tan alta ejecuci\u00f3n y calidad musical. <span style=\"color: #ff0000;\">DARKSOUND<\/span> est\u00e1 llamado a ser uno de los grandes grupos de la d\u00e9cada que comienza, y espero que en sus retinas, recuerden quien fue el primero que lo anticip\u00f3, as\u00ed, con un poco de suerte, los miembros del grupo, se apiadar\u00e1n de m\u00ed y me dejar\u00e1n llevarles las guitarras y los caf\u00e9s. <\/span><\/p>\n<p class=\"MsoNormal\" style=\"margin: 0cm 0cm 0pt; text-align: justify;\">\u00a0<\/p>\n<p class=\"MsoNormal\" style=\"margin: 0cm 0cm 0pt; text-align: justify;\"><span style=\"font-size: 10pt; color: #003366; font-family: Verdana;\">Disfruten amigos, hoy viernes, con un tema excelente de una de la mejores bandas pacenses y extreme\u00f1as que ha habido nunca. <span style=\"color: #ff0000;\">\u201cHong Kong Holidays\u201d<\/span>, perteneciente a su \u00faltimo \u00e1lbum <span style=\"color: #ff0000;\">\u201cNo Return Road\u201d.<\/span> Y por cierto, antes de que me bombardeen con peticiones sobre informaci\u00f3n del quinteto, les hago saber que a trav\u00e9s de su Web: <a href=\"http:\/\/www.darksoundband.com\/\" rel=\"nofollow\"><span style=\"color: #800080;\">http:\/\/www.darksoundband.com\/<\/span><\/a> pueden acceder a toda la informaci\u00f3n y material del grupo. Hoy simplemente, cont\u00e9ntense disfrutando de la canci\u00f3n y el video de <span style=\"color: #ff0000;\"><a title=\"Hong Kon Holidays (Darksound)\" href=\"http:\/\/www.youtube.com\/watch?v=PlpRJL2fJuI\" target=\"_blank\">Hong Kong Holidays<\/a>.<\/span><\/span><\/p>\n<p class=\"MsoNormal\" style=\"margin: 0cm 0cm 0pt; text-align: justify;\">\u00a0<\/p>\n<p class=\"MsoNormal\" style=\"margin: 0cm 0cm 0pt; text-align: justify;\">\u00a0<\/p>\n<p>&nbsp;<\/p>\n<!-- AddThis Advanced Settings generic via filter on the_content --><!-- AddThis Share Buttons generic via filter on the_content -->","protected":false},"excerpt":{"rendered":"<p>&nbsp; \u00a0En estos \u00faltimos viernes musicales en Don de LOCH LOMOND donde venimos hablando de m\u00fasica extreme\u00f1a, no pod\u00eda faltar por supuesto uno de los mayores prodigios musicales que se han parido en Extremadura en los \u00faltimos a\u00f1os. Hablo, naturalmente y nada menos que del grupo DARKSOUND, quienes se consolidaron ya hace tiempo como una [&hellip;]<!-- AddThis Advanced Settings generic via filter on get_the_excerpt --><!-- AddThis Share Buttons generic via filter on get_the_excerpt --><\/p>\n","protected":false},"author":14,"featured_media":0,"comment_status":"open","ping_status":"closed","sticky":false,"template":"","format":"standard","meta":[],"categories":[6],"tags":[176,447,505,775,810,1028,1315,1322,1515,1806,1985,1996,2360,2458,2472,2473,2644,2646,2680,2709,2845,2968,3011,3103,3238,3450,3468,3610,3692,3802,3961,3964,4219,4454,4462,4471,4491,4726,4817,5290,5309],"_links":{"self":[{"href":"https:\/\/blogs.hoy.es\/loch-lomond\/wp-json\/wp\/v2\/posts\/155"}],"collection":[{"href":"https:\/\/blogs.hoy.es\/loch-lomond\/wp-json\/wp\/v2\/posts"}],"about":[{"href":"https:\/\/blogs.hoy.es\/loch-lomond\/wp-json\/wp\/v2\/types\/post"}],"author":[{"embeddable":true,"href":"https:\/\/blogs.hoy.es\/loch-lomond\/wp-json\/wp\/v2\/users\/14"}],"replies":[{"embeddable":true,"href":"https:\/\/blogs.hoy.es\/loch-lomond\/wp-json\/wp\/v2\/comments?post=155"}],"version-history":[{"count":0,"href":"https:\/\/blogs.hoy.es\/loch-lomond\/wp-json\/wp\/v2\/posts\/155\/revisions"}],"wp:attachment":[{"href":"https:\/\/blogs.hoy.es\/loch-lomond\/wp-json\/wp\/v2\/media?parent=155"}],"wp:term":[{"taxonomy":"category","embeddable":true,"href":"https:\/\/blogs.hoy.es\/loch-lomond\/wp-json\/wp\/v2\/categories?post=155"},{"taxonomy":"post_tag","embeddable":true,"href":"https:\/\/blogs.hoy.es\/loch-lomond\/wp-json\/wp\/v2\/tags?post=155"}],"curies":[{"name":"wp","href":"https:\/\/api.w.org\/{rel}","templated":true}]}}