{"id":157,"date":"2010-12-07T01:11:00","date_gmt":"2010-12-07T01:11:00","guid":{"rendered":"http:\/\/blogs.hoy.es\/loch-lomond\/?p=157"},"modified":"2010-12-07T01:11:00","modified_gmt":"2010-12-07T01:11:00","slug":"siempre-al-oeste","status":"publish","type":"post","link":"https:\/\/blogs.hoy.es\/loch-lomond\/2010\/12\/07\/siempre-al-oeste\/","title":{"rendered":"SIEMPRE AL OESTE"},"content":{"rendered":"<p class=\"MsoNormal\" style=\"margin: 0cm 0cm 0pt; text-align: justify;\">\u00a0<\/p>\n<p class=\"MsoNormal\" style=\"margin: 0cm 0cm 0pt; text-align: justify;\"><span style=\"font-size: 10pt; color: #003366; font-family: Verdana;\"><img id=\"img_0\" src=\"\/\/4.bp.blogspot.com\/_h-69iKJIFX4\/TFWBAqI6YaI\/AAAAAAAAA7U\/VMvkXkO8QEE\/s1600\/Tornasol.jpg\" alt=\"\" \/><\/span><\/p>\n<p class=\"MsoNormal\" style=\"margin: 0cm 0cm 0pt; text-align: justify;\"><span style=\"font-size: 10pt; color: #003366; font-family: Verdana;\">Ya lo dec\u00eda el bueno del Profesor Tornasol: \u201cSiempre al Oeste\u201d. Y nunca sospech\u00e9 que el despistado cient\u00edfico albergaba tanta raz\u00f3n en su famosa frase. Estamos en una ciudad situada al Oeste (al suroeste ser\u00eda quiz\u00e1s m\u00e1s apropiado) y despu\u00e9s de todo, no es el oeste por donde sale el sol&#8230; o es el este????<\/span><\/p>\n<p class=\"MsoNormal\" style=\"margin: 0cm 0cm 0pt; text-align: justify;\">\u00a0<\/p>\n<p class=\"MsoNormal\" style=\"text-align: justify; margin: 0cm 0cm 0pt;\"><span style=\"font-family: Verdana; color: #003366; font-size: 10pt;\">Badajoz es una ciudad que crece, y crece tambi\u00e9n hacia el Oeste. Hoy mismo pueden leer en Diario HOY, como una veintena de familias habitan ya El Cuart\u00f3n Cortijo:<\/span><\/p>\n<p><a href=\"http:\/\/www.hoy.es\/v\/20101207\/badajoz\/veintena-familias-vive-barrio-20101207.html\">http:\/\/www.hoy.es\/v\/20101207\/badajoz\/veintena-familias-vive-barrio-20101207.html<\/a><\/p>\n<p><span style=\"font-size: 10pt; color: #003366; font-family: Verdana;\"><img id=\"img_1\" src=\"\/\/www.hoy.es\/noticias\/200805\/27\/Media\/aceras.jpg\" alt=\"\" \/><\/span><\/p>\n<p class=\"MsoNormal\" style=\"margin: 0cm 0cm 0pt; text-align: justify;\"><span style=\"font-size: 10pt; color: #003366; font-family: Verdana;\">Otras pocas se ir\u00e1n a\u00f1adiendo al paso de los d\u00edas, y se les sumar\u00e1n los cientos que reciban sus llaves en las \u00faltimas fechas. El nacimiento de un barrio siempre es un hecho emocionante y de considerable importancia. Cuando era peque\u00f1o viv\u00eda en Fernando Calzadilla, que no era m\u00e1s que el principio de la carretera de Valverde. A\u00fan recuerdo la construcci\u00f3n de los primeros edificios, o de la Fuente de la Constituci\u00f3n. Asalta a mi memoria tambi\u00e9n el viejo Cuartel de Menacho, cuyas murallas salt\u00e1bamos para recoger hojas de morera para nuestros asquerosos gusanos de seda, que guard\u00e1bamos en viejas cajas de zapatos. La abandonada c\u00e1rcel, a la otra vuelta de la calle,y la antigua Cruz Roja, con aquellos chalets ya abandonados, en donde, como traviesos ni\u00f1os que \u00e9ramos, nos introduc\u00edamos en busca de apasionantes aventuras. Hoy en d\u00eda es con diferencia una de las mejores zonas de Badajoz, y los habitantes de ese barrio hemos vivido a trav\u00e9s de nuestros ojos la incre\u00edble transformaci\u00f3n, d\u00eda tras d\u00eda, a\u00f1o tras a\u00f1o.<\/span><\/p>\n<p class=\"MsoNormal\" style=\"margin: 0cm 0cm 0pt; text-align: justify;\">\u00a0<\/p>\n<p class=\"MsoNormal\" style=\"margin: 0cm 0cm 0pt; text-align: justify;\"><span style=\"font-size: 10pt; color: #003366; font-family: Verdana;\"><img id=\"img_2\" src=\"\/\/i364.photobucket.com\/albums\/oo86\/foticosmias\/canicas.jpg\" alt=\"\" \/><\/span><\/p>\n<p><span style=\"font-size: 10pt; color: #003366; font-family: Verdana;\">Los nuevos habitantes de Cuart\u00f3n del Cortijo experimentar\u00e1n sensaciones parecidas, igual que los de los nuevos barrios que se est\u00e1n formando en la ciudad, como Cerro Gordo, o La Pilara, por poner un par de ejemplos, y en unos a\u00f1os recordar\u00e1n con nostalgia el principio de\u00a0 lo que un d\u00eda fue todo.<\/span><\/p>\n<p class=\"MsoNormal\" style=\"margin: 0cm 0cm 0pt; text-align: justify;\"><span style=\"font-size: 10pt; color: #003366; font-family: Verdana;\">Mi menda tambi\u00e9n se encamina hacia un largo viaje, un mundo nuevo por descubrir, a los ojos no ya de un ni\u00f1o travieso y juguet\u00f3n, sino los de un hombre hecho y derecho, que no renuncia a volver a ser un ni\u00f1o ante la proximidad de una nueva aventura. Jugando, madurando, creciendo, aprendiendo. Siempre al paso que marca inflexible el tiempo y el curso de la vida. Siempre hacia nuevas metas. Siempre al oeste.<\/span><\/p>\n<!-- AddThis Advanced Settings generic via filter on the_content --><!-- AddThis Share Buttons generic via filter on the_content -->","protected":false},"excerpt":{"rendered":"<p>\u00a0 Ya lo dec\u00eda el bueno del Profesor Tornasol: \u201cSiempre al Oeste\u201d. Y nunca sospech\u00e9 que el despistado cient\u00edfico albergaba tanta raz\u00f3n en su famosa frase. Estamos en una ciudad situada al Oeste (al suroeste ser\u00eda quiz\u00e1s m\u00e1s apropiado) y despu\u00e9s de todo, no es el oeste por donde sale el sol&#8230; o es el [&hellip;]<!-- AddThis Advanced Settings generic via filter on get_the_excerpt --><!-- AddThis Share Buttons generic via filter on get_the_excerpt --><\/p>\n","protected":false},"author":14,"featured_media":0,"comment_status":"open","ping_status":"closed","sticky":false,"template":"","format":"standard","meta":[],"categories":[2],"tags":[414,437,492,493,737,837,903,1249,1260,1439,1515,1806,2019,2067,2195,2369,2455,2904,3103,3674,3771,4239,4689,5221,5241],"_links":{"self":[{"href":"https:\/\/blogs.hoy.es\/loch-lomond\/wp-json\/wp\/v2\/posts\/157"}],"collection":[{"href":"https:\/\/blogs.hoy.es\/loch-lomond\/wp-json\/wp\/v2\/posts"}],"about":[{"href":"https:\/\/blogs.hoy.es\/loch-lomond\/wp-json\/wp\/v2\/types\/post"}],"author":[{"embeddable":true,"href":"https:\/\/blogs.hoy.es\/loch-lomond\/wp-json\/wp\/v2\/users\/14"}],"replies":[{"embeddable":true,"href":"https:\/\/blogs.hoy.es\/loch-lomond\/wp-json\/wp\/v2\/comments?post=157"}],"version-history":[{"count":0,"href":"https:\/\/blogs.hoy.es\/loch-lomond\/wp-json\/wp\/v2\/posts\/157\/revisions"}],"wp:attachment":[{"href":"https:\/\/blogs.hoy.es\/loch-lomond\/wp-json\/wp\/v2\/media?parent=157"}],"wp:term":[{"taxonomy":"category","embeddable":true,"href":"https:\/\/blogs.hoy.es\/loch-lomond\/wp-json\/wp\/v2\/categories?post=157"},{"taxonomy":"post_tag","embeddable":true,"href":"https:\/\/blogs.hoy.es\/loch-lomond\/wp-json\/wp\/v2\/tags?post=157"}],"curies":[{"name":"wp","href":"https:\/\/api.w.org\/{rel}","templated":true}]}}