{"id":16,"date":"2010-06-11T12:03:00","date_gmt":"2010-06-11T12:03:00","guid":{"rendered":"http:\/\/blogs.hoy.es\/loch-lomond\/?p=16"},"modified":"2010-06-11T12:03:00","modified_gmt":"2010-06-11T12:03:00","slug":"negro","status":"publish","type":"post","link":"https:\/\/blogs.hoy.es\/loch-lomond\/2010\/06\/11\/negro\/","title":{"rendered":"Negro"},"content":{"rendered":"<div id=\"attachment_737\" style=\"width: 502px\" class=\"wp-caption aligncenter\"><a href=\"\/loch-lomond\/wp-content\/uploads\/sites\/10\/2010\/06\/negro.jpg\"><img aria-describedby=\"caption-attachment-737\" loading=\"lazy\" class=\"size-full wp-image-737\" title=\"Negro\" src=\"\/loch-lomond\/wp-content\/uploads\/sites\/10\/2010\/06\/negro.jpg\" alt=\"Negro es la ausencia de luz y de color.\" width=\"492\" height=\"369\" srcset=\"https:\/\/static-blogs.hoy.es\/wp-content\/uploads\/sites\/10\/2010\/06\/negro.jpg 492w, https:\/\/static-blogs.hoy.es\/wp-content\/uploads\/sites\/10\/2010\/06\/negro-300x225.jpg 300w\" sizes=\"(max-width: 492px) 100vw, 492px\" \/><\/a><p id=\"caption-attachment-737\" class=\"wp-caption-text\">Negro es la ausencia de luz y de color.<\/p><\/div>\n<p class=\"MsoNormal\" style=\"margin: 0cm 0cm 0pt; text-align: justify;\"><span style=\"color: #000000; font-family: Verdana; font-size: medium; mso-bidi-font-family: Arial; mso-ansi-language: EN;\" lang=\"EN\">\u00a0\u00a0\u00a0\u00a0 <\/span><\/p>\n<p class=\"MsoNormal\" style=\"margin: 0cm 0cm 0pt; text-align: justify;\"><span style=\"color: #000000; font-family: Verdana; font-size: medium; mso-bidi-font-family: Arial; mso-ansi-language: EN;\" lang=\"EN\">\u00a0\u00a0\u00a0\u00a0 Existen <strong>personas<\/strong> que desgraciadamente <strong>lo ven todo negro<\/strong>. No me entiendan mal. No me refiero a <strong>cenizos<\/strong>, ni a <strong>gafes<\/strong>, ni a los insoportables <strong>pesimistas<\/strong> o <strong>malhumoradas personas<\/strong> que se empe\u00f1an siempre en ver <strong>el lado negativo<\/strong> de las cosas.<\/span><\/p>\n<p class=\"MsoNormal\" style=\"margin: 0cm 0cm 0pt; text-align: justify;\">\n<p class=\"MsoNormal\" style=\"margin: 0cm 0cm 0pt; text-align: justify;\"><span style=\"color: #000000; font-family: Verdana; font-size: medium; mso-bidi-font-family: Arial; mso-ansi-language: EN;\" lang=\"EN\">\u00a0\u00a0\u00a0\u00a0\u00a0 Me refiero a los que lamentablemente no les queda otro <strong>color<\/strong> que vislumbrar a trav\u00e9s de su <strong>retina<\/strong>, pues padecen de <strong>ceguera cong\u00e9nita<\/strong>, es decir, son <strong>ciegos de nacimiento<\/strong>.<\/span><\/p>\n<p class=\"MsoNormal\" style=\"margin: 0cm 0cm 0pt; text-align: justify;\"><span style=\"color: #000000; font-family: Verdana; font-size: medium; mso-bidi-font-family: Arial; mso-ansi-language: EN;\" lang=\"EN\">\u00a0<\/span><\/p>\n<p class=\"MsoNormal\" style=\"margin: 0cm 0cm 0pt; text-align: justify;\"><span style=\"color: #000000; font-family: Verdana; font-size: medium; mso-bidi-font-family: Arial; mso-ansi-language: EN;\" lang=\"EN\">\u00a0\u00a0\u00a0\u00a0 Les hablo de todo esto porque esta noche he tenido un <strong><a title=\"La via es sue\u00f1o\" href=\"https:\/\/blogs.hoy.es\/loch-lomond\/2010\/07\/18\/la-vida-es-sueno\/\" target=\"_blank\">sue\u00f1o<\/a><\/strong> muy extra\u00f1o. Era <strong>ciego<\/strong>, y durante mi <strong>sue\u00f1o<\/strong> solo advert\u00eda la presencia de una gran nube negra que lo envolv\u00eda todo. Ha sido una <strong>sensaci\u00f3n horripilante y estremecedora<\/strong>. Durante un tiempo no ten\u00eda <strong>conciencia<\/strong> de nada. Como era ciego no sab\u00eda c\u00f3mo eran las caras de las personas, no conoc\u00eda los <strong>colores<\/strong> ni las formas de los <strong>objetos<\/strong>. Me daba miedo caminar, pues chocaba constantemente contra objetos, cosas que no sab\u00eda qu\u00e9 eran ni c\u00f3mo pod\u00edan ser. Era como un paisaje de pesadilla, mucho peor que estar en el mism\u00edsimo <strong>Infierno<\/strong>.<\/span><\/p>\n<p class=\"MsoNormal\" style=\"margin: 0cm 0cm 0pt; text-align: justify;\">\n<p class=\"MsoNormal\" style=\"margin: 0cm 0cm 0pt; text-align: justify;\"><span style=\"color: #000000; font-family: Verdana; font-size: medium; mso-bidi-font-family: Arial; mso-ansi-language: EN;\" lang=\"EN\">\u00a0<\/span><\/p>\n<p class=\"MsoNormal\" style=\"margin: 0cm 0cm 0pt; text-align: justify;\"><span style=\"color: #000000; font-family: Verdana; font-size: medium; mso-bidi-font-family: Arial; mso-ansi-language: EN;\" lang=\"EN\">\u00a0\u00a0\u00a0\u00a0\u00a0 Al levantarme sobresaltado me ha venido la pregunta a la cabeza. \u00bf<strong>Qu\u00e9 ver\u00e1n las personas ciegas<\/strong>? \u00bfQu\u00e9 so\u00f1ar\u00e1n? <\/span><\/p>\n<p class=\"MsoNormal\" style=\"margin: 0cm 0cm 0pt; text-align: justify;\">\n<p class=\"MsoNormal\" style=\"margin: 0cm 0cm 0pt; text-align: justify;\"><span style=\"color: #000000; font-family: Verdana; font-size: medium; mso-bidi-font-family: Arial; mso-ansi-language: EN;\" lang=\"EN\">\u00a0\u00a0\u00a0\u00a0 Supongo que yo en mi sue\u00f1o lo ve\u00eda todo <strong>negro<\/strong> porque es lo que veo cuando cierro mis ojos. Adem\u00e1s <strong>negro es la ausencia de luz y de color<\/strong>, pero una persona ciega de nacimiento\u2026 ni siquiera sabe qu\u00e9 es el color negro. \u00bfNunca lo han pensado? Cuando hablamos de colores, de formas, de objetos, de luz\u2026 \u00bfQu\u00e9 pensar\u00e1n? \u00bfQu\u00e9 pasar\u00e1 por sus mentes?<\/span><\/p>\n<p class=\"MsoNormal\" style=\"margin: 0cm 0cm 0pt; text-align: justify;\">\n<p class=\"MsoNormal\" style=\"margin: 0cm 0cm 0pt; text-align: justify;\">\n<p class=\"MsoNormal\" style=\"margin: 0cm 0cm 12pt; text-align: justify;\"><span style=\"color: #000000; font-family: Verdana; font-size: medium; mso-bidi-font-family: Arial; mso-ansi-language: EN;\" lang=\"EN\">\u00a0\u00a0\u00a0\u00a0 A los <strong>sordos de nacimiento<\/strong> tambi\u00e9n debe pasarles algo parecido con los <strong>ruidos<\/strong>. Si no saben como suenan las cosas \u00bfC\u00f3mo es posible que se hagan una idea de lo que es el sonido de la <strong>voz humana<\/strong> o un <strong>instrumento musical<\/strong>? \u00bfAcaso los sordos no escuchan el <strong>silencio<\/strong>? Es una impotencia tan grande que no dejo de agobiarme cada vez que surgen estos temas.<\/span><\/p>\n<div id=\"attachment_1305\" style=\"width: 438px\" class=\"wp-caption aligncenter\"><a href=\"\/loch-lomond\/wp-content\/uploads\/sites\/10\/2010\/06\/pesadilla.jpg\"><img aria-describedby=\"caption-attachment-1305\" loading=\"lazy\" class=\"size-full wp-image-1305\" title=\"pesadilla\" src=\"\/loch-lomond\/wp-content\/uploads\/sites\/10\/2010\/06\/pesadilla.jpg\" alt=\"Ver la nada, escuchar el silencio, tocar lo intangible, saborear la insipidez u oler lo inodoro. El mundo al rev\u00e9s.\" width=\"428\" height=\"428\" srcset=\"https:\/\/static-blogs.hoy.es\/wp-content\/uploads\/sites\/10\/2010\/06\/pesadilla.jpg 428w, https:\/\/static-blogs.hoy.es\/wp-content\/uploads\/sites\/10\/2010\/06\/pesadilla-150x150.jpg 150w, https:\/\/static-blogs.hoy.es\/wp-content\/uploads\/sites\/10\/2010\/06\/pesadilla-300x300.jpg 300w\" sizes=\"(max-width: 428px) 100vw, 428px\" \/><\/a><p id=\"caption-attachment-1305\" class=\"wp-caption-text\">Ver la nada, escuchar el silencio, tocar lo intangible, saborear la insipidez u oler lo inodoro. El mundo al rev\u00e9s.<\/p><\/div>\n<p class=\"MsoNormal\" style=\"margin: 0cm 0cm 0pt; text-align: justify;\">\n<p class=\"MsoNormal\" style=\"margin: 0cm 0cm 0pt; text-align: justify;\"><span style=\"color: #000000; font-family: Verdana; font-size: medium; mso-bidi-font-family: Arial; mso-ansi-language: EN;\" lang=\"EN\"><strong>\u00a0\u00a0\u00a0\u00a0 Ver la nada<\/strong>, <strong>escuchar el silencio<\/strong>, <strong>tocar lo intangible<\/strong>, <strong>saborear la insipidez<\/strong> u <strong>oler lo inodoro<\/strong>. El mundo al rev\u00e9s. Seguir\u00e9 guardando algunas de estas sensaciones para mis peores <strong>pesadillas<\/strong>.<\/span><\/p>\n<p class=\"MsoNormal\" style=\"margin: 0cm 0cm 0pt; text-align: justify;\">\n<p class=\"MsoNormal\" style=\"margin: 0cm 0cm 0pt; text-align: justify;\">\n<!-- AddThis Advanced Settings generic via filter on the_content --><!-- AddThis Share Buttons generic via filter on the_content -->","protected":false},"excerpt":{"rendered":"<p>\u00a0\u00a0\u00a0\u00a0 \u00a0\u00a0\u00a0\u00a0 Existen personas que desgraciadamente lo ven todo negro. No me entiendan mal. No me refiero a cenizos, ni a gafes, ni a los insoportables pesimistas o malhumoradas personas que se empe\u00f1an siempre en ver el lado negativo de las cosas. \u00a0\u00a0\u00a0\u00a0\u00a0 Me refiero a los que lamentablemente no les queda otro color que [&hellip;]<!-- AddThis Advanced Settings generic via filter on get_the_excerpt --><!-- AddThis Share Buttons generic via filter on get_the_excerpt --><\/p>\n","protected":false},"author":14,"featured_media":0,"comment_status":"open","ping_status":"closed","sticky":false,"template":"","format":"standard","meta":[],"categories":[2],"tags":[883,891,981,982,983,1067,1068,1515,1664,1806,1864,2144,2220,2546,2582,2614,2938,3103,3268,3652,3724,3755,3779,4024,4027,4030,4034,4450,4533,4542,4641,4699,4758,4759,4803,5016,5199,5299],"_links":{"self":[{"href":"https:\/\/blogs.hoy.es\/loch-lomond\/wp-json\/wp\/v2\/posts\/16"}],"collection":[{"href":"https:\/\/blogs.hoy.es\/loch-lomond\/wp-json\/wp\/v2\/posts"}],"about":[{"href":"https:\/\/blogs.hoy.es\/loch-lomond\/wp-json\/wp\/v2\/types\/post"}],"author":[{"embeddable":true,"href":"https:\/\/blogs.hoy.es\/loch-lomond\/wp-json\/wp\/v2\/users\/14"}],"replies":[{"embeddable":true,"href":"https:\/\/blogs.hoy.es\/loch-lomond\/wp-json\/wp\/v2\/comments?post=16"}],"version-history":[{"count":0,"href":"https:\/\/blogs.hoy.es\/loch-lomond\/wp-json\/wp\/v2\/posts\/16\/revisions"}],"wp:attachment":[{"href":"https:\/\/blogs.hoy.es\/loch-lomond\/wp-json\/wp\/v2\/media?parent=16"}],"wp:term":[{"taxonomy":"category","embeddable":true,"href":"https:\/\/blogs.hoy.es\/loch-lomond\/wp-json\/wp\/v2\/categories?post=16"},{"taxonomy":"post_tag","embeddable":true,"href":"https:\/\/blogs.hoy.es\/loch-lomond\/wp-json\/wp\/v2\/tags?post=16"}],"curies":[{"name":"wp","href":"https:\/\/api.w.org\/{rel}","templated":true}]}}