{"id":161,"date":"2010-12-16T02:00:00","date_gmt":"2010-12-16T01:00:00","guid":{"rendered":"http:\/\/blogs.hoy.es\/loch-lomond\/?p=161"},"modified":"2010-12-16T02:00:00","modified_gmt":"2010-12-16T01:00:00","slug":"senora-basura","status":"publish","type":"post","link":"https:\/\/blogs.hoy.es\/loch-lomond\/2010\/12\/16\/senora-basura\/","title":{"rendered":"Se\u00f1ora Basura"},"content":{"rendered":"<div id=\"attachment_1313\" style=\"width: 414px\" class=\"wp-caption aligncenter\"><a href=\"\/loch-lomond\/wp-content\/uploads\/sites\/10\/2010\/12\/Se\u00f1ora-Basura.jpg\"><img aria-describedby=\"caption-attachment-1313\" loading=\"lazy\" class=\"size-full wp-image-1313\" title=\"Se\u00f1ora Basura\" src=\"\/loch-lomond\/wp-content\/uploads\/sites\/10\/2010\/12\/Se\u00f1ora-Basura.jpg\" alt=\"\u00bfQui\u00e9n no recuerda a la Se\u00f1ora Basura de Los Fraggel? \u00a1Sabia como pocas! Sus consejos no eran precisamente ning\u00fan desperdicio.\" width=\"404\" height=\"410\" srcset=\"https:\/\/static-blogs.hoy.es\/wp-content\/uploads\/sites\/10\/2010\/12\/Se\u00f1ora-Basura.jpg 404w, https:\/\/static-blogs.hoy.es\/wp-content\/uploads\/sites\/10\/2010\/12\/Se\u00f1ora-Basura-296x300.jpg 296w\" sizes=\"(max-width: 404px) 100vw, 404px\" \/><\/a><p id=\"caption-attachment-1313\" class=\"wp-caption-text\">\u00bfQui\u00e9n no recuerda a la Se\u00f1ora Basura de Los Fraguel? \u00a1Sabia como pocas! Sus consejos no eran precisamente ning\u00fan desperdicio.<\/p><\/div>\n<p class=\"MsoNormal\" style=\"margin: 0cm 0cm 0pt; text-align: justify;\"><span style=\"color: #000000; font-family: Verdana; font-size: medium; mso-bidi-font-family: Arial;\">\u00a0\u00a0\u00a0\u00a0 Ustedes ya me conocen, <strong>siempre les cuento la verdad<\/strong>. Igual a veces peco de prepotente, o de presumido, o de falta de modestia y timidez (que nunca la he tenido) pero cuando se trata de narrar la veracidad de los hechos siempre he mantenido una postura impoluta. Cuando a la hora de ponerles al corriente de algunas de mis aventuras, donde mi menda queda como un <a title=\"H\u00e9roes\" href=\"https:\/\/blogs.hoy.es\/loch-lomond\/2012\/11\/18\/heroes\/\" target=\"_blank\">h\u00e9roe<\/a> lo he hecho, pero al contrario, cuando me muestro tal cual soy, con toda mi <strong>torpeza<\/strong> e inmensa desidia, quedando a la <strong>altura del bet\u00fan<\/strong>, tambi\u00e9n lo he cantado y contado con todas las letras, bien alto y claro, y sin titubeos.<\/span><\/p>\n<p class=\"MsoNormal\" style=\"margin: 0cm 0cm 0pt; text-align: justify;\">\n<p class=\"MsoNormal\" style=\"margin: 0cm 0cm 0pt; text-align: justify;\"><span style=\"color: #000000; font-family: Verdana; font-size: medium; mso-bidi-font-family: Arial;\">\u00a0<\/span><\/p>\n<p class=\"MsoNormal\" style=\"margin: 0cm 0cm 0pt; text-align: justify;\"><span style=\"color: #000000; font-family: Verdana; font-size: medium; mso-bidi-font-family: Arial;\">Por lo tanto comprender\u00e1n que no les miento cuando les confieso que me he librado de milagro de alguna de estas multas que est\u00e1 poniendo la <strong>polic\u00eda<\/strong> por aquello de <a title=\"Multas por tirar la basura\" href=\"http:\/\/www.hoy.es\/v\/20101216\/badajoz\/policia-local-comienza-multar-20101216.html\" target=\"_blank\">depositar la basura antes de las 9 de la noche<\/a>.<\/span><\/p>\n<p class=\"MsoNormal\" style=\"margin: 0cm 0cm 0pt; text-align: justify;\">\n<p class=\"MsoNormal\" style=\"margin: 0cm 0cm 0pt; text-align: justify;\"><span style=\"color: #000000; font-family: Verdana; font-size: medium; mso-bidi-font-family: Arial;\">\u00a0<\/span><\/p>\n<p class=\"MsoNormal\" style=\"margin: 0cm 0cm 0pt; text-align: justify;\"><span style=\"color: #000000; font-family: Verdana; font-size: medium; mso-bidi-font-family: Arial;\">Mi jornada de trabajo me impide <strong>tirar la basura<\/strong> entre <strong>las 9 y las 11<\/strong> de la noche. As\u00ed, con todas las letras, como se los cuento. \u00bfQu\u00e9 hago? \u00bfLa voy almacenando y dando forma hasta que se convierta en una venerable anciana como \u201c<strong>La Se\u00f1ora Basura<\/strong>\u201d de \u201c<strong><a title=\"intro de Los Fraguel\" href=\"http:\/\/www.youtube.com\/watch?v=C9rRAnP8wWs\" target=\"_blank\">Los Fraguel<\/a><\/strong>?\u201d.<\/span><\/p>\n<p class=\"MsoNormal\" style=\"margin: 0cm 0cm 0pt; text-align: justify;\">\n<p class=\"MsoNormal\" style=\"margin: 0cm 0cm 0pt; text-align: justify;\">\n<p class=\"MsoNormal\" style=\"margin: 0cm 0cm 0pt; text-align: justify;\"><span style=\"color: #000000; font-family: Verdana; font-size: medium; mso-bidi-font-family: Arial;\">Este no es un <strong>problema<\/strong> que haya de solucionarse a base de <strong>multas<\/strong>, sino a trav\u00e9s de la <strong>concienciaci\u00f3n<\/strong> y <strong>educaci\u00f3n<\/strong> de los ciudadanos. Es in\u00fatil adem\u00e1s de injusto, <strong>multar<\/strong> a tres personas que han sacado la basura fuera de hora cuando existen cientos que han cometido el mismo error y no han sido castigados. Reconozco que alguna vez he tirado la <strong>basura<\/strong> por la ma\u00f1ana, o al mediod\u00eda, y a\u00fan as\u00ed me ha costado encontrar espacio para dejar mi bolsa.<\/span><\/p>\n<p class=\"MsoNormal\" style=\"margin: 0cm 0cm 0pt; text-align: justify;\"><span style=\"color: #000000; font-family: Verdana; font-size: medium; mso-bidi-font-family: Arial;\">\u00a0Comprendo que al ciudadano que tenga la mala fortuna de ser <strong>pillado infraganti<\/strong> le indigne que tenga que pagar \u00e9l por un <strong>delito<\/strong> que todos cometemos alguna que otra vez.<\/span><\/p>\n<p>&nbsp;<\/p>\n<div id=\"attachment_1315\" style=\"width: 310px\" class=\"wp-caption alignleft\"><a href=\"\/loch-lomond\/wp-content\/uploads\/sites\/10\/2010\/12\/Basura-Badajoz.jpg\"><img aria-describedby=\"caption-attachment-1315\" loading=\"lazy\" class=\"size-medium wp-image-1315\" title=\"Basura Badajoz\" src=\"\/loch-lomond\/wp-content\/uploads\/sites\/10\/2010\/12\/Basura-Badajoz.jpg\" alt=\"Este inocente gesto puede salir caro.\" width=\"300\" height=\"225\" srcset=\"https:\/\/static-blogs.hoy.es\/wp-content\/uploads\/sites\/10\/2010\/12\/Basura-Badajoz.jpg 400w, https:\/\/static-blogs.hoy.es\/wp-content\/uploads\/sites\/10\/2010\/12\/Basura-Badajoz-300x225.jpg 300w\" sizes=\"(max-width: 300px) 100vw, 300px\" \/><\/a><p id=\"caption-attachment-1315\" class=\"wp-caption-text\">Este inocente gesto puede salir caro.<\/p><\/div>\n<p>&nbsp;<\/p>\n<p>&nbsp;<\/p>\n<p class=\"MsoNormal\" style=\"margin: 0cm 0cm 0pt; text-align: justify;\"><span style=\"color: #000000; font-family: Verdana; font-size: medium; mso-bidi-font-family: Arial;\">Hay que <strong>buscar otra soluci\u00f3n<\/strong>, pues no todos compartimos <strong>iguales horarios<\/strong>, o problemas. Y no es lo mismo que la basura la saque un particular, que una empresa de relojer\u00eda, que una perfumer\u00eda, que unos congelados o que un bar, pues son necesidades bien distintas. No creo que actuar con multas sea la forma m\u00e1s adecuada de <strong>solucionar el problema<\/strong>.<\/span><\/p>\n<p class=\"MsoNormal\" style=\"margin: 0cm 0cm 0pt; text-align: justify;\"><span style=\"color: #000000; font-family: Verdana; font-size: medium; mso-bidi-font-family: Arial;\">\u00a0<\/span><\/p>\n<p class=\"MsoNormal\" style=\"margin: 0cm 0cm 0pt; text-align: justify;\"><span style=\"color: #000000; font-family: Verdana; font-size: medium; mso-bidi-font-family: Arial;\">Desde estas l\u00edneas pido a los ciudadanos, y a m\u00ed el primero, que <strong>ejerzamos con la mayor de las responsabilidades<\/strong> nuestros <strong>deberes de ciudadanos<\/strong>. Pero m\u00e1s si cabe, a los organismos oficiales, para que busquen soluciones buenas y factibles para todos, y no una sospechosa manera de acaudalar las d\u00e9biles <strong>arcas municipales<\/strong> a base de multas en los dif\u00edciles tiempos que corren.<\/span><\/p>\n<p class=\"MsoNormal\" style=\"margin: 0cm 0cm 0pt; text-align: justify;\">\n<p class=\"MsoNormal\" style=\"margin: 0cm 0cm 0pt; text-align: justify;\"><strong><span style=\"color: #000000; font-family: Verdana; font-size: medium; mso-bidi-font-family: Arial;\">\u00a0\u00a0\u00a0\u00a0 Esta es mi opini\u00f3n y yo la comparto.<\/span><\/strong><\/p>\n<!-- AddThis Advanced Settings generic via filter on the_content --><!-- AddThis Share Buttons generic via filter on the_content -->","protected":false},"excerpt":{"rendered":"<p>\u00a0\u00a0\u00a0\u00a0 Ustedes ya me conocen, siempre les cuento la verdad. Igual a veces peco de prepotente, o de presumido, o de falta de modestia y timidez (que nunca la he tenido) pero cuando se trata de narrar la veracidad de los hechos siempre he mantenido una postura impoluta. Cuando a la hora de ponerles al [&hellip;]<!-- AddThis Advanced Settings generic via filter on get_the_excerpt --><!-- AddThis Share Buttons generic via filter on get_the_excerpt --><\/p>\n","protected":false},"author":14,"featured_media":0,"comment_status":"open","ping_status":"closed","sticky":false,"template":"","format":"standard","meta":[],"categories":[5],"tags":[329,437,503,1010,1012,1129,1331,1332,1515,1576,1579,1806,1902,2412,2479,3103,3146,3583,3647,4048,4122,4123,4225,4441,4640,4739,5009,5044],"_links":{"self":[{"href":"https:\/\/blogs.hoy.es\/loch-lomond\/wp-json\/wp\/v2\/posts\/161"}],"collection":[{"href":"https:\/\/blogs.hoy.es\/loch-lomond\/wp-json\/wp\/v2\/posts"}],"about":[{"href":"https:\/\/blogs.hoy.es\/loch-lomond\/wp-json\/wp\/v2\/types\/post"}],"author":[{"embeddable":true,"href":"https:\/\/blogs.hoy.es\/loch-lomond\/wp-json\/wp\/v2\/users\/14"}],"replies":[{"embeddable":true,"href":"https:\/\/blogs.hoy.es\/loch-lomond\/wp-json\/wp\/v2\/comments?post=161"}],"version-history":[{"count":0,"href":"https:\/\/blogs.hoy.es\/loch-lomond\/wp-json\/wp\/v2\/posts\/161\/revisions"}],"wp:attachment":[{"href":"https:\/\/blogs.hoy.es\/loch-lomond\/wp-json\/wp\/v2\/media?parent=161"}],"wp:term":[{"taxonomy":"category","embeddable":true,"href":"https:\/\/blogs.hoy.es\/loch-lomond\/wp-json\/wp\/v2\/categories?post=161"},{"taxonomy":"post_tag","embeddable":true,"href":"https:\/\/blogs.hoy.es\/loch-lomond\/wp-json\/wp\/v2\/tags?post=161"}],"curies":[{"name":"wp","href":"https:\/\/api.w.org\/{rel}","templated":true}]}}